{"id":165524,"date":"2022-07-18T12:49:16","date_gmt":"2022-07-18T19:49:16","guid":{"rendered":"https:\/\/www.cetys.mx\/noticias\/?p=165524"},"modified":"2022-07-18T12:49:16","modified_gmt":"2022-07-18T19:49:16","slug":"encabeza-academico-de-cetys-el-encuentro-2022-del-grupo-pimced","status":"publish","type":"post","link":"https:\/\/www.cetys.mx\/noticias\/encabeza-academico-de-cetys-el-encuentro-2022-del-grupo-pimced\/","title":{"rendered":"Encabeza acad\u00e9mico de CETYS el Encuentro 2022 del Grupo PIMCED"},"content":{"rendered":"<p style=\"text-align: justify;\"><span style=\"font-weight: 400;\">Durante el pasado mes de junio, el Dr. Francisco Alberto N\u00fa\u00f1ez Tapia, profesor investigador de tiempo completo del Colegio de Ciencias Sociales y Humanidades de CETYS Universidad Campus Mexicali, form\u00f3 parte del Encuentro 2022 del Grupo PIMCED (Patrimonio Industrial de M\u00e9xico: Conservaci\u00f3n, Estudios y Divulgaci\u00f3n), en el cual fungi\u00f3 como organizador y ponente.<\/span><\/p>\n<p style=\"text-align: justify;\"><span style=\"font-weight: 400;\">Adem\u00e1s de colaborar con la Mtra. Cristina Matouk en la planeaci\u00f3n y organizaci\u00f3n del encuentro celebrado en el Museo de los Metales de Industrias Pe\u00f1oles, localizado en Torre\u00f3n, Coahuila, el Dr. N\u00fa\u00f1ez Tapia present\u00f3 la ponencia denominada Patrimonio Industrial Cervecero de Mexicali, Baja California, Sociabilidades y Valores Hist\u00f3ricos en la Frontera M\u00e9xico-Estados Unidos.<\/span><\/p>\n<p style=\"text-align: justify;\"><span style=\"font-weight: 400;\"><img loading=\"lazy\" decoding=\"async\" class=\" wp-image-165533 alignleft\" src=\"https:\/\/www.cetys.mx\/noticias\/wp-content\/uploads\/2022\/07\/Foto-Encuentro-PIMCED-2022-3.jpg\" alt=\"\" width=\"360\" height=\"184\" srcset=\"https:\/\/www.cetys.mx\/noticias\/wp-content\/uploads\/2022\/07\/Foto-Encuentro-PIMCED-2022-3.jpg 1366w, https:\/\/www.cetys.mx\/noticias\/wp-content\/uploads\/2022\/07\/Foto-Encuentro-PIMCED-2022-3-768x392.jpg 768w\" sizes=\"auto, (max-width: 360px) 100vw, 360px\" \/>Con dicho trabajo, el investigador analiza los distintos elementos y valores hist\u00f3ricos asociados al patrimonio industrial de las antiguas industrias cerveceras que se desarrollaron entre 1919 y 1946 en Mexicali, Baja California, con la finalidad de entender, interpretar y dar a conocer parte de su legado industrial en el noroeste de M\u00e9xico.\u00a0<\/span><\/p>\n<blockquote>\n<p style=\"text-align: justify;\"><span style=\"font-weight: 400;\">\u201cLos ejes anal\u00edticos que se siguen en esta investigaci\u00f3n est\u00e1n relacionados a entender el contexto industrial, los valores y sociabilidades que se crearon entorno a las Cervecer\u00edas Mexicali, Azteca, y De Anza, en el contexto transfronterizo con los Estados Unidos, las cuales iniciaron funciones en la \u00e9poca de la prohibici\u00f3n estadounidense y siguieron teniendo \u00e9xito en la regi\u00f3n binacional a\u00f1os despu\u00e9s de su erogaci\u00f3n en la zona\u201d, explic\u00f3 el acad\u00e9mico.\u00a0<\/span><\/p>\n<\/blockquote>\n<p style=\"text-align: justify;\"><span style=\"font-weight: 400;\">A\u00f1adi\u00f3 que en el Encuentro 2022, integrantes del Grupo PIMCED expusieron trabajos e investigaciones en los que se evidenciaron, discutieron y debatieron avances de investigaci\u00f3n alusivos a una obra editorial que se coordinar\u00e1 por dos de los integrantes del Grupo, siendo uno de ellos el propio Dr. Francisco Alberto N\u00fa\u00f1ez Tapia, la cual se pretende publicar en 2023.<\/span><\/p>\n<p style=\"text-align: justify;\"><span style=\"font-weight: 400;\">El Grupo PIMCED fue creado con el objetivo general de promover la generaci\u00f3n de conocimiento sobre el patrimonio industrial de M\u00e9xico, as\u00ed como su difusi\u00f3n y divulgaci\u00f3n, siguiendo cinco l\u00edneas de acci\u00f3n:\u00a0<\/span><\/p>\n<p style=\"text-align: justify;\"><span style=\"font-weight: 400;\">1) Promover investigaciones colectivas interinstitucionales e interdisciplinarias de la regi\u00f3n<\/span><\/p>\n<p style=\"text-align: justify;\"><span style=\"font-weight: 400;\">2) Promover publicaciones colectivas interinstitucionales<\/span><\/p>\n<p style=\"text-align: justify;\"><span style=\"font-weight: 400;\">3) Impulsar la organizaci\u00f3n de foros para la comunicaci\u00f3n de resultados y avances de \u00a0 investigaci\u00f3n\u00a0<\/span><\/p>\n<p style=\"text-align: justify;\"><span style=\"font-weight: 400;\">4) Dise\u00f1ar e impartir cursos, diplomados y otros mecanismos de formaci\u00f3n de recursos humanos para el estudio del patrimonio industrial<\/span><\/p>\n<p style=\"text-align: justify;\"><span style=\"font-weight: 400;\">5) Interactuar con organizaciones nacionales e internacionales en la materia<\/span><\/p>\n<p style=\"text-align: justify;\"><span style=\"font-weight: 400;\">Se trata de una agrupaci\u00f3n interinstitucional multidisciplinaria que la conforman acad\u00e9micos, gestores e investigadores de CETYS Universidad, El Colegio de la Frontera Norte, El Colegio de San Luis, El Colegio de Michoac\u00e1n, El Museo de los Metales de Industrias Pe\u00f1oles, la Universidad Libre de Berl\u00edn, Alemania, la Universidad Aut\u00f3noma de Nuevo Le\u00f3n, la Universidad Aut\u00f3noma de Quer\u00e9taro, la Universidad Aut\u00f3noma de San Luis Potos\u00ed, la Universidad Aut\u00f3noma de Baja California y la Universidad de Guanajuato.<\/span><\/p>\n<p style=\"text-align: justify;\"><span style=\"font-weight: 400;\"><img loading=\"lazy\" decoding=\"async\" class=\" wp-image-165531 aligncenter\" src=\"https:\/\/www.cetys.mx\/noticias\/wp-content\/uploads\/2022\/07\/Foto-Encuentro-PIMCED-2022-1.jpg\" alt=\"\" width=\"615\" height=\"461\" srcset=\"https:\/\/www.cetys.mx\/noticias\/wp-content\/uploads\/2022\/07\/Foto-Encuentro-PIMCED-2022-1.jpg 1600w, https:\/\/www.cetys.mx\/noticias\/wp-content\/uploads\/2022\/07\/Foto-Encuentro-PIMCED-2022-1-768x576.jpg 768w\" sizes=\"auto, (max-width: 615px) 100vw, 615px\" \/>\u00a0 \u00a0 \u00a0 \u00a0\u00a0<\/span><\/p>\n<p>&nbsp;<\/p>\n","protected":false},"excerpt":{"rendered":"<p>Durante el pasado mes de junio, el Dr. Francisco Alberto N\u00fa\u00f1ez Tapia, profesor investigador de tiempo completo del Colegio de Ciencias Sociales&#8230;<\/p>\n","protected":false},"author":20,"featured_media":165534,"comment_status":"open","ping_status":"closed","sticky":false,"template":"","format":"standard","meta":{"footnotes":""},"categories":[110,133],"tags":[168,2278,5992,178,5211],"class_list":["post-165524","post","type-post","status-publish","format-standard","has-post-thumbnail","hentry","category-academia","category-campus-mexicali","tag-cetys-universidad","tag-colegio-de-ciencias-sociales-y-humanidades","tag-grupo-pimced","tag-investigacion","tag-patrimonio-industrial"],"yoast_head":"<!-- This site is optimized with the Yoast SEO plugin v27.4 - https:\/\/yoast.com\/product\/yoast-seo-wordpress\/ -->\n<title>Encabeza acad\u00e9mico de CETYS el Encuentro 2022 del Grupo PIMCED - CETYS<\/title>\n<meta name=\"description\" content=\"Articulo sobre Encabeza acad\u00e9mico de CETYS el Encuentro 2022 del Grupo PIMCED\" \/>\n<meta name=\"robots\" content=\"index, follow, max-snippet:-1, max-image-preview:large, max-video-preview:-1\" \/>\n<link rel=\"canonical\" href=\"https:\/\/www.cetys.mx\/noticias\/encabeza-academico-de-cetys-el-encuentro-2022-del-grupo-pimced\/\" \/>\n<meta property=\"og:locale\" content=\"es_MX\" \/>\n<meta property=\"og:type\" content=\"article\" \/>\n<meta property=\"og:title\" content=\"Encabeza acad\u00e9mico de CETYS el Encuentro 2022 del Grupo PIMCED - CETYS\" \/>\n<meta property=\"og:description\" content=\"Articulo sobre Encabeza acad\u00e9mico de CETYS el Encuentro 2022 del Grupo PIMCED\" \/>\n<meta property=\"og:url\" content=\"https:\/\/www.cetys.mx\/noticias\/encabeza-academico-de-cetys-el-encuentro-2022-del-grupo-pimced\/\" \/>\n<meta property=\"og:site_name\" content=\"CETYS\" \/>\n<meta property=\"article:publisher\" content=\"https:\/\/www.facebook.com\/cetysuniversidadmxl\/\" \/>\n<meta property=\"article:published_time\" content=\"2022-07-18T19:49:16+00:00\" \/>\n<meta property=\"og:image\" content=\"https:\/\/www.cetys.mx\/noticias\/wp-content\/uploads\/2022\/07\/Grupo-PIMCED.png\" \/>\n\t<meta property=\"og:image:width\" content=\"958\" \/>\n\t<meta property=\"og:image:height\" content=\"637\" \/>\n\t<meta property=\"og:image:type\" content=\"image\/png\" \/>\n<meta name=\"author\" content=\"Campus Mexicali\" \/>\n<meta name=\"twitter:card\" content=\"summary_large_image\" \/>\n<meta name=\"twitter:creator\" content=\"@cetysuni\" \/>\n<meta name=\"twitter:site\" content=\"@cetysuni\" \/>\n<meta name=\"twitter:label1\" content=\"Escrito por\" \/>\n\t<meta name=\"twitter:data1\" content=\"Campus Mexicali\" \/>\n\t<meta name=\"twitter:label2\" content=\"Tiempo de lectura\" \/>\n\t<meta name=\"twitter:data2\" content=\"2 minutos\" \/>\n<script type=\"application\/ld+json\" class=\"yoast-schema-graph\">{\"@context\":\"https:\\\/\\\/schema.org\",\"@graph\":[{\"@type\":\"Article\",\"@id\":\"https:\\\/\\\/www.cetys.mx\\\/noticias\\\/encabeza-academico-de-cetys-el-encuentro-2022-del-grupo-pimced\\\/#article\",\"isPartOf\":{\"@id\":\"https:\\\/\\\/www.cetys.mx\\\/noticias\\\/encabeza-academico-de-cetys-el-encuentro-2022-del-grupo-pimced\\\/\"},\"author\":{\"name\":\"Campus Mexicali\",\"@id\":\"https:\\\/\\\/www.cetys.mx\\\/noticias\\\/#\\\/schema\\\/person\\\/79a95c4ac185f3705cf1b9c9340a5f70\"},\"headline\":\"Encabeza acad\u00e9mico de CETYS el Encuentro 2022 del Grupo PIMCED\",\"datePublished\":\"2022-07-18T19:49:16+00:00\",\"mainEntityOfPage\":{\"@id\":\"https:\\\/\\\/www.cetys.mx\\\/noticias\\\/encabeza-academico-de-cetys-el-encuentro-2022-del-grupo-pimced\\\/\"},\"wordCount\":504,\"commentCount\":0,\"image\":{\"@id\":\"https:\\\/\\\/www.cetys.mx\\\/noticias\\\/encabeza-academico-de-cetys-el-encuentro-2022-del-grupo-pimced\\\/#primaryimage\"},\"thumbnailUrl\":\"https:\\\/\\\/www.cetys.mx\\\/noticias\\\/wp-content\\\/uploads\\\/2022\\\/07\\\/Grupo-PIMCED.png\",\"keywords\":[\"CETYS Universidad\",\"Colegio de Ciencias Sociales y Humanidades\",\"Grupo PIMCED\",\"investigaci\u00f3n\",\"Patrimonio Industrial\"],\"articleSection\":[\"Academia\",\"Campus Mexicali\"],\"inLanguage\":\"es\",\"potentialAction\":[{\"@type\":\"CommentAction\",\"name\":\"Comment\",\"target\":[\"https:\\\/\\\/www.cetys.mx\\\/noticias\\\/encabeza-academico-de-cetys-el-encuentro-2022-del-grupo-pimced\\\/#respond\"]}]},{\"@type\":\"WebPage\",\"@id\":\"https:\\\/\\\/www.cetys.mx\\\/noticias\\\/encabeza-academico-de-cetys-el-encuentro-2022-del-grupo-pimced\\\/\",\"url\":\"https:\\\/\\\/www.cetys.mx\\\/noticias\\\/encabeza-academico-de-cetys-el-encuentro-2022-del-grupo-pimced\\\/\",\"name\":\"Encabeza acad\u00e9mico de CETYS el Encuentro 2022 del Grupo PIMCED - CETYS\",\"isPartOf\":{\"@id\":\"https:\\\/\\\/www.cetys.mx\\\/noticias\\\/#website\"},\"primaryImageOfPage\":{\"@id\":\"https:\\\/\\\/www.cetys.mx\\\/noticias\\\/encabeza-academico-de-cetys-el-encuentro-2022-del-grupo-pimced\\\/#primaryimage\"},\"image\":{\"@id\":\"https:\\\/\\\/www.cetys.mx\\\/noticias\\\/encabeza-academico-de-cetys-el-encuentro-2022-del-grupo-pimced\\\/#primaryimage\"},\"thumbnailUrl\":\"https:\\\/\\\/www.cetys.mx\\\/noticias\\\/wp-content\\\/uploads\\\/2022\\\/07\\\/Grupo-PIMCED.png\",\"datePublished\":\"2022-07-18T19:49:16+00:00\",\"author\":{\"@id\":\"https:\\\/\\\/www.cetys.mx\\\/noticias\\\/#\\\/schema\\\/person\\\/79a95c4ac185f3705cf1b9c9340a5f70\"},\"description\":\"Articulo sobre Encabeza acad\u00e9mico de CETYS el Encuentro 2022 del Grupo PIMCED\",\"breadcrumb\":{\"@id\":\"https:\\\/\\\/www.cetys.mx\\\/noticias\\\/encabeza-academico-de-cetys-el-encuentro-2022-del-grupo-pimced\\\/#breadcrumb\"},\"inLanguage\":\"es\",\"potentialAction\":[{\"@type\":\"ReadAction\",\"target\":[\"https:\\\/\\\/www.cetys.mx\\\/noticias\\\/encabeza-academico-de-cetys-el-encuentro-2022-del-grupo-pimced\\\/\"]}]},{\"@type\":\"ImageObject\",\"inLanguage\":\"es\",\"@id\":\"https:\\\/\\\/www.cetys.mx\\\/noticias\\\/encabeza-academico-de-cetys-el-encuentro-2022-del-grupo-pimced\\\/#primaryimage\",\"url\":\"https:\\\/\\\/www.cetys.mx\\\/noticias\\\/wp-content\\\/uploads\\\/2022\\\/07\\\/Grupo-PIMCED.png\",\"contentUrl\":\"https:\\\/\\\/www.cetys.mx\\\/noticias\\\/wp-content\\\/uploads\\\/2022\\\/07\\\/Grupo-PIMCED.png\",\"width\":958,\"height\":637},{\"@type\":\"BreadcrumbList\",\"@id\":\"https:\\\/\\\/www.cetys.mx\\\/noticias\\\/encabeza-academico-de-cetys-el-encuentro-2022-del-grupo-pimced\\\/#breadcrumb\",\"itemListElement\":[{\"@type\":\"ListItem\",\"position\":1,\"name\":\"Inicio\",\"item\":\"https:\\\/\\\/www.cetys.mx\\\/noticias\\\/\"},{\"@type\":\"ListItem\",\"position\":2,\"name\":\"Encabeza acad\u00e9mico de CETYS el Encuentro 2022 del Grupo PIMCED\"}]},{\"@type\":\"WebSite\",\"@id\":\"https:\\\/\\\/www.cetys.mx\\\/noticias\\\/#website\",\"url\":\"https:\\\/\\\/www.cetys.mx\\\/noticias\\\/\",\"name\":\"CETYS\",\"description\":\"\",\"potentialAction\":[{\"@type\":\"SearchAction\",\"target\":{\"@type\":\"EntryPoint\",\"urlTemplate\":\"https:\\\/\\\/www.cetys.mx\\\/noticias\\\/?s={search_term_string}\"},\"query-input\":{\"@type\":\"PropertyValueSpecification\",\"valueRequired\":true,\"valueName\":\"search_term_string\"}}],\"inLanguage\":\"es\"},{\"@type\":\"Person\",\"@id\":\"https:\\\/\\\/www.cetys.mx\\\/noticias\\\/#\\\/schema\\\/person\\\/79a95c4ac185f3705cf1b9c9340a5f70\",\"name\":\"Campus Mexicali\",\"url\":\"https:\\\/\\\/www.cetys.mx\\\/noticias\\\/author\\\/campusmexicali\\\/\"}]}<\/script>\n<!-- \/ Yoast SEO plugin. -->","yoast_head_json":{"title":"Encabeza acad\u00e9mico de CETYS el Encuentro 2022 del Grupo PIMCED - CETYS","description":"Articulo sobre Encabeza acad\u00e9mico de CETYS el Encuentro 2022 del Grupo PIMCED","robots":{"index":"index","follow":"follow","max-snippet":"max-snippet:-1","max-image-preview":"max-image-preview:large","max-video-preview":"max-video-preview:-1"},"canonical":"https:\/\/www.cetys.mx\/noticias\/encabeza-academico-de-cetys-el-encuentro-2022-del-grupo-pimced\/","og_locale":"es_MX","og_type":"article","og_title":"Encabeza acad\u00e9mico de CETYS el Encuentro 2022 del Grupo PIMCED - CETYS","og_description":"Articulo sobre Encabeza acad\u00e9mico de CETYS el Encuentro 2022 del Grupo PIMCED","og_url":"https:\/\/www.cetys.mx\/noticias\/encabeza-academico-de-cetys-el-encuentro-2022-del-grupo-pimced\/","og_site_name":"CETYS","article_publisher":"https:\/\/www.facebook.com\/cetysuniversidadmxl\/","article_published_time":"2022-07-18T19:49:16+00:00","og_image":[{"width":958,"height":637,"url":"https:\/\/www.cetys.mx\/noticias\/wp-content\/uploads\/2022\/07\/Grupo-PIMCED.png","type":"image\/png"}],"author":"Campus Mexicali","twitter_card":"summary_large_image","twitter_creator":"@cetysuni","twitter_site":"@cetysuni","twitter_misc":{"Escrito por":"Campus Mexicali","Tiempo de lectura":"2 minutos"},"schema":{"@context":"https:\/\/schema.org","@graph":[{"@type":"Article","@id":"https:\/\/www.cetys.mx\/noticias\/encabeza-academico-de-cetys-el-encuentro-2022-del-grupo-pimced\/#article","isPartOf":{"@id":"https:\/\/www.cetys.mx\/noticias\/encabeza-academico-de-cetys-el-encuentro-2022-del-grupo-pimced\/"},"author":{"name":"Campus Mexicali","@id":"https:\/\/www.cetys.mx\/noticias\/#\/schema\/person\/79a95c4ac185f3705cf1b9c9340a5f70"},"headline":"Encabeza acad\u00e9mico de CETYS el Encuentro 2022 del Grupo PIMCED","datePublished":"2022-07-18T19:49:16+00:00","mainEntityOfPage":{"@id":"https:\/\/www.cetys.mx\/noticias\/encabeza-academico-de-cetys-el-encuentro-2022-del-grupo-pimced\/"},"wordCount":504,"commentCount":0,"image":{"@id":"https:\/\/www.cetys.mx\/noticias\/encabeza-academico-de-cetys-el-encuentro-2022-del-grupo-pimced\/#primaryimage"},"thumbnailUrl":"https:\/\/www.cetys.mx\/noticias\/wp-content\/uploads\/2022\/07\/Grupo-PIMCED.png","keywords":["CETYS Universidad","Colegio de Ciencias Sociales y Humanidades","Grupo PIMCED","investigaci\u00f3n","Patrimonio Industrial"],"articleSection":["Academia","Campus Mexicali"],"inLanguage":"es","potentialAction":[{"@type":"CommentAction","name":"Comment","target":["https:\/\/www.cetys.mx\/noticias\/encabeza-academico-de-cetys-el-encuentro-2022-del-grupo-pimced\/#respond"]}]},{"@type":"WebPage","@id":"https:\/\/www.cetys.mx\/noticias\/encabeza-academico-de-cetys-el-encuentro-2022-del-grupo-pimced\/","url":"https:\/\/www.cetys.mx\/noticias\/encabeza-academico-de-cetys-el-encuentro-2022-del-grupo-pimced\/","name":"Encabeza acad\u00e9mico de CETYS el Encuentro 2022 del Grupo PIMCED - CETYS","isPartOf":{"@id":"https:\/\/www.cetys.mx\/noticias\/#website"},"primaryImageOfPage":{"@id":"https:\/\/www.cetys.mx\/noticias\/encabeza-academico-de-cetys-el-encuentro-2022-del-grupo-pimced\/#primaryimage"},"image":{"@id":"https:\/\/www.cetys.mx\/noticias\/encabeza-academico-de-cetys-el-encuentro-2022-del-grupo-pimced\/#primaryimage"},"thumbnailUrl":"https:\/\/www.cetys.mx\/noticias\/wp-content\/uploads\/2022\/07\/Grupo-PIMCED.png","datePublished":"2022-07-18T19:49:16+00:00","author":{"@id":"https:\/\/www.cetys.mx\/noticias\/#\/schema\/person\/79a95c4ac185f3705cf1b9c9340a5f70"},"description":"Articulo sobre Encabeza acad\u00e9mico de CETYS el Encuentro 2022 del Grupo PIMCED","breadcrumb":{"@id":"https:\/\/www.cetys.mx\/noticias\/encabeza-academico-de-cetys-el-encuentro-2022-del-grupo-pimced\/#breadcrumb"},"inLanguage":"es","potentialAction":[{"@type":"ReadAction","target":["https:\/\/www.cetys.mx\/noticias\/encabeza-academico-de-cetys-el-encuentro-2022-del-grupo-pimced\/"]}]},{"@type":"ImageObject","inLanguage":"es","@id":"https:\/\/www.cetys.mx\/noticias\/encabeza-academico-de-cetys-el-encuentro-2022-del-grupo-pimced\/#primaryimage","url":"https:\/\/www.cetys.mx\/noticias\/wp-content\/uploads\/2022\/07\/Grupo-PIMCED.png","contentUrl":"https:\/\/www.cetys.mx\/noticias\/wp-content\/uploads\/2022\/07\/Grupo-PIMCED.png","width":958,"height":637},{"@type":"BreadcrumbList","@id":"https:\/\/www.cetys.mx\/noticias\/encabeza-academico-de-cetys-el-encuentro-2022-del-grupo-pimced\/#breadcrumb","itemListElement":[{"@type":"ListItem","position":1,"name":"Inicio","item":"https:\/\/www.cetys.mx\/noticias\/"},{"@type":"ListItem","position":2,"name":"Encabeza acad\u00e9mico de CETYS el Encuentro 2022 del Grupo PIMCED"}]},{"@type":"WebSite","@id":"https:\/\/www.cetys.mx\/noticias\/#website","url":"https:\/\/www.cetys.mx\/noticias\/","name":"CETYS","description":"","potentialAction":[{"@type":"SearchAction","target":{"@type":"EntryPoint","urlTemplate":"https:\/\/www.cetys.mx\/noticias\/?s={search_term_string}"},"query-input":{"@type":"PropertyValueSpecification","valueRequired":true,"valueName":"search_term_string"}}],"inLanguage":"es"},{"@type":"Person","@id":"https:\/\/www.cetys.mx\/noticias\/#\/schema\/person\/79a95c4ac185f3705cf1b9c9340a5f70","name":"Campus Mexicali","url":"https:\/\/www.cetys.mx\/noticias\/author\/campusmexicali\/"}]}},"_links":{"self":[{"href":"https:\/\/www.cetys.mx\/noticias\/wp-json\/wp\/v2\/posts\/165524","targetHints":{"allow":["GET"]}}],"collection":[{"href":"https:\/\/www.cetys.mx\/noticias\/wp-json\/wp\/v2\/posts"}],"about":[{"href":"https:\/\/www.cetys.mx\/noticias\/wp-json\/wp\/v2\/types\/post"}],"author":[{"embeddable":true,"href":"https:\/\/www.cetys.mx\/noticias\/wp-json\/wp\/v2\/users\/20"}],"replies":[{"embeddable":true,"href":"https:\/\/www.cetys.mx\/noticias\/wp-json\/wp\/v2\/comments?post=165524"}],"version-history":[{"count":1,"href":"https:\/\/www.cetys.mx\/noticias\/wp-json\/wp\/v2\/posts\/165524\/revisions"}],"predecessor-version":[{"id":165536,"href":"https:\/\/www.cetys.mx\/noticias\/wp-json\/wp\/v2\/posts\/165524\/revisions\/165536"}],"wp:featuredmedia":[{"embeddable":true,"href":"https:\/\/www.cetys.mx\/noticias\/wp-json\/wp\/v2\/media\/165534"}],"wp:attachment":[{"href":"https:\/\/www.cetys.mx\/noticias\/wp-json\/wp\/v2\/media?parent=165524"}],"wp:term":[{"taxonomy":"category","embeddable":true,"href":"https:\/\/www.cetys.mx\/noticias\/wp-json\/wp\/v2\/categories?post=165524"},{"taxonomy":"post_tag","embeddable":true,"href":"https:\/\/www.cetys.mx\/noticias\/wp-json\/wp\/v2\/tags?post=165524"}],"curies":[{"name":"wp","href":"https:\/\/api.w.org\/{rel}","templated":true}]}}