{"id":164951,"date":"2022-06-14T10:36:08","date_gmt":"2022-06-14T17:36:08","guid":{"rendered":"https:\/\/www.cetys.mx\/noticias\/?p=164951"},"modified":"2022-06-21T11:10:30","modified_gmt":"2022-06-21T18:10:30","slug":"graduaciones-2022","status":"publish","type":"post","link":"https:\/\/www.cetys.mx\/noticias\/graduaciones-2022\/","title":{"rendered":"\u00a1S\u00e9 Parte de las Celebraciones! Ceremonias de Graduaci\u00f3n y Fin de Cursos 2022"},"content":{"rendered":"<p style=\"text-align: justify;\"><span style=\"font-weight: 400;\">Para la\u00a0 Familia CETYS, no hay nada que nos alegre m\u00e1s que ver la culminaci\u00f3n del esfuerzo y dedicaci\u00f3n de sus estudiantes, es por eso que las celebraciones de <strong>Graduaci\u00f3n y Fin de Cursos<\/strong>, son los eventos emblem\u00e1ticos m\u00e1s importantes que podemos compartir. Les externamos una\u00a0 calurosa felicitaci\u00f3n a todos <strong>\u00a1ya falta poco para vernos y celebrar!<\/strong><\/span><\/p>\n<p style=\"text-align: justify;\"><span style=\"font-weight: 400;\">Este a\u00f1o es especial. El regreso paulatino y escalonado a las aulas ha dado paso a un mayor aforo permitido en nuestros espacios, mismo que ser\u00e1 aprovechado para celebrar en grande a quienes se grad\u00faan en el 2022, la generaci\u00f3n del 60 aniversario de CETYS.<\/span><\/p>\n<p style=\"text-align: justify;\"><span style=\"font-weight: 400;\">Recuerda, fotograf\u00edas, galer\u00edas, videos, stories e interacciones, las encontrar\u00e1s en las redes sociales de cada campus. No olvides compartir este momento y usar el hashtag <\/span><b>#GradCETYS60.<\/b><\/p>\n<p>Sigue las transmisiones en vivo por las redes sociales: <a href=\"https:\/\/www.facebook.com\/cetysuniversidadmxl\"><strong>Campus Mexicali<\/strong><\/a>, <a href=\"https:\/\/www.facebook.com\/cetysuniversidadtij\"><strong>Campus Tijuana<\/strong><\/a> y <a href=\"https:\/\/www.facebook.com\/cetysens\"><strong>Campus Ensenada<\/strong><\/a>.<\/p>\n<p style=\"text-align: justify;\"><style>#sp-ea-164949 .spcollapsing { height: 0; overflow: hidden; transition-property: height;transition-duration: 500ms;}.sp-easy-accordion-enabled .eap_section_title_164949, body .eap_section_title_164949 { color: #444; margin-bottom:  30px; }#sp-ea-164949.sp-easy-accordion>.sp-ea-single {margin-bottom: 10px; border: 1px solid #e2e2e2; }#sp-ea-164949.sp-easy-accordion>.sp-ea-single>.ea-header a {color: #444;}#sp-ea-164949.sp-easy-accordion>.sp-ea-single>.sp-collapse>.ea-body {background: #fff; color: #444;}#sp-ea-164949.sp-easy-accordion>.sp-ea-single {background: #eee;}#sp-ea-164949.sp-easy-accordion>.sp-ea-single>.ea-header a .ea-expand-icon { float: left; color: #444;font-size: 16px;}<\/style><h2 class=\"eap_section_title eap_section_title_164949\">Generaci\u00f3n 2022 | Ceremonias de Fin de Curso y Graduaciones<\/h2><div id=\"sp_easy_accordion-1777536011\"><div id=\"sp-ea-164949\" class=\"sp-ea-one sp-easy-accordion\" data-ea-active=\"ea-click\" data-ea-mode=\"vertical\" data-preloader=\"\" data-scroll-active-item=\"\" data-offset-to-scroll=\"0\"><div class=\"ea-card sp-ea-single\"><h3 class=\"ea-header\"><a class=\"collapsed\" id=\"ea-header-1649490\" role=\"button\" data-sptoggle=\"spcollapse\" data-sptarget=\"#collapse1649490\" aria-controls=\"collapse1649490\" href=\"#\" aria-expanded=\"false\" tabindex=\"0\"><i aria-hidden=\"true\" role=\"presentation\" class=\"ea-expand-icon eap-icon-ea-expand-plus\"><\/i> Campus Mexicali<\/a><\/h3><div class=\"sp-collapse spcollapse spcollapse\" id=\"collapse1649490\" data-parent=\"#sp-ea-164949\" role=\"region\" aria-labelledby=\"ea-header-1649490\"> <div class=\"ea-body\"><p style=\"text-align: center\"><span style=\"color: #808000\"><strong>PREPARATORIA | CEREMONIA DE FIN DE CURSOS<\/strong><\/span><\/p><p>\u00a0<\/p><p><strong>D\u00eda:<\/strong> mi\u00e9rcoles 29 de junio.<\/p><p><strong>Hora:<\/strong> 9:00 p.m.<\/p><p><strong>Lugar:<\/strong> Jardines de Campus Mexicali.<\/p><p><em><strong>Ensayo:<\/strong> lunes 27 junio, 6:30 p.m.<\/em><\/p><hr \/><p style=\"text-align: center\"><span style=\"color: #808000\"><strong>PROFESIONAL | CEREMONIA DE GRADUACI\u00d3N<\/strong><\/span><\/p><p>\u00a0<\/p><p><strong>D\u00eda:<\/strong>\u00a0viernes 1 de julio.<\/p><p><strong>Hora:<\/strong> 9:00 p.m.<\/p><p><strong>Lugar:<\/strong> Jardines de Campus Mexicali.<\/p><p><em><strong>Ensayo:<\/strong>\u00a0martes 28\u00a0 junio, 6:30 p.m.<\/em><\/p><hr \/><p style=\"text-align: center\"><span style=\"color: #808000\"><strong>POSGRADO | CEREMONIA DE GRADUACI\u00d3N<\/strong><\/span><\/p><p>\u00a0<\/p><p><strong>D\u00eda:<\/strong>\u00a0jueves 30 de junio.<\/p><p><strong>Hora:<\/strong> 9:00 p.m.<\/p><p><strong>Lugar:<\/strong> Jardines de Campus Mexicali.<\/p><p><em><strong>Ensayo:<\/strong>\u00a0viernes 24 junio, 6:30 p.m.<\/em><\/p><\/div><\/div><\/div><div class=\"ea-card sp-ea-single\"><h3 class=\"ea-header\"><a class=\"collapsed\" id=\"ea-header-1649491\" role=\"button\" data-sptoggle=\"spcollapse\" data-sptarget=\"#collapse1649491\" aria-controls=\"collapse1649491\" href=\"#\" aria-expanded=\"false\" tabindex=\"0\"><i aria-hidden=\"true\" role=\"presentation\" class=\"ea-expand-icon eap-icon-ea-expand-plus\"><\/i> Campus Tijuana<\/a><\/h3><div class=\"sp-collapse spcollapse spcollapse\" id=\"collapse1649491\" data-parent=\"#sp-ea-164949\" role=\"region\" aria-labelledby=\"ea-header-1649491\"> <div class=\"ea-body\"><p style=\"text-align: center\"><span style=\"color: #808000\"><strong>CEREMONIAS DE FIN DE\u00a0 CURSO Y GRADUACIONES<\/strong><\/span><\/p><p>\u00a0<\/p><p style=\"text-align: left\"><em><strong>D\u00eda de las ceremonias:<\/strong> lunes 27 de junio.<\/em><\/p><p><em><strong>Lugar:<\/strong> Estadio Deportivo.<\/em><\/p><p><strong><span style=\"color: #808000\">PREPARATORIA:<\/span>\u00a0<\/strong>10:00 A.M.<\/p><p><span style=\"color: #808000\"><strong>PROFESIONAL:<\/strong> <\/span>4:00 P.M.<\/p><p><strong><span style=\"color: #808000\">POSGRADO:<\/span>\u00a0<\/strong>7:00 P.M.<\/p><hr \/><p style=\"text-align: center\"><span style=\"color: #808000\"><strong>ENSAYOS<\/strong><\/span><\/p><p>\u00a0<\/p><p><em><strong>Lugar: <\/strong>Estadio Deportivo.<\/em><\/p><p><span style=\"color: #808000\"><strong>PREPARATORIA:\u00a0<\/strong><\/span>martes 21 de junio, 9:00 a.m.<\/p><p><strong><span style=\"color: #808000\">PROFESIONAL:<\/span>\u00a0<\/strong>mi\u00e9rcoles 22 de junio, 3:30 p.m.<\/p><p><strong><span style=\"color: #808000\">POSGRADO:<\/span>\u00a0 <\/strong>mi\u00e9rcoles 22 junio, 6:00 p.m.<\/p><\/div><\/div><\/div><div class=\"ea-card sp-ea-single\"><h3 class=\"ea-header\"><a class=\"collapsed\" id=\"ea-header-1649492\" role=\"button\" data-sptoggle=\"spcollapse\" data-sptarget=\"#collapse1649492\" aria-controls=\"collapse1649492\" href=\"#\" aria-expanded=\"false\" tabindex=\"0\"><i aria-hidden=\"true\" role=\"presentation\" class=\"ea-expand-icon eap-icon-ea-expand-plus\"><\/i> Campus Ensenada<\/a><\/h3><div class=\"sp-collapse spcollapse spcollapse\" id=\"collapse1649492\" data-parent=\"#sp-ea-164949\" role=\"region\" aria-labelledby=\"ea-header-1649492\"> <div class=\"ea-body\"><p style=\"text-align: center\"><span style=\"color: #808000\"><strong>CEREMONIAS DE FIN DE\u00a0 CURSO Y GRADUACIONES<\/strong><\/span><\/p><p style=\"text-align: left\"><em><strong>D\u00eda de las ceremonias:<\/strong>\u00a0martes 28 de junio.<\/em><\/p><p><em><strong>Lugar:<\/strong>\u00a0Gimnasio Auditorio Quimical.<\/em><\/p><p><strong><span style=\"color: #808000\">PREPARATORIA:<\/span>\u00a0<\/strong>10:00 A.M.<\/p><p><span style=\"color: #808000\"><strong>PROFESIONAL y POSGRADO:<\/strong><\/span>\u00a06:00 P.M.<\/p><hr \/><p style=\"text-align: center\"><span style=\"color: #808000\"><strong>ENSAYOS<\/strong><\/span><\/p><p><em><strong>Lugar: <\/strong>Gimnasio Auditorio Quimical.<\/em><\/p><p><em><strong>D\u00eda:<\/strong> jueves 23 de junio<\/em><\/p><p><span style=\"color: #808000\"><strong>PREPARATORIA: <\/strong><span style=\"color: #000000\">10: 00 a.m.<\/span><\/span><\/p><p><strong><span style=\"color: #808000\">PROFESIONAL y POSRGADO :<\/span>\u00a0<\/strong>4:00 p.m.<\/p><\/div><\/div><\/div><\/div><\/div>\n<p style=\"text-align: justify;\"><span style=\"font-weight: 400;\">En todo momento, sigue las indicaciones de seguridad y protocolos para salvaguardar tu salud,\u00a0 la de tus compa\u00f1eros y seres queridos. Continua haciendo uso de cubrebocas, alcohol gel y lavado constante de manos.<\/span><\/p>\n<p>&nbsp;<\/p>\n<p>&nbsp;<\/p>\n","protected":false},"excerpt":{"rendered":"<p>Para la\u00a0 Familia CETYS, no hay nada que nos alegre m\u00e1s que ver la culminaci\u00f3n del esfuerzo y dedicaci\u00f3n de sus estudiantes,&#8230;<\/p>\n","protected":false},"author":26,"featured_media":164963,"comment_status":"open","ping_status":"closed","sticky":false,"template":"","format":"standard","meta":{"footnotes":""},"categories":[209,125,1,313],"tags":[5346,5345,5960,5969],"class_list":["post-164951","post","type-post","status-publish","format-standard","has-post-thumbnail","hentry","category-institucional","category-portada","category-uncategorized","category-vocetys-2","tag-ceremonias-de-fin-de-cursos","tag-ceremonias-de-graduacion","tag-graduaciones-2022","tag-vocetys-2022-06-21"],"yoast_head":"<!-- This site is optimized with the Yoast SEO plugin v27.4 - https:\/\/yoast.com\/product\/yoast-seo-wordpress\/ -->\n<title>\u00a1S\u00e9 Parte de las Celebraciones! Ceremonias de Graduaci\u00f3n y Fin de Cursos 2022 - CETYS<\/title>\n<meta name=\"description\" content=\"Celebra con nosotros a la generaci\u00f3n del 60 aniversario CETYS.\" \/>\n<meta name=\"robots\" content=\"index, follow, max-snippet:-1, max-image-preview:large, max-video-preview:-1\" \/>\n<link rel=\"canonical\" href=\"https:\/\/www.cetys.mx\/noticias\/graduaciones-2022\/\" \/>\n<meta property=\"og:locale\" content=\"es_MX\" \/>\n<meta property=\"og:type\" content=\"article\" \/>\n<meta property=\"og:title\" content=\"\u00a1S\u00e9 Parte de las Celebraciones! Ceremonias de Graduaci\u00f3n y Fin de Cursos 2022 - CETYS\" \/>\n<meta property=\"og:description\" content=\"Celebra con nosotros a la generaci\u00f3n del 60 aniversario CETYS.\" \/>\n<meta property=\"og:url\" content=\"https:\/\/www.cetys.mx\/noticias\/graduaciones-2022\/\" \/>\n<meta property=\"og:site_name\" content=\"CETYS\" \/>\n<meta property=\"article:publisher\" content=\"https:\/\/www.facebook.com\/cetysuniversidadmxl\/\" \/>\n<meta property=\"article:published_time\" content=\"2022-06-14T17:36:08+00:00\" \/>\n<meta property=\"article:modified_time\" content=\"2022-06-21T18:10:30+00:00\" \/>\n<meta property=\"og:image\" content=\"https:\/\/www.cetys.mx\/noticias\/wp-content\/uploads\/2022\/06\/CETYS_GRAD22-Portada\u0192_Nota.jpg\" \/>\n\t<meta property=\"og:image:width\" content=\"958\" \/>\n\t<meta property=\"og:image:height\" content=\"638\" \/>\n\t<meta property=\"og:image:type\" content=\"image\/jpeg\" \/>\n<meta name=\"author\" content=\"CETYS Institucional\" \/>\n<meta name=\"twitter:card\" content=\"summary_large_image\" \/>\n<meta name=\"twitter:creator\" content=\"@cetysuni\" \/>\n<meta name=\"twitter:site\" content=\"@cetysuni\" \/>\n<meta name=\"twitter:label1\" content=\"Escrito por\" \/>\n\t<meta name=\"twitter:data1\" content=\"CETYS Institucional\" \/>\n\t<meta name=\"twitter:label2\" content=\"Tiempo de lectura\" \/>\n\t<meta name=\"twitter:data2\" content=\"1 minuto\" \/>\n<script type=\"application\/ld+json\" class=\"yoast-schema-graph\">{\"@context\":\"https:\\\/\\\/schema.org\",\"@graph\":[{\"@type\":\"Article\",\"@id\":\"https:\\\/\\\/www.cetys.mx\\\/noticias\\\/graduaciones-2022\\\/#article\",\"isPartOf\":{\"@id\":\"https:\\\/\\\/www.cetys.mx\\\/noticias\\\/graduaciones-2022\\\/\"},\"author\":{\"name\":\"CETYS Institucional\",\"@id\":\"https:\\\/\\\/www.cetys.mx\\\/noticias\\\/#\\\/schema\\\/person\\\/e9d2b35265b64aa454df57a2828eb2ac\"},\"headline\":\"\u00a1S\u00e9 Parte de las Celebraciones! Ceremonias de Graduaci\u00f3n y Fin de Cursos 2022\",\"datePublished\":\"2022-06-14T17:36:08+00:00\",\"dateModified\":\"2022-06-21T18:10:30+00:00\",\"mainEntityOfPage\":{\"@id\":\"https:\\\/\\\/www.cetys.mx\\\/noticias\\\/graduaciones-2022\\\/\"},\"wordCount\":207,\"commentCount\":0,\"image\":{\"@id\":\"https:\\\/\\\/www.cetys.mx\\\/noticias\\\/graduaciones-2022\\\/#primaryimage\"},\"thumbnailUrl\":\"https:\\\/\\\/www.cetys.mx\\\/noticias\\\/wp-content\\\/uploads\\\/2022\\\/06\\\/CETYS_GRAD22-Portada\u0192_Nota.jpg\",\"keywords\":[\"Ceremonias de Fin de Cursos\",\"Ceremonias de Graduaci\u00f3n\",\"Graduaciones 2022\",\"vocetys-2022-06-21\"],\"articleSection\":[\"Institucional\",\"Portada\",\"Uncategorized\",\"VoCETYS\"],\"inLanguage\":\"es\",\"potentialAction\":[{\"@type\":\"CommentAction\",\"name\":\"Comment\",\"target\":[\"https:\\\/\\\/www.cetys.mx\\\/noticias\\\/graduaciones-2022\\\/#respond\"]}]},{\"@type\":\"WebPage\",\"@id\":\"https:\\\/\\\/www.cetys.mx\\\/noticias\\\/graduaciones-2022\\\/\",\"url\":\"https:\\\/\\\/www.cetys.mx\\\/noticias\\\/graduaciones-2022\\\/\",\"name\":\"\u00a1S\u00e9 Parte de las Celebraciones! Ceremonias de Graduaci\u00f3n y Fin de Cursos 2022 - CETYS\",\"isPartOf\":{\"@id\":\"https:\\\/\\\/www.cetys.mx\\\/noticias\\\/#website\"},\"primaryImageOfPage\":{\"@id\":\"https:\\\/\\\/www.cetys.mx\\\/noticias\\\/graduaciones-2022\\\/#primaryimage\"},\"image\":{\"@id\":\"https:\\\/\\\/www.cetys.mx\\\/noticias\\\/graduaciones-2022\\\/#primaryimage\"},\"thumbnailUrl\":\"https:\\\/\\\/www.cetys.mx\\\/noticias\\\/wp-content\\\/uploads\\\/2022\\\/06\\\/CETYS_GRAD22-Portada\u0192_Nota.jpg\",\"datePublished\":\"2022-06-14T17:36:08+00:00\",\"dateModified\":\"2022-06-21T18:10:30+00:00\",\"author\":{\"@id\":\"https:\\\/\\\/www.cetys.mx\\\/noticias\\\/#\\\/schema\\\/person\\\/e9d2b35265b64aa454df57a2828eb2ac\"},\"description\":\"Celebra con nosotros a la generaci\u00f3n del 60 aniversario CETYS.\",\"breadcrumb\":{\"@id\":\"https:\\\/\\\/www.cetys.mx\\\/noticias\\\/graduaciones-2022\\\/#breadcrumb\"},\"inLanguage\":\"es\",\"potentialAction\":[{\"@type\":\"ReadAction\",\"target\":[\"https:\\\/\\\/www.cetys.mx\\\/noticias\\\/graduaciones-2022\\\/\"]}]},{\"@type\":\"ImageObject\",\"inLanguage\":\"es\",\"@id\":\"https:\\\/\\\/www.cetys.mx\\\/noticias\\\/graduaciones-2022\\\/#primaryimage\",\"url\":\"https:\\\/\\\/www.cetys.mx\\\/noticias\\\/wp-content\\\/uploads\\\/2022\\\/06\\\/CETYS_GRAD22-Portada\u0192_Nota.jpg\",\"contentUrl\":\"https:\\\/\\\/www.cetys.mx\\\/noticias\\\/wp-content\\\/uploads\\\/2022\\\/06\\\/CETYS_GRAD22-Portada\u0192_Nota.jpg\",\"width\":958,\"height\":638},{\"@type\":\"BreadcrumbList\",\"@id\":\"https:\\\/\\\/www.cetys.mx\\\/noticias\\\/graduaciones-2022\\\/#breadcrumb\",\"itemListElement\":[{\"@type\":\"ListItem\",\"position\":1,\"name\":\"Inicio\",\"item\":\"https:\\\/\\\/www.cetys.mx\\\/noticias\\\/\"},{\"@type\":\"ListItem\",\"position\":2,\"name\":\"\u00a1S\u00e9 Parte de las Celebraciones! Ceremonias de Graduaci\u00f3n y Fin de Cursos 2022\"}]},{\"@type\":\"WebSite\",\"@id\":\"https:\\\/\\\/www.cetys.mx\\\/noticias\\\/#website\",\"url\":\"https:\\\/\\\/www.cetys.mx\\\/noticias\\\/\",\"name\":\"CETYS\",\"description\":\"\",\"potentialAction\":[{\"@type\":\"SearchAction\",\"target\":{\"@type\":\"EntryPoint\",\"urlTemplate\":\"https:\\\/\\\/www.cetys.mx\\\/noticias\\\/?s={search_term_string}\"},\"query-input\":{\"@type\":\"PropertyValueSpecification\",\"valueRequired\":true,\"valueName\":\"search_term_string\"}}],\"inLanguage\":\"es\"},{\"@type\":\"Person\",\"@id\":\"https:\\\/\\\/www.cetys.mx\\\/noticias\\\/#\\\/schema\\\/person\\\/e9d2b35265b64aa454df57a2828eb2ac\",\"name\":\"CETYS Institucional\",\"url\":\"https:\\\/\\\/www.cetys.mx\\\/noticias\\\/author\\\/cetysinstitucional\\\/\"}]}<\/script>\n<!-- \/ Yoast SEO plugin. -->","yoast_head_json":{"title":"\u00a1S\u00e9 Parte de las Celebraciones! Ceremonias de Graduaci\u00f3n y Fin de Cursos 2022 - CETYS","description":"Celebra con nosotros a la generaci\u00f3n del 60 aniversario CETYS.","robots":{"index":"index","follow":"follow","max-snippet":"max-snippet:-1","max-image-preview":"max-image-preview:large","max-video-preview":"max-video-preview:-1"},"canonical":"https:\/\/www.cetys.mx\/noticias\/graduaciones-2022\/","og_locale":"es_MX","og_type":"article","og_title":"\u00a1S\u00e9 Parte de las Celebraciones! Ceremonias de Graduaci\u00f3n y Fin de Cursos 2022 - CETYS","og_description":"Celebra con nosotros a la generaci\u00f3n del 60 aniversario CETYS.","og_url":"https:\/\/www.cetys.mx\/noticias\/graduaciones-2022\/","og_site_name":"CETYS","article_publisher":"https:\/\/www.facebook.com\/cetysuniversidadmxl\/","article_published_time":"2022-06-14T17:36:08+00:00","article_modified_time":"2022-06-21T18:10:30+00:00","og_image":[{"width":958,"height":638,"url":"https:\/\/www.cetys.mx\/noticias\/wp-content\/uploads\/2022\/06\/CETYS_GRAD22-Portada\u0192_Nota.jpg","type":"image\/jpeg"}],"author":"CETYS Institucional","twitter_card":"summary_large_image","twitter_creator":"@cetysuni","twitter_site":"@cetysuni","twitter_misc":{"Escrito por":"CETYS Institucional","Tiempo de lectura":"1 minuto"},"schema":{"@context":"https:\/\/schema.org","@graph":[{"@type":"Article","@id":"https:\/\/www.cetys.mx\/noticias\/graduaciones-2022\/#article","isPartOf":{"@id":"https:\/\/www.cetys.mx\/noticias\/graduaciones-2022\/"},"author":{"name":"CETYS Institucional","@id":"https:\/\/www.cetys.mx\/noticias\/#\/schema\/person\/e9d2b35265b64aa454df57a2828eb2ac"},"headline":"\u00a1S\u00e9 Parte de las Celebraciones! Ceremonias de Graduaci\u00f3n y Fin de Cursos 2022","datePublished":"2022-06-14T17:36:08+00:00","dateModified":"2022-06-21T18:10:30+00:00","mainEntityOfPage":{"@id":"https:\/\/www.cetys.mx\/noticias\/graduaciones-2022\/"},"wordCount":207,"commentCount":0,"image":{"@id":"https:\/\/www.cetys.mx\/noticias\/graduaciones-2022\/#primaryimage"},"thumbnailUrl":"https:\/\/www.cetys.mx\/noticias\/wp-content\/uploads\/2022\/06\/CETYS_GRAD22-Portada\u0192_Nota.jpg","keywords":["Ceremonias de Fin de Cursos","Ceremonias de Graduaci\u00f3n","Graduaciones 2022","vocetys-2022-06-21"],"articleSection":["Institucional","Portada","Uncategorized","VoCETYS"],"inLanguage":"es","potentialAction":[{"@type":"CommentAction","name":"Comment","target":["https:\/\/www.cetys.mx\/noticias\/graduaciones-2022\/#respond"]}]},{"@type":"WebPage","@id":"https:\/\/www.cetys.mx\/noticias\/graduaciones-2022\/","url":"https:\/\/www.cetys.mx\/noticias\/graduaciones-2022\/","name":"\u00a1S\u00e9 Parte de las Celebraciones! Ceremonias de Graduaci\u00f3n y Fin de Cursos 2022 - CETYS","isPartOf":{"@id":"https:\/\/www.cetys.mx\/noticias\/#website"},"primaryImageOfPage":{"@id":"https:\/\/www.cetys.mx\/noticias\/graduaciones-2022\/#primaryimage"},"image":{"@id":"https:\/\/www.cetys.mx\/noticias\/graduaciones-2022\/#primaryimage"},"thumbnailUrl":"https:\/\/www.cetys.mx\/noticias\/wp-content\/uploads\/2022\/06\/CETYS_GRAD22-Portada\u0192_Nota.jpg","datePublished":"2022-06-14T17:36:08+00:00","dateModified":"2022-06-21T18:10:30+00:00","author":{"@id":"https:\/\/www.cetys.mx\/noticias\/#\/schema\/person\/e9d2b35265b64aa454df57a2828eb2ac"},"description":"Celebra con nosotros a la generaci\u00f3n del 60 aniversario CETYS.","breadcrumb":{"@id":"https:\/\/www.cetys.mx\/noticias\/graduaciones-2022\/#breadcrumb"},"inLanguage":"es","potentialAction":[{"@type":"ReadAction","target":["https:\/\/www.cetys.mx\/noticias\/graduaciones-2022\/"]}]},{"@type":"ImageObject","inLanguage":"es","@id":"https:\/\/www.cetys.mx\/noticias\/graduaciones-2022\/#primaryimage","url":"https:\/\/www.cetys.mx\/noticias\/wp-content\/uploads\/2022\/06\/CETYS_GRAD22-Portada\u0192_Nota.jpg","contentUrl":"https:\/\/www.cetys.mx\/noticias\/wp-content\/uploads\/2022\/06\/CETYS_GRAD22-Portada\u0192_Nota.jpg","width":958,"height":638},{"@type":"BreadcrumbList","@id":"https:\/\/www.cetys.mx\/noticias\/graduaciones-2022\/#breadcrumb","itemListElement":[{"@type":"ListItem","position":1,"name":"Inicio","item":"https:\/\/www.cetys.mx\/noticias\/"},{"@type":"ListItem","position":2,"name":"\u00a1S\u00e9 Parte de las Celebraciones! Ceremonias de Graduaci\u00f3n y Fin de Cursos 2022"}]},{"@type":"WebSite","@id":"https:\/\/www.cetys.mx\/noticias\/#website","url":"https:\/\/www.cetys.mx\/noticias\/","name":"CETYS","description":"","potentialAction":[{"@type":"SearchAction","target":{"@type":"EntryPoint","urlTemplate":"https:\/\/www.cetys.mx\/noticias\/?s={search_term_string}"},"query-input":{"@type":"PropertyValueSpecification","valueRequired":true,"valueName":"search_term_string"}}],"inLanguage":"es"},{"@type":"Person","@id":"https:\/\/www.cetys.mx\/noticias\/#\/schema\/person\/e9d2b35265b64aa454df57a2828eb2ac","name":"CETYS Institucional","url":"https:\/\/www.cetys.mx\/noticias\/author\/cetysinstitucional\/"}]}},"_links":{"self":[{"href":"https:\/\/www.cetys.mx\/noticias\/wp-json\/wp\/v2\/posts\/164951","targetHints":{"allow":["GET"]}}],"collection":[{"href":"https:\/\/www.cetys.mx\/noticias\/wp-json\/wp\/v2\/posts"}],"about":[{"href":"https:\/\/www.cetys.mx\/noticias\/wp-json\/wp\/v2\/types\/post"}],"author":[{"embeddable":true,"href":"https:\/\/www.cetys.mx\/noticias\/wp-json\/wp\/v2\/users\/26"}],"replies":[{"embeddable":true,"href":"https:\/\/www.cetys.mx\/noticias\/wp-json\/wp\/v2\/comments?post=164951"}],"version-history":[{"count":6,"href":"https:\/\/www.cetys.mx\/noticias\/wp-json\/wp\/v2\/posts\/164951\/revisions"}],"predecessor-version":[{"id":165159,"href":"https:\/\/www.cetys.mx\/noticias\/wp-json\/wp\/v2\/posts\/164951\/revisions\/165159"}],"wp:featuredmedia":[{"embeddable":true,"href":"https:\/\/www.cetys.mx\/noticias\/wp-json\/wp\/v2\/media\/164963"}],"wp:attachment":[{"href":"https:\/\/www.cetys.mx\/noticias\/wp-json\/wp\/v2\/media?parent=164951"}],"wp:term":[{"taxonomy":"category","embeddable":true,"href":"https:\/\/www.cetys.mx\/noticias\/wp-json\/wp\/v2\/categories?post=164951"},{"taxonomy":"post_tag","embeddable":true,"href":"https:\/\/www.cetys.mx\/noticias\/wp-json\/wp\/v2\/tags?post=164951"}],"curies":[{"name":"wp","href":"https:\/\/api.w.org\/{rel}","templated":true}]}}