{"id":164560,"date":"2022-05-31T16:50:07","date_gmt":"2022-05-31T23:50:07","guid":{"rendered":"https:\/\/www.cetys.mx\/noticias\/?p=164560"},"modified":"2022-05-31T16:50:07","modified_gmt":"2022-05-31T23:50:07","slug":"ser-cetys-alumni-es-una-insignia-de-compromiso-profesional-isela-hernandez","status":"publish","type":"post","link":"https:\/\/www.cetys.mx\/noticias\/ser-cetys-alumni-es-una-insignia-de-compromiso-profesional-isela-hernandez\/","title":{"rendered":"\u201cSer CETYS Alumni es una insignia de compromiso profesional\u201d: Isela Hern\u00e1ndez"},"content":{"rendered":"<p style=\"text-align: justify;\"><strong>Isela Hern\u00e1ndez Romero<\/strong> es la <strong>Directora de Recursos Humanos en Pacifico Aquaculture,<\/strong> empresa dedicada a la acuicultura en mar abierto, cerca de la Isla de Todos Santos en Ensenada.<\/p>\n<p style=\"text-align: justify;\">Para que Isela llegara ah\u00ed tuvieron que pasar veinte a\u00f1os. Su historia profesional comenz\u00f3 poco antes de concluir la Licenciatura en Administraci\u00f3n, cuando se encontraba en una visita a empresas por parte de CETYS.<\/p>\n<blockquote>\n<p style=\"text-align: justify;\">\u201cEse d\u00eda visitamos la empresa m\u00e1s reconocida de la localidad, y fue cuando decid\u00ed que ten\u00eda que estar ah\u00ed, a los pocos meses volv\u00ed como practicante y tiempo despu\u00e9s me dieron la oportunidad de trabajar; esa visita y esa empresa cambiaron mi vida, ah\u00ed estuve durante 20 a\u00f1os hasta que supe que ten\u00eda que dejar lo conocido para tomar una nueva oportunidad, y as\u00ed llegu\u00e9 a aplicar mis conocimientos y experiencia a una empresa que ofrece el desarrollo de una industria sustentable como es la acuicultura de mar abierto\u201d.<\/p>\n<\/blockquote>\n<p style=\"text-align: justify;\">De acuerdo con Isela, fueron sus fortalezas y habilidades desarrolladas durante su tiempo como estudiante de la Lic. en Administraci\u00f3n y del MBA de <a href=\"https:\/\/www.facebook.com\/cetysens\">CETYS Ensenada<\/a>, lo que le han permitido crecer profesionalmente.<\/p>\n<blockquote>\n<p style=\"text-align: justify;\">\u201cComo estudiante de CETYS desarrollas un sentido de pertenencia y compromiso, te identificas con sus valores y desde luego el orgullo por pertenecer crece; ser <a href=\"https:\/\/www.cetys.mx\/alumni\/\">CETYS Alumni<\/a> es como una insignia de compromiso profesional que representa la esencia de lo que la instituci\u00f3n nos ense\u00f1\u00f3\u201d.<\/p>\n<\/blockquote>\n<p style=\"text-align: justify;\">Su compromiso, pasi\u00f3n y constancia han llevado a Isela a generar lazos de respeto y confianza con las organizaciones que han depositado su confianza en ella para manejar su recurso humano.<\/p>\n<blockquote>\n<p style=\"text-align: justify;\">\u201cHa sido un privilegio poder ser parte de esta Instituci\u00f3n, ha sido mi carta de presentaci\u00f3n y lo que me ha abierto puertas en el mundo profesional, y no s\u00f3lo eso, nunca olvidar\u00e9 que al finalizar la carrera mi familia estaba enfrentando retos econ\u00f3micos que no me permitir\u00edan participar en el baile de graduaci\u00f3n y cuando una de mis maestras se enter\u00f3, decidi\u00f3 cubrir la cuota para que yo participar\u00e1; fue un gesto de bondad, un compromiso profesional y humano con las ilusiones y los sue\u00f1os de un estudiante; ese momento qued\u00f3 registrado en mis memorias de vida del cual estar\u00e9 siempre profundamente agradecida\u201d concluy\u00f3.<\/p>\n<\/blockquote>\n<p style=\"text-align: justify;\">\n","protected":false},"excerpt":{"rendered":"<p>Isela Hern\u00e1ndez Romero es la Directora de Recursos Humanos en Pacifico Aquaculture, empresa dedicada a la acuicultura en mar abierto, cerca de&#8230;<\/p>\n","protected":false},"author":23,"featured_media":164561,"comment_status":"open","ping_status":"closed","sticky":false,"template":"","format":"standard","meta":{"footnotes":""},"categories":[107,132],"tags":[],"class_list":["post-164560","post","type-post","status-publish","format-standard","has-post-thumbnail","hentry","category-alumni","category-campus-ensenada"],"yoast_head":"<!-- This site is optimized with the Yoast SEO plugin v27.4 - https:\/\/yoast.com\/product\/yoast-seo-wordpress\/ -->\n<title>\u201cSer CETYS Alumni es una insignia de compromiso profesional\u201d: Isela Hern\u00e1ndez - CETYS<\/title>\n<meta name=\"description\" content=\"Articulo sobre \u201cSer CETYS Alumni es una insignia de compromiso profesional\u201d: Isela Hern\u00e1ndez\" \/>\n<meta name=\"robots\" content=\"index, follow, max-snippet:-1, max-image-preview:large, max-video-preview:-1\" \/>\n<link rel=\"canonical\" href=\"https:\/\/www.cetys.mx\/noticias\/ser-cetys-alumni-es-una-insignia-de-compromiso-profesional-isela-hernandez\/\" \/>\n<meta property=\"og:locale\" content=\"es_MX\" \/>\n<meta property=\"og:type\" content=\"article\" \/>\n<meta property=\"og:title\" content=\"\u201cSer CETYS Alumni es una insignia de compromiso profesional\u201d: Isela Hern\u00e1ndez - CETYS\" \/>\n<meta property=\"og:description\" content=\"Articulo sobre \u201cSer CETYS Alumni es una insignia de compromiso profesional\u201d: Isela Hern\u00e1ndez\" \/>\n<meta property=\"og:url\" content=\"https:\/\/www.cetys.mx\/noticias\/ser-cetys-alumni-es-una-insignia-de-compromiso-profesional-isela-hernandez\/\" \/>\n<meta property=\"og:site_name\" content=\"CETYS\" \/>\n<meta property=\"article:publisher\" content=\"https:\/\/www.facebook.com\/cetysuniversidadmxl\/\" \/>\n<meta property=\"article:published_time\" content=\"2022-05-31T23:50:07+00:00\" \/>\n<meta property=\"og:image\" content=\"https:\/\/www.cetys.mx\/noticias\/wp-content\/uploads\/2022\/05\/Foto-portal-5.jpg\" \/>\n\t<meta property=\"og:image:width\" content=\"958\" \/>\n\t<meta property=\"og:image:height\" content=\"637\" \/>\n\t<meta property=\"og:image:type\" content=\"image\/jpeg\" \/>\n<meta name=\"author\" content=\"Campus Ensenada\" \/>\n<meta name=\"twitter:card\" content=\"summary_large_image\" \/>\n<meta name=\"twitter:creator\" content=\"@cetysuni\" \/>\n<meta name=\"twitter:site\" content=\"@cetysuni\" \/>\n<meta name=\"twitter:label1\" content=\"Escrito por\" \/>\n\t<meta name=\"twitter:data1\" content=\"Campus Ensenada\" \/>\n\t<meta name=\"twitter:label2\" content=\"Tiempo de lectura\" \/>\n\t<meta name=\"twitter:data2\" content=\"2 minutos\" \/>\n<script type=\"application\/ld+json\" class=\"yoast-schema-graph\">{\"@context\":\"https:\\\/\\\/schema.org\",\"@graph\":[{\"@type\":\"Article\",\"@id\":\"https:\\\/\\\/www.cetys.mx\\\/noticias\\\/ser-cetys-alumni-es-una-insignia-de-compromiso-profesional-isela-hernandez\\\/#article\",\"isPartOf\":{\"@id\":\"https:\\\/\\\/www.cetys.mx\\\/noticias\\\/ser-cetys-alumni-es-una-insignia-de-compromiso-profesional-isela-hernandez\\\/\"},\"author\":{\"name\":\"Campus Ensenada\",\"@id\":\"https:\\\/\\\/www.cetys.mx\\\/noticias\\\/#\\\/schema\\\/person\\\/1a1a88c0b6586e66a2e9e88e07afc712\"},\"headline\":\"\u201cSer CETYS Alumni es una insignia de compromiso profesional\u201d: Isela Hern\u00e1ndez\",\"datePublished\":\"2022-05-31T23:50:07+00:00\",\"mainEntityOfPage\":{\"@id\":\"https:\\\/\\\/www.cetys.mx\\\/noticias\\\/ser-cetys-alumni-es-una-insignia-de-compromiso-profesional-isela-hernandez\\\/\"},\"wordCount\":396,\"commentCount\":0,\"image\":{\"@id\":\"https:\\\/\\\/www.cetys.mx\\\/noticias\\\/ser-cetys-alumni-es-una-insignia-de-compromiso-profesional-isela-hernandez\\\/#primaryimage\"},\"thumbnailUrl\":\"https:\\\/\\\/www.cetys.mx\\\/noticias\\\/wp-content\\\/uploads\\\/2022\\\/05\\\/Foto-portal-5.jpg\",\"articleSection\":[\"Alumni\",\"Campus Ensenada\"],\"inLanguage\":\"es\",\"potentialAction\":[{\"@type\":\"CommentAction\",\"name\":\"Comment\",\"target\":[\"https:\\\/\\\/www.cetys.mx\\\/noticias\\\/ser-cetys-alumni-es-una-insignia-de-compromiso-profesional-isela-hernandez\\\/#respond\"]}]},{\"@type\":\"WebPage\",\"@id\":\"https:\\\/\\\/www.cetys.mx\\\/noticias\\\/ser-cetys-alumni-es-una-insignia-de-compromiso-profesional-isela-hernandez\\\/\",\"url\":\"https:\\\/\\\/www.cetys.mx\\\/noticias\\\/ser-cetys-alumni-es-una-insignia-de-compromiso-profesional-isela-hernandez\\\/\",\"name\":\"\u201cSer CETYS Alumni es una insignia de compromiso profesional\u201d: Isela Hern\u00e1ndez - CETYS\",\"isPartOf\":{\"@id\":\"https:\\\/\\\/www.cetys.mx\\\/noticias\\\/#website\"},\"primaryImageOfPage\":{\"@id\":\"https:\\\/\\\/www.cetys.mx\\\/noticias\\\/ser-cetys-alumni-es-una-insignia-de-compromiso-profesional-isela-hernandez\\\/#primaryimage\"},\"image\":{\"@id\":\"https:\\\/\\\/www.cetys.mx\\\/noticias\\\/ser-cetys-alumni-es-una-insignia-de-compromiso-profesional-isela-hernandez\\\/#primaryimage\"},\"thumbnailUrl\":\"https:\\\/\\\/www.cetys.mx\\\/noticias\\\/wp-content\\\/uploads\\\/2022\\\/05\\\/Foto-portal-5.jpg\",\"datePublished\":\"2022-05-31T23:50:07+00:00\",\"author\":{\"@id\":\"https:\\\/\\\/www.cetys.mx\\\/noticias\\\/#\\\/schema\\\/person\\\/1a1a88c0b6586e66a2e9e88e07afc712\"},\"description\":\"Articulo sobre \u201cSer CETYS Alumni es una insignia de compromiso profesional\u201d: Isela Hern\u00e1ndez\",\"breadcrumb\":{\"@id\":\"https:\\\/\\\/www.cetys.mx\\\/noticias\\\/ser-cetys-alumni-es-una-insignia-de-compromiso-profesional-isela-hernandez\\\/#breadcrumb\"},\"inLanguage\":\"es\",\"potentialAction\":[{\"@type\":\"ReadAction\",\"target\":[\"https:\\\/\\\/www.cetys.mx\\\/noticias\\\/ser-cetys-alumni-es-una-insignia-de-compromiso-profesional-isela-hernandez\\\/\"]}]},{\"@type\":\"ImageObject\",\"inLanguage\":\"es\",\"@id\":\"https:\\\/\\\/www.cetys.mx\\\/noticias\\\/ser-cetys-alumni-es-una-insignia-de-compromiso-profesional-isela-hernandez\\\/#primaryimage\",\"url\":\"https:\\\/\\\/www.cetys.mx\\\/noticias\\\/wp-content\\\/uploads\\\/2022\\\/05\\\/Foto-portal-5.jpg\",\"contentUrl\":\"https:\\\/\\\/www.cetys.mx\\\/noticias\\\/wp-content\\\/uploads\\\/2022\\\/05\\\/Foto-portal-5.jpg\",\"width\":958,\"height\":637,\"caption\":\"Alumni Isela Hern\u00e1ndez.\"},{\"@type\":\"BreadcrumbList\",\"@id\":\"https:\\\/\\\/www.cetys.mx\\\/noticias\\\/ser-cetys-alumni-es-una-insignia-de-compromiso-profesional-isela-hernandez\\\/#breadcrumb\",\"itemListElement\":[{\"@type\":\"ListItem\",\"position\":1,\"name\":\"Inicio\",\"item\":\"https:\\\/\\\/www.cetys.mx\\\/noticias\\\/\"},{\"@type\":\"ListItem\",\"position\":2,\"name\":\"\u201cSer CETYS Alumni es una insignia de compromiso profesional\u201d: Isela Hern\u00e1ndez\"}]},{\"@type\":\"WebSite\",\"@id\":\"https:\\\/\\\/www.cetys.mx\\\/noticias\\\/#website\",\"url\":\"https:\\\/\\\/www.cetys.mx\\\/noticias\\\/\",\"name\":\"CETYS\",\"description\":\"\",\"potentialAction\":[{\"@type\":\"SearchAction\",\"target\":{\"@type\":\"EntryPoint\",\"urlTemplate\":\"https:\\\/\\\/www.cetys.mx\\\/noticias\\\/?s={search_term_string}\"},\"query-input\":{\"@type\":\"PropertyValueSpecification\",\"valueRequired\":true,\"valueName\":\"search_term_string\"}}],\"inLanguage\":\"es\"},{\"@type\":\"Person\",\"@id\":\"https:\\\/\\\/www.cetys.mx\\\/noticias\\\/#\\\/schema\\\/person\\\/1a1a88c0b6586e66a2e9e88e07afc712\",\"name\":\"Campus Ensenada\",\"url\":\"https:\\\/\\\/www.cetys.mx\\\/noticias\\\/author\\\/campusensenada\\\/\"}]}<\/script>\n<!-- \/ Yoast SEO plugin. -->","yoast_head_json":{"title":"\u201cSer CETYS Alumni es una insignia de compromiso profesional\u201d: Isela Hern\u00e1ndez - CETYS","description":"Articulo sobre \u201cSer CETYS Alumni es una insignia de compromiso profesional\u201d: Isela Hern\u00e1ndez","robots":{"index":"index","follow":"follow","max-snippet":"max-snippet:-1","max-image-preview":"max-image-preview:large","max-video-preview":"max-video-preview:-1"},"canonical":"https:\/\/www.cetys.mx\/noticias\/ser-cetys-alumni-es-una-insignia-de-compromiso-profesional-isela-hernandez\/","og_locale":"es_MX","og_type":"article","og_title":"\u201cSer CETYS Alumni es una insignia de compromiso profesional\u201d: Isela Hern\u00e1ndez - CETYS","og_description":"Articulo sobre \u201cSer CETYS Alumni es una insignia de compromiso profesional\u201d: Isela Hern\u00e1ndez","og_url":"https:\/\/www.cetys.mx\/noticias\/ser-cetys-alumni-es-una-insignia-de-compromiso-profesional-isela-hernandez\/","og_site_name":"CETYS","article_publisher":"https:\/\/www.facebook.com\/cetysuniversidadmxl\/","article_published_time":"2022-05-31T23:50:07+00:00","og_image":[{"width":958,"height":637,"url":"https:\/\/www.cetys.mx\/noticias\/wp-content\/uploads\/2022\/05\/Foto-portal-5.jpg","type":"image\/jpeg"}],"author":"Campus Ensenada","twitter_card":"summary_large_image","twitter_creator":"@cetysuni","twitter_site":"@cetysuni","twitter_misc":{"Escrito por":"Campus Ensenada","Tiempo de lectura":"2 minutos"},"schema":{"@context":"https:\/\/schema.org","@graph":[{"@type":"Article","@id":"https:\/\/www.cetys.mx\/noticias\/ser-cetys-alumni-es-una-insignia-de-compromiso-profesional-isela-hernandez\/#article","isPartOf":{"@id":"https:\/\/www.cetys.mx\/noticias\/ser-cetys-alumni-es-una-insignia-de-compromiso-profesional-isela-hernandez\/"},"author":{"name":"Campus Ensenada","@id":"https:\/\/www.cetys.mx\/noticias\/#\/schema\/person\/1a1a88c0b6586e66a2e9e88e07afc712"},"headline":"\u201cSer CETYS Alumni es una insignia de compromiso profesional\u201d: Isela Hern\u00e1ndez","datePublished":"2022-05-31T23:50:07+00:00","mainEntityOfPage":{"@id":"https:\/\/www.cetys.mx\/noticias\/ser-cetys-alumni-es-una-insignia-de-compromiso-profesional-isela-hernandez\/"},"wordCount":396,"commentCount":0,"image":{"@id":"https:\/\/www.cetys.mx\/noticias\/ser-cetys-alumni-es-una-insignia-de-compromiso-profesional-isela-hernandez\/#primaryimage"},"thumbnailUrl":"https:\/\/www.cetys.mx\/noticias\/wp-content\/uploads\/2022\/05\/Foto-portal-5.jpg","articleSection":["Alumni","Campus Ensenada"],"inLanguage":"es","potentialAction":[{"@type":"CommentAction","name":"Comment","target":["https:\/\/www.cetys.mx\/noticias\/ser-cetys-alumni-es-una-insignia-de-compromiso-profesional-isela-hernandez\/#respond"]}]},{"@type":"WebPage","@id":"https:\/\/www.cetys.mx\/noticias\/ser-cetys-alumni-es-una-insignia-de-compromiso-profesional-isela-hernandez\/","url":"https:\/\/www.cetys.mx\/noticias\/ser-cetys-alumni-es-una-insignia-de-compromiso-profesional-isela-hernandez\/","name":"\u201cSer CETYS Alumni es una insignia de compromiso profesional\u201d: Isela Hern\u00e1ndez - CETYS","isPartOf":{"@id":"https:\/\/www.cetys.mx\/noticias\/#website"},"primaryImageOfPage":{"@id":"https:\/\/www.cetys.mx\/noticias\/ser-cetys-alumni-es-una-insignia-de-compromiso-profesional-isela-hernandez\/#primaryimage"},"image":{"@id":"https:\/\/www.cetys.mx\/noticias\/ser-cetys-alumni-es-una-insignia-de-compromiso-profesional-isela-hernandez\/#primaryimage"},"thumbnailUrl":"https:\/\/www.cetys.mx\/noticias\/wp-content\/uploads\/2022\/05\/Foto-portal-5.jpg","datePublished":"2022-05-31T23:50:07+00:00","author":{"@id":"https:\/\/www.cetys.mx\/noticias\/#\/schema\/person\/1a1a88c0b6586e66a2e9e88e07afc712"},"description":"Articulo sobre \u201cSer CETYS Alumni es una insignia de compromiso profesional\u201d: Isela Hern\u00e1ndez","breadcrumb":{"@id":"https:\/\/www.cetys.mx\/noticias\/ser-cetys-alumni-es-una-insignia-de-compromiso-profesional-isela-hernandez\/#breadcrumb"},"inLanguage":"es","potentialAction":[{"@type":"ReadAction","target":["https:\/\/www.cetys.mx\/noticias\/ser-cetys-alumni-es-una-insignia-de-compromiso-profesional-isela-hernandez\/"]}]},{"@type":"ImageObject","inLanguage":"es","@id":"https:\/\/www.cetys.mx\/noticias\/ser-cetys-alumni-es-una-insignia-de-compromiso-profesional-isela-hernandez\/#primaryimage","url":"https:\/\/www.cetys.mx\/noticias\/wp-content\/uploads\/2022\/05\/Foto-portal-5.jpg","contentUrl":"https:\/\/www.cetys.mx\/noticias\/wp-content\/uploads\/2022\/05\/Foto-portal-5.jpg","width":958,"height":637,"caption":"Alumni Isela Hern\u00e1ndez."},{"@type":"BreadcrumbList","@id":"https:\/\/www.cetys.mx\/noticias\/ser-cetys-alumni-es-una-insignia-de-compromiso-profesional-isela-hernandez\/#breadcrumb","itemListElement":[{"@type":"ListItem","position":1,"name":"Inicio","item":"https:\/\/www.cetys.mx\/noticias\/"},{"@type":"ListItem","position":2,"name":"\u201cSer CETYS Alumni es una insignia de compromiso profesional\u201d: Isela Hern\u00e1ndez"}]},{"@type":"WebSite","@id":"https:\/\/www.cetys.mx\/noticias\/#website","url":"https:\/\/www.cetys.mx\/noticias\/","name":"CETYS","description":"","potentialAction":[{"@type":"SearchAction","target":{"@type":"EntryPoint","urlTemplate":"https:\/\/www.cetys.mx\/noticias\/?s={search_term_string}"},"query-input":{"@type":"PropertyValueSpecification","valueRequired":true,"valueName":"search_term_string"}}],"inLanguage":"es"},{"@type":"Person","@id":"https:\/\/www.cetys.mx\/noticias\/#\/schema\/person\/1a1a88c0b6586e66a2e9e88e07afc712","name":"Campus Ensenada","url":"https:\/\/www.cetys.mx\/noticias\/author\/campusensenada\/"}]}},"_links":{"self":[{"href":"https:\/\/www.cetys.mx\/noticias\/wp-json\/wp\/v2\/posts\/164560","targetHints":{"allow":["GET"]}}],"collection":[{"href":"https:\/\/www.cetys.mx\/noticias\/wp-json\/wp\/v2\/posts"}],"about":[{"href":"https:\/\/www.cetys.mx\/noticias\/wp-json\/wp\/v2\/types\/post"}],"author":[{"embeddable":true,"href":"https:\/\/www.cetys.mx\/noticias\/wp-json\/wp\/v2\/users\/23"}],"replies":[{"embeddable":true,"href":"https:\/\/www.cetys.mx\/noticias\/wp-json\/wp\/v2\/comments?post=164560"}],"version-history":[{"count":1,"href":"https:\/\/www.cetys.mx\/noticias\/wp-json\/wp\/v2\/posts\/164560\/revisions"}],"predecessor-version":[{"id":164562,"href":"https:\/\/www.cetys.mx\/noticias\/wp-json\/wp\/v2\/posts\/164560\/revisions\/164562"}],"wp:featuredmedia":[{"embeddable":true,"href":"https:\/\/www.cetys.mx\/noticias\/wp-json\/wp\/v2\/media\/164561"}],"wp:attachment":[{"href":"https:\/\/www.cetys.mx\/noticias\/wp-json\/wp\/v2\/media?parent=164560"}],"wp:term":[{"taxonomy":"category","embeddable":true,"href":"https:\/\/www.cetys.mx\/noticias\/wp-json\/wp\/v2\/categories?post=164560"},{"taxonomy":"post_tag","embeddable":true,"href":"https:\/\/www.cetys.mx\/noticias\/wp-json\/wp\/v2\/tags?post=164560"}],"curies":[{"name":"wp","href":"https:\/\/api.w.org\/{rel}","templated":true}]}}