{"id":164510,"date":"2022-05-30T12:59:25","date_gmt":"2022-05-30T19:59:25","guid":{"rendered":"https:\/\/www.cetys.mx\/noticias\/?p=164510"},"modified":"2022-06-15T16:28:52","modified_gmt":"2022-06-15T23:28:52","slug":"integra-asertiva-y-con-escucha-activa-asi-es-la-psicologa-infantil-daniela-diaz","status":"publish","type":"post","link":"https:\/\/www.cetys.mx\/noticias\/integra-asertiva-y-con-escucha-activa-asi-es-la-psicologa-infantil-daniela-diaz\/","title":{"rendered":"\u00cdntegra, asertiva y con escucha activa, as\u00ed es la psic\u00f3loga infantil Daniela D\u00edaz"},"content":{"rendered":"<p style=\"text-align: justify;\"><span style=\"font-weight: 400;\">La psicolog\u00eda infantil es el estudio que se realiza del comportamiento de los ni\u00f1os durante su crecimiento. Esta comprende desde su nacimiento hasta la adolescencia, lo cual es importante ya que es la etapa principal en que el ser humano forma su personalidad, fortalecen los primeros lazos con el mundo y adquieren conocimientos b\u00e1sicos para el resto de su desarrollo.\u00a0<\/span><\/p>\n<p style=\"text-align: justify;\"><span style=\"font-weight: 400;\">Adem\u00e1s, esta rama de la psicolog\u00eda sirve como base para el fomento de mejores pr\u00e1cticas para la crianza de los ni\u00f1os y comunicaci\u00f3n con ellos. Bien se dice que, un ni\u00f1o feliz, ser\u00e1 un adulto sano que impactar\u00e1 positivamente a su entorno.\u00a0<\/span><\/p>\n<p style=\"text-align: justify;\"><span style=\"font-weight: 400;\">Desempe\u00f1ar dicha labor requiere valores y aptitudes como la empat\u00eda, responsabilidad, integridad, comunicaci\u00f3n asertiva, todas ellas reflejadas en profesionistas como lo es la <strong>Mtra. Daniela D\u00edaz Flores<\/strong>, orgullosa integrante de la Familia <a href=\"http:\/\/www.cetys.mx\/alumni\"><strong>CETYS Alumni<\/strong><\/a>.<\/span><\/p>\n<p style=\"text-align: justify;\"><span style=\"font-weight: 400;\">Daniela D\u00edaz es egresada de la <a href=\"https:\/\/www.cetys.mx\/oferta-educativa\/preparatoria\/\"><strong>Prepa CETYS<\/strong><\/a>, estudi\u00f3 la<strong><a href=\"https:\/\/www.cetys.mx\/oferta-educativa\/profesional\/licenciatura-en-psicologia-infantil\/\"> Licenciatura en Psicolog\u00eda Infantil(LPI)<\/a> <\/strong>as\u00ed como una maestr\u00eda en psicolog\u00eda en <a href=\"https:\/\/www.facebook.com\/cetysuniversidadmxl\"><strong>CETYS Universidad Campus Mexicali<\/strong><\/a>. Actualmente se desempe\u00f1a como coordinadora del programa acad\u00e9mico que sembr\u00f3 las bases para lo que hoy, es una gran trayectoria laboral.<\/span><\/p>\n<p style=\"text-align: justify;\"><span style=\"font-weight: 400;\">La psic\u00f3loga Daniela form\u00f3 parte de la primer generaci\u00f3n de LPI en la Escuela de Psicolog\u00eda de su Alma Mater en Mexicali, tiempo que le permiti\u00f3 conocer a su CETYS desde otra perspectiva:\u201c Al ser los primeros estudiantes de esta licenciatura nos unimos como grupo, experimentamos diferentes horarios de clases, hasta en fines de semana, tuvimos la oportunidad de conocer m\u00e1s a CETYS y tomar clases con maestros visitantes que sin duda marcaron para bien nuestro desarrollo profesional\u201d.<\/span><\/p>\n<p style=\"text-align: justify;\"><span style=\"font-weight: 400;\">Ahora, como part\u00edcipe del otro lado de la moneda, es decir, desde la pupila del docente, Daniela es firme\u00a0 en transmitir la visi\u00f3n de su Alma Mater, hoy su segundo hogar el CETYS, haciendo hincapi\u00e9 en el impacto de la correcta promoci\u00f3n y trabajo de la salud mental.<\/span><\/p>\n<p style=\"text-align: justify;\"><span style=\"font-weight: 400;\">De su tiempo estudiantil en CETYS recuerda las clases donde adquiri\u00f3 los conocimientos que hoy son el fruto de su desempe\u00f1o profesional, las pr\u00e1cticas profesionales desde los primeros semestres, participar en actividades extracurriculares y formar parte del comit\u00e9 que llev\u00f3 a cabo el primer congreso estudiantil por y para estudiantes enfocado en psicolog\u00eda.<\/span><\/p>\n<p style=\"text-align: justify;\"><span style=\"font-weight: 400;\">Aunado a las clases y su labor como coordinadora, docente investigador e integrante del claustro acad\u00e9mico del Colegio de Ciencias Sociales y Humanidades as\u00ed como la Escuela de Psicolog\u00eda, Daniela ejerce la pr\u00e1ctica privada.Explic\u00f3 que su campo laborar en la psicolog\u00eda infantil abarca desde la concepci\u00f3n del infante, brindando apoyo psicosocial a los padres de familia,\u00a0 hasta el \u00faltimo d\u00eda de la adolescencia del joven.<\/span><\/p>\n<p style=\"text-align: justify;\"><span style=\"font-weight: 400;\">Con su basta experiencia y conocimiento, Daniela aconseja a las nuevas generaciones tanto a las que tiene a su cargo en las aulas como a quienes desde otras disciplinas est\u00e1n pr\u00f3ximos a unirse a la Comunidad CETYS Alumni. Ella les motiva a seguir creciendo, continuar actualiz\u00e1ndose y siempre emprender tareas en pro de la sociedad y priorizando el bien com\u00fan.<\/span><\/p>\n<p style=\"text-align: justify;\"><span style=\"font-weight: 400;\">En un futuro cercano, la tambi\u00e9n coordinadora de la Licenciatura en Psicolog\u00eda Infantil en CETYS Campus Mexicali, desea seguir impulsando a las nuevas generaciones a ser psic\u00f3logos que ejerzan desde el profesionalismo, responsabilidad y respeto por el deber ser de los expertos en la salud mental. Mientras que en el \u00e1mbito personal, le gustar\u00eda continuar construyendo a su familia en equipo y concluir sus estudios de doctorado.<\/span><\/p>\n<p style=\"text-align: justify;\">\n","protected":false},"excerpt":{"rendered":"<p>La psicolog\u00eda infantil es el estudio que se realiza del comportamiento de los ni\u00f1os durante su crecimiento. Esta comprende desde su nacimiento&#8230;<\/p>\n","protected":false},"author":20,"featured_media":164607,"comment_status":"open","ping_status":"closed","sticky":false,"template":"","format":"standard","meta":{"footnotes":""},"categories":[107,133,125,313],"tags":[1186,179,5963],"class_list":["post-164510","post","type-post","status-publish","format-standard","has-post-thumbnail","hentry","category-alumni","category-campus-mexicali","category-portada","category-vocetys-2","tag-cetys-alumni","tag-psicologia","tag-vocetys-2022-06-15"],"yoast_head":"<!-- This site is optimized with the Yoast SEO plugin v27.4 - https:\/\/yoast.com\/product\/yoast-seo-wordpress\/ -->\n<title>\u00cdntegra, asertiva y con escucha activa, as\u00ed es la psic\u00f3loga infantil Daniela D\u00edaz - CETYS<\/title>\n<meta name=\"description\" content=\"Articulo sobre \u00cdntegra, asertiva y con escucha activa, as\u00ed es la psic\u00f3loga infantil Daniela D\u00edaz\" \/>\n<meta name=\"robots\" content=\"index, follow, max-snippet:-1, max-image-preview:large, max-video-preview:-1\" \/>\n<link rel=\"canonical\" href=\"https:\/\/www.cetys.mx\/noticias\/integra-asertiva-y-con-escucha-activa-asi-es-la-psicologa-infantil-daniela-diaz\/\" \/>\n<meta property=\"og:locale\" content=\"es_MX\" \/>\n<meta property=\"og:type\" content=\"article\" \/>\n<meta property=\"og:title\" content=\"\u00cdntegra, asertiva y con escucha activa, as\u00ed es la psic\u00f3loga infantil Daniela D\u00edaz - CETYS\" \/>\n<meta property=\"og:description\" content=\"Articulo sobre \u00cdntegra, asertiva y con escucha activa, as\u00ed es la psic\u00f3loga infantil Daniela D\u00edaz\" \/>\n<meta property=\"og:url\" content=\"https:\/\/www.cetys.mx\/noticias\/integra-asertiva-y-con-escucha-activa-asi-es-la-psicologa-infantil-daniela-diaz\/\" \/>\n<meta property=\"og:site_name\" content=\"CETYS\" \/>\n<meta property=\"article:publisher\" content=\"https:\/\/www.facebook.com\/cetysuniversidadmxl\/\" \/>\n<meta property=\"article:published_time\" content=\"2022-05-30T19:59:25+00:00\" \/>\n<meta property=\"article:modified_time\" content=\"2022-06-15T23:28:52+00:00\" \/>\n<meta property=\"og:image\" content=\"https:\/\/www.cetys.mx\/noticias\/wp-content\/uploads\/2022\/05\/Mtra-Daniela-Diaz-1.jpg\" \/>\n\t<meta property=\"og:image:width\" content=\"958\" \/>\n\t<meta property=\"og:image:height\" content=\"637\" \/>\n\t<meta property=\"og:image:type\" content=\"image\/jpeg\" \/>\n<meta name=\"author\" content=\"Campus Mexicali\" \/>\n<meta name=\"twitter:card\" content=\"summary_large_image\" \/>\n<meta name=\"twitter:creator\" content=\"@cetysuni\" \/>\n<meta name=\"twitter:site\" content=\"@cetysuni\" \/>\n<meta name=\"twitter:label1\" content=\"Escrito por\" \/>\n\t<meta name=\"twitter:data1\" content=\"Campus Mexicali\" \/>\n\t<meta name=\"twitter:label2\" content=\"Tiempo de lectura\" \/>\n\t<meta name=\"twitter:data2\" content=\"3 minutos\" \/>\n<script type=\"application\/ld+json\" class=\"yoast-schema-graph\">{\"@context\":\"https:\\\/\\\/schema.org\",\"@graph\":[{\"@type\":\"Article\",\"@id\":\"https:\\\/\\\/www.cetys.mx\\\/noticias\\\/integra-asertiva-y-con-escucha-activa-asi-es-la-psicologa-infantil-daniela-diaz\\\/#article\",\"isPartOf\":{\"@id\":\"https:\\\/\\\/www.cetys.mx\\\/noticias\\\/integra-asertiva-y-con-escucha-activa-asi-es-la-psicologa-infantil-daniela-diaz\\\/\"},\"author\":{\"name\":\"Campus Mexicali\",\"@id\":\"https:\\\/\\\/www.cetys.mx\\\/noticias\\\/#\\\/schema\\\/person\\\/79a95c4ac185f3705cf1b9c9340a5f70\"},\"headline\":\"\u00cdntegra, asertiva y con escucha activa, as\u00ed es la psic\u00f3loga infantil Daniela D\u00edaz\",\"datePublished\":\"2022-05-30T19:59:25+00:00\",\"dateModified\":\"2022-06-15T23:28:52+00:00\",\"mainEntityOfPage\":{\"@id\":\"https:\\\/\\\/www.cetys.mx\\\/noticias\\\/integra-asertiva-y-con-escucha-activa-asi-es-la-psicologa-infantil-daniela-diaz\\\/\"},\"wordCount\":613,\"commentCount\":0,\"image\":{\"@id\":\"https:\\\/\\\/www.cetys.mx\\\/noticias\\\/integra-asertiva-y-con-escucha-activa-asi-es-la-psicologa-infantil-daniela-diaz\\\/#primaryimage\"},\"thumbnailUrl\":\"https:\\\/\\\/www.cetys.mx\\\/noticias\\\/wp-content\\\/uploads\\\/2022\\\/05\\\/Mtra-Daniela-Diaz-1.jpg\",\"keywords\":[\"CETYS Alumni\",\"psicolog\u00eda\",\"vocetys-2022-06-15\"],\"articleSection\":[\"Alumni\",\"Campus Mexicali\",\"Portada\",\"VoCETYS\"],\"inLanguage\":\"es\",\"potentialAction\":[{\"@type\":\"CommentAction\",\"name\":\"Comment\",\"target\":[\"https:\\\/\\\/www.cetys.mx\\\/noticias\\\/integra-asertiva-y-con-escucha-activa-asi-es-la-psicologa-infantil-daniela-diaz\\\/#respond\"]}]},{\"@type\":\"WebPage\",\"@id\":\"https:\\\/\\\/www.cetys.mx\\\/noticias\\\/integra-asertiva-y-con-escucha-activa-asi-es-la-psicologa-infantil-daniela-diaz\\\/\",\"url\":\"https:\\\/\\\/www.cetys.mx\\\/noticias\\\/integra-asertiva-y-con-escucha-activa-asi-es-la-psicologa-infantil-daniela-diaz\\\/\",\"name\":\"\u00cdntegra, asertiva y con escucha activa, as\u00ed es la psic\u00f3loga infantil Daniela D\u00edaz - CETYS\",\"isPartOf\":{\"@id\":\"https:\\\/\\\/www.cetys.mx\\\/noticias\\\/#website\"},\"primaryImageOfPage\":{\"@id\":\"https:\\\/\\\/www.cetys.mx\\\/noticias\\\/integra-asertiva-y-con-escucha-activa-asi-es-la-psicologa-infantil-daniela-diaz\\\/#primaryimage\"},\"image\":{\"@id\":\"https:\\\/\\\/www.cetys.mx\\\/noticias\\\/integra-asertiva-y-con-escucha-activa-asi-es-la-psicologa-infantil-daniela-diaz\\\/#primaryimage\"},\"thumbnailUrl\":\"https:\\\/\\\/www.cetys.mx\\\/noticias\\\/wp-content\\\/uploads\\\/2022\\\/05\\\/Mtra-Daniela-Diaz-1.jpg\",\"datePublished\":\"2022-05-30T19:59:25+00:00\",\"dateModified\":\"2022-06-15T23:28:52+00:00\",\"author\":{\"@id\":\"https:\\\/\\\/www.cetys.mx\\\/noticias\\\/#\\\/schema\\\/person\\\/79a95c4ac185f3705cf1b9c9340a5f70\"},\"description\":\"Articulo sobre \u00cdntegra, asertiva y con escucha activa, as\u00ed es la psic\u00f3loga infantil Daniela D\u00edaz\",\"breadcrumb\":{\"@id\":\"https:\\\/\\\/www.cetys.mx\\\/noticias\\\/integra-asertiva-y-con-escucha-activa-asi-es-la-psicologa-infantil-daniela-diaz\\\/#breadcrumb\"},\"inLanguage\":\"es\",\"potentialAction\":[{\"@type\":\"ReadAction\",\"target\":[\"https:\\\/\\\/www.cetys.mx\\\/noticias\\\/integra-asertiva-y-con-escucha-activa-asi-es-la-psicologa-infantil-daniela-diaz\\\/\"]}]},{\"@type\":\"ImageObject\",\"inLanguage\":\"es\",\"@id\":\"https:\\\/\\\/www.cetys.mx\\\/noticias\\\/integra-asertiva-y-con-escucha-activa-asi-es-la-psicologa-infantil-daniela-diaz\\\/#primaryimage\",\"url\":\"https:\\\/\\\/www.cetys.mx\\\/noticias\\\/wp-content\\\/uploads\\\/2022\\\/05\\\/Mtra-Daniela-Diaz-1.jpg\",\"contentUrl\":\"https:\\\/\\\/www.cetys.mx\\\/noticias\\\/wp-content\\\/uploads\\\/2022\\\/05\\\/Mtra-Daniela-Diaz-1.jpg\",\"width\":958,\"height\":637},{\"@type\":\"BreadcrumbList\",\"@id\":\"https:\\\/\\\/www.cetys.mx\\\/noticias\\\/integra-asertiva-y-con-escucha-activa-asi-es-la-psicologa-infantil-daniela-diaz\\\/#breadcrumb\",\"itemListElement\":[{\"@type\":\"ListItem\",\"position\":1,\"name\":\"Inicio\",\"item\":\"https:\\\/\\\/www.cetys.mx\\\/noticias\\\/\"},{\"@type\":\"ListItem\",\"position\":2,\"name\":\"\u00cdntegra, asertiva y con escucha activa, as\u00ed es la psic\u00f3loga infantil Daniela D\u00edaz\"}]},{\"@type\":\"WebSite\",\"@id\":\"https:\\\/\\\/www.cetys.mx\\\/noticias\\\/#website\",\"url\":\"https:\\\/\\\/www.cetys.mx\\\/noticias\\\/\",\"name\":\"CETYS\",\"description\":\"\",\"potentialAction\":[{\"@type\":\"SearchAction\",\"target\":{\"@type\":\"EntryPoint\",\"urlTemplate\":\"https:\\\/\\\/www.cetys.mx\\\/noticias\\\/?s={search_term_string}\"},\"query-input\":{\"@type\":\"PropertyValueSpecification\",\"valueRequired\":true,\"valueName\":\"search_term_string\"}}],\"inLanguage\":\"es\"},{\"@type\":\"Person\",\"@id\":\"https:\\\/\\\/www.cetys.mx\\\/noticias\\\/#\\\/schema\\\/person\\\/79a95c4ac185f3705cf1b9c9340a5f70\",\"name\":\"Campus Mexicali\",\"url\":\"https:\\\/\\\/www.cetys.mx\\\/noticias\\\/author\\\/campusmexicali\\\/\"}]}<\/script>\n<!-- \/ Yoast SEO plugin. -->","yoast_head_json":{"title":"\u00cdntegra, asertiva y con escucha activa, as\u00ed es la psic\u00f3loga infantil Daniela D\u00edaz - CETYS","description":"Articulo sobre \u00cdntegra, asertiva y con escucha activa, as\u00ed es la psic\u00f3loga infantil Daniela D\u00edaz","robots":{"index":"index","follow":"follow","max-snippet":"max-snippet:-1","max-image-preview":"max-image-preview:large","max-video-preview":"max-video-preview:-1"},"canonical":"https:\/\/www.cetys.mx\/noticias\/integra-asertiva-y-con-escucha-activa-asi-es-la-psicologa-infantil-daniela-diaz\/","og_locale":"es_MX","og_type":"article","og_title":"\u00cdntegra, asertiva y con escucha activa, as\u00ed es la psic\u00f3loga infantil Daniela D\u00edaz - CETYS","og_description":"Articulo sobre \u00cdntegra, asertiva y con escucha activa, as\u00ed es la psic\u00f3loga infantil Daniela D\u00edaz","og_url":"https:\/\/www.cetys.mx\/noticias\/integra-asertiva-y-con-escucha-activa-asi-es-la-psicologa-infantil-daniela-diaz\/","og_site_name":"CETYS","article_publisher":"https:\/\/www.facebook.com\/cetysuniversidadmxl\/","article_published_time":"2022-05-30T19:59:25+00:00","article_modified_time":"2022-06-15T23:28:52+00:00","og_image":[{"width":958,"height":637,"url":"https:\/\/www.cetys.mx\/noticias\/wp-content\/uploads\/2022\/05\/Mtra-Daniela-Diaz-1.jpg","type":"image\/jpeg"}],"author":"Campus Mexicali","twitter_card":"summary_large_image","twitter_creator":"@cetysuni","twitter_site":"@cetysuni","twitter_misc":{"Escrito por":"Campus Mexicali","Tiempo de lectura":"3 minutos"},"schema":{"@context":"https:\/\/schema.org","@graph":[{"@type":"Article","@id":"https:\/\/www.cetys.mx\/noticias\/integra-asertiva-y-con-escucha-activa-asi-es-la-psicologa-infantil-daniela-diaz\/#article","isPartOf":{"@id":"https:\/\/www.cetys.mx\/noticias\/integra-asertiva-y-con-escucha-activa-asi-es-la-psicologa-infantil-daniela-diaz\/"},"author":{"name":"Campus Mexicali","@id":"https:\/\/www.cetys.mx\/noticias\/#\/schema\/person\/79a95c4ac185f3705cf1b9c9340a5f70"},"headline":"\u00cdntegra, asertiva y con escucha activa, as\u00ed es la psic\u00f3loga infantil Daniela D\u00edaz","datePublished":"2022-05-30T19:59:25+00:00","dateModified":"2022-06-15T23:28:52+00:00","mainEntityOfPage":{"@id":"https:\/\/www.cetys.mx\/noticias\/integra-asertiva-y-con-escucha-activa-asi-es-la-psicologa-infantil-daniela-diaz\/"},"wordCount":613,"commentCount":0,"image":{"@id":"https:\/\/www.cetys.mx\/noticias\/integra-asertiva-y-con-escucha-activa-asi-es-la-psicologa-infantil-daniela-diaz\/#primaryimage"},"thumbnailUrl":"https:\/\/www.cetys.mx\/noticias\/wp-content\/uploads\/2022\/05\/Mtra-Daniela-Diaz-1.jpg","keywords":["CETYS Alumni","psicolog\u00eda","vocetys-2022-06-15"],"articleSection":["Alumni","Campus Mexicali","Portada","VoCETYS"],"inLanguage":"es","potentialAction":[{"@type":"CommentAction","name":"Comment","target":["https:\/\/www.cetys.mx\/noticias\/integra-asertiva-y-con-escucha-activa-asi-es-la-psicologa-infantil-daniela-diaz\/#respond"]}]},{"@type":"WebPage","@id":"https:\/\/www.cetys.mx\/noticias\/integra-asertiva-y-con-escucha-activa-asi-es-la-psicologa-infantil-daniela-diaz\/","url":"https:\/\/www.cetys.mx\/noticias\/integra-asertiva-y-con-escucha-activa-asi-es-la-psicologa-infantil-daniela-diaz\/","name":"\u00cdntegra, asertiva y con escucha activa, as\u00ed es la psic\u00f3loga infantil Daniela D\u00edaz - CETYS","isPartOf":{"@id":"https:\/\/www.cetys.mx\/noticias\/#website"},"primaryImageOfPage":{"@id":"https:\/\/www.cetys.mx\/noticias\/integra-asertiva-y-con-escucha-activa-asi-es-la-psicologa-infantil-daniela-diaz\/#primaryimage"},"image":{"@id":"https:\/\/www.cetys.mx\/noticias\/integra-asertiva-y-con-escucha-activa-asi-es-la-psicologa-infantil-daniela-diaz\/#primaryimage"},"thumbnailUrl":"https:\/\/www.cetys.mx\/noticias\/wp-content\/uploads\/2022\/05\/Mtra-Daniela-Diaz-1.jpg","datePublished":"2022-05-30T19:59:25+00:00","dateModified":"2022-06-15T23:28:52+00:00","author":{"@id":"https:\/\/www.cetys.mx\/noticias\/#\/schema\/person\/79a95c4ac185f3705cf1b9c9340a5f70"},"description":"Articulo sobre \u00cdntegra, asertiva y con escucha activa, as\u00ed es la psic\u00f3loga infantil Daniela D\u00edaz","breadcrumb":{"@id":"https:\/\/www.cetys.mx\/noticias\/integra-asertiva-y-con-escucha-activa-asi-es-la-psicologa-infantil-daniela-diaz\/#breadcrumb"},"inLanguage":"es","potentialAction":[{"@type":"ReadAction","target":["https:\/\/www.cetys.mx\/noticias\/integra-asertiva-y-con-escucha-activa-asi-es-la-psicologa-infantil-daniela-diaz\/"]}]},{"@type":"ImageObject","inLanguage":"es","@id":"https:\/\/www.cetys.mx\/noticias\/integra-asertiva-y-con-escucha-activa-asi-es-la-psicologa-infantil-daniela-diaz\/#primaryimage","url":"https:\/\/www.cetys.mx\/noticias\/wp-content\/uploads\/2022\/05\/Mtra-Daniela-Diaz-1.jpg","contentUrl":"https:\/\/www.cetys.mx\/noticias\/wp-content\/uploads\/2022\/05\/Mtra-Daniela-Diaz-1.jpg","width":958,"height":637},{"@type":"BreadcrumbList","@id":"https:\/\/www.cetys.mx\/noticias\/integra-asertiva-y-con-escucha-activa-asi-es-la-psicologa-infantil-daniela-diaz\/#breadcrumb","itemListElement":[{"@type":"ListItem","position":1,"name":"Inicio","item":"https:\/\/www.cetys.mx\/noticias\/"},{"@type":"ListItem","position":2,"name":"\u00cdntegra, asertiva y con escucha activa, as\u00ed es la psic\u00f3loga infantil Daniela D\u00edaz"}]},{"@type":"WebSite","@id":"https:\/\/www.cetys.mx\/noticias\/#website","url":"https:\/\/www.cetys.mx\/noticias\/","name":"CETYS","description":"","potentialAction":[{"@type":"SearchAction","target":{"@type":"EntryPoint","urlTemplate":"https:\/\/www.cetys.mx\/noticias\/?s={search_term_string}"},"query-input":{"@type":"PropertyValueSpecification","valueRequired":true,"valueName":"search_term_string"}}],"inLanguage":"es"},{"@type":"Person","@id":"https:\/\/www.cetys.mx\/noticias\/#\/schema\/person\/79a95c4ac185f3705cf1b9c9340a5f70","name":"Campus Mexicali","url":"https:\/\/www.cetys.mx\/noticias\/author\/campusmexicali\/"}]}},"_links":{"self":[{"href":"https:\/\/www.cetys.mx\/noticias\/wp-json\/wp\/v2\/posts\/164510","targetHints":{"allow":["GET"]}}],"collection":[{"href":"https:\/\/www.cetys.mx\/noticias\/wp-json\/wp\/v2\/posts"}],"about":[{"href":"https:\/\/www.cetys.mx\/noticias\/wp-json\/wp\/v2\/types\/post"}],"author":[{"embeddable":true,"href":"https:\/\/www.cetys.mx\/noticias\/wp-json\/wp\/v2\/users\/20"}],"replies":[{"embeddable":true,"href":"https:\/\/www.cetys.mx\/noticias\/wp-json\/wp\/v2\/comments?post=164510"}],"version-history":[{"count":4,"href":"https:\/\/www.cetys.mx\/noticias\/wp-json\/wp\/v2\/posts\/164510\/revisions"}],"predecessor-version":[{"id":164608,"href":"https:\/\/www.cetys.mx\/noticias\/wp-json\/wp\/v2\/posts\/164510\/revisions\/164608"}],"wp:featuredmedia":[{"embeddable":true,"href":"https:\/\/www.cetys.mx\/noticias\/wp-json\/wp\/v2\/media\/164607"}],"wp:attachment":[{"href":"https:\/\/www.cetys.mx\/noticias\/wp-json\/wp\/v2\/media?parent=164510"}],"wp:term":[{"taxonomy":"category","embeddable":true,"href":"https:\/\/www.cetys.mx\/noticias\/wp-json\/wp\/v2\/categories?post=164510"},{"taxonomy":"post_tag","embeddable":true,"href":"https:\/\/www.cetys.mx\/noticias\/wp-json\/wp\/v2\/tags?post=164510"}],"curies":[{"name":"wp","href":"https:\/\/api.w.org\/{rel}","templated":true}]}}