{"id":163718,"date":"2022-04-29T17:02:26","date_gmt":"2022-04-30T00:02:26","guid":{"rendered":"https:\/\/www.cetys.mx\/noticias\/?p=163718"},"modified":"2022-04-29T17:02:26","modified_gmt":"2022-04-30T00:02:26","slug":"unidos-a-traves-del-arte-estudiantes-de-los-tres-campus-participan-en-el-intercetys-cultural-2022-de-forma-presencial-en-ensenada","status":"publish","type":"post","link":"https:\/\/www.cetys.mx\/noticias\/unidos-a-traves-del-arte-estudiantes-de-los-tres-campus-participan-en-el-intercetys-cultural-2022-de-forma-presencial-en-ensenada\/","title":{"rendered":"Unidos a trav\u00e9s del arte, estudiantes de los tres campus participan en el InterCETYS Cultural 2022 de forma presencial en Ensenada"},"content":{"rendered":"<p style=\"text-align: justify;\">Con el objetivo de mostrar y compartir las expresiones art\u00edsticas que realizan los estudiantes dentro los talleres culturales y grupos representativos de los campus Mexicali, Tijuana y Ensenada, se llev\u00f3 a cabo el tradicional Festival <strong>InterCETYS Cultural 2022,<\/strong> en el marco del 60 Aniversario de la Instituci\u00f3n.<\/p>\n<p style=\"text-align: justify;\">El InterCETYS Cultural 2022 tuvo como sede el Campus Internacional Ensenada, luego de una pausa de dos a\u00f1os, en su formato presencial, a causa de la contingencia de salud. En 2021 el evento cultural intercampus m\u00e1s importante de la instituci\u00f3n se llev\u00f3 a cabo en modalidad virtual.<\/p>\n<p><img loading=\"lazy\" decoding=\"async\" class=\"wp-image-163720 aligncenter\" src=\"https:\/\/www.cetys.mx\/noticias\/wp-content\/uploads\/2022\/04\/I4.jpg\" alt=\"\" width=\"663\" height=\"441\" srcset=\"https:\/\/www.cetys.mx\/noticias\/wp-content\/uploads\/2022\/04\/I4.jpg 958w, https:\/\/www.cetys.mx\/noticias\/wp-content\/uploads\/2022\/04\/I4-768x511.jpg 768w\" sizes=\"auto, (max-width: 663px) 100vw, 663px\" \/><\/p>\n<p style=\"text-align: justify;\">El evento se desarroll\u00f3 a trav\u00e9s de dos escenarios ubicados en el Gimnasio Auditorio Quimical. Durante el acto inaugural, Dr. Francisco V\u00e9lez Torres, Director del Campus Internacional Ensenada, dio la bienvenida a todos los estudiantes, maestros, coordinadores culturales y directores de Asuntos Estudiantiles de los tres campus y les agradeci\u00f3 por fomentar el arte y la cultura en CETYS Universidad. Adem\u00e1s, mencion\u00f3 que se trata del<em> foro de expresi\u00f3n art\u00edstica m\u00e1s importante de la instituci\u00f3n, organizado desde 1976.<\/em><\/p>\n<blockquote>\n<p style=\"text-align: justify;\">\u201cEs un gusto tenerlos en el ya tradicional encuentro art\u00edstico-cultural intercampus, en el que se comparte una muestra del talento y desarrollo de capacidades, valores y habilidades para la realizaci\u00f3n plena del estudiante. Adem\u00e1s de que se crea la convivencia, aprendizaje y trabajo colaborativo en las presentaciones y talleres programados a nivel sistema, este tipo de actividades forman parte de la formaci\u00f3n integral que el CETYS ofrece\u201d, destac\u00f3 el Dr. Francisco V\u00e9lez.<\/p>\n<div id=\"attachment_163721\" style=\"width: 595px\" class=\"wp-caption aligncenter\"><img loading=\"lazy\" decoding=\"async\" aria-describedby=\"caption-attachment-163721\" class=\" wp-image-163721\" src=\"https:\/\/www.cetys.mx\/noticias\/wp-content\/uploads\/2022\/04\/I5.jpg\" alt=\"\" width=\"585\" height=\"389\" srcset=\"https:\/\/www.cetys.mx\/noticias\/wp-content\/uploads\/2022\/04\/I5.jpg 958w, https:\/\/www.cetys.mx\/noticias\/wp-content\/uploads\/2022\/04\/I5-768x511.jpg 768w\" sizes=\"auto, (max-width: 585px) 100vw, 585px\" \/><p id=\"caption-attachment-163721\" class=\"wp-caption-text\">Campus Tijuana<\/p><\/div><\/blockquote>\n<p style=\"text-align: justify;\">El programa de actividades incluy\u00f3 la presentaci\u00f3n de grupos representativos en modalidad presencial, y algunos a trav\u00e9s de video, de m\u00fasica, teatro, canto, danza contempor\u00e1nea, jazz, danza folkl\u00f3rica, danza moderna, as\u00ed como muestras de fotograf\u00eda y artes gr\u00e1ficas y visuales de los Campus Tijuana, Mexicali y Ensenada.<\/p>\n<div id=\"attachment_163723\" style=\"width: 634px\" class=\"wp-caption aligncenter\"><img loading=\"lazy\" decoding=\"async\" aria-describedby=\"caption-attachment-163723\" class=\" wp-image-163723\" src=\"https:\/\/www.cetys.mx\/noticias\/wp-content\/uploads\/2022\/04\/I8.jpg\" alt=\"\" width=\"624\" height=\"415\" srcset=\"https:\/\/www.cetys.mx\/noticias\/wp-content\/uploads\/2022\/04\/I8.jpg 958w, https:\/\/www.cetys.mx\/noticias\/wp-content\/uploads\/2022\/04\/I8-768x511.jpg 768w\" sizes=\"auto, (max-width: 624px) 100vw, 624px\" \/><p id=\"caption-attachment-163723\" class=\"wp-caption-text\">Campus Mexicali.<\/p><\/div>\n<p>&nbsp;<\/p>\n","protected":false},"excerpt":{"rendered":"<p>Con el objetivo de mostrar y compartir las expresiones art\u00edsticas que realizan los estudiantes dentro los talleres culturales y grupos representativos de&#8230;<\/p>\n","protected":false},"author":23,"featured_media":163719,"comment_status":"open","ping_status":"closed","sticky":false,"template":"","format":"standard","meta":{"footnotes":""},"categories":[5368,209,125,105,313],"tags":[264,263],"class_list":["post-163718","post","type-post","status-publish","format-standard","has-post-thumbnail","hentry","category-60-aniversario","category-institucional","category-portada","category-vida-estudiantil","category-vocetys-2","tag-arte","tag-cultura"],"yoast_head":"<!-- This site is optimized with the Yoast SEO plugin v27.4 - https:\/\/yoast.com\/product\/yoast-seo-wordpress\/ -->\n<title>Unidos a trav\u00e9s del arte, estudiantes de los tres campus participan en el InterCETYS Cultural 2022 de forma presencial en Ensenada - CETYS<\/title>\n<meta name=\"description\" content=\"Articulo sobre Unidos a trav\u00e9s del arte, estudiantes de los tres campus participan en el InterCETYS Cultural 2022 de forma presencial en Ensenada\" \/>\n<meta name=\"robots\" content=\"index, follow, max-snippet:-1, max-image-preview:large, max-video-preview:-1\" \/>\n<link rel=\"canonical\" href=\"https:\/\/www.cetys.mx\/noticias\/unidos-a-traves-del-arte-estudiantes-de-los-tres-campus-participan-en-el-intercetys-cultural-2022-de-forma-presencial-en-ensenada\/\" \/>\n<meta property=\"og:locale\" content=\"es_MX\" \/>\n<meta property=\"og:type\" content=\"article\" \/>\n<meta property=\"og:title\" content=\"Unidos a trav\u00e9s del arte, estudiantes de los tres campus participan en el InterCETYS Cultural 2022 de forma presencial en Ensenada - CETYS\" \/>\n<meta property=\"og:description\" content=\"Articulo sobre Unidos a trav\u00e9s del arte, estudiantes de los tres campus participan en el InterCETYS Cultural 2022 de forma presencial en Ensenada\" \/>\n<meta property=\"og:url\" content=\"https:\/\/www.cetys.mx\/noticias\/unidos-a-traves-del-arte-estudiantes-de-los-tres-campus-participan-en-el-intercetys-cultural-2022-de-forma-presencial-en-ensenada\/\" \/>\n<meta property=\"og:site_name\" content=\"CETYS\" \/>\n<meta property=\"article:publisher\" content=\"https:\/\/www.facebook.com\/cetysuniversidadmxl\/\" \/>\n<meta property=\"article:published_time\" content=\"2022-04-30T00:02:26+00:00\" \/>\n<meta property=\"og:image\" content=\"https:\/\/www.cetys.mx\/noticias\/wp-content\/uploads\/2022\/04\/Foto-1-1.jpg\" \/>\n\t<meta property=\"og:image:width\" content=\"958\" \/>\n\t<meta property=\"og:image:height\" content=\"637\" \/>\n\t<meta property=\"og:image:type\" content=\"image\/jpeg\" \/>\n<meta name=\"author\" content=\"Campus Ensenada\" \/>\n<meta name=\"twitter:card\" content=\"summary_large_image\" \/>\n<meta name=\"twitter:creator\" content=\"@cetysuni\" \/>\n<meta name=\"twitter:site\" content=\"@cetysuni\" \/>\n<meta name=\"twitter:label1\" content=\"Escrito por\" \/>\n\t<meta name=\"twitter:data1\" content=\"Campus Ensenada\" \/>\n\t<meta name=\"twitter:label2\" content=\"Tiempo de lectura\" \/>\n\t<meta name=\"twitter:data2\" content=\"2 minutos\" \/>\n<script type=\"application\/ld+json\" class=\"yoast-schema-graph\">{\"@context\":\"https:\\\/\\\/schema.org\",\"@graph\":[{\"@type\":\"Article\",\"@id\":\"https:\\\/\\\/www.cetys.mx\\\/noticias\\\/unidos-a-traves-del-arte-estudiantes-de-los-tres-campus-participan-en-el-intercetys-cultural-2022-de-forma-presencial-en-ensenada\\\/#article\",\"isPartOf\":{\"@id\":\"https:\\\/\\\/www.cetys.mx\\\/noticias\\\/unidos-a-traves-del-arte-estudiantes-de-los-tres-campus-participan-en-el-intercetys-cultural-2022-de-forma-presencial-en-ensenada\\\/\"},\"author\":{\"name\":\"Campus Ensenada\",\"@id\":\"https:\\\/\\\/www.cetys.mx\\\/noticias\\\/#\\\/schema\\\/person\\\/1a1a88c0b6586e66a2e9e88e07afc712\"},\"headline\":\"Unidos a trav\u00e9s del arte, estudiantes de los tres campus participan en el InterCETYS Cultural 2022 de forma presencial en Ensenada\",\"datePublished\":\"2022-04-30T00:02:26+00:00\",\"mainEntityOfPage\":{\"@id\":\"https:\\\/\\\/www.cetys.mx\\\/noticias\\\/unidos-a-traves-del-arte-estudiantes-de-los-tres-campus-participan-en-el-intercetys-cultural-2022-de-forma-presencial-en-ensenada\\\/\"},\"wordCount\":350,\"commentCount\":0,\"image\":{\"@id\":\"https:\\\/\\\/www.cetys.mx\\\/noticias\\\/unidos-a-traves-del-arte-estudiantes-de-los-tres-campus-participan-en-el-intercetys-cultural-2022-de-forma-presencial-en-ensenada\\\/#primaryimage\"},\"thumbnailUrl\":\"https:\\\/\\\/www.cetys.mx\\\/noticias\\\/wp-content\\\/uploads\\\/2022\\\/04\\\/Foto-1-1.jpg\",\"keywords\":[\"arte\",\"cultura\"],\"articleSection\":[\"60 Aniversario\",\"Institucional\",\"Portada\",\"Vida Estudiantil\",\"VoCETYS\"],\"inLanguage\":\"es\",\"potentialAction\":[{\"@type\":\"CommentAction\",\"name\":\"Comment\",\"target\":[\"https:\\\/\\\/www.cetys.mx\\\/noticias\\\/unidos-a-traves-del-arte-estudiantes-de-los-tres-campus-participan-en-el-intercetys-cultural-2022-de-forma-presencial-en-ensenada\\\/#respond\"]}]},{\"@type\":\"WebPage\",\"@id\":\"https:\\\/\\\/www.cetys.mx\\\/noticias\\\/unidos-a-traves-del-arte-estudiantes-de-los-tres-campus-participan-en-el-intercetys-cultural-2022-de-forma-presencial-en-ensenada\\\/\",\"url\":\"https:\\\/\\\/www.cetys.mx\\\/noticias\\\/unidos-a-traves-del-arte-estudiantes-de-los-tres-campus-participan-en-el-intercetys-cultural-2022-de-forma-presencial-en-ensenada\\\/\",\"name\":\"Unidos a trav\u00e9s del arte, estudiantes de los tres campus participan en el InterCETYS Cultural 2022 de forma presencial en Ensenada - CETYS\",\"isPartOf\":{\"@id\":\"https:\\\/\\\/www.cetys.mx\\\/noticias\\\/#website\"},\"primaryImageOfPage\":{\"@id\":\"https:\\\/\\\/www.cetys.mx\\\/noticias\\\/unidos-a-traves-del-arte-estudiantes-de-los-tres-campus-participan-en-el-intercetys-cultural-2022-de-forma-presencial-en-ensenada\\\/#primaryimage\"},\"image\":{\"@id\":\"https:\\\/\\\/www.cetys.mx\\\/noticias\\\/unidos-a-traves-del-arte-estudiantes-de-los-tres-campus-participan-en-el-intercetys-cultural-2022-de-forma-presencial-en-ensenada\\\/#primaryimage\"},\"thumbnailUrl\":\"https:\\\/\\\/www.cetys.mx\\\/noticias\\\/wp-content\\\/uploads\\\/2022\\\/04\\\/Foto-1-1.jpg\",\"datePublished\":\"2022-04-30T00:02:26+00:00\",\"author\":{\"@id\":\"https:\\\/\\\/www.cetys.mx\\\/noticias\\\/#\\\/schema\\\/person\\\/1a1a88c0b6586e66a2e9e88e07afc712\"},\"description\":\"Articulo sobre Unidos a trav\u00e9s del arte, estudiantes de los tres campus participan en el InterCETYS Cultural 2022 de forma presencial en Ensenada\",\"breadcrumb\":{\"@id\":\"https:\\\/\\\/www.cetys.mx\\\/noticias\\\/unidos-a-traves-del-arte-estudiantes-de-los-tres-campus-participan-en-el-intercetys-cultural-2022-de-forma-presencial-en-ensenada\\\/#breadcrumb\"},\"inLanguage\":\"es\",\"potentialAction\":[{\"@type\":\"ReadAction\",\"target\":[\"https:\\\/\\\/www.cetys.mx\\\/noticias\\\/unidos-a-traves-del-arte-estudiantes-de-los-tres-campus-participan-en-el-intercetys-cultural-2022-de-forma-presencial-en-ensenada\\\/\"]}]},{\"@type\":\"ImageObject\",\"inLanguage\":\"es\",\"@id\":\"https:\\\/\\\/www.cetys.mx\\\/noticias\\\/unidos-a-traves-del-arte-estudiantes-de-los-tres-campus-participan-en-el-intercetys-cultural-2022-de-forma-presencial-en-ensenada\\\/#primaryimage\",\"url\":\"https:\\\/\\\/www.cetys.mx\\\/noticias\\\/wp-content\\\/uploads\\\/2022\\\/04\\\/Foto-1-1.jpg\",\"contentUrl\":\"https:\\\/\\\/www.cetys.mx\\\/noticias\\\/wp-content\\\/uploads\\\/2022\\\/04\\\/Foto-1-1.jpg\",\"width\":958,\"height\":637,\"caption\":\"InterCETYS Cultural\"},{\"@type\":\"BreadcrumbList\",\"@id\":\"https:\\\/\\\/www.cetys.mx\\\/noticias\\\/unidos-a-traves-del-arte-estudiantes-de-los-tres-campus-participan-en-el-intercetys-cultural-2022-de-forma-presencial-en-ensenada\\\/#breadcrumb\",\"itemListElement\":[{\"@type\":\"ListItem\",\"position\":1,\"name\":\"Inicio\",\"item\":\"https:\\\/\\\/www.cetys.mx\\\/noticias\\\/\"},{\"@type\":\"ListItem\",\"position\":2,\"name\":\"Unidos a trav\u00e9s del arte, estudiantes de los tres campus participan en el InterCETYS Cultural 2022 de forma presencial en Ensenada\"}]},{\"@type\":\"WebSite\",\"@id\":\"https:\\\/\\\/www.cetys.mx\\\/noticias\\\/#website\",\"url\":\"https:\\\/\\\/www.cetys.mx\\\/noticias\\\/\",\"name\":\"CETYS\",\"description\":\"\",\"potentialAction\":[{\"@type\":\"SearchAction\",\"target\":{\"@type\":\"EntryPoint\",\"urlTemplate\":\"https:\\\/\\\/www.cetys.mx\\\/noticias\\\/?s={search_term_string}\"},\"query-input\":{\"@type\":\"PropertyValueSpecification\",\"valueRequired\":true,\"valueName\":\"search_term_string\"}}],\"inLanguage\":\"es\"},{\"@type\":\"Person\",\"@id\":\"https:\\\/\\\/www.cetys.mx\\\/noticias\\\/#\\\/schema\\\/person\\\/1a1a88c0b6586e66a2e9e88e07afc712\",\"name\":\"Campus Ensenada\",\"url\":\"https:\\\/\\\/www.cetys.mx\\\/noticias\\\/author\\\/campusensenada\\\/\"}]}<\/script>\n<!-- \/ Yoast SEO plugin. -->","yoast_head_json":{"title":"Unidos a trav\u00e9s del arte, estudiantes de los tres campus participan en el InterCETYS Cultural 2022 de forma presencial en Ensenada - CETYS","description":"Articulo sobre Unidos a trav\u00e9s del arte, estudiantes de los tres campus participan en el InterCETYS Cultural 2022 de forma presencial en Ensenada","robots":{"index":"index","follow":"follow","max-snippet":"max-snippet:-1","max-image-preview":"max-image-preview:large","max-video-preview":"max-video-preview:-1"},"canonical":"https:\/\/www.cetys.mx\/noticias\/unidos-a-traves-del-arte-estudiantes-de-los-tres-campus-participan-en-el-intercetys-cultural-2022-de-forma-presencial-en-ensenada\/","og_locale":"es_MX","og_type":"article","og_title":"Unidos a trav\u00e9s del arte, estudiantes de los tres campus participan en el InterCETYS Cultural 2022 de forma presencial en Ensenada - CETYS","og_description":"Articulo sobre Unidos a trav\u00e9s del arte, estudiantes de los tres campus participan en el InterCETYS Cultural 2022 de forma presencial en Ensenada","og_url":"https:\/\/www.cetys.mx\/noticias\/unidos-a-traves-del-arte-estudiantes-de-los-tres-campus-participan-en-el-intercetys-cultural-2022-de-forma-presencial-en-ensenada\/","og_site_name":"CETYS","article_publisher":"https:\/\/www.facebook.com\/cetysuniversidadmxl\/","article_published_time":"2022-04-30T00:02:26+00:00","og_image":[{"width":958,"height":637,"url":"https:\/\/www.cetys.mx\/noticias\/wp-content\/uploads\/2022\/04\/Foto-1-1.jpg","type":"image\/jpeg"}],"author":"Campus Ensenada","twitter_card":"summary_large_image","twitter_creator":"@cetysuni","twitter_site":"@cetysuni","twitter_misc":{"Escrito por":"Campus Ensenada","Tiempo de lectura":"2 minutos"},"schema":{"@context":"https:\/\/schema.org","@graph":[{"@type":"Article","@id":"https:\/\/www.cetys.mx\/noticias\/unidos-a-traves-del-arte-estudiantes-de-los-tres-campus-participan-en-el-intercetys-cultural-2022-de-forma-presencial-en-ensenada\/#article","isPartOf":{"@id":"https:\/\/www.cetys.mx\/noticias\/unidos-a-traves-del-arte-estudiantes-de-los-tres-campus-participan-en-el-intercetys-cultural-2022-de-forma-presencial-en-ensenada\/"},"author":{"name":"Campus Ensenada","@id":"https:\/\/www.cetys.mx\/noticias\/#\/schema\/person\/1a1a88c0b6586e66a2e9e88e07afc712"},"headline":"Unidos a trav\u00e9s del arte, estudiantes de los tres campus participan en el InterCETYS Cultural 2022 de forma presencial en Ensenada","datePublished":"2022-04-30T00:02:26+00:00","mainEntityOfPage":{"@id":"https:\/\/www.cetys.mx\/noticias\/unidos-a-traves-del-arte-estudiantes-de-los-tres-campus-participan-en-el-intercetys-cultural-2022-de-forma-presencial-en-ensenada\/"},"wordCount":350,"commentCount":0,"image":{"@id":"https:\/\/www.cetys.mx\/noticias\/unidos-a-traves-del-arte-estudiantes-de-los-tres-campus-participan-en-el-intercetys-cultural-2022-de-forma-presencial-en-ensenada\/#primaryimage"},"thumbnailUrl":"https:\/\/www.cetys.mx\/noticias\/wp-content\/uploads\/2022\/04\/Foto-1-1.jpg","keywords":["arte","cultura"],"articleSection":["60 Aniversario","Institucional","Portada","Vida Estudiantil","VoCETYS"],"inLanguage":"es","potentialAction":[{"@type":"CommentAction","name":"Comment","target":["https:\/\/www.cetys.mx\/noticias\/unidos-a-traves-del-arte-estudiantes-de-los-tres-campus-participan-en-el-intercetys-cultural-2022-de-forma-presencial-en-ensenada\/#respond"]}]},{"@type":"WebPage","@id":"https:\/\/www.cetys.mx\/noticias\/unidos-a-traves-del-arte-estudiantes-de-los-tres-campus-participan-en-el-intercetys-cultural-2022-de-forma-presencial-en-ensenada\/","url":"https:\/\/www.cetys.mx\/noticias\/unidos-a-traves-del-arte-estudiantes-de-los-tres-campus-participan-en-el-intercetys-cultural-2022-de-forma-presencial-en-ensenada\/","name":"Unidos a trav\u00e9s del arte, estudiantes de los tres campus participan en el InterCETYS Cultural 2022 de forma presencial en Ensenada - CETYS","isPartOf":{"@id":"https:\/\/www.cetys.mx\/noticias\/#website"},"primaryImageOfPage":{"@id":"https:\/\/www.cetys.mx\/noticias\/unidos-a-traves-del-arte-estudiantes-de-los-tres-campus-participan-en-el-intercetys-cultural-2022-de-forma-presencial-en-ensenada\/#primaryimage"},"image":{"@id":"https:\/\/www.cetys.mx\/noticias\/unidos-a-traves-del-arte-estudiantes-de-los-tres-campus-participan-en-el-intercetys-cultural-2022-de-forma-presencial-en-ensenada\/#primaryimage"},"thumbnailUrl":"https:\/\/www.cetys.mx\/noticias\/wp-content\/uploads\/2022\/04\/Foto-1-1.jpg","datePublished":"2022-04-30T00:02:26+00:00","author":{"@id":"https:\/\/www.cetys.mx\/noticias\/#\/schema\/person\/1a1a88c0b6586e66a2e9e88e07afc712"},"description":"Articulo sobre Unidos a trav\u00e9s del arte, estudiantes de los tres campus participan en el InterCETYS Cultural 2022 de forma presencial en Ensenada","breadcrumb":{"@id":"https:\/\/www.cetys.mx\/noticias\/unidos-a-traves-del-arte-estudiantes-de-los-tres-campus-participan-en-el-intercetys-cultural-2022-de-forma-presencial-en-ensenada\/#breadcrumb"},"inLanguage":"es","potentialAction":[{"@type":"ReadAction","target":["https:\/\/www.cetys.mx\/noticias\/unidos-a-traves-del-arte-estudiantes-de-los-tres-campus-participan-en-el-intercetys-cultural-2022-de-forma-presencial-en-ensenada\/"]}]},{"@type":"ImageObject","inLanguage":"es","@id":"https:\/\/www.cetys.mx\/noticias\/unidos-a-traves-del-arte-estudiantes-de-los-tres-campus-participan-en-el-intercetys-cultural-2022-de-forma-presencial-en-ensenada\/#primaryimage","url":"https:\/\/www.cetys.mx\/noticias\/wp-content\/uploads\/2022\/04\/Foto-1-1.jpg","contentUrl":"https:\/\/www.cetys.mx\/noticias\/wp-content\/uploads\/2022\/04\/Foto-1-1.jpg","width":958,"height":637,"caption":"InterCETYS Cultural"},{"@type":"BreadcrumbList","@id":"https:\/\/www.cetys.mx\/noticias\/unidos-a-traves-del-arte-estudiantes-de-los-tres-campus-participan-en-el-intercetys-cultural-2022-de-forma-presencial-en-ensenada\/#breadcrumb","itemListElement":[{"@type":"ListItem","position":1,"name":"Inicio","item":"https:\/\/www.cetys.mx\/noticias\/"},{"@type":"ListItem","position":2,"name":"Unidos a trav\u00e9s del arte, estudiantes de los tres campus participan en el InterCETYS Cultural 2022 de forma presencial en Ensenada"}]},{"@type":"WebSite","@id":"https:\/\/www.cetys.mx\/noticias\/#website","url":"https:\/\/www.cetys.mx\/noticias\/","name":"CETYS","description":"","potentialAction":[{"@type":"SearchAction","target":{"@type":"EntryPoint","urlTemplate":"https:\/\/www.cetys.mx\/noticias\/?s={search_term_string}"},"query-input":{"@type":"PropertyValueSpecification","valueRequired":true,"valueName":"search_term_string"}}],"inLanguage":"es"},{"@type":"Person","@id":"https:\/\/www.cetys.mx\/noticias\/#\/schema\/person\/1a1a88c0b6586e66a2e9e88e07afc712","name":"Campus Ensenada","url":"https:\/\/www.cetys.mx\/noticias\/author\/campusensenada\/"}]}},"_links":{"self":[{"href":"https:\/\/www.cetys.mx\/noticias\/wp-json\/wp\/v2\/posts\/163718","targetHints":{"allow":["GET"]}}],"collection":[{"href":"https:\/\/www.cetys.mx\/noticias\/wp-json\/wp\/v2\/posts"}],"about":[{"href":"https:\/\/www.cetys.mx\/noticias\/wp-json\/wp\/v2\/types\/post"}],"author":[{"embeddable":true,"href":"https:\/\/www.cetys.mx\/noticias\/wp-json\/wp\/v2\/users\/23"}],"replies":[{"embeddable":true,"href":"https:\/\/www.cetys.mx\/noticias\/wp-json\/wp\/v2\/comments?post=163718"}],"version-history":[{"count":1,"href":"https:\/\/www.cetys.mx\/noticias\/wp-json\/wp\/v2\/posts\/163718\/revisions"}],"predecessor-version":[{"id":163724,"href":"https:\/\/www.cetys.mx\/noticias\/wp-json\/wp\/v2\/posts\/163718\/revisions\/163724"}],"wp:featuredmedia":[{"embeddable":true,"href":"https:\/\/www.cetys.mx\/noticias\/wp-json\/wp\/v2\/media\/163719"}],"wp:attachment":[{"href":"https:\/\/www.cetys.mx\/noticias\/wp-json\/wp\/v2\/media?parent=163718"}],"wp:term":[{"taxonomy":"category","embeddable":true,"href":"https:\/\/www.cetys.mx\/noticias\/wp-json\/wp\/v2\/categories?post=163718"},{"taxonomy":"post_tag","embeddable":true,"href":"https:\/\/www.cetys.mx\/noticias\/wp-json\/wp\/v2\/tags?post=163718"}],"curies":[{"name":"wp","href":"https:\/\/api.w.org\/{rel}","templated":true}]}}