{"id":162727,"date":"2022-03-22T13:06:41","date_gmt":"2022-03-22T20:06:41","guid":{"rendered":"https:\/\/www.cetys.mx\/noticias\/?p=162727"},"modified":"2022-03-22T13:06:41","modified_gmt":"2022-03-22T20:06:41","slug":"expo-cetys-en-tijuana-da-muestra-de-su-calidad-educativa-a-jovenes-de-secundaria-y-preparatoria","status":"publish","type":"post","link":"https:\/\/www.cetys.mx\/noticias\/expo-cetys-en-tijuana-da-muestra-de-su-calidad-educativa-a-jovenes-de-secundaria-y-preparatoria\/","title":{"rendered":"Expo CETYS en Tijuana da muestra de su calidad educativa a j\u00f3venes de secundaria y Preparatoria"},"content":{"rendered":"<p align=\"justify\">J\u00f3venes de secundaria y preparatoria, as\u00ed como padres de familia de Tijuana, Playas de Rosarito, Tecate y del Sur de California conocieron la variedad de programas con calidad educativa en carreras de <em>Administraci\u00f3n y Negocios, Ciencias Sociales y Humanidades,<\/em> as\u00ed como Ingenier\u00eda, esto a trav\u00e9s de una nueva edici\u00f3n de la <strong>Expo\u00a0<span class=\"il\">CETYS<\/span><\/strong>\u00a0que este a\u00f1o regres\u00f3 a la presencialidad y de forma virtual para quienes no pudieron asistir.<\/p>\n<p align=\"justify\">Durante 3 d\u00edas se habl\u00f3 a detalle de las Licenciaturas e ingenier\u00edas que se ofrecen en <strong>Campus Tijuana<\/strong>, as\u00ed como el <strong><a href=\"https:\/\/www.cetys.mx\/oferta-educativa\/preparatoria\/bachillerato-internacional\/\">Bachillerato Internacional (IB)<\/a> y la P<a href=\"https:\/\/www.cetys.mx\/oferta-educativa\/preparatoria\/bachillerato-general\/\">reparatoria\u00a0<span class=\"il\">CETYS<\/span><\/a><\/strong>, esto desde el <em>Gimnasio-Auditorio \u201cRodrigo Valle Hern\u00e1ndez\u201d<\/em>, se busc\u00f3 que los j\u00f3venes tengan claramente las oportunidades que pueden alcanzar en alguno de los programas acad\u00e9micos que se ofrecen en esta instituci\u00f3n.<\/p>\n<p align=\"justify\">La <strong>Mtra. Jessica Ibarra Ramonet,<\/strong> <strong>Directora de\u00a0<span class=\"il\">CETYS<\/span>\u00a0Universidad Campus Tijuana<\/strong>, destac\u00f3 que el evento fue h\u00edbrido con las medidas sanitarias establecidas por la autoridad. Ah\u00ed los pap\u00e1s pudieron conocer las cualidades de la instituci\u00f3n educativa, las instalaciones, los apoyos financieros , las actividades deportivas y culturales en m\u00e1s de 30 stands.<\/p>\n<blockquote>\n<p align=\"justify\">\u201cDespu\u00e9s de dos a\u00f1os de contingencia, estamos listos para la presencialidad con un evento de esta magnitud y cumpliendo todos los protocolos. Esto es la oportunidad de aclarar dudas y tomar una de las decisiones m\u00e1s importantes de la vida\u201d, dijo la Mtra. Ibarra.<\/p>\n<\/blockquote>\n<div class=\"gallery-slider-wrapper gallery-1\">\n                        <div class=\"gallery-slider\" itemscope itemtype=\"http:\/\/schema.org\/ImageGallery\"><figure class=\"slide\" itemprop=\"associatedMedia\" itemscope itemtype=\"http:\/\/schema.org\/ImageObject\">\n                    <a itemprop=\"contentUrl\" href=\"https:\/\/www.cetys.mx\/noticias\/wp-content\/uploads\/2022\/03\/panel-expocetys.png\">\n                        <img decoding=\"async\" itemprop=\"thumbnail\" class=\"lazyOwl\" src=\"https:\/\/www.cetys.mx\/noticias\/wp-content\/plugins\/jmagz-plugin\/assets\/placeholder\/900x450.png\" data-src=\"https:\/\/www.cetys.mx\/noticias\/wp-content\/uploads\/2022\/03\/panel-expocetys.png\" alt=\"panel-expocetys\">\n                    <\/a>\n                    <figcaption itemprop=\"caption description\" class=\"slide-caption\">\n                        \n                    <\/figcaption>\n                <\/figure><figure class=\"slide\" itemprop=\"associatedMedia\" itemscope itemtype=\"http:\/\/schema.org\/ImageObject\">\n                    <a itemprop=\"contentUrl\" href=\"https:\/\/www.cetys.mx\/noticias\/wp-content\/uploads\/2022\/03\/foto-seleccion-expocetys-stands-22022.png\">\n                        <img decoding=\"async\" itemprop=\"thumbnail\" class=\"lazyOwl\" src=\"https:\/\/www.cetys.mx\/noticias\/wp-content\/plugins\/jmagz-plugin\/assets\/placeholder\/900x450.png\" data-src=\"https:\/\/www.cetys.mx\/noticias\/wp-content\/uploads\/2022\/03\/foto-seleccion-expocetys-stands-22022.png\" alt=\"foto-seleccion-expocetys-stands-22022\">\n                    <\/a>\n                    <figcaption itemprop=\"caption description\" class=\"slide-caption\">\n                        \n                    <\/figcaption>\n                <\/figure><figure class=\"slide\" itemprop=\"associatedMedia\" itemscope itemtype=\"http:\/\/schema.org\/ImageObject\">\n                    <a itemprop=\"contentUrl\" href=\"https:\/\/www.cetys.mx\/noticias\/wp-content\/uploads\/2022\/03\/foto-seleccion-expocetys-stands-2022.png\">\n                        <img decoding=\"async\" itemprop=\"thumbnail\" class=\"lazyOwl\" src=\"https:\/\/www.cetys.mx\/noticias\/wp-content\/plugins\/jmagz-plugin\/assets\/placeholder\/900x450.png\" data-src=\"https:\/\/www.cetys.mx\/noticias\/wp-content\/uploads\/2022\/03\/foto-seleccion-expocetys-stands-2022.png\" alt=\"foto-seleccion-expocetys-stands-2022\">\n                    <\/a>\n                    <figcaption itemprop=\"caption description\" class=\"slide-caption\">\n                        \n                    <\/figcaption>\n                <\/figure><figure class=\"slide\" itemprop=\"associatedMedia\" itemscope itemtype=\"http:\/\/schema.org\/ImageObject\">\n                    <a itemprop=\"contentUrl\" href=\"https:\/\/www.cetys.mx\/noticias\/wp-content\/uploads\/2022\/03\/foto-seleccion-expocetys-conociendo-stands-2022.png\">\n                        <img decoding=\"async\" itemprop=\"thumbnail\" class=\"lazyOwl\" src=\"https:\/\/www.cetys.mx\/noticias\/wp-content\/plugins\/jmagz-plugin\/assets\/placeholder\/900x450.png\" data-src=\"https:\/\/www.cetys.mx\/noticias\/wp-content\/uploads\/2022\/03\/foto-seleccion-expocetys-conociendo-stands-2022.png\" alt=\"foto-seleccion-expocetys-conociendo-stands-2022\">\n                    <\/a>\n                    <figcaption itemprop=\"caption description\" class=\"slide-caption\">\n                        \n                    <\/figcaption>\n                <\/figure><figure class=\"slide\" itemprop=\"associatedMedia\" itemscope itemtype=\"http:\/\/schema.org\/ImageObject\">\n                    <a itemprop=\"contentUrl\" href=\"https:\/\/www.cetys.mx\/noticias\/wp-content\/uploads\/2022\/03\/foto-seleccion-expocetys-bienvenida-2022.png\">\n                        <img decoding=\"async\" itemprop=\"thumbnail\" class=\"lazyOwl\" src=\"https:\/\/www.cetys.mx\/noticias\/wp-content\/plugins\/jmagz-plugin\/assets\/placeholder\/900x450.png\" data-src=\"https:\/\/www.cetys.mx\/noticias\/wp-content\/uploads\/2022\/03\/foto-seleccion-expocetys-bienvenida-2022.png\" alt=\"foto-seleccion-expocetys--bienvenida-2022\">\n                    <\/a>\n                    <figcaption itemprop=\"caption description\" class=\"slide-caption\">\n                        \n                    <\/figcaption>\n                <\/figure><figure class=\"slide\" itemprop=\"associatedMedia\" itemscope itemtype=\"http:\/\/schema.org\/ImageObject\">\n                    <a itemprop=\"contentUrl\" href=\"https:\/\/www.cetys.mx\/noticias\/wp-content\/uploads\/2022\/03\/foto-seleccion-expocetys-2022.png\">\n                        <img decoding=\"async\" itemprop=\"thumbnail\" class=\"lazyOwl\" src=\"https:\/\/www.cetys.mx\/noticias\/wp-content\/plugins\/jmagz-plugin\/assets\/placeholder\/900x450.png\" data-src=\"https:\/\/www.cetys.mx\/noticias\/wp-content\/uploads\/2022\/03\/foto-seleccion-expocetys-2022.png\" alt=\"foto-seleccion-expocetys-2022\">\n                    <\/a>\n                    <figcaption itemprop=\"caption description\" class=\"slide-caption\">\n                        \n                    <\/figcaption>\n                <\/figure><figure class=\"slide\" itemprop=\"associatedMedia\" itemscope itemtype=\"http:\/\/schema.org\/ImageObject\">\n                    <a itemprop=\"contentUrl\" href=\"https:\/\/www.cetys.mx\/noticias\/wp-content\/uploads\/2022\/03\/foto-seleccion-expocetys-2-2022.png\">\n                        <img decoding=\"async\" itemprop=\"thumbnail\" class=\"lazyOwl\" src=\"https:\/\/www.cetys.mx\/noticias\/wp-content\/plugins\/jmagz-plugin\/assets\/placeholder\/900x450.png\" data-src=\"https:\/\/www.cetys.mx\/noticias\/wp-content\/uploads\/2022\/03\/foto-seleccion-expocetys-2-2022.png\" alt=\"foto-seleccion-expocetys--2-2022\">\n                    <\/a>\n                    <figcaption itemprop=\"caption description\" class=\"slide-caption\">\n                        \n                    <\/figcaption>\n                <\/figure><\/div>\n                <div class=\"gallery-slider-thumbnail-wrapper\">\n                    <div class=\"gallery-slider-thumbnail\"><div class=\"slide-thumbnail\"><img decoding=\"async\" class=\"lazyOwl\" src=\"https:\/\/www.cetys.mx\/noticias\/wp-content\/plugins\/jmagz-plugin\/assets\/placeholder\/150x75.png\" data-src=\"https:\/\/www.cetys.mx\/noticias\/wp-content\/uploads\/2022\/03\/panel-expocetys.png\" alt=\"panel-expocetys\"><\/div><div class=\"slide-thumbnail\"><img decoding=\"async\" class=\"lazyOwl\" src=\"https:\/\/www.cetys.mx\/noticias\/wp-content\/plugins\/jmagz-plugin\/assets\/placeholder\/150x75.png\" data-src=\"https:\/\/www.cetys.mx\/noticias\/wp-content\/uploads\/2022\/03\/foto-seleccion-expocetys-stands-22022.png\" alt=\"foto-seleccion-expocetys-stands-22022\"><\/div><div class=\"slide-thumbnail\"><img decoding=\"async\" class=\"lazyOwl\" src=\"https:\/\/www.cetys.mx\/noticias\/wp-content\/plugins\/jmagz-plugin\/assets\/placeholder\/150x75.png\" data-src=\"https:\/\/www.cetys.mx\/noticias\/wp-content\/uploads\/2022\/03\/foto-seleccion-expocetys-stands-2022.png\" alt=\"foto-seleccion-expocetys-stands-2022\"><\/div><div class=\"slide-thumbnail\"><img decoding=\"async\" class=\"lazyOwl\" src=\"https:\/\/www.cetys.mx\/noticias\/wp-content\/plugins\/jmagz-plugin\/assets\/placeholder\/150x75.png\" data-src=\"https:\/\/www.cetys.mx\/noticias\/wp-content\/uploads\/2022\/03\/foto-seleccion-expocetys-conociendo-stands-2022.png\" alt=\"foto-seleccion-expocetys-conociendo-stands-2022\"><\/div><div class=\"slide-thumbnail\"><img decoding=\"async\" class=\"lazyOwl\" src=\"https:\/\/www.cetys.mx\/noticias\/wp-content\/plugins\/jmagz-plugin\/assets\/placeholder\/150x75.png\" data-src=\"https:\/\/www.cetys.mx\/noticias\/wp-content\/uploads\/2022\/03\/foto-seleccion-expocetys-bienvenida-2022.png\" alt=\"foto-seleccion-expocetys--bienvenida-2022\"><\/div><div class=\"slide-thumbnail\"><img decoding=\"async\" class=\"lazyOwl\" src=\"https:\/\/www.cetys.mx\/noticias\/wp-content\/plugins\/jmagz-plugin\/assets\/placeholder\/150x75.png\" data-src=\"https:\/\/www.cetys.mx\/noticias\/wp-content\/uploads\/2022\/03\/foto-seleccion-expocetys-2022.png\" alt=\"foto-seleccion-expocetys-2022\"><\/div><div class=\"slide-thumbnail\"><img decoding=\"async\" class=\"lazyOwl\" src=\"https:\/\/www.cetys.mx\/noticias\/wp-content\/plugins\/jmagz-plugin\/assets\/placeholder\/150x75.png\" data-src=\"https:\/\/www.cetys.mx\/noticias\/wp-content\/uploads\/2022\/03\/foto-seleccion-expocetys-2-2022.png\" alt=\"foto-seleccion-expocetys--2-2022\"><\/div><\/div><\/div><\/div>\n<p align=\"justify\">Cada d\u00eda se realizaron paneles con alumnos y docentes para conocer sobre los programas, el primer d\u00eda se dio toda la informaci\u00f3n relacionada al<strong> IB y Preparatoria\u00a0<span class=\"il\">CETYS<\/span><\/strong>, el segundo se profundiz\u00f3 en las Licenciaturas de Administraci\u00f3n y Negocios, como\u00a0<a href=\"https:\/\/r20.rs6.net\/tn.jsp?f=001JljUAn0RludMrpaJD7do2JgHPraO7wY67kt5rOp0tPDF3Zq-WdNW2_k-_DBSrpr6AzFz2yBbJ9qyNYZ4z_XM99keAgN_Dp0nME_8lMCRIvKfOCrveOHYzsp-sI9fsZHmqKCbKcvlDNXBckgCfYH_PJp_01LH4FAEFAbkvaewj7KGPj4ENrF2bJrA3MCrZ9rw4Kdy4BxIMvXIAMiNzEK2E21TUmBkZsySetU2T863xdNuYrMod5X5fIF_i9PQFaJuAF0G-4NB8pw=&amp;c=N8XBgwKFb9e6-PVBQFnwzXl7_ST3JTrhGY-JVuX81lmarfvzCa9oXw==&amp;ch=BQfltBq4ht6bwvbeQ-4LypAFJV9O2ph7gjZeRDckR4esvMauJ18Qrg==\" target=\"_blank\" rel=\"noopener\" data-saferedirecturl=\"https:\/\/www.google.com\/url?q=https:\/\/r20.rs6.net\/tn.jsp?f%3D001JljUAn0RludMrpaJD7do2JgHPraO7wY67kt5rOp0tPDF3Zq-WdNW2_k-_DBSrpr6AzFz2yBbJ9qyNYZ4z_XM99keAgN_Dp0nME_8lMCRIvKfOCrveOHYzsp-sI9fsZHmqKCbKcvlDNXBckgCfYH_PJp_01LH4FAEFAbkvaewj7KGPj4ENrF2bJrA3MCrZ9rw4Kdy4BxIMvXIAMiNzEK2E21TUmBkZsySetU2T863xdNuYrMod5X5fIF_i9PQFaJuAF0G-4NB8pw%3D%26c%3DN8XBgwKFb9e6-PVBQFnwzXl7_ST3JTrhGY-JVuX81lmarfvzCa9oXw%3D%3D%26ch%3DBQfltBq4ht6bwvbeQ-4LypAFJV9O2ph7gjZeRDckR4esvMauJ18Qrg%3D%3D&amp;source=gmail&amp;ust=1648049970186000&amp;usg=AOvVaw1NdAjR6O5bxJp_rN5mbHc0\">Inteligencia de Negocios e Innovaci\u00f3n<\/a>,\u00a0<a href=\"https:\/\/r20.rs6.net\/tn.jsp?f=001JljUAn0RludMrpaJD7do2JgHPraO7wY67kt5rOp0tPDF3Zq-WdNW2_k-_DBSrpr6APS2PIP6X2eR7iO6AF292M-19Ak11XdvpBPtGjYgw9QlSbAxOMlwHFFq6owXJbpBfUzXu202sOF_jbwr9n-_-ie08unQgcCO8Sr9HYVi8rTqd4djfDEUOBwVrEVj220ocAo5B1fG6ajoluG2PDOG1oCtyAujZM6oGnGZEKISeiNd25TX6MNA7Q==&amp;c=N8XBgwKFb9e6-PVBQFnwzXl7_ST3JTrhGY-JVuX81lmarfvzCa9oXw==&amp;ch=BQfltBq4ht6bwvbeQ-4LypAFJV9O2ph7gjZeRDckR4esvMauJ18Qrg==\" target=\"_blank\" rel=\"noopener\" data-saferedirecturl=\"https:\/\/www.google.com\/url?q=https:\/\/r20.rs6.net\/tn.jsp?f%3D001JljUAn0RludMrpaJD7do2JgHPraO7wY67kt5rOp0tPDF3Zq-WdNW2_k-_DBSrpr6APS2PIP6X2eR7iO6AF292M-19Ak11XdvpBPtGjYgw9QlSbAxOMlwHFFq6owXJbpBfUzXu202sOF_jbwr9n-_-ie08unQgcCO8Sr9HYVi8rTqd4djfDEUOBwVrEVj220ocAo5B1fG6ajoluG2PDOG1oCtyAujZM6oGnGZEKISeiNd25TX6MNA7Q%3D%3D%26c%3DN8XBgwKFb9e6-PVBQFnwzXl7_ST3JTrhGY-JVuX81lmarfvzCa9oXw%3D%3D%26ch%3DBQfltBq4ht6bwvbeQ-4LypAFJV9O2ph7gjZeRDckR4esvMauJ18Qrg%3D%3D&amp;source=gmail&amp;ust=1648049970186000&amp;usg=AOvVaw1yka03W4ZUFF5kBud2PMI7\">Log\u00edstica Internacional<\/a>, la variedad de Ingenier\u00edas como en\u00a0<a href=\"https:\/\/r20.rs6.net\/tn.jsp?f=001JljUAn0RludMrpaJD7do2JgHPraO7wY67kt5rOp0tPDF3Zq-WdNW29Ci3JzvotyZ2La_vUsTth-qdZfmQHYwbHH-YjiVNkEqG4e9Ost7auUjayKvudqVy9zobGRlaQLXJi4pIRXDlk5pyUBp3fN8kQgl9jtyEDJ2WcB_PskBDfc5z13TRae95VgqrhTQMlhfZ13GCLZTVDGyhHqKGTeNGkHeLdtF3u8rnzE-z7Xkfic=&amp;c=N8XBgwKFb9e6-PVBQFnwzXl7_ST3JTrhGY-JVuX81lmarfvzCa9oXw==&amp;ch=BQfltBq4ht6bwvbeQ-4LypAFJV9O2ph7gjZeRDckR4esvMauJ18Qrg==\" target=\"_blank\" rel=\"noopener\" data-saferedirecturl=\"https:\/\/www.google.com\/url?q=https:\/\/r20.rs6.net\/tn.jsp?f%3D001JljUAn0RludMrpaJD7do2JgHPraO7wY67kt5rOp0tPDF3Zq-WdNW29Ci3JzvotyZ2La_vUsTth-qdZfmQHYwbHH-YjiVNkEqG4e9Ost7auUjayKvudqVy9zobGRlaQLXJi4pIRXDlk5pyUBp3fN8kQgl9jtyEDJ2WcB_PskBDfc5z13TRae95VgqrhTQMlhfZ13GCLZTVDGyhHqKGTeNGkHeLdtF3u8rnzE-z7Xkfic%3D%26c%3DN8XBgwKFb9e6-PVBQFnwzXl7_ST3JTrhGY-JVuX81lmarfvzCa9oXw%3D%3D%26ch%3DBQfltBq4ht6bwvbeQ-4LypAFJV9O2ph7gjZeRDckR4esvMauJ18Qrg%3D%3D&amp;source=gmail&amp;ust=1648049970186000&amp;usg=AOvVaw3pn_mDrVtsKhqK9sl4Cbp2\">Energ\u00edas Renovables<\/a>, y para el tercer d\u00eda se comparti\u00f3 todo sobre las Licenciaturas en Psicolog\u00eda y Derecho.<\/p>\n<p align=\"justify\">El<a href=\"https:\/\/r20.rs6.net\/tn.jsp?f=001JljUAn0RludMrpaJD7do2JgHPraO7wY67kt5rOp0tPDF3Zq-WdNW2_k-_DBSrpr6vBEV7Xp1HymqvWgsFG0HNGSYb831Hfg8ZLcR7YqigdW-W_wx68z09CODbV0zJn_6QmL-oH951R5JHQP9eaFV7tGcaoMBnfwVdyZc1AbxJSI=&amp;c=N8XBgwKFb9e6-PVBQFnwzXl7_ST3JTrhGY-JVuX81lmarfvzCa9oXw==&amp;ch=BQfltBq4ht6bwvbeQ-4LypAFJV9O2ph7gjZeRDckR4esvMauJ18Qrg==\" target=\"_blank\" rel=\"noopener\" data-saferedirecturl=\"https:\/\/www.google.com\/url?q=https:\/\/r20.rs6.net\/tn.jsp?f%3D001JljUAn0RludMrpaJD7do2JgHPraO7wY67kt5rOp0tPDF3Zq-WdNW2_k-_DBSrpr6vBEV7Xp1HymqvWgsFG0HNGSYb831Hfg8ZLcR7YqigdW-W_wx68z09CODbV0zJn_6QmL-oH951R5JHQP9eaFV7tGcaoMBnfwVdyZc1AbxJSI%3D%26c%3DN8XBgwKFb9e6-PVBQFnwzXl7_ST3JTrhGY-JVuX81lmarfvzCa9oXw%3D%3D%26ch%3DBQfltBq4ht6bwvbeQ-4LypAFJV9O2ph7gjZeRDckR4esvMauJ18Qrg%3D%3D&amp;source=gmail&amp;ust=1648049970186000&amp;usg=AOvVaw2-ayKvlhJXRVPSwg8CJWRA\">\u00a0Sistema\u00a0<span class=\"il\">CETYS<\/span>\u00a0Universidad<\/a>\u00a0cuenta con 60 a\u00f1os de historia en Baja California, con m\u00e1s de 41 mil egresados en M\u00e9xico y alrededor del mundo. Sus programas han sido reconocidos por acreditadoras internacionales: <strong>WASC, ACBSP y ABET<\/strong>, adem\u00e1s de que el 73% de su planta acad\u00e9mica cuenta con doctorado, adem\u00e1s 8 de cada 10 estudiantes cuentan con beca o alg\u00fan apoyo financiero.<\/p>\n<p align=\"justify\">Para conocer m\u00e1s sobre la oferta de la instituci\u00f3n pueden enviar correo a\u00a0<a href=\"mailto:infocetystij@cetys.mx\" target=\"_blank\" rel=\"noopener\">infocetystij@<span class=\"il\">cetys<\/span>.mx<\/a>\u00a0o hablar para atenci\u00f3n con un asesor al whatsapp (664) 3853332 \u00f3 (664) 2179308.<\/p>\n","protected":false},"excerpt":{"rendered":"<p>J\u00f3venes de secundaria y preparatoria, as\u00ed como padres de familia de Tijuana, Playas de Rosarito, Tecate y del Sur de California conocieron&#8230;<\/p>\n","protected":false},"author":109,"featured_media":162716,"comment_status":"open","ping_status":"closed","sticky":false,"template":"","format":"standard","meta":{"footnotes":""},"categories":[134,125,313],"tags":[],"class_list":["post-162727","post","type-post","status-publish","format-standard","has-post-thumbnail","hentry","category-campus-tijuana","category-portada","category-vocetys-2"],"yoast_head":"<!-- This site is optimized with the Yoast SEO plugin v27.4 - https:\/\/yoast.com\/product\/yoast-seo-wordpress\/ -->\n<title>Expo CETYS en Tijuana da muestra de su calidad educativa a j\u00f3venes<\/title>\n<meta name=\"description\" content=\"Expo CETYS 2022 se realiz\u00f3 de forma presencial y virtual, se dio a conocer los programas educativos para estudiar Preparatoria y Universidad.\" \/>\n<meta name=\"robots\" content=\"index, follow, max-snippet:-1, max-image-preview:large, max-video-preview:-1\" \/>\n<link rel=\"canonical\" href=\"https:\/\/www.cetys.mx\/noticias\/expo-cetys-en-tijuana-da-muestra-de-su-calidad-educativa-a-jovenes-de-secundaria-y-preparatoria\/\" \/>\n<meta property=\"og:locale\" content=\"es_MX\" \/>\n<meta property=\"og:type\" content=\"article\" \/>\n<meta property=\"og:title\" content=\"Expo CETYS en Tijuana da muestra de su calidad educativa a j\u00f3venes\" \/>\n<meta property=\"og:description\" content=\"Expo CETYS 2022 se realiz\u00f3 de forma presencial y virtual, se dio a conocer los programas educativos para estudiar Preparatoria y Universidad.\" \/>\n<meta property=\"og:url\" content=\"https:\/\/www.cetys.mx\/noticias\/expo-cetys-en-tijuana-da-muestra-de-su-calidad-educativa-a-jovenes-de-secundaria-y-preparatoria\/\" \/>\n<meta property=\"og:site_name\" content=\"CETYS\" \/>\n<meta property=\"article:publisher\" content=\"https:\/\/www.facebook.com\/cetysuniversidadmxl\/\" \/>\n<meta property=\"article:published_time\" content=\"2022-03-22T20:06:41+00:00\" \/>\n<meta property=\"og:image\" content=\"https:\/\/www.cetys.mx\/noticias\/wp-content\/uploads\/2022\/03\/foto-seleccion-expocetys-stands-2022.png\" \/>\n\t<meta property=\"og:image:width\" content=\"958\" \/>\n\t<meta property=\"og:image:height\" content=\"637\" \/>\n\t<meta property=\"og:image:type\" content=\"image\/png\" \/>\n<meta name=\"author\" content=\"Esteban Merlo\" \/>\n<meta name=\"twitter:card\" content=\"summary_large_image\" \/>\n<meta name=\"twitter:creator\" content=\"@cetysuni\" \/>\n<meta name=\"twitter:site\" content=\"@cetysuni\" \/>\n<meta name=\"twitter:label1\" content=\"Escrito por\" \/>\n\t<meta name=\"twitter:data1\" content=\"Esteban Merlo\" \/>\n\t<meta name=\"twitter:label2\" content=\"Tiempo de lectura\" \/>\n\t<meta name=\"twitter:data2\" content=\"2 minutos\" \/>\n<script type=\"application\/ld+json\" class=\"yoast-schema-graph\">{\"@context\":\"https:\\\/\\\/schema.org\",\"@graph\":[{\"@type\":\"Article\",\"@id\":\"https:\\\/\\\/www.cetys.mx\\\/noticias\\\/expo-cetys-en-tijuana-da-muestra-de-su-calidad-educativa-a-jovenes-de-secundaria-y-preparatoria\\\/#article\",\"isPartOf\":{\"@id\":\"https:\\\/\\\/www.cetys.mx\\\/noticias\\\/expo-cetys-en-tijuana-da-muestra-de-su-calidad-educativa-a-jovenes-de-secundaria-y-preparatoria\\\/\"},\"author\":{\"name\":\"Esteban Merlo\",\"@id\":\"https:\\\/\\\/www.cetys.mx\\\/noticias\\\/#\\\/schema\\\/person\\\/23d4ea78bce828b446aa45741e50aa03\"},\"headline\":\"Expo CETYS en Tijuana da muestra de su calidad educativa a j\u00f3venes de secundaria y Preparatoria\",\"datePublished\":\"2022-03-22T20:06:41+00:00\",\"mainEntityOfPage\":{\"@id\":\"https:\\\/\\\/www.cetys.mx\\\/noticias\\\/expo-cetys-en-tijuana-da-muestra-de-su-calidad-educativa-a-jovenes-de-secundaria-y-preparatoria\\\/\"},\"wordCount\":434,\"commentCount\":0,\"image\":{\"@id\":\"https:\\\/\\\/www.cetys.mx\\\/noticias\\\/expo-cetys-en-tijuana-da-muestra-de-su-calidad-educativa-a-jovenes-de-secundaria-y-preparatoria\\\/#primaryimage\"},\"thumbnailUrl\":\"https:\\\/\\\/www.cetys.mx\\\/noticias\\\/wp-content\\\/uploads\\\/2022\\\/03\\\/foto-seleccion-expocetys-stands-2022.png\",\"articleSection\":[\"Campus Tijuana\",\"Portada\",\"VoCETYS\"],\"inLanguage\":\"es\",\"potentialAction\":[{\"@type\":\"CommentAction\",\"name\":\"Comment\",\"target\":[\"https:\\\/\\\/www.cetys.mx\\\/noticias\\\/expo-cetys-en-tijuana-da-muestra-de-su-calidad-educativa-a-jovenes-de-secundaria-y-preparatoria\\\/#respond\"]}]},{\"@type\":\"WebPage\",\"@id\":\"https:\\\/\\\/www.cetys.mx\\\/noticias\\\/expo-cetys-en-tijuana-da-muestra-de-su-calidad-educativa-a-jovenes-de-secundaria-y-preparatoria\\\/\",\"url\":\"https:\\\/\\\/www.cetys.mx\\\/noticias\\\/expo-cetys-en-tijuana-da-muestra-de-su-calidad-educativa-a-jovenes-de-secundaria-y-preparatoria\\\/\",\"name\":\"Expo CETYS en Tijuana da muestra de su calidad educativa a j\u00f3venes\",\"isPartOf\":{\"@id\":\"https:\\\/\\\/www.cetys.mx\\\/noticias\\\/#website\"},\"primaryImageOfPage\":{\"@id\":\"https:\\\/\\\/www.cetys.mx\\\/noticias\\\/expo-cetys-en-tijuana-da-muestra-de-su-calidad-educativa-a-jovenes-de-secundaria-y-preparatoria\\\/#primaryimage\"},\"image\":{\"@id\":\"https:\\\/\\\/www.cetys.mx\\\/noticias\\\/expo-cetys-en-tijuana-da-muestra-de-su-calidad-educativa-a-jovenes-de-secundaria-y-preparatoria\\\/#primaryimage\"},\"thumbnailUrl\":\"https:\\\/\\\/www.cetys.mx\\\/noticias\\\/wp-content\\\/uploads\\\/2022\\\/03\\\/foto-seleccion-expocetys-stands-2022.png\",\"datePublished\":\"2022-03-22T20:06:41+00:00\",\"author\":{\"@id\":\"https:\\\/\\\/www.cetys.mx\\\/noticias\\\/#\\\/schema\\\/person\\\/23d4ea78bce828b446aa45741e50aa03\"},\"description\":\"Expo CETYS 2022 se realiz\u00f3 de forma presencial y virtual, se dio a conocer los programas educativos para estudiar Preparatoria y Universidad.\",\"breadcrumb\":{\"@id\":\"https:\\\/\\\/www.cetys.mx\\\/noticias\\\/expo-cetys-en-tijuana-da-muestra-de-su-calidad-educativa-a-jovenes-de-secundaria-y-preparatoria\\\/#breadcrumb\"},\"inLanguage\":\"es\",\"potentialAction\":[{\"@type\":\"ReadAction\",\"target\":[\"https:\\\/\\\/www.cetys.mx\\\/noticias\\\/expo-cetys-en-tijuana-da-muestra-de-su-calidad-educativa-a-jovenes-de-secundaria-y-preparatoria\\\/\"]}]},{\"@type\":\"ImageObject\",\"inLanguage\":\"es\",\"@id\":\"https:\\\/\\\/www.cetys.mx\\\/noticias\\\/expo-cetys-en-tijuana-da-muestra-de-su-calidad-educativa-a-jovenes-de-secundaria-y-preparatoria\\\/#primaryimage\",\"url\":\"https:\\\/\\\/www.cetys.mx\\\/noticias\\\/wp-content\\\/uploads\\\/2022\\\/03\\\/foto-seleccion-expocetys-stands-2022.png\",\"contentUrl\":\"https:\\\/\\\/www.cetys.mx\\\/noticias\\\/wp-content\\\/uploads\\\/2022\\\/03\\\/foto-seleccion-expocetys-stands-2022.png\",\"width\":958,\"height\":637},{\"@type\":\"BreadcrumbList\",\"@id\":\"https:\\\/\\\/www.cetys.mx\\\/noticias\\\/expo-cetys-en-tijuana-da-muestra-de-su-calidad-educativa-a-jovenes-de-secundaria-y-preparatoria\\\/#breadcrumb\",\"itemListElement\":[{\"@type\":\"ListItem\",\"position\":1,\"name\":\"Inicio\",\"item\":\"https:\\\/\\\/www.cetys.mx\\\/noticias\\\/\"},{\"@type\":\"ListItem\",\"position\":2,\"name\":\"Expo CETYS en Tijuana da muestra de su calidad educativa a j\u00f3venes de secundaria y Preparatoria\"}]},{\"@type\":\"WebSite\",\"@id\":\"https:\\\/\\\/www.cetys.mx\\\/noticias\\\/#website\",\"url\":\"https:\\\/\\\/www.cetys.mx\\\/noticias\\\/\",\"name\":\"CETYS\",\"description\":\"\",\"potentialAction\":[{\"@type\":\"SearchAction\",\"target\":{\"@type\":\"EntryPoint\",\"urlTemplate\":\"https:\\\/\\\/www.cetys.mx\\\/noticias\\\/?s={search_term_string}\"},\"query-input\":{\"@type\":\"PropertyValueSpecification\",\"valueRequired\":true,\"valueName\":\"search_term_string\"}}],\"inLanguage\":\"es\"},{\"@type\":\"Person\",\"@id\":\"https:\\\/\\\/www.cetys.mx\\\/noticias\\\/#\\\/schema\\\/person\\\/23d4ea78bce828b446aa45741e50aa03\",\"name\":\"Esteban Merlo\",\"url\":\"https:\\\/\\\/www.cetys.mx\\\/noticias\\\/author\\\/esteban-merlo\\\/\"}]}<\/script>\n<!-- \/ Yoast SEO plugin. -->","yoast_head_json":{"title":"Expo CETYS en Tijuana da muestra de su calidad educativa a j\u00f3venes","description":"Expo CETYS 2022 se realiz\u00f3 de forma presencial y virtual, se dio a conocer los programas educativos para estudiar Preparatoria y Universidad.","robots":{"index":"index","follow":"follow","max-snippet":"max-snippet:-1","max-image-preview":"max-image-preview:large","max-video-preview":"max-video-preview:-1"},"canonical":"https:\/\/www.cetys.mx\/noticias\/expo-cetys-en-tijuana-da-muestra-de-su-calidad-educativa-a-jovenes-de-secundaria-y-preparatoria\/","og_locale":"es_MX","og_type":"article","og_title":"Expo CETYS en Tijuana da muestra de su calidad educativa a j\u00f3venes","og_description":"Expo CETYS 2022 se realiz\u00f3 de forma presencial y virtual, se dio a conocer los programas educativos para estudiar Preparatoria y Universidad.","og_url":"https:\/\/www.cetys.mx\/noticias\/expo-cetys-en-tijuana-da-muestra-de-su-calidad-educativa-a-jovenes-de-secundaria-y-preparatoria\/","og_site_name":"CETYS","article_publisher":"https:\/\/www.facebook.com\/cetysuniversidadmxl\/","article_published_time":"2022-03-22T20:06:41+00:00","og_image":[{"width":958,"height":637,"url":"https:\/\/www.cetys.mx\/noticias\/wp-content\/uploads\/2022\/03\/foto-seleccion-expocetys-stands-2022.png","type":"image\/png"}],"author":"Esteban Merlo","twitter_card":"summary_large_image","twitter_creator":"@cetysuni","twitter_site":"@cetysuni","twitter_misc":{"Escrito por":"Esteban Merlo","Tiempo de lectura":"2 minutos"},"schema":{"@context":"https:\/\/schema.org","@graph":[{"@type":"Article","@id":"https:\/\/www.cetys.mx\/noticias\/expo-cetys-en-tijuana-da-muestra-de-su-calidad-educativa-a-jovenes-de-secundaria-y-preparatoria\/#article","isPartOf":{"@id":"https:\/\/www.cetys.mx\/noticias\/expo-cetys-en-tijuana-da-muestra-de-su-calidad-educativa-a-jovenes-de-secundaria-y-preparatoria\/"},"author":{"name":"Esteban Merlo","@id":"https:\/\/www.cetys.mx\/noticias\/#\/schema\/person\/23d4ea78bce828b446aa45741e50aa03"},"headline":"Expo CETYS en Tijuana da muestra de su calidad educativa a j\u00f3venes de secundaria y Preparatoria","datePublished":"2022-03-22T20:06:41+00:00","mainEntityOfPage":{"@id":"https:\/\/www.cetys.mx\/noticias\/expo-cetys-en-tijuana-da-muestra-de-su-calidad-educativa-a-jovenes-de-secundaria-y-preparatoria\/"},"wordCount":434,"commentCount":0,"image":{"@id":"https:\/\/www.cetys.mx\/noticias\/expo-cetys-en-tijuana-da-muestra-de-su-calidad-educativa-a-jovenes-de-secundaria-y-preparatoria\/#primaryimage"},"thumbnailUrl":"https:\/\/www.cetys.mx\/noticias\/wp-content\/uploads\/2022\/03\/foto-seleccion-expocetys-stands-2022.png","articleSection":["Campus Tijuana","Portada","VoCETYS"],"inLanguage":"es","potentialAction":[{"@type":"CommentAction","name":"Comment","target":["https:\/\/www.cetys.mx\/noticias\/expo-cetys-en-tijuana-da-muestra-de-su-calidad-educativa-a-jovenes-de-secundaria-y-preparatoria\/#respond"]}]},{"@type":"WebPage","@id":"https:\/\/www.cetys.mx\/noticias\/expo-cetys-en-tijuana-da-muestra-de-su-calidad-educativa-a-jovenes-de-secundaria-y-preparatoria\/","url":"https:\/\/www.cetys.mx\/noticias\/expo-cetys-en-tijuana-da-muestra-de-su-calidad-educativa-a-jovenes-de-secundaria-y-preparatoria\/","name":"Expo CETYS en Tijuana da muestra de su calidad educativa a j\u00f3venes","isPartOf":{"@id":"https:\/\/www.cetys.mx\/noticias\/#website"},"primaryImageOfPage":{"@id":"https:\/\/www.cetys.mx\/noticias\/expo-cetys-en-tijuana-da-muestra-de-su-calidad-educativa-a-jovenes-de-secundaria-y-preparatoria\/#primaryimage"},"image":{"@id":"https:\/\/www.cetys.mx\/noticias\/expo-cetys-en-tijuana-da-muestra-de-su-calidad-educativa-a-jovenes-de-secundaria-y-preparatoria\/#primaryimage"},"thumbnailUrl":"https:\/\/www.cetys.mx\/noticias\/wp-content\/uploads\/2022\/03\/foto-seleccion-expocetys-stands-2022.png","datePublished":"2022-03-22T20:06:41+00:00","author":{"@id":"https:\/\/www.cetys.mx\/noticias\/#\/schema\/person\/23d4ea78bce828b446aa45741e50aa03"},"description":"Expo CETYS 2022 se realiz\u00f3 de forma presencial y virtual, se dio a conocer los programas educativos para estudiar Preparatoria y Universidad.","breadcrumb":{"@id":"https:\/\/www.cetys.mx\/noticias\/expo-cetys-en-tijuana-da-muestra-de-su-calidad-educativa-a-jovenes-de-secundaria-y-preparatoria\/#breadcrumb"},"inLanguage":"es","potentialAction":[{"@type":"ReadAction","target":["https:\/\/www.cetys.mx\/noticias\/expo-cetys-en-tijuana-da-muestra-de-su-calidad-educativa-a-jovenes-de-secundaria-y-preparatoria\/"]}]},{"@type":"ImageObject","inLanguage":"es","@id":"https:\/\/www.cetys.mx\/noticias\/expo-cetys-en-tijuana-da-muestra-de-su-calidad-educativa-a-jovenes-de-secundaria-y-preparatoria\/#primaryimage","url":"https:\/\/www.cetys.mx\/noticias\/wp-content\/uploads\/2022\/03\/foto-seleccion-expocetys-stands-2022.png","contentUrl":"https:\/\/www.cetys.mx\/noticias\/wp-content\/uploads\/2022\/03\/foto-seleccion-expocetys-stands-2022.png","width":958,"height":637},{"@type":"BreadcrumbList","@id":"https:\/\/www.cetys.mx\/noticias\/expo-cetys-en-tijuana-da-muestra-de-su-calidad-educativa-a-jovenes-de-secundaria-y-preparatoria\/#breadcrumb","itemListElement":[{"@type":"ListItem","position":1,"name":"Inicio","item":"https:\/\/www.cetys.mx\/noticias\/"},{"@type":"ListItem","position":2,"name":"Expo CETYS en Tijuana da muestra de su calidad educativa a j\u00f3venes de secundaria y Preparatoria"}]},{"@type":"WebSite","@id":"https:\/\/www.cetys.mx\/noticias\/#website","url":"https:\/\/www.cetys.mx\/noticias\/","name":"CETYS","description":"","potentialAction":[{"@type":"SearchAction","target":{"@type":"EntryPoint","urlTemplate":"https:\/\/www.cetys.mx\/noticias\/?s={search_term_string}"},"query-input":{"@type":"PropertyValueSpecification","valueRequired":true,"valueName":"search_term_string"}}],"inLanguage":"es"},{"@type":"Person","@id":"https:\/\/www.cetys.mx\/noticias\/#\/schema\/person\/23d4ea78bce828b446aa45741e50aa03","name":"Esteban Merlo","url":"https:\/\/www.cetys.mx\/noticias\/author\/esteban-merlo\/"}]}},"_links":{"self":[{"href":"https:\/\/www.cetys.mx\/noticias\/wp-json\/wp\/v2\/posts\/162727","targetHints":{"allow":["GET"]}}],"collection":[{"href":"https:\/\/www.cetys.mx\/noticias\/wp-json\/wp\/v2\/posts"}],"about":[{"href":"https:\/\/www.cetys.mx\/noticias\/wp-json\/wp\/v2\/types\/post"}],"author":[{"embeddable":true,"href":"https:\/\/www.cetys.mx\/noticias\/wp-json\/wp\/v2\/users\/109"}],"replies":[{"embeddable":true,"href":"https:\/\/www.cetys.mx\/noticias\/wp-json\/wp\/v2\/comments?post=162727"}],"version-history":[{"count":1,"href":"https:\/\/www.cetys.mx\/noticias\/wp-json\/wp\/v2\/posts\/162727\/revisions"}],"predecessor-version":[{"id":162728,"href":"https:\/\/www.cetys.mx\/noticias\/wp-json\/wp\/v2\/posts\/162727\/revisions\/162728"}],"wp:featuredmedia":[{"embeddable":true,"href":"https:\/\/www.cetys.mx\/noticias\/wp-json\/wp\/v2\/media\/162716"}],"wp:attachment":[{"href":"https:\/\/www.cetys.mx\/noticias\/wp-json\/wp\/v2\/media?parent=162727"}],"wp:term":[{"taxonomy":"category","embeddable":true,"href":"https:\/\/www.cetys.mx\/noticias\/wp-json\/wp\/v2\/categories?post=162727"},{"taxonomy":"post_tag","embeddable":true,"href":"https:\/\/www.cetys.mx\/noticias\/wp-json\/wp\/v2\/tags?post=162727"}],"curies":[{"name":"wp","href":"https:\/\/api.w.org\/{rel}","templated":true}]}}