{"id":162195,"date":"2022-03-02T19:05:51","date_gmt":"2022-03-03T03:05:51","guid":{"rendered":"https:\/\/www.cetys.mx\/noticias\/?p=162195"},"modified":"2022-03-08T12:43:46","modified_gmt":"2022-03-08T20:43:46","slug":"la-otra-guerra-la-de-las-comunicaciones-en-redes-sociales","status":"publish","type":"post","link":"https:\/\/www.cetys.mx\/noticias\/la-otra-guerra-la-de-las-comunicaciones-en-redes-sociales\/","title":{"rendered":"La otra guerra, la de las comunicaciones en redes sociales"},"content":{"rendered":"<p style=\"text-align: center;\"><b><i>Los algoritmos de IA est\u00e1n intentando han comenzado a generar infracciones e incluso la eliminaci\u00f3n de cuentas, ante un torrente de publicaciones con mensajes de apoyo tanto para rusos como para ucranianos, incluyendo contenidos falsos y sacados de contexto que buscan expresar lo que consideran su verdad, explica Experto CETYS<\/i><\/b><\/p>\n<p style=\"text-align: justify;\"><span style=\"font-weight: 400;\">Durante las \u00faltimas semanas el mundo ha vivido una situaci\u00f3n que desde la Segunda Guerra Mundial no se hab\u00eda presentado, o al menos no en las dimensiones y con las caracter\u00edsticas de la actualidad.\u00a0<\/span><\/p>\n<p style=\"text-align: justify;\"><span style=\"font-weight: 400;\">Aunque en muchas partes del planeta suelen observarse conflictos armados o de car\u00e1cter b\u00e9lico, algunos por razones internas y otros donde hab\u00eda estado presente la amenaza de pa\u00edses vecinos o regiones colindantes, en torno al enfrentamiento Rusia-Ucrania la dimensi\u00f3n es distinta y el rol de la sociedad tambi\u00e9n, consider\u00f3 el Dr. Armando Reyna Ballesteros, docente de la Escuela de Administraci\u00f3n y Negocios de CETYS Universidad Campus Mexicali.<\/span><\/p>\n<blockquote>\n<p style=\"text-align: justify;\"><span style=\"font-weight: 400;\"><img loading=\"lazy\" decoding=\"async\" class=\" wp-image-162196 alignleft\" src=\"https:\/\/www.cetys.mx\/noticias\/wp-content\/uploads\/2022\/03\/Dr_Armando_Reyna.jpg\" alt=\"\" width=\"243\" height=\"332\" \/>\u201cEn las redes sociales es posible leer posturas y an\u00e1lisis que describen teor\u00edas de conspiraci\u00f3n, posiciones y discursos, donde se dejan entrever estrategias que intentan justificar acciones. Por otro lado tambi\u00e9n son visibles las muestras de rechazo, las protestas y manifestaciones, donde se asoman causas que aluden a riquezas minerales en esa regi\u00f3n, fronteras estrat\u00e9gicas y a una inminente amenaza a la paz global equiparable con la Segunda Guerra Mundial\u201d.\u00a0<\/span><\/p>\n<\/blockquote>\n<p style=\"text-align: justify;\"><span style=\"font-weight: 400;\">Pero, \u00bfqu\u00e9 es lo que verdaderamente est\u00e1 pasando en las redes sociales? Las principales plataformas han comenzado a ser utilizadas como medios para verter y observar millones de publicaciones con mensajes de apoyo para ambos bandos, teniendo que activarse protocolos de moderaci\u00f3n al identificar contenido ofensivo, propaganda, mensajes de odio, notas inapropiadas u hostiles, entre otros contenidos de ese estilo.\u00a0<\/span><\/p>\n<blockquote>\n<p style=\"text-align: justify;\"><span style=\"font-weight: 400;\">\u201cNo ser\u00eda extra\u00f1o que incluso gobiernos o simpatizantes de estos, sean responsables de proliferar contenidos falsos y sacados de contexto con la intenci\u00f3n de expresar lo que consideran su verdad\u201d, opin\u00f3 el Dr. Reyna Ballesteros, pues el mundo se encuentra expectante y en este transitar de informaci\u00f3n digital, tambi\u00e9n se puede producir desinformaci\u00f3n intencional o desinteresadamente, debido a la rapidez e instantaneidad de las publicaciones.\u00a0<\/span><\/p>\n<\/blockquote>\n<p style=\"text-align: justify;\"><span style=\"font-weight: 400;\">Como respuesta, los algoritmos de inteligencia artificial est\u00e1n intentando desempe\u00f1ar de la mejor manera su funci\u00f3n y ya han comenzado a generarse infracciones y\/o suspensiones, e incluso la eliminaci\u00f3n de cuentas.\u00a0<\/span><\/p>\n<p style=\"text-align: justify;\"><span style=\"font-weight: 400;\">Una de las preocupaciones identificadas ha sido la publicaci\u00f3n de contenidos expl\u00edcitos y reales compartidos para difundir temor.\u00a0 Las recomendaciones de los expertos sugieren verificar las fuentes informativas, no compartir o difundir informaci\u00f3n sin antes estar seguro de que es aut\u00e9ntica y sobre todo preguntarse \u00bfPor qu\u00e9 lo quiero compartir? <\/span><\/p>\n<blockquote>\n<p style=\"text-align: justify;\"><span style=\"font-weight: 400;\">\u201cValdr\u00eda la pena analizar si lo que se publica producir\u00e1 alguna consecuencia\u201d, concluy\u00f3 el especialista.<\/span><\/p>\n<\/blockquote>\n","protected":false},"excerpt":{"rendered":"<p>Los algoritmos de IA est\u00e1n intentando han comenzado a generar infracciones e incluso la eliminaci\u00f3n de cuentas, ante un torrente de publicaciones&#8230;<\/p>\n","protected":false},"author":20,"featured_media":162197,"comment_status":"open","ping_status":"closed","sticky":false,"template":"","format":"standard","meta":{"footnotes":""},"categories":[133,4579,313],"tags":[1295,5792,1621,5791,5790,5802],"class_list":["post-162195","post","type-post","status-publish","format-standard","has-post-thumbnail","hentry","category-campus-mexicali","category-expertos-cetys","category-vocetys-2","tag-administracion-y-negocios","tag-guerra","tag-redes-sociales","tag-rusa","tag-ucrania","tag-vocetys-2022-03-08"],"yoast_head":"<!-- This site is optimized with the Yoast SEO plugin v27.4 - https:\/\/yoast.com\/product\/yoast-seo-wordpress\/ -->\n<title>La otra guerra, la de las comunicaciones en redes sociales - CETYS<\/title>\n<meta name=\"description\" content=\"Articulo sobre La otra guerra, la de las comunicaciones en redes sociales\" \/>\n<meta name=\"robots\" content=\"index, follow, max-snippet:-1, max-image-preview:large, max-video-preview:-1\" \/>\n<link rel=\"canonical\" href=\"https:\/\/www.cetys.mx\/noticias\/la-otra-guerra-la-de-las-comunicaciones-en-redes-sociales\/\" \/>\n<meta property=\"og:locale\" content=\"es_MX\" \/>\n<meta property=\"og:type\" content=\"article\" \/>\n<meta property=\"og:title\" content=\"La otra guerra, la de las comunicaciones en redes sociales - CETYS\" \/>\n<meta property=\"og:description\" content=\"Articulo sobre La otra guerra, la de las comunicaciones en redes sociales\" \/>\n<meta property=\"og:url\" content=\"https:\/\/www.cetys.mx\/noticias\/la-otra-guerra-la-de-las-comunicaciones-en-redes-sociales\/\" \/>\n<meta property=\"og:site_name\" content=\"CETYS\" \/>\n<meta property=\"article:publisher\" content=\"https:\/\/www.facebook.com\/cetysuniversidadmxl\/\" \/>\n<meta property=\"article:published_time\" content=\"2022-03-03T03:05:51+00:00\" \/>\n<meta property=\"article:modified_time\" content=\"2022-03-08T20:43:46+00:00\" \/>\n<meta property=\"og:image\" content=\"https:\/\/www.cetys.mx\/noticias\/wp-content\/uploads\/2022\/03\/Redes-sociales.jpg\" \/>\n\t<meta property=\"og:image:width\" content=\"958\" \/>\n\t<meta property=\"og:image:height\" content=\"637\" \/>\n\t<meta property=\"og:image:type\" content=\"image\/jpeg\" \/>\n<meta name=\"author\" content=\"Campus Mexicali\" \/>\n<meta name=\"twitter:card\" content=\"summary_large_image\" \/>\n<meta name=\"twitter:creator\" content=\"@cetysuni\" \/>\n<meta name=\"twitter:site\" content=\"@cetysuni\" \/>\n<meta name=\"twitter:label1\" content=\"Escrito por\" \/>\n\t<meta name=\"twitter:data1\" content=\"Campus Mexicali\" \/>\n\t<meta name=\"twitter:label2\" content=\"Tiempo de lectura\" \/>\n\t<meta name=\"twitter:data2\" content=\"2 minutos\" \/>\n<script type=\"application\/ld+json\" class=\"yoast-schema-graph\">{\"@context\":\"https:\\\/\\\/schema.org\",\"@graph\":[{\"@type\":\"Article\",\"@id\":\"https:\\\/\\\/www.cetys.mx\\\/noticias\\\/la-otra-guerra-la-de-las-comunicaciones-en-redes-sociales\\\/#article\",\"isPartOf\":{\"@id\":\"https:\\\/\\\/www.cetys.mx\\\/noticias\\\/la-otra-guerra-la-de-las-comunicaciones-en-redes-sociales\\\/\"},\"author\":{\"name\":\"Campus Mexicali\",\"@id\":\"https:\\\/\\\/www.cetys.mx\\\/noticias\\\/#\\\/schema\\\/person\\\/79a95c4ac185f3705cf1b9c9340a5f70\"},\"headline\":\"La otra guerra, la de las comunicaciones en redes sociales\",\"datePublished\":\"2022-03-03T03:05:51+00:00\",\"dateModified\":\"2022-03-08T20:43:46+00:00\",\"mainEntityOfPage\":{\"@id\":\"https:\\\/\\\/www.cetys.mx\\\/noticias\\\/la-otra-guerra-la-de-las-comunicaciones-en-redes-sociales\\\/\"},\"wordCount\":487,\"commentCount\":0,\"image\":{\"@id\":\"https:\\\/\\\/www.cetys.mx\\\/noticias\\\/la-otra-guerra-la-de-las-comunicaciones-en-redes-sociales\\\/#primaryimage\"},\"thumbnailUrl\":\"https:\\\/\\\/www.cetys.mx\\\/noticias\\\/wp-content\\\/uploads\\\/2022\\\/03\\\/Redes-sociales.jpg\",\"keywords\":[\"Administraci\u00f3n y Negocios\",\"Guerra\",\"Redes Sociales\",\"Rusa\",\"Ucrania\",\"vocetys-2022-03-08\"],\"articleSection\":[\"Campus Mexicali\",\"Expertos CETYS\",\"VoCETYS\"],\"inLanguage\":\"es\",\"potentialAction\":[{\"@type\":\"CommentAction\",\"name\":\"Comment\",\"target\":[\"https:\\\/\\\/www.cetys.mx\\\/noticias\\\/la-otra-guerra-la-de-las-comunicaciones-en-redes-sociales\\\/#respond\"]}]},{\"@type\":\"WebPage\",\"@id\":\"https:\\\/\\\/www.cetys.mx\\\/noticias\\\/la-otra-guerra-la-de-las-comunicaciones-en-redes-sociales\\\/\",\"url\":\"https:\\\/\\\/www.cetys.mx\\\/noticias\\\/la-otra-guerra-la-de-las-comunicaciones-en-redes-sociales\\\/\",\"name\":\"La otra guerra, la de las comunicaciones en redes sociales - CETYS\",\"isPartOf\":{\"@id\":\"https:\\\/\\\/www.cetys.mx\\\/noticias\\\/#website\"},\"primaryImageOfPage\":{\"@id\":\"https:\\\/\\\/www.cetys.mx\\\/noticias\\\/la-otra-guerra-la-de-las-comunicaciones-en-redes-sociales\\\/#primaryimage\"},\"image\":{\"@id\":\"https:\\\/\\\/www.cetys.mx\\\/noticias\\\/la-otra-guerra-la-de-las-comunicaciones-en-redes-sociales\\\/#primaryimage\"},\"thumbnailUrl\":\"https:\\\/\\\/www.cetys.mx\\\/noticias\\\/wp-content\\\/uploads\\\/2022\\\/03\\\/Redes-sociales.jpg\",\"datePublished\":\"2022-03-03T03:05:51+00:00\",\"dateModified\":\"2022-03-08T20:43:46+00:00\",\"author\":{\"@id\":\"https:\\\/\\\/www.cetys.mx\\\/noticias\\\/#\\\/schema\\\/person\\\/79a95c4ac185f3705cf1b9c9340a5f70\"},\"description\":\"Articulo sobre La otra guerra, la de las comunicaciones en redes sociales\",\"breadcrumb\":{\"@id\":\"https:\\\/\\\/www.cetys.mx\\\/noticias\\\/la-otra-guerra-la-de-las-comunicaciones-en-redes-sociales\\\/#breadcrumb\"},\"inLanguage\":\"es\",\"potentialAction\":[{\"@type\":\"ReadAction\",\"target\":[\"https:\\\/\\\/www.cetys.mx\\\/noticias\\\/la-otra-guerra-la-de-las-comunicaciones-en-redes-sociales\\\/\"]}]},{\"@type\":\"ImageObject\",\"inLanguage\":\"es\",\"@id\":\"https:\\\/\\\/www.cetys.mx\\\/noticias\\\/la-otra-guerra-la-de-las-comunicaciones-en-redes-sociales\\\/#primaryimage\",\"url\":\"https:\\\/\\\/www.cetys.mx\\\/noticias\\\/wp-content\\\/uploads\\\/2022\\\/03\\\/Redes-sociales.jpg\",\"contentUrl\":\"https:\\\/\\\/www.cetys.mx\\\/noticias\\\/wp-content\\\/uploads\\\/2022\\\/03\\\/Redes-sociales.jpg\",\"width\":958,\"height\":637},{\"@type\":\"BreadcrumbList\",\"@id\":\"https:\\\/\\\/www.cetys.mx\\\/noticias\\\/la-otra-guerra-la-de-las-comunicaciones-en-redes-sociales\\\/#breadcrumb\",\"itemListElement\":[{\"@type\":\"ListItem\",\"position\":1,\"name\":\"Inicio\",\"item\":\"https:\\\/\\\/www.cetys.mx\\\/noticias\\\/\"},{\"@type\":\"ListItem\",\"position\":2,\"name\":\"La otra guerra, la de las comunicaciones en redes sociales\"}]},{\"@type\":\"WebSite\",\"@id\":\"https:\\\/\\\/www.cetys.mx\\\/noticias\\\/#website\",\"url\":\"https:\\\/\\\/www.cetys.mx\\\/noticias\\\/\",\"name\":\"CETYS\",\"description\":\"\",\"potentialAction\":[{\"@type\":\"SearchAction\",\"target\":{\"@type\":\"EntryPoint\",\"urlTemplate\":\"https:\\\/\\\/www.cetys.mx\\\/noticias\\\/?s={search_term_string}\"},\"query-input\":{\"@type\":\"PropertyValueSpecification\",\"valueRequired\":true,\"valueName\":\"search_term_string\"}}],\"inLanguage\":\"es\"},{\"@type\":\"Person\",\"@id\":\"https:\\\/\\\/www.cetys.mx\\\/noticias\\\/#\\\/schema\\\/person\\\/79a95c4ac185f3705cf1b9c9340a5f70\",\"name\":\"Campus Mexicali\",\"url\":\"https:\\\/\\\/www.cetys.mx\\\/noticias\\\/author\\\/campusmexicali\\\/\"}]}<\/script>\n<!-- \/ Yoast SEO plugin. -->","yoast_head_json":{"title":"La otra guerra, la de las comunicaciones en redes sociales - CETYS","description":"Articulo sobre La otra guerra, la de las comunicaciones en redes sociales","robots":{"index":"index","follow":"follow","max-snippet":"max-snippet:-1","max-image-preview":"max-image-preview:large","max-video-preview":"max-video-preview:-1"},"canonical":"https:\/\/www.cetys.mx\/noticias\/la-otra-guerra-la-de-las-comunicaciones-en-redes-sociales\/","og_locale":"es_MX","og_type":"article","og_title":"La otra guerra, la de las comunicaciones en redes sociales - CETYS","og_description":"Articulo sobre La otra guerra, la de las comunicaciones en redes sociales","og_url":"https:\/\/www.cetys.mx\/noticias\/la-otra-guerra-la-de-las-comunicaciones-en-redes-sociales\/","og_site_name":"CETYS","article_publisher":"https:\/\/www.facebook.com\/cetysuniversidadmxl\/","article_published_time":"2022-03-03T03:05:51+00:00","article_modified_time":"2022-03-08T20:43:46+00:00","og_image":[{"width":958,"height":637,"url":"https:\/\/www.cetys.mx\/noticias\/wp-content\/uploads\/2022\/03\/Redes-sociales.jpg","type":"image\/jpeg"}],"author":"Campus Mexicali","twitter_card":"summary_large_image","twitter_creator":"@cetysuni","twitter_site":"@cetysuni","twitter_misc":{"Escrito por":"Campus Mexicali","Tiempo de lectura":"2 minutos"},"schema":{"@context":"https:\/\/schema.org","@graph":[{"@type":"Article","@id":"https:\/\/www.cetys.mx\/noticias\/la-otra-guerra-la-de-las-comunicaciones-en-redes-sociales\/#article","isPartOf":{"@id":"https:\/\/www.cetys.mx\/noticias\/la-otra-guerra-la-de-las-comunicaciones-en-redes-sociales\/"},"author":{"name":"Campus Mexicali","@id":"https:\/\/www.cetys.mx\/noticias\/#\/schema\/person\/79a95c4ac185f3705cf1b9c9340a5f70"},"headline":"La otra guerra, la de las comunicaciones en redes sociales","datePublished":"2022-03-03T03:05:51+00:00","dateModified":"2022-03-08T20:43:46+00:00","mainEntityOfPage":{"@id":"https:\/\/www.cetys.mx\/noticias\/la-otra-guerra-la-de-las-comunicaciones-en-redes-sociales\/"},"wordCount":487,"commentCount":0,"image":{"@id":"https:\/\/www.cetys.mx\/noticias\/la-otra-guerra-la-de-las-comunicaciones-en-redes-sociales\/#primaryimage"},"thumbnailUrl":"https:\/\/www.cetys.mx\/noticias\/wp-content\/uploads\/2022\/03\/Redes-sociales.jpg","keywords":["Administraci\u00f3n y Negocios","Guerra","Redes Sociales","Rusa","Ucrania","vocetys-2022-03-08"],"articleSection":["Campus Mexicali","Expertos CETYS","VoCETYS"],"inLanguage":"es","potentialAction":[{"@type":"CommentAction","name":"Comment","target":["https:\/\/www.cetys.mx\/noticias\/la-otra-guerra-la-de-las-comunicaciones-en-redes-sociales\/#respond"]}]},{"@type":"WebPage","@id":"https:\/\/www.cetys.mx\/noticias\/la-otra-guerra-la-de-las-comunicaciones-en-redes-sociales\/","url":"https:\/\/www.cetys.mx\/noticias\/la-otra-guerra-la-de-las-comunicaciones-en-redes-sociales\/","name":"La otra guerra, la de las comunicaciones en redes sociales - CETYS","isPartOf":{"@id":"https:\/\/www.cetys.mx\/noticias\/#website"},"primaryImageOfPage":{"@id":"https:\/\/www.cetys.mx\/noticias\/la-otra-guerra-la-de-las-comunicaciones-en-redes-sociales\/#primaryimage"},"image":{"@id":"https:\/\/www.cetys.mx\/noticias\/la-otra-guerra-la-de-las-comunicaciones-en-redes-sociales\/#primaryimage"},"thumbnailUrl":"https:\/\/www.cetys.mx\/noticias\/wp-content\/uploads\/2022\/03\/Redes-sociales.jpg","datePublished":"2022-03-03T03:05:51+00:00","dateModified":"2022-03-08T20:43:46+00:00","author":{"@id":"https:\/\/www.cetys.mx\/noticias\/#\/schema\/person\/79a95c4ac185f3705cf1b9c9340a5f70"},"description":"Articulo sobre La otra guerra, la de las comunicaciones en redes sociales","breadcrumb":{"@id":"https:\/\/www.cetys.mx\/noticias\/la-otra-guerra-la-de-las-comunicaciones-en-redes-sociales\/#breadcrumb"},"inLanguage":"es","potentialAction":[{"@type":"ReadAction","target":["https:\/\/www.cetys.mx\/noticias\/la-otra-guerra-la-de-las-comunicaciones-en-redes-sociales\/"]}]},{"@type":"ImageObject","inLanguage":"es","@id":"https:\/\/www.cetys.mx\/noticias\/la-otra-guerra-la-de-las-comunicaciones-en-redes-sociales\/#primaryimage","url":"https:\/\/www.cetys.mx\/noticias\/wp-content\/uploads\/2022\/03\/Redes-sociales.jpg","contentUrl":"https:\/\/www.cetys.mx\/noticias\/wp-content\/uploads\/2022\/03\/Redes-sociales.jpg","width":958,"height":637},{"@type":"BreadcrumbList","@id":"https:\/\/www.cetys.mx\/noticias\/la-otra-guerra-la-de-las-comunicaciones-en-redes-sociales\/#breadcrumb","itemListElement":[{"@type":"ListItem","position":1,"name":"Inicio","item":"https:\/\/www.cetys.mx\/noticias\/"},{"@type":"ListItem","position":2,"name":"La otra guerra, la de las comunicaciones en redes sociales"}]},{"@type":"WebSite","@id":"https:\/\/www.cetys.mx\/noticias\/#website","url":"https:\/\/www.cetys.mx\/noticias\/","name":"CETYS","description":"","potentialAction":[{"@type":"SearchAction","target":{"@type":"EntryPoint","urlTemplate":"https:\/\/www.cetys.mx\/noticias\/?s={search_term_string}"},"query-input":{"@type":"PropertyValueSpecification","valueRequired":true,"valueName":"search_term_string"}}],"inLanguage":"es"},{"@type":"Person","@id":"https:\/\/www.cetys.mx\/noticias\/#\/schema\/person\/79a95c4ac185f3705cf1b9c9340a5f70","name":"Campus Mexicali","url":"https:\/\/www.cetys.mx\/noticias\/author\/campusmexicali\/"}]}},"_links":{"self":[{"href":"https:\/\/www.cetys.mx\/noticias\/wp-json\/wp\/v2\/posts\/162195","targetHints":{"allow":["GET"]}}],"collection":[{"href":"https:\/\/www.cetys.mx\/noticias\/wp-json\/wp\/v2\/posts"}],"about":[{"href":"https:\/\/www.cetys.mx\/noticias\/wp-json\/wp\/v2\/types\/post"}],"author":[{"embeddable":true,"href":"https:\/\/www.cetys.mx\/noticias\/wp-json\/wp\/v2\/users\/20"}],"replies":[{"embeddable":true,"href":"https:\/\/www.cetys.mx\/noticias\/wp-json\/wp\/v2\/comments?post=162195"}],"version-history":[{"count":1,"href":"https:\/\/www.cetys.mx\/noticias\/wp-json\/wp\/v2\/posts\/162195\/revisions"}],"predecessor-version":[{"id":162198,"href":"https:\/\/www.cetys.mx\/noticias\/wp-json\/wp\/v2\/posts\/162195\/revisions\/162198"}],"wp:featuredmedia":[{"embeddable":true,"href":"https:\/\/www.cetys.mx\/noticias\/wp-json\/wp\/v2\/media\/162197"}],"wp:attachment":[{"href":"https:\/\/www.cetys.mx\/noticias\/wp-json\/wp\/v2\/media?parent=162195"}],"wp:term":[{"taxonomy":"category","embeddable":true,"href":"https:\/\/www.cetys.mx\/noticias\/wp-json\/wp\/v2\/categories?post=162195"},{"taxonomy":"post_tag","embeddable":true,"href":"https:\/\/www.cetys.mx\/noticias\/wp-json\/wp\/v2\/tags?post=162195"}],"curies":[{"name":"wp","href":"https:\/\/api.w.org\/{rel}","templated":true}]}}