{"id":161780,"date":"2022-02-16T18:18:04","date_gmt":"2022-02-17T02:18:04","guid":{"rendered":"https:\/\/www.cetys.mx\/noticias\/?p=161780"},"modified":"2022-02-16T18:18:04","modified_gmt":"2022-02-17T02:18:04","slug":"realiza-cetys-tijuana-conferencias-de-san-valentin","status":"publish","type":"post","link":"https:\/\/www.cetys.mx\/noticias\/realiza-cetys-tijuana-conferencias-de-san-valentin\/","title":{"rendered":"Realiza CETYS Tijuana conferencias de San Valent\u00edn"},"content":{"rendered":"<p><span style=\"font-weight: 400;\">Adem\u00e1s de las muestras de efecto, el 14 de febrero es una oportunidad para reflexionar sobre las relaciones y es por ello que, dentro del <em><strong>Programa de Salud Mental<\/strong><\/em> en <strong>CETYS Universidad<\/strong>, la<em> Coordinaci\u00f3n de Bienestar Integral<\/em> realiz\u00f3 conferencias para toda la comunidad de <strong>Campus Tijuana.<\/strong><\/span><\/p>\n<p><span style=\"font-weight: 400;\">Durante la ma\u00f1ana, la <strong>Mtra. Nayeli Benitez<\/strong>, experta en temas de sexolog\u00eda desde el \u00e1mbito educativo, se hizo cargo de la conferencia: <\/span><span style=\"font-weight: 400;\">\u201cLos riesgos de las nuevas formas de relaciones amorosas entre adolescentes\u201d. M\u00e1s tarde, se realiz\u00f3 la conferencia<em>: <\/em><\/span><em>Amor, sexualidad y diversidad<\/em> con la <strong>Mtra. Nancy Alexis G\u00f3mez \u00c1lvarez.<\/strong><\/p>\n<p>En ellas se destac\u00f3 <span style=\"font-weight: 400;\">la importancia de lo consensuado en la relaci\u00f3n, la comunicaci\u00f3n asertiva, el uso de redes sociales en las relaciones de adolescentes y la diversidad sexual durante esta \u00e9poca, en ella participaron m\u00e1s de 300 personas en modalidad h\u00edbrida.<\/span><\/p>\n<p><span style=\"font-weight: 400;\">Las actividades contin\u00faan, este pr\u00f3ximo <\/span><span style=\"font-weight: 400;\">\u00a021 de febrero, se realizar\u00e1 la conferencia<em><strong> &#8220;<\/strong><\/em><\/span><em><strong>\u00bfPor qu\u00e9 nos deprimimos?&#8221;<\/strong><\/em><span style=\"font-weight: 400;\"><em><strong>,<\/strong><\/em> cu\u00e1les son las caracter\u00edsticas de una persona con depresi\u00f3n, cu\u00e1les son las condiciones que nos<\/span> <span style=\"font-weight: 400;\">hacen estar deprimidos y cu\u00e1les son las formas de abordar la depresi\u00f3n.\u00a0<\/span><\/p>\n<p><span style=\"font-weight: 400;\">Puedes inscribirte desde este enlace <\/span><a href=\"https:\/\/bit.ly\/3oe2DAf\"><span style=\"font-weight: 400;\">https:\/\/bit.ly\/3oe2DAf<\/span><\/a><span style=\"font-weight: 400;\"> o dar clic en la tercera imagen.<\/span><\/p>\n","protected":false},"excerpt":{"rendered":"<p>Adem\u00e1s de las muestras de efecto, el 14 de febrero es una oportunidad para reflexionar sobre las relaciones y es por ello&#8230;<\/p>\n","protected":false},"author":24,"featured_media":161781,"comment_status":"open","ping_status":"closed","sticky":false,"template":"","format":"gallery","meta":{"footnotes":""},"categories":[134,313],"tags":[4221],"class_list":["post-161780","post","type-post","status-publish","format-gallery","has-post-thumbnail","hentry","category-campus-tijuana","category-vocetys-2","tag-bienestar-integral","post_format-post-format-gallery"],"yoast_head":"<!-- This site is optimized with the Yoast SEO plugin v27.4 - https:\/\/yoast.com\/product\/yoast-seo-wordpress\/ -->\n<title>Realiza CETYS Tijuana conferencias de San Valent\u00edn - CETYS<\/title>\n<meta name=\"description\" content=\"Articulo sobre Realiza CETYS Tijuana conferencias de San Valent\u00edn\" \/>\n<meta name=\"robots\" content=\"index, follow, max-snippet:-1, max-image-preview:large, max-video-preview:-1\" \/>\n<link rel=\"canonical\" href=\"https:\/\/www.cetys.mx\/noticias\/realiza-cetys-tijuana-conferencias-de-san-valentin\/\" \/>\n<meta property=\"og:locale\" content=\"es_MX\" \/>\n<meta property=\"og:type\" content=\"article\" \/>\n<meta property=\"og:title\" content=\"Realiza CETYS Tijuana conferencias de San Valent\u00edn - CETYS\" \/>\n<meta property=\"og:description\" content=\"Articulo sobre Realiza CETYS Tijuana conferencias de San Valent\u00edn\" \/>\n<meta property=\"og:url\" content=\"https:\/\/www.cetys.mx\/noticias\/realiza-cetys-tijuana-conferencias-de-san-valentin\/\" \/>\n<meta property=\"og:site_name\" content=\"CETYS\" \/>\n<meta property=\"article:publisher\" content=\"https:\/\/www.facebook.com\/cetysuniversidadmxl\/\" \/>\n<meta property=\"article:published_time\" content=\"2022-02-17T02:18:04+00:00\" \/>\n<meta property=\"og:image\" content=\"https:\/\/www.cetys.mx\/noticias\/wp-content\/uploads\/2022\/02\/conferencia-san-valentin-programa-salud-mental.png\" \/>\n\t<meta property=\"og:image:width\" content=\"958\" \/>\n\t<meta property=\"og:image:height\" content=\"637\" \/>\n\t<meta property=\"og:image:type\" content=\"image\/png\" \/>\n<meta name=\"author\" content=\"Campus Tijuana\" \/>\n<meta name=\"twitter:card\" content=\"summary_large_image\" \/>\n<meta name=\"twitter:creator\" content=\"@cetysuni\" \/>\n<meta name=\"twitter:site\" content=\"@cetysuni\" \/>\n<meta name=\"twitter:label1\" content=\"Escrito por\" \/>\n\t<meta name=\"twitter:data1\" content=\"Campus Tijuana\" \/>\n\t<meta name=\"twitter:label2\" content=\"Tiempo de lectura\" \/>\n\t<meta name=\"twitter:data2\" content=\"1 minuto\" \/>\n<script type=\"application\/ld+json\" class=\"yoast-schema-graph\">{\"@context\":\"https:\\\/\\\/schema.org\",\"@graph\":[{\"@type\":\"Article\",\"@id\":\"https:\\\/\\\/www.cetys.mx\\\/noticias\\\/realiza-cetys-tijuana-conferencias-de-san-valentin\\\/#article\",\"isPartOf\":{\"@id\":\"https:\\\/\\\/www.cetys.mx\\\/noticias\\\/realiza-cetys-tijuana-conferencias-de-san-valentin\\\/\"},\"author\":{\"name\":\"Campus Tijuana\",\"@id\":\"https:\\\/\\\/www.cetys.mx\\\/noticias\\\/#\\\/schema\\\/person\\\/e790051ce60e18ae47cfa87011c8653f\"},\"headline\":\"Realiza CETYS Tijuana conferencias de San Valent\u00edn\",\"datePublished\":\"2022-02-17T02:18:04+00:00\",\"mainEntityOfPage\":{\"@id\":\"https:\\\/\\\/www.cetys.mx\\\/noticias\\\/realiza-cetys-tijuana-conferencias-de-san-valentin\\\/\"},\"wordCount\":221,\"commentCount\":0,\"image\":{\"@id\":\"https:\\\/\\\/www.cetys.mx\\\/noticias\\\/realiza-cetys-tijuana-conferencias-de-san-valentin\\\/#primaryimage\"},\"thumbnailUrl\":\"https:\\\/\\\/www.cetys.mx\\\/noticias\\\/wp-content\\\/uploads\\\/2022\\\/02\\\/conferencia-san-valentin-programa-salud-mental.png\",\"keywords\":[\"Bienestar Integral\"],\"articleSection\":[\"Campus Tijuana\",\"VoCETYS\"],\"inLanguage\":\"es\",\"potentialAction\":[{\"@type\":\"CommentAction\",\"name\":\"Comment\",\"target\":[\"https:\\\/\\\/www.cetys.mx\\\/noticias\\\/realiza-cetys-tijuana-conferencias-de-san-valentin\\\/#respond\"]}]},{\"@type\":\"WebPage\",\"@id\":\"https:\\\/\\\/www.cetys.mx\\\/noticias\\\/realiza-cetys-tijuana-conferencias-de-san-valentin\\\/\",\"url\":\"https:\\\/\\\/www.cetys.mx\\\/noticias\\\/realiza-cetys-tijuana-conferencias-de-san-valentin\\\/\",\"name\":\"Realiza CETYS Tijuana conferencias de San Valent\u00edn - CETYS\",\"isPartOf\":{\"@id\":\"https:\\\/\\\/www.cetys.mx\\\/noticias\\\/#website\"},\"primaryImageOfPage\":{\"@id\":\"https:\\\/\\\/www.cetys.mx\\\/noticias\\\/realiza-cetys-tijuana-conferencias-de-san-valentin\\\/#primaryimage\"},\"image\":{\"@id\":\"https:\\\/\\\/www.cetys.mx\\\/noticias\\\/realiza-cetys-tijuana-conferencias-de-san-valentin\\\/#primaryimage\"},\"thumbnailUrl\":\"https:\\\/\\\/www.cetys.mx\\\/noticias\\\/wp-content\\\/uploads\\\/2022\\\/02\\\/conferencia-san-valentin-programa-salud-mental.png\",\"datePublished\":\"2022-02-17T02:18:04+00:00\",\"author\":{\"@id\":\"https:\\\/\\\/www.cetys.mx\\\/noticias\\\/#\\\/schema\\\/person\\\/e790051ce60e18ae47cfa87011c8653f\"},\"description\":\"Articulo sobre Realiza CETYS Tijuana conferencias de San Valent\u00edn\",\"breadcrumb\":{\"@id\":\"https:\\\/\\\/www.cetys.mx\\\/noticias\\\/realiza-cetys-tijuana-conferencias-de-san-valentin\\\/#breadcrumb\"},\"inLanguage\":\"es\",\"potentialAction\":[{\"@type\":\"ReadAction\",\"target\":[\"https:\\\/\\\/www.cetys.mx\\\/noticias\\\/realiza-cetys-tijuana-conferencias-de-san-valentin\\\/\"]}]},{\"@type\":\"ImageObject\",\"inLanguage\":\"es\",\"@id\":\"https:\\\/\\\/www.cetys.mx\\\/noticias\\\/realiza-cetys-tijuana-conferencias-de-san-valentin\\\/#primaryimage\",\"url\":\"https:\\\/\\\/www.cetys.mx\\\/noticias\\\/wp-content\\\/uploads\\\/2022\\\/02\\\/conferencia-san-valentin-programa-salud-mental.png\",\"contentUrl\":\"https:\\\/\\\/www.cetys.mx\\\/noticias\\\/wp-content\\\/uploads\\\/2022\\\/02\\\/conferencia-san-valentin-programa-salud-mental.png\",\"width\":958,\"height\":637},{\"@type\":\"BreadcrumbList\",\"@id\":\"https:\\\/\\\/www.cetys.mx\\\/noticias\\\/realiza-cetys-tijuana-conferencias-de-san-valentin\\\/#breadcrumb\",\"itemListElement\":[{\"@type\":\"ListItem\",\"position\":1,\"name\":\"Inicio\",\"item\":\"https:\\\/\\\/www.cetys.mx\\\/noticias\\\/\"},{\"@type\":\"ListItem\",\"position\":2,\"name\":\"Realiza CETYS Tijuana conferencias de San Valent\u00edn\"}]},{\"@type\":\"WebSite\",\"@id\":\"https:\\\/\\\/www.cetys.mx\\\/noticias\\\/#website\",\"url\":\"https:\\\/\\\/www.cetys.mx\\\/noticias\\\/\",\"name\":\"CETYS\",\"description\":\"\",\"potentialAction\":[{\"@type\":\"SearchAction\",\"target\":{\"@type\":\"EntryPoint\",\"urlTemplate\":\"https:\\\/\\\/www.cetys.mx\\\/noticias\\\/?s={search_term_string}\"},\"query-input\":{\"@type\":\"PropertyValueSpecification\",\"valueRequired\":true,\"valueName\":\"search_term_string\"}}],\"inLanguage\":\"es\"},{\"@type\":\"Person\",\"@id\":\"https:\\\/\\\/www.cetys.mx\\\/noticias\\\/#\\\/schema\\\/person\\\/e790051ce60e18ae47cfa87011c8653f\",\"name\":\"Campus Tijuana\",\"url\":\"https:\\\/\\\/www.cetys.mx\\\/noticias\\\/author\\\/campustijuana\\\/\"}]}<\/script>\n<!-- \/ Yoast SEO plugin. -->","yoast_head_json":{"title":"Realiza CETYS Tijuana conferencias de San Valent\u00edn - CETYS","description":"Articulo sobre Realiza CETYS Tijuana conferencias de San Valent\u00edn","robots":{"index":"index","follow":"follow","max-snippet":"max-snippet:-1","max-image-preview":"max-image-preview:large","max-video-preview":"max-video-preview:-1"},"canonical":"https:\/\/www.cetys.mx\/noticias\/realiza-cetys-tijuana-conferencias-de-san-valentin\/","og_locale":"es_MX","og_type":"article","og_title":"Realiza CETYS Tijuana conferencias de San Valent\u00edn - CETYS","og_description":"Articulo sobre Realiza CETYS Tijuana conferencias de San Valent\u00edn","og_url":"https:\/\/www.cetys.mx\/noticias\/realiza-cetys-tijuana-conferencias-de-san-valentin\/","og_site_name":"CETYS","article_publisher":"https:\/\/www.facebook.com\/cetysuniversidadmxl\/","article_published_time":"2022-02-17T02:18:04+00:00","og_image":[{"width":958,"height":637,"url":"https:\/\/www.cetys.mx\/noticias\/wp-content\/uploads\/2022\/02\/conferencia-san-valentin-programa-salud-mental.png","type":"image\/png"}],"author":"Campus Tijuana","twitter_card":"summary_large_image","twitter_creator":"@cetysuni","twitter_site":"@cetysuni","twitter_misc":{"Escrito por":"Campus Tijuana","Tiempo de lectura":"1 minuto"},"schema":{"@context":"https:\/\/schema.org","@graph":[{"@type":"Article","@id":"https:\/\/www.cetys.mx\/noticias\/realiza-cetys-tijuana-conferencias-de-san-valentin\/#article","isPartOf":{"@id":"https:\/\/www.cetys.mx\/noticias\/realiza-cetys-tijuana-conferencias-de-san-valentin\/"},"author":{"name":"Campus Tijuana","@id":"https:\/\/www.cetys.mx\/noticias\/#\/schema\/person\/e790051ce60e18ae47cfa87011c8653f"},"headline":"Realiza CETYS Tijuana conferencias de San Valent\u00edn","datePublished":"2022-02-17T02:18:04+00:00","mainEntityOfPage":{"@id":"https:\/\/www.cetys.mx\/noticias\/realiza-cetys-tijuana-conferencias-de-san-valentin\/"},"wordCount":221,"commentCount":0,"image":{"@id":"https:\/\/www.cetys.mx\/noticias\/realiza-cetys-tijuana-conferencias-de-san-valentin\/#primaryimage"},"thumbnailUrl":"https:\/\/www.cetys.mx\/noticias\/wp-content\/uploads\/2022\/02\/conferencia-san-valentin-programa-salud-mental.png","keywords":["Bienestar Integral"],"articleSection":["Campus Tijuana","VoCETYS"],"inLanguage":"es","potentialAction":[{"@type":"CommentAction","name":"Comment","target":["https:\/\/www.cetys.mx\/noticias\/realiza-cetys-tijuana-conferencias-de-san-valentin\/#respond"]}]},{"@type":"WebPage","@id":"https:\/\/www.cetys.mx\/noticias\/realiza-cetys-tijuana-conferencias-de-san-valentin\/","url":"https:\/\/www.cetys.mx\/noticias\/realiza-cetys-tijuana-conferencias-de-san-valentin\/","name":"Realiza CETYS Tijuana conferencias de San Valent\u00edn - CETYS","isPartOf":{"@id":"https:\/\/www.cetys.mx\/noticias\/#website"},"primaryImageOfPage":{"@id":"https:\/\/www.cetys.mx\/noticias\/realiza-cetys-tijuana-conferencias-de-san-valentin\/#primaryimage"},"image":{"@id":"https:\/\/www.cetys.mx\/noticias\/realiza-cetys-tijuana-conferencias-de-san-valentin\/#primaryimage"},"thumbnailUrl":"https:\/\/www.cetys.mx\/noticias\/wp-content\/uploads\/2022\/02\/conferencia-san-valentin-programa-salud-mental.png","datePublished":"2022-02-17T02:18:04+00:00","author":{"@id":"https:\/\/www.cetys.mx\/noticias\/#\/schema\/person\/e790051ce60e18ae47cfa87011c8653f"},"description":"Articulo sobre Realiza CETYS Tijuana conferencias de San Valent\u00edn","breadcrumb":{"@id":"https:\/\/www.cetys.mx\/noticias\/realiza-cetys-tijuana-conferencias-de-san-valentin\/#breadcrumb"},"inLanguage":"es","potentialAction":[{"@type":"ReadAction","target":["https:\/\/www.cetys.mx\/noticias\/realiza-cetys-tijuana-conferencias-de-san-valentin\/"]}]},{"@type":"ImageObject","inLanguage":"es","@id":"https:\/\/www.cetys.mx\/noticias\/realiza-cetys-tijuana-conferencias-de-san-valentin\/#primaryimage","url":"https:\/\/www.cetys.mx\/noticias\/wp-content\/uploads\/2022\/02\/conferencia-san-valentin-programa-salud-mental.png","contentUrl":"https:\/\/www.cetys.mx\/noticias\/wp-content\/uploads\/2022\/02\/conferencia-san-valentin-programa-salud-mental.png","width":958,"height":637},{"@type":"BreadcrumbList","@id":"https:\/\/www.cetys.mx\/noticias\/realiza-cetys-tijuana-conferencias-de-san-valentin\/#breadcrumb","itemListElement":[{"@type":"ListItem","position":1,"name":"Inicio","item":"https:\/\/www.cetys.mx\/noticias\/"},{"@type":"ListItem","position":2,"name":"Realiza CETYS Tijuana conferencias de San Valent\u00edn"}]},{"@type":"WebSite","@id":"https:\/\/www.cetys.mx\/noticias\/#website","url":"https:\/\/www.cetys.mx\/noticias\/","name":"CETYS","description":"","potentialAction":[{"@type":"SearchAction","target":{"@type":"EntryPoint","urlTemplate":"https:\/\/www.cetys.mx\/noticias\/?s={search_term_string}"},"query-input":{"@type":"PropertyValueSpecification","valueRequired":true,"valueName":"search_term_string"}}],"inLanguage":"es"},{"@type":"Person","@id":"https:\/\/www.cetys.mx\/noticias\/#\/schema\/person\/e790051ce60e18ae47cfa87011c8653f","name":"Campus Tijuana","url":"https:\/\/www.cetys.mx\/noticias\/author\/campustijuana\/"}]}},"_links":{"self":[{"href":"https:\/\/www.cetys.mx\/noticias\/wp-json\/wp\/v2\/posts\/161780","targetHints":{"allow":["GET"]}}],"collection":[{"href":"https:\/\/www.cetys.mx\/noticias\/wp-json\/wp\/v2\/posts"}],"about":[{"href":"https:\/\/www.cetys.mx\/noticias\/wp-json\/wp\/v2\/types\/post"}],"author":[{"embeddable":true,"href":"https:\/\/www.cetys.mx\/noticias\/wp-json\/wp\/v2\/users\/24"}],"replies":[{"embeddable":true,"href":"https:\/\/www.cetys.mx\/noticias\/wp-json\/wp\/v2\/comments?post=161780"}],"version-history":[{"count":1,"href":"https:\/\/www.cetys.mx\/noticias\/wp-json\/wp\/v2\/posts\/161780\/revisions"}],"predecessor-version":[{"id":161785,"href":"https:\/\/www.cetys.mx\/noticias\/wp-json\/wp\/v2\/posts\/161780\/revisions\/161785"}],"wp:featuredmedia":[{"embeddable":true,"href":"https:\/\/www.cetys.mx\/noticias\/wp-json\/wp\/v2\/media\/161781"}],"wp:attachment":[{"href":"https:\/\/www.cetys.mx\/noticias\/wp-json\/wp\/v2\/media?parent=161780"}],"wp:term":[{"taxonomy":"category","embeddable":true,"href":"https:\/\/www.cetys.mx\/noticias\/wp-json\/wp\/v2\/categories?post=161780"},{"taxonomy":"post_tag","embeddable":true,"href":"https:\/\/www.cetys.mx\/noticias\/wp-json\/wp\/v2\/tags?post=161780"}],"curies":[{"name":"wp","href":"https:\/\/api.w.org\/{rel}","templated":true}]}}