{"id":160708,"date":"2021-12-14T16:04:16","date_gmt":"2021-12-15T00:04:16","guid":{"rendered":"https:\/\/www.cetys.mx\/noticias\/?p=160708"},"modified":"2022-01-06T09:25:42","modified_gmt":"2022-01-06T17:25:42","slug":"cetys-cevit-oiv","status":"publish","type":"post","link":"https:\/\/www.cetys.mx\/noticias\/cetys-cevit-oiv\/","title":{"rendered":"Francisco N\u00fa\u00f1ez se integra a la Organizaci\u00f3n Internacional de la Vi\u00f1a y el Vino"},"content":{"rendered":"<p style=\"text-align: justify;\"><span style=\"font-weight: 400;\">El <strong>Dr. Francisco Alberto N\u00fa\u00f1ez Tapia<\/strong>, <strong>profesor-investigador en el Colegio de Ciencias Sociales y Humanidades<\/strong> de <a href=\"http:\/\/www.cetys.mx\">CETYS Universidad<\/a>, e investigador asociado al <a href=\"https:\/\/www.facebook.com\/cevit.bc1\/\">CEVIT<\/a>, fue elegido por el <a href=\"https:\/\/uvayvino.org.mx\/\">Consejo Mexicano Vitivin\u00edcola y la Secretar\u00eda de Agricultura y Desarrollo Rural<\/a> (SADER) para integrarse a las actividades del Grupo de Expertos que representan a M\u00e9xico ante la <a href=\"https:\/\/www.oiv.int\/es\/organizacion-internacional-de-la-vina-y-el-vino\">Organizaci\u00f3n Internacional de la Vi\u00f1a y el Vino (OIV),<\/a> grupo que tiene como objetivo fundamental apoyar el desarrollo del sector vitivin\u00edcola mexicano.<\/span><\/p>\n<p style=\"text-align: justify;\"><span style=\"font-weight: 400;\">El Dr. N\u00fa\u00f1ez Tapia formar\u00e1 parte de la Comisi\u00f3n de Econom\u00eda (ECO) as\u00ed como de la Comisi\u00f3n de Salud y Seguridad (SECUAL), en la cual abordar\u00e1 distintos temas con un enfoque desde las ciencias sociales relativos al desarrollo productivo vin\u00edcola de Baja California y su expansi\u00f3n en el territorio nacional como en el \u00e1mbito internacional; tambi\u00e9n los diferentes procesos y retos a los que se enfrentan las industrias vitivin\u00edcolas de la regi\u00f3n, como el aseguramiento del agua ante el crecimiento comercial suscitado en los valles\u00a0 vin\u00edcolas de Ensenada.\u00a0<\/span><\/p>\n<p style=\"text-align: justify;\"><span style=\"font-weight: 400;\">Asimismo, el Dr. N\u00fa\u00f1ez Tapia buscar\u00e1 aportar, junto al trabajo en equipo con otros investigadores expertos, al desarrollo de investigaci\u00f3n en temas hist\u00f3ricos y del patrimonio industrial del sector vitivin\u00edcola mexicano, caso que ha venido trabajando y documentando en los \u00faltimos 5 a\u00f1os. Este es el caso de Baja California,\u00a0<\/span><span style=\"font-weight: 400;\">\u00a0por ser una de las entidades m\u00e1s recientes en conformarse y poblarse en la naci\u00f3n, en comparaci\u00f3n con otras\u00a0<\/span><span style=\"font-weight: 400;\">de la Rep\u00fablica Mexicana, no se le da la importancia a los restos de estas industrias que poseen un valor social, hist\u00f3rico, tecnol\u00f3gico, arquitect\u00f3nico y cient\u00edfico en la regi\u00f3n.<\/span><\/p>\n<blockquote>\n<p style=\"text-align: justify;\"><span style=\"font-weight: 400;\">\u201cEl pertenecer al Grupo de Expertos de la OIV es una excelente oportunidad para CETYS Universidad y el CEVIT, se involucren y participen en foros y proyectos nacionales e internacionales, a la vez que, mediante esta plataforma, desde nuestra instituci\u00f3n podamos sumar y contribuir a la generaci\u00f3n de di\u00e1logos que aporten un mayor conocimiento y difusi\u00f3n de la cultura e historia enol\u00f3gica de M\u00e9xico\u201d <\/span><span style=\"font-weight: 400;\">coment\u00f3 el Dr. N\u00fa\u00f1ez Tapia.<\/span><\/p>\n<\/blockquote>\n","protected":false},"excerpt":{"rendered":"<p>El Dr. Francisco Alberto N\u00fa\u00f1ez Tapia, profesor-investigador en el Colegio de Ciencias Sociales y Humanidades de CETYS Universidad, e investigador asociado al&#8230;<\/p>\n","protected":false},"author":26,"featured_media":160709,"comment_status":"open","ping_status":"closed","sticky":false,"template":"","format":"standard","meta":{"footnotes":""},"categories":[5681,209,3656,125],"tags":[5682,4650],"class_list":["post-160708","post","type-post","status-publish","format-standard","has-post-thumbnail","hentry","category-cevit","category-institucional","category-investigacion","category-portada","tag-investigacion-vitivinicola","tag-vino"],"yoast_head":"<!-- This site is optimized with the Yoast SEO plugin v27.4 - https:\/\/yoast.com\/product\/yoast-seo-wordpress\/ -->\n<title>Francisco N\u00fa\u00f1ez se integra a la Organizaci\u00f3n Internacional de la Vi\u00f1a y el Vino - CEVIT - CETYS<\/title>\n<meta name=\"description\" content=\"El Dr. Francisco Alberto N\u00fa\u00f1ez Tapia, profesor-investigador de CETYS y CEVIT se integra a la Organizaci\u00f3n Internacional de la Vi\u00f1a y el Vino (OIV).\" \/>\n<meta name=\"robots\" content=\"index, follow, max-snippet:-1, max-image-preview:large, max-video-preview:-1\" \/>\n<link rel=\"canonical\" href=\"https:\/\/www.cetys.mx\/noticias\/cetys-cevit-oiv\/\" \/>\n<meta property=\"og:locale\" content=\"es_MX\" \/>\n<meta property=\"og:type\" content=\"article\" \/>\n<meta property=\"og:title\" content=\"Francisco N\u00fa\u00f1ez se integra a la Organizaci\u00f3n Internacional de la Vi\u00f1a y el Vino - CEVIT - CETYS\" \/>\n<meta property=\"og:description\" content=\"El Dr. Francisco Alberto N\u00fa\u00f1ez Tapia, profesor-investigador de CETYS y CEVIT se integra a la Organizaci\u00f3n Internacional de la Vi\u00f1a y el Vino (OIV).\" \/>\n<meta property=\"og:url\" content=\"https:\/\/www.cetys.mx\/noticias\/cetys-cevit-oiv\/\" \/>\n<meta property=\"og:site_name\" content=\"CETYS\" \/>\n<meta property=\"article:publisher\" content=\"https:\/\/www.facebook.com\/cetysuniversidadmxl\/\" \/>\n<meta property=\"article:published_time\" content=\"2021-12-15T00:04:16+00:00\" \/>\n<meta property=\"article:modified_time\" content=\"2022-01-06T17:25:42+00:00\" \/>\n<meta property=\"og:image\" content=\"https:\/\/www.cetys.mx\/noticias\/wp-content\/uploads\/2021\/12\/CEVIT-2.jpg\" \/>\n\t<meta property=\"og:image:width\" content=\"958\" \/>\n\t<meta property=\"og:image:height\" content=\"637\" \/>\n\t<meta property=\"og:image:type\" content=\"image\/jpeg\" \/>\n<meta name=\"author\" content=\"CETYS Institucional\" \/>\n<meta name=\"twitter:card\" content=\"summary_large_image\" \/>\n<meta name=\"twitter:creator\" content=\"@cetysuni\" \/>\n<meta name=\"twitter:site\" content=\"@cetysuni\" \/>\n<meta name=\"twitter:label1\" content=\"Escrito por\" \/>\n\t<meta name=\"twitter:data1\" content=\"CETYS Institucional\" \/>\n\t<meta name=\"twitter:label2\" content=\"Tiempo de lectura\" \/>\n\t<meta name=\"twitter:data2\" content=\"2 minutos\" \/>\n<script type=\"application\/ld+json\" class=\"yoast-schema-graph\">{\"@context\":\"https:\\\/\\\/schema.org\",\"@graph\":[{\"@type\":\"Article\",\"@id\":\"https:\\\/\\\/www.cetys.mx\\\/noticias\\\/cetys-cevit-oiv\\\/#article\",\"isPartOf\":{\"@id\":\"https:\\\/\\\/www.cetys.mx\\\/noticias\\\/cetys-cevit-oiv\\\/\"},\"author\":{\"name\":\"CETYS Institucional\",\"@id\":\"https:\\\/\\\/www.cetys.mx\\\/noticias\\\/#\\\/schema\\\/person\\\/e9d2b35265b64aa454df57a2828eb2ac\"},\"headline\":\"Francisco N\u00fa\u00f1ez se integra a la Organizaci\u00f3n Internacional de la Vi\u00f1a y el Vino\",\"datePublished\":\"2021-12-15T00:04:16+00:00\",\"dateModified\":\"2022-01-06T17:25:42+00:00\",\"mainEntityOfPage\":{\"@id\":\"https:\\\/\\\/www.cetys.mx\\\/noticias\\\/cetys-cevit-oiv\\\/\"},\"wordCount\":385,\"commentCount\":0,\"image\":{\"@id\":\"https:\\\/\\\/www.cetys.mx\\\/noticias\\\/cetys-cevit-oiv\\\/#primaryimage\"},\"thumbnailUrl\":\"https:\\\/\\\/www.cetys.mx\\\/noticias\\\/wp-content\\\/uploads\\\/2021\\\/12\\\/CEVIT-2.jpg\",\"keywords\":[\"Investigaci\u00f3n Vitivin\u00edcola\",\"vino\"],\"articleSection\":[\"CEVIT\",\"Institucional\",\"Investigaci\u00f3n\",\"Portada\"],\"inLanguage\":\"es\",\"potentialAction\":[{\"@type\":\"CommentAction\",\"name\":\"Comment\",\"target\":[\"https:\\\/\\\/www.cetys.mx\\\/noticias\\\/cetys-cevit-oiv\\\/#respond\"]}]},{\"@type\":\"WebPage\",\"@id\":\"https:\\\/\\\/www.cetys.mx\\\/noticias\\\/cetys-cevit-oiv\\\/\",\"url\":\"https:\\\/\\\/www.cetys.mx\\\/noticias\\\/cetys-cevit-oiv\\\/\",\"name\":\"Francisco N\u00fa\u00f1ez se integra a la Organizaci\u00f3n Internacional de la Vi\u00f1a y el Vino - CEVIT - CETYS\",\"isPartOf\":{\"@id\":\"https:\\\/\\\/www.cetys.mx\\\/noticias\\\/#website\"},\"primaryImageOfPage\":{\"@id\":\"https:\\\/\\\/www.cetys.mx\\\/noticias\\\/cetys-cevit-oiv\\\/#primaryimage\"},\"image\":{\"@id\":\"https:\\\/\\\/www.cetys.mx\\\/noticias\\\/cetys-cevit-oiv\\\/#primaryimage\"},\"thumbnailUrl\":\"https:\\\/\\\/www.cetys.mx\\\/noticias\\\/wp-content\\\/uploads\\\/2021\\\/12\\\/CEVIT-2.jpg\",\"datePublished\":\"2021-12-15T00:04:16+00:00\",\"dateModified\":\"2022-01-06T17:25:42+00:00\",\"author\":{\"@id\":\"https:\\\/\\\/www.cetys.mx\\\/noticias\\\/#\\\/schema\\\/person\\\/e9d2b35265b64aa454df57a2828eb2ac\"},\"description\":\"El Dr. Francisco Alberto N\u00fa\u00f1ez Tapia, profesor-investigador de CETYS y CEVIT se integra a la Organizaci\u00f3n Internacional de la Vi\u00f1a y el Vino (OIV).\",\"breadcrumb\":{\"@id\":\"https:\\\/\\\/www.cetys.mx\\\/noticias\\\/cetys-cevit-oiv\\\/#breadcrumb\"},\"inLanguage\":\"es\",\"potentialAction\":[{\"@type\":\"ReadAction\",\"target\":[\"https:\\\/\\\/www.cetys.mx\\\/noticias\\\/cetys-cevit-oiv\\\/\"]}]},{\"@type\":\"ImageObject\",\"inLanguage\":\"es\",\"@id\":\"https:\\\/\\\/www.cetys.mx\\\/noticias\\\/cetys-cevit-oiv\\\/#primaryimage\",\"url\":\"https:\\\/\\\/www.cetys.mx\\\/noticias\\\/wp-content\\\/uploads\\\/2021\\\/12\\\/CEVIT-2.jpg\",\"contentUrl\":\"https:\\\/\\\/www.cetys.mx\\\/noticias\\\/wp-content\\\/uploads\\\/2021\\\/12\\\/CEVIT-2.jpg\",\"width\":958,\"height\":637},{\"@type\":\"BreadcrumbList\",\"@id\":\"https:\\\/\\\/www.cetys.mx\\\/noticias\\\/cetys-cevit-oiv\\\/#breadcrumb\",\"itemListElement\":[{\"@type\":\"ListItem\",\"position\":1,\"name\":\"Inicio\",\"item\":\"https:\\\/\\\/www.cetys.mx\\\/noticias\\\/\"},{\"@type\":\"ListItem\",\"position\":2,\"name\":\"Francisco N\u00fa\u00f1ez se integra a la Organizaci\u00f3n Internacional de la Vi\u00f1a y el Vino\"}]},{\"@type\":\"WebSite\",\"@id\":\"https:\\\/\\\/www.cetys.mx\\\/noticias\\\/#website\",\"url\":\"https:\\\/\\\/www.cetys.mx\\\/noticias\\\/\",\"name\":\"CETYS\",\"description\":\"\",\"potentialAction\":[{\"@type\":\"SearchAction\",\"target\":{\"@type\":\"EntryPoint\",\"urlTemplate\":\"https:\\\/\\\/www.cetys.mx\\\/noticias\\\/?s={search_term_string}\"},\"query-input\":{\"@type\":\"PropertyValueSpecification\",\"valueRequired\":true,\"valueName\":\"search_term_string\"}}],\"inLanguage\":\"es\"},{\"@type\":\"Person\",\"@id\":\"https:\\\/\\\/www.cetys.mx\\\/noticias\\\/#\\\/schema\\\/person\\\/e9d2b35265b64aa454df57a2828eb2ac\",\"name\":\"CETYS Institucional\",\"url\":\"https:\\\/\\\/www.cetys.mx\\\/noticias\\\/author\\\/cetysinstitucional\\\/\"}]}<\/script>\n<!-- \/ Yoast SEO plugin. -->","yoast_head_json":{"title":"Francisco N\u00fa\u00f1ez se integra a la Organizaci\u00f3n Internacional de la Vi\u00f1a y el Vino - CEVIT - CETYS","description":"El Dr. Francisco Alberto N\u00fa\u00f1ez Tapia, profesor-investigador de CETYS y CEVIT se integra a la Organizaci\u00f3n Internacional de la Vi\u00f1a y el Vino (OIV).","robots":{"index":"index","follow":"follow","max-snippet":"max-snippet:-1","max-image-preview":"max-image-preview:large","max-video-preview":"max-video-preview:-1"},"canonical":"https:\/\/www.cetys.mx\/noticias\/cetys-cevit-oiv\/","og_locale":"es_MX","og_type":"article","og_title":"Francisco N\u00fa\u00f1ez se integra a la Organizaci\u00f3n Internacional de la Vi\u00f1a y el Vino - CEVIT - CETYS","og_description":"El Dr. Francisco Alberto N\u00fa\u00f1ez Tapia, profesor-investigador de CETYS y CEVIT se integra a la Organizaci\u00f3n Internacional de la Vi\u00f1a y el Vino (OIV).","og_url":"https:\/\/www.cetys.mx\/noticias\/cetys-cevit-oiv\/","og_site_name":"CETYS","article_publisher":"https:\/\/www.facebook.com\/cetysuniversidadmxl\/","article_published_time":"2021-12-15T00:04:16+00:00","article_modified_time":"2022-01-06T17:25:42+00:00","og_image":[{"width":958,"height":637,"url":"https:\/\/www.cetys.mx\/noticias\/wp-content\/uploads\/2021\/12\/CEVIT-2.jpg","type":"image\/jpeg"}],"author":"CETYS Institucional","twitter_card":"summary_large_image","twitter_creator":"@cetysuni","twitter_site":"@cetysuni","twitter_misc":{"Escrito por":"CETYS Institucional","Tiempo de lectura":"2 minutos"},"schema":{"@context":"https:\/\/schema.org","@graph":[{"@type":"Article","@id":"https:\/\/www.cetys.mx\/noticias\/cetys-cevit-oiv\/#article","isPartOf":{"@id":"https:\/\/www.cetys.mx\/noticias\/cetys-cevit-oiv\/"},"author":{"name":"CETYS Institucional","@id":"https:\/\/www.cetys.mx\/noticias\/#\/schema\/person\/e9d2b35265b64aa454df57a2828eb2ac"},"headline":"Francisco N\u00fa\u00f1ez se integra a la Organizaci\u00f3n Internacional de la Vi\u00f1a y el Vino","datePublished":"2021-12-15T00:04:16+00:00","dateModified":"2022-01-06T17:25:42+00:00","mainEntityOfPage":{"@id":"https:\/\/www.cetys.mx\/noticias\/cetys-cevit-oiv\/"},"wordCount":385,"commentCount":0,"image":{"@id":"https:\/\/www.cetys.mx\/noticias\/cetys-cevit-oiv\/#primaryimage"},"thumbnailUrl":"https:\/\/www.cetys.mx\/noticias\/wp-content\/uploads\/2021\/12\/CEVIT-2.jpg","keywords":["Investigaci\u00f3n Vitivin\u00edcola","vino"],"articleSection":["CEVIT","Institucional","Investigaci\u00f3n","Portada"],"inLanguage":"es","potentialAction":[{"@type":"CommentAction","name":"Comment","target":["https:\/\/www.cetys.mx\/noticias\/cetys-cevit-oiv\/#respond"]}]},{"@type":"WebPage","@id":"https:\/\/www.cetys.mx\/noticias\/cetys-cevit-oiv\/","url":"https:\/\/www.cetys.mx\/noticias\/cetys-cevit-oiv\/","name":"Francisco N\u00fa\u00f1ez se integra a la Organizaci\u00f3n Internacional de la Vi\u00f1a y el Vino - CEVIT - CETYS","isPartOf":{"@id":"https:\/\/www.cetys.mx\/noticias\/#website"},"primaryImageOfPage":{"@id":"https:\/\/www.cetys.mx\/noticias\/cetys-cevit-oiv\/#primaryimage"},"image":{"@id":"https:\/\/www.cetys.mx\/noticias\/cetys-cevit-oiv\/#primaryimage"},"thumbnailUrl":"https:\/\/www.cetys.mx\/noticias\/wp-content\/uploads\/2021\/12\/CEVIT-2.jpg","datePublished":"2021-12-15T00:04:16+00:00","dateModified":"2022-01-06T17:25:42+00:00","author":{"@id":"https:\/\/www.cetys.mx\/noticias\/#\/schema\/person\/e9d2b35265b64aa454df57a2828eb2ac"},"description":"El Dr. Francisco Alberto N\u00fa\u00f1ez Tapia, profesor-investigador de CETYS y CEVIT se integra a la Organizaci\u00f3n Internacional de la Vi\u00f1a y el Vino (OIV).","breadcrumb":{"@id":"https:\/\/www.cetys.mx\/noticias\/cetys-cevit-oiv\/#breadcrumb"},"inLanguage":"es","potentialAction":[{"@type":"ReadAction","target":["https:\/\/www.cetys.mx\/noticias\/cetys-cevit-oiv\/"]}]},{"@type":"ImageObject","inLanguage":"es","@id":"https:\/\/www.cetys.mx\/noticias\/cetys-cevit-oiv\/#primaryimage","url":"https:\/\/www.cetys.mx\/noticias\/wp-content\/uploads\/2021\/12\/CEVIT-2.jpg","contentUrl":"https:\/\/www.cetys.mx\/noticias\/wp-content\/uploads\/2021\/12\/CEVIT-2.jpg","width":958,"height":637},{"@type":"BreadcrumbList","@id":"https:\/\/www.cetys.mx\/noticias\/cetys-cevit-oiv\/#breadcrumb","itemListElement":[{"@type":"ListItem","position":1,"name":"Inicio","item":"https:\/\/www.cetys.mx\/noticias\/"},{"@type":"ListItem","position":2,"name":"Francisco N\u00fa\u00f1ez se integra a la Organizaci\u00f3n Internacional de la Vi\u00f1a y el Vino"}]},{"@type":"WebSite","@id":"https:\/\/www.cetys.mx\/noticias\/#website","url":"https:\/\/www.cetys.mx\/noticias\/","name":"CETYS","description":"","potentialAction":[{"@type":"SearchAction","target":{"@type":"EntryPoint","urlTemplate":"https:\/\/www.cetys.mx\/noticias\/?s={search_term_string}"},"query-input":{"@type":"PropertyValueSpecification","valueRequired":true,"valueName":"search_term_string"}}],"inLanguage":"es"},{"@type":"Person","@id":"https:\/\/www.cetys.mx\/noticias\/#\/schema\/person\/e9d2b35265b64aa454df57a2828eb2ac","name":"CETYS Institucional","url":"https:\/\/www.cetys.mx\/noticias\/author\/cetysinstitucional\/"}]}},"_links":{"self":[{"href":"https:\/\/www.cetys.mx\/noticias\/wp-json\/wp\/v2\/posts\/160708","targetHints":{"allow":["GET"]}}],"collection":[{"href":"https:\/\/www.cetys.mx\/noticias\/wp-json\/wp\/v2\/posts"}],"about":[{"href":"https:\/\/www.cetys.mx\/noticias\/wp-json\/wp\/v2\/types\/post"}],"author":[{"embeddable":true,"href":"https:\/\/www.cetys.mx\/noticias\/wp-json\/wp\/v2\/users\/26"}],"replies":[{"embeddable":true,"href":"https:\/\/www.cetys.mx\/noticias\/wp-json\/wp\/v2\/comments?post=160708"}],"version-history":[{"count":1,"href":"https:\/\/www.cetys.mx\/noticias\/wp-json\/wp\/v2\/posts\/160708\/revisions"}],"predecessor-version":[{"id":160710,"href":"https:\/\/www.cetys.mx\/noticias\/wp-json\/wp\/v2\/posts\/160708\/revisions\/160710"}],"wp:featuredmedia":[{"embeddable":true,"href":"https:\/\/www.cetys.mx\/noticias\/wp-json\/wp\/v2\/media\/160709"}],"wp:attachment":[{"href":"https:\/\/www.cetys.mx\/noticias\/wp-json\/wp\/v2\/media?parent=160708"}],"wp:term":[{"taxonomy":"category","embeddable":true,"href":"https:\/\/www.cetys.mx\/noticias\/wp-json\/wp\/v2\/categories?post=160708"},{"taxonomy":"post_tag","embeddable":true,"href":"https:\/\/www.cetys.mx\/noticias\/wp-json\/wp\/v2\/tags?post=160708"}],"curies":[{"name":"wp","href":"https:\/\/api.w.org\/{rel}","templated":true}]}}