{"id":159389,"date":"2021-10-19T15:22:53","date_gmt":"2021-10-19T22:22:53","guid":{"rendered":"https:\/\/www.cetys.mx\/noticias\/?p=159389"},"modified":"2021-10-19T15:22:53","modified_gmt":"2021-10-19T22:22:53","slug":"cetys-crea-gran-liston-rosa-humano-en-el-marco-del-dia-mundial-contra-el-cancer-de-mama","status":"publish","type":"post","link":"https:\/\/www.cetys.mx\/noticias\/cetys-crea-gran-liston-rosa-humano-en-el-marco-del-dia-mundial-contra-el-cancer-de-mama\/","title":{"rendered":"CETYS crea gran list\u00f3n rosa humano en el marco del D\u00eda Mundial contra el C\u00e1ncer de Mama"},"content":{"rendered":"<p align=\"justify\">En el <em>D\u00eda Mundial contra el C\u00e1ncer de Mama<\/em>, <strong><a href=\"http:\/\/www.cetys.mx\">CETYS Universidad<\/a> Campus Tijuana<\/strong> promueve en su comunidad la concientizaci\u00f3n de este mal que trajo tan solo en M\u00e9xico, 7 mil 880 muertes en 2020.<\/p>\n<p align=\"justify\">Para visibilizar, desde 2015 realiza la tradicional fotograf\u00eda del List\u00f3n Rosa formado con los mismos estudiantes, docentes y empleados de la instituci\u00f3n educativa, todos portando prendas color rosa.<\/p>\n<blockquote>\n<p align=\"justify\">\u201cVestirnos de rosa simboliza la importancia de difundir y promover en la comunidad, el que se revisen, el que est\u00e9n al pendiente de su salud, el que se amen y velen por un mejor d\u00eda a d\u00eda. Pero tambi\u00e9n estar conscientes de que puede ocurrir a un familiar o un ser que amemos y tenemos que estar ah\u00ed apoyando para motivarlos a enfrentar esa dif\u00edcil situaci\u00f3n\u201d, comparti\u00f3 la Mtra. Jessica Ibarra Ramonet, Directora Zona Costa de CETYS.<\/p>\n<\/blockquote>\n<p align=\"justify\">Durante la semana, <strong>CETYS Universidad<\/strong> realiza diversas actividades en torno a la salud mental, tanto conferencias y talleres, siendo este uno de los temas que no pudieron faltar.<\/p>\n<p align=\"justify\">Cabe destacar que, es m\u00e1s frecuente este mal en mujeres menores de 40 a\u00f1os, De acuerdo con el IMSS el c\u00e1ncer de mama fue la principal neoplasia que presenta la poblaci\u00f3n mexicana de 20 a\u00f1os y m\u00e1s en 2012, 30.9%.<\/p>\n<p align=\"justify\">Por su parte, la Organizaci\u00f3n Mundial de la Salud (OMS) estima que cada a\u00f1o se detectan 1.38 millones de nuevos casos y fallecen 458 mil personas por esta causa. En Am\u00e9rica Latina y el Caribe el c\u00e1ncer de mama es m\u00e1s frecuente entre las mujeres. Para 2030 se estima que la cifra crecer\u00e1 46%.<\/p>\n<p align=\"justify\"><strong>Campa\u00f1a de apoyo a Asociaci\u00f3n Civil.<\/strong><\/p>\n<p align=\"justify\"><strong>CETYS<\/strong> seguir\u00e1 coadyuvando con la labor de la OMS y las distintas organizaciones internacionales y nacionales para la prevenci\u00f3n de la enfermedad. Por ello durante octubre realiza la venta de una sudadera <strong>CETYS Rosa<\/strong>, parte de lo recaudado ser\u00e1 destinado a beneficio de la asociaci\u00f3n civil \u201cMujeres por Mujeres\u201d, quienes brindan apoyo a mujeres y hombres que han sido diagnosticadas y diagnosticadas con este c\u00e1ncer de seno.<\/p>\n<p><iframe loading=\"lazy\" title=\"CETYS crea gran list\u00f3n rosa en el marco del D\u00eda Mundial contra el C\u00e1ncer de Mama\" width=\"500\" height=\"281\" src=\"https:\/\/www.youtube.com\/embed\/hBYJJmQuIyY?feature=oembed\" frameborder=\"0\" allow=\"accelerometer; autoplay; clipboard-write; encrypted-media; gyroscope; picture-in-picture; web-share\" referrerpolicy=\"strict-origin-when-cross-origin\" allowfullscreen><\/iframe><\/p>\n<p>&nbsp;<\/p>\n","protected":false},"excerpt":{"rendered":"<p>En el D\u00eda Mundial contra el C\u00e1ncer de Mama, CETYS Universidad Campus Tijuana promueve en su comunidad la concientizaci\u00f3n de este mal&#8230;<\/p>\n","protected":false},"author":24,"featured_media":159390,"comment_status":"open","ping_status":"closed","sticky":false,"template":"","format":"standard","meta":{"footnotes":""},"categories":[134,125,313],"tags":[297,1115,3963],"class_list":["post-159389","post","type-post","status-publish","format-standard","has-post-thumbnail","hentry","category-campus-tijuana","category-portada","category-vocetys-2","tag-campus-tijuana","tag-cancer-de-mama","tag-cetys-rosa"],"yoast_head":"<!-- This site is optimized with the Yoast SEO plugin v27.4 - https:\/\/yoast.com\/product\/yoast-seo-wordpress\/ -->\n<title>CETYS crea gran list\u00f3n rosa humano en el marco del D\u00eda Mundial contra el C\u00e1ncer de Mama - CETYS<\/title>\n<meta name=\"description\" content=\"Articulo sobre CETYS crea gran list\u00f3n rosa humano en el marco del D\u00eda Mundial contra el C\u00e1ncer de Mama\" \/>\n<meta name=\"robots\" content=\"index, follow, max-snippet:-1, max-image-preview:large, max-video-preview:-1\" \/>\n<link rel=\"canonical\" href=\"https:\/\/www.cetys.mx\/noticias\/cetys-crea-gran-liston-rosa-humano-en-el-marco-del-dia-mundial-contra-el-cancer-de-mama\/\" \/>\n<meta property=\"og:locale\" content=\"es_MX\" \/>\n<meta property=\"og:type\" content=\"article\" \/>\n<meta property=\"og:title\" content=\"CETYS crea gran list\u00f3n rosa humano en el marco del D\u00eda Mundial contra el C\u00e1ncer de Mama - CETYS\" \/>\n<meta property=\"og:description\" content=\"Articulo sobre CETYS crea gran list\u00f3n rosa humano en el marco del D\u00eda Mundial contra el C\u00e1ncer de Mama\" \/>\n<meta property=\"og:url\" content=\"https:\/\/www.cetys.mx\/noticias\/cetys-crea-gran-liston-rosa-humano-en-el-marco-del-dia-mundial-contra-el-cancer-de-mama\/\" \/>\n<meta property=\"og:site_name\" content=\"CETYS\" \/>\n<meta property=\"article:publisher\" content=\"https:\/\/www.facebook.com\/cetysuniversidadmxl\/\" \/>\n<meta property=\"article:published_time\" content=\"2021-10-19T22:22:53+00:00\" \/>\n<meta property=\"og:image\" content=\"https:\/\/www.cetys.mx\/noticias\/wp-content\/uploads\/2021\/10\/foto-liston-rosa-2021-e1634673045196.jpg\" \/>\n\t<meta property=\"og:image:width\" content=\"958\" \/>\n\t<meta property=\"og:image:height\" content=\"637\" \/>\n\t<meta property=\"og:image:type\" content=\"image\/jpeg\" \/>\n<meta name=\"author\" content=\"Campus Tijuana\" \/>\n<meta name=\"twitter:card\" content=\"summary_large_image\" \/>\n<meta name=\"twitter:creator\" content=\"@cetysuni\" \/>\n<meta name=\"twitter:site\" content=\"@cetysuni\" \/>\n<meta name=\"twitter:label1\" content=\"Escrito por\" \/>\n\t<meta name=\"twitter:data1\" content=\"Campus Tijuana\" \/>\n\t<meta name=\"twitter:label2\" content=\"Tiempo de lectura\" \/>\n\t<meta name=\"twitter:data2\" content=\"2 minutos\" \/>\n<script type=\"application\/ld+json\" class=\"yoast-schema-graph\">{\"@context\":\"https:\\\/\\\/schema.org\",\"@graph\":[{\"@type\":\"Article\",\"@id\":\"https:\\\/\\\/www.cetys.mx\\\/noticias\\\/cetys-crea-gran-liston-rosa-humano-en-el-marco-del-dia-mundial-contra-el-cancer-de-mama\\\/#article\",\"isPartOf\":{\"@id\":\"https:\\\/\\\/www.cetys.mx\\\/noticias\\\/cetys-crea-gran-liston-rosa-humano-en-el-marco-del-dia-mundial-contra-el-cancer-de-mama\\\/\"},\"author\":{\"name\":\"Campus Tijuana\",\"@id\":\"https:\\\/\\\/www.cetys.mx\\\/noticias\\\/#\\\/schema\\\/person\\\/e790051ce60e18ae47cfa87011c8653f\"},\"headline\":\"CETYS crea gran list\u00f3n rosa humano en el marco del D\u00eda Mundial contra el C\u00e1ncer de Mama\",\"datePublished\":\"2021-10-19T22:22:53+00:00\",\"mainEntityOfPage\":{\"@id\":\"https:\\\/\\\/www.cetys.mx\\\/noticias\\\/cetys-crea-gran-liston-rosa-humano-en-el-marco-del-dia-mundial-contra-el-cancer-de-mama\\\/\"},\"wordCount\":378,\"commentCount\":0,\"image\":{\"@id\":\"https:\\\/\\\/www.cetys.mx\\\/noticias\\\/cetys-crea-gran-liston-rosa-humano-en-el-marco-del-dia-mundial-contra-el-cancer-de-mama\\\/#primaryimage\"},\"thumbnailUrl\":\"https:\\\/\\\/www.cetys.mx\\\/noticias\\\/wp-content\\\/uploads\\\/2021\\\/10\\\/foto-liston-rosa-2021-e1634673045196.jpg\",\"keywords\":[\"Campus Tijuana\",\"C\u00e1ncer de Mama\",\"CETYS Rosa\"],\"articleSection\":[\"Campus Tijuana\",\"Portada\",\"VoCETYS\"],\"inLanguage\":\"es\",\"potentialAction\":[{\"@type\":\"CommentAction\",\"name\":\"Comment\",\"target\":[\"https:\\\/\\\/www.cetys.mx\\\/noticias\\\/cetys-crea-gran-liston-rosa-humano-en-el-marco-del-dia-mundial-contra-el-cancer-de-mama\\\/#respond\"]}]},{\"@type\":\"WebPage\",\"@id\":\"https:\\\/\\\/www.cetys.mx\\\/noticias\\\/cetys-crea-gran-liston-rosa-humano-en-el-marco-del-dia-mundial-contra-el-cancer-de-mama\\\/\",\"url\":\"https:\\\/\\\/www.cetys.mx\\\/noticias\\\/cetys-crea-gran-liston-rosa-humano-en-el-marco-del-dia-mundial-contra-el-cancer-de-mama\\\/\",\"name\":\"CETYS crea gran list\u00f3n rosa humano en el marco del D\u00eda Mundial contra el C\u00e1ncer de Mama - CETYS\",\"isPartOf\":{\"@id\":\"https:\\\/\\\/www.cetys.mx\\\/noticias\\\/#website\"},\"primaryImageOfPage\":{\"@id\":\"https:\\\/\\\/www.cetys.mx\\\/noticias\\\/cetys-crea-gran-liston-rosa-humano-en-el-marco-del-dia-mundial-contra-el-cancer-de-mama\\\/#primaryimage\"},\"image\":{\"@id\":\"https:\\\/\\\/www.cetys.mx\\\/noticias\\\/cetys-crea-gran-liston-rosa-humano-en-el-marco-del-dia-mundial-contra-el-cancer-de-mama\\\/#primaryimage\"},\"thumbnailUrl\":\"https:\\\/\\\/www.cetys.mx\\\/noticias\\\/wp-content\\\/uploads\\\/2021\\\/10\\\/foto-liston-rosa-2021-e1634673045196.jpg\",\"datePublished\":\"2021-10-19T22:22:53+00:00\",\"author\":{\"@id\":\"https:\\\/\\\/www.cetys.mx\\\/noticias\\\/#\\\/schema\\\/person\\\/e790051ce60e18ae47cfa87011c8653f\"},\"description\":\"Articulo sobre CETYS crea gran list\u00f3n rosa humano en el marco del D\u00eda Mundial contra el C\u00e1ncer de Mama\",\"breadcrumb\":{\"@id\":\"https:\\\/\\\/www.cetys.mx\\\/noticias\\\/cetys-crea-gran-liston-rosa-humano-en-el-marco-del-dia-mundial-contra-el-cancer-de-mama\\\/#breadcrumb\"},\"inLanguage\":\"es\",\"potentialAction\":[{\"@type\":\"ReadAction\",\"target\":[\"https:\\\/\\\/www.cetys.mx\\\/noticias\\\/cetys-crea-gran-liston-rosa-humano-en-el-marco-del-dia-mundial-contra-el-cancer-de-mama\\\/\"]}]},{\"@type\":\"ImageObject\",\"inLanguage\":\"es\",\"@id\":\"https:\\\/\\\/www.cetys.mx\\\/noticias\\\/cetys-crea-gran-liston-rosa-humano-en-el-marco-del-dia-mundial-contra-el-cancer-de-mama\\\/#primaryimage\",\"url\":\"https:\\\/\\\/www.cetys.mx\\\/noticias\\\/wp-content\\\/uploads\\\/2021\\\/10\\\/foto-liston-rosa-2021-e1634673045196.jpg\",\"contentUrl\":\"https:\\\/\\\/www.cetys.mx\\\/noticias\\\/wp-content\\\/uploads\\\/2021\\\/10\\\/foto-liston-rosa-2021-e1634673045196.jpg\",\"width\":958,\"height\":637},{\"@type\":\"BreadcrumbList\",\"@id\":\"https:\\\/\\\/www.cetys.mx\\\/noticias\\\/cetys-crea-gran-liston-rosa-humano-en-el-marco-del-dia-mundial-contra-el-cancer-de-mama\\\/#breadcrumb\",\"itemListElement\":[{\"@type\":\"ListItem\",\"position\":1,\"name\":\"Inicio\",\"item\":\"https:\\\/\\\/www.cetys.mx\\\/noticias\\\/\"},{\"@type\":\"ListItem\",\"position\":2,\"name\":\"CETYS crea gran list\u00f3n rosa humano en el marco del D\u00eda Mundial contra el C\u00e1ncer de Mama\"}]},{\"@type\":\"WebSite\",\"@id\":\"https:\\\/\\\/www.cetys.mx\\\/noticias\\\/#website\",\"url\":\"https:\\\/\\\/www.cetys.mx\\\/noticias\\\/\",\"name\":\"CETYS\",\"description\":\"\",\"potentialAction\":[{\"@type\":\"SearchAction\",\"target\":{\"@type\":\"EntryPoint\",\"urlTemplate\":\"https:\\\/\\\/www.cetys.mx\\\/noticias\\\/?s={search_term_string}\"},\"query-input\":{\"@type\":\"PropertyValueSpecification\",\"valueRequired\":true,\"valueName\":\"search_term_string\"}}],\"inLanguage\":\"es\"},{\"@type\":\"Person\",\"@id\":\"https:\\\/\\\/www.cetys.mx\\\/noticias\\\/#\\\/schema\\\/person\\\/e790051ce60e18ae47cfa87011c8653f\",\"name\":\"Campus Tijuana\",\"url\":\"https:\\\/\\\/www.cetys.mx\\\/noticias\\\/author\\\/campustijuana\\\/\"}]}<\/script>\n<!-- \/ Yoast SEO plugin. -->","yoast_head_json":{"title":"CETYS crea gran list\u00f3n rosa humano en el marco del D\u00eda Mundial contra el C\u00e1ncer de Mama - CETYS","description":"Articulo sobre CETYS crea gran list\u00f3n rosa humano en el marco del D\u00eda Mundial contra el C\u00e1ncer de Mama","robots":{"index":"index","follow":"follow","max-snippet":"max-snippet:-1","max-image-preview":"max-image-preview:large","max-video-preview":"max-video-preview:-1"},"canonical":"https:\/\/www.cetys.mx\/noticias\/cetys-crea-gran-liston-rosa-humano-en-el-marco-del-dia-mundial-contra-el-cancer-de-mama\/","og_locale":"es_MX","og_type":"article","og_title":"CETYS crea gran list\u00f3n rosa humano en el marco del D\u00eda Mundial contra el C\u00e1ncer de Mama - CETYS","og_description":"Articulo sobre CETYS crea gran list\u00f3n rosa humano en el marco del D\u00eda Mundial contra el C\u00e1ncer de Mama","og_url":"https:\/\/www.cetys.mx\/noticias\/cetys-crea-gran-liston-rosa-humano-en-el-marco-del-dia-mundial-contra-el-cancer-de-mama\/","og_site_name":"CETYS","article_publisher":"https:\/\/www.facebook.com\/cetysuniversidadmxl\/","article_published_time":"2021-10-19T22:22:53+00:00","og_image":[{"width":958,"height":637,"url":"https:\/\/www.cetys.mx\/noticias\/wp-content\/uploads\/2021\/10\/foto-liston-rosa-2021-e1634673045196.jpg","type":"image\/jpeg"}],"author":"Campus Tijuana","twitter_card":"summary_large_image","twitter_creator":"@cetysuni","twitter_site":"@cetysuni","twitter_misc":{"Escrito por":"Campus Tijuana","Tiempo de lectura":"2 minutos"},"schema":{"@context":"https:\/\/schema.org","@graph":[{"@type":"Article","@id":"https:\/\/www.cetys.mx\/noticias\/cetys-crea-gran-liston-rosa-humano-en-el-marco-del-dia-mundial-contra-el-cancer-de-mama\/#article","isPartOf":{"@id":"https:\/\/www.cetys.mx\/noticias\/cetys-crea-gran-liston-rosa-humano-en-el-marco-del-dia-mundial-contra-el-cancer-de-mama\/"},"author":{"name":"Campus Tijuana","@id":"https:\/\/www.cetys.mx\/noticias\/#\/schema\/person\/e790051ce60e18ae47cfa87011c8653f"},"headline":"CETYS crea gran list\u00f3n rosa humano en el marco del D\u00eda Mundial contra el C\u00e1ncer de Mama","datePublished":"2021-10-19T22:22:53+00:00","mainEntityOfPage":{"@id":"https:\/\/www.cetys.mx\/noticias\/cetys-crea-gran-liston-rosa-humano-en-el-marco-del-dia-mundial-contra-el-cancer-de-mama\/"},"wordCount":378,"commentCount":0,"image":{"@id":"https:\/\/www.cetys.mx\/noticias\/cetys-crea-gran-liston-rosa-humano-en-el-marco-del-dia-mundial-contra-el-cancer-de-mama\/#primaryimage"},"thumbnailUrl":"https:\/\/www.cetys.mx\/noticias\/wp-content\/uploads\/2021\/10\/foto-liston-rosa-2021-e1634673045196.jpg","keywords":["Campus Tijuana","C\u00e1ncer de Mama","CETYS Rosa"],"articleSection":["Campus Tijuana","Portada","VoCETYS"],"inLanguage":"es","potentialAction":[{"@type":"CommentAction","name":"Comment","target":["https:\/\/www.cetys.mx\/noticias\/cetys-crea-gran-liston-rosa-humano-en-el-marco-del-dia-mundial-contra-el-cancer-de-mama\/#respond"]}]},{"@type":"WebPage","@id":"https:\/\/www.cetys.mx\/noticias\/cetys-crea-gran-liston-rosa-humano-en-el-marco-del-dia-mundial-contra-el-cancer-de-mama\/","url":"https:\/\/www.cetys.mx\/noticias\/cetys-crea-gran-liston-rosa-humano-en-el-marco-del-dia-mundial-contra-el-cancer-de-mama\/","name":"CETYS crea gran list\u00f3n rosa humano en el marco del D\u00eda Mundial contra el C\u00e1ncer de Mama - CETYS","isPartOf":{"@id":"https:\/\/www.cetys.mx\/noticias\/#website"},"primaryImageOfPage":{"@id":"https:\/\/www.cetys.mx\/noticias\/cetys-crea-gran-liston-rosa-humano-en-el-marco-del-dia-mundial-contra-el-cancer-de-mama\/#primaryimage"},"image":{"@id":"https:\/\/www.cetys.mx\/noticias\/cetys-crea-gran-liston-rosa-humano-en-el-marco-del-dia-mundial-contra-el-cancer-de-mama\/#primaryimage"},"thumbnailUrl":"https:\/\/www.cetys.mx\/noticias\/wp-content\/uploads\/2021\/10\/foto-liston-rosa-2021-e1634673045196.jpg","datePublished":"2021-10-19T22:22:53+00:00","author":{"@id":"https:\/\/www.cetys.mx\/noticias\/#\/schema\/person\/e790051ce60e18ae47cfa87011c8653f"},"description":"Articulo sobre CETYS crea gran list\u00f3n rosa humano en el marco del D\u00eda Mundial contra el C\u00e1ncer de Mama","breadcrumb":{"@id":"https:\/\/www.cetys.mx\/noticias\/cetys-crea-gran-liston-rosa-humano-en-el-marco-del-dia-mundial-contra-el-cancer-de-mama\/#breadcrumb"},"inLanguage":"es","potentialAction":[{"@type":"ReadAction","target":["https:\/\/www.cetys.mx\/noticias\/cetys-crea-gran-liston-rosa-humano-en-el-marco-del-dia-mundial-contra-el-cancer-de-mama\/"]}]},{"@type":"ImageObject","inLanguage":"es","@id":"https:\/\/www.cetys.mx\/noticias\/cetys-crea-gran-liston-rosa-humano-en-el-marco-del-dia-mundial-contra-el-cancer-de-mama\/#primaryimage","url":"https:\/\/www.cetys.mx\/noticias\/wp-content\/uploads\/2021\/10\/foto-liston-rosa-2021-e1634673045196.jpg","contentUrl":"https:\/\/www.cetys.mx\/noticias\/wp-content\/uploads\/2021\/10\/foto-liston-rosa-2021-e1634673045196.jpg","width":958,"height":637},{"@type":"BreadcrumbList","@id":"https:\/\/www.cetys.mx\/noticias\/cetys-crea-gran-liston-rosa-humano-en-el-marco-del-dia-mundial-contra-el-cancer-de-mama\/#breadcrumb","itemListElement":[{"@type":"ListItem","position":1,"name":"Inicio","item":"https:\/\/www.cetys.mx\/noticias\/"},{"@type":"ListItem","position":2,"name":"CETYS crea gran list\u00f3n rosa humano en el marco del D\u00eda Mundial contra el C\u00e1ncer de Mama"}]},{"@type":"WebSite","@id":"https:\/\/www.cetys.mx\/noticias\/#website","url":"https:\/\/www.cetys.mx\/noticias\/","name":"CETYS","description":"","potentialAction":[{"@type":"SearchAction","target":{"@type":"EntryPoint","urlTemplate":"https:\/\/www.cetys.mx\/noticias\/?s={search_term_string}"},"query-input":{"@type":"PropertyValueSpecification","valueRequired":true,"valueName":"search_term_string"}}],"inLanguage":"es"},{"@type":"Person","@id":"https:\/\/www.cetys.mx\/noticias\/#\/schema\/person\/e790051ce60e18ae47cfa87011c8653f","name":"Campus Tijuana","url":"https:\/\/www.cetys.mx\/noticias\/author\/campustijuana\/"}]}},"_links":{"self":[{"href":"https:\/\/www.cetys.mx\/noticias\/wp-json\/wp\/v2\/posts\/159389","targetHints":{"allow":["GET"]}}],"collection":[{"href":"https:\/\/www.cetys.mx\/noticias\/wp-json\/wp\/v2\/posts"}],"about":[{"href":"https:\/\/www.cetys.mx\/noticias\/wp-json\/wp\/v2\/types\/post"}],"author":[{"embeddable":true,"href":"https:\/\/www.cetys.mx\/noticias\/wp-json\/wp\/v2\/users\/24"}],"replies":[{"embeddable":true,"href":"https:\/\/www.cetys.mx\/noticias\/wp-json\/wp\/v2\/comments?post=159389"}],"version-history":[{"count":1,"href":"https:\/\/www.cetys.mx\/noticias\/wp-json\/wp\/v2\/posts\/159389\/revisions"}],"predecessor-version":[{"id":159391,"href":"https:\/\/www.cetys.mx\/noticias\/wp-json\/wp\/v2\/posts\/159389\/revisions\/159391"}],"wp:featuredmedia":[{"embeddable":true,"href":"https:\/\/www.cetys.mx\/noticias\/wp-json\/wp\/v2\/media\/159390"}],"wp:attachment":[{"href":"https:\/\/www.cetys.mx\/noticias\/wp-json\/wp\/v2\/media?parent=159389"}],"wp:term":[{"taxonomy":"category","embeddable":true,"href":"https:\/\/www.cetys.mx\/noticias\/wp-json\/wp\/v2\/categories?post=159389"},{"taxonomy":"post_tag","embeddable":true,"href":"https:\/\/www.cetys.mx\/noticias\/wp-json\/wp\/v2\/tags?post=159389"}],"curies":[{"name":"wp","href":"https:\/\/api.w.org\/{rel}","templated":true}]}}