{"id":158955,"date":"2021-10-01T15:02:22","date_gmt":"2021-10-01T22:02:22","guid":{"rendered":"https:\/\/www.cetys.mx\/noticias\/?p=158955"},"modified":"2021-10-01T15:02:22","modified_gmt":"2021-10-01T22:02:22","slug":"videocolumna-estereotipos-erroneos-a-personas-adultas-mayores","status":"publish","type":"post","link":"https:\/\/www.cetys.mx\/noticias\/videocolumna-estereotipos-erroneos-a-personas-adultas-mayores\/","title":{"rendered":"Videocolumna: Estereotipos err\u00f3neos a personas adultas mayores"},"content":{"rendered":"<p>#Videocolumna#ExpertoCETYS #AdultosMayores Este 1 de octubre la ONU conmemora el D\u00eda de las Personas de Edad, por ello el Dr. Gustavo Morelos Padilla, Coordinador de la Maestr\u00eda en Gerontolog\u00eda Social de CETYS Universidad en Tijuana, comparte la siguiente reflexi\u00f3n<\/p>\n","protected":false},"excerpt":{"rendered":"<p>#Videocolumna#ExpertoCETYS #AdultosMayores Este 1 de octubre la ONU conmemora el D\u00eda de las Personas de Edad, por ello el Dr. Gustavo Morelos&#8230;<\/p>\n","protected":false},"author":24,"featured_media":158956,"comment_status":"open","ping_status":"closed","sticky":false,"template":"","format":"video","meta":{"footnotes":""},"categories":[147],"tags":[3784],"class_list":["post-158955","post","type-post","status-publish","format-video","has-post-thumbnail","hentry","category-video","tag-videocolumna","post_format-post-format-video"],"yoast_head":"<!-- This site is optimized with the Yoast SEO plugin v27.4 - https:\/\/yoast.com\/product\/yoast-seo-wordpress\/ -->\n<title>Videocolumna: Estereotipos err\u00f3neos a personas adultas mayores - CETYS<\/title>\n<meta name=\"description\" content=\"Articulo sobre Videocolumna: Estereotipos err\u00f3neos a personas adultas mayores\" \/>\n<meta name=\"robots\" content=\"index, follow, max-snippet:-1, max-image-preview:large, max-video-preview:-1\" \/>\n<link rel=\"canonical\" href=\"https:\/\/www.cetys.mx\/noticias\/videocolumna-estereotipos-erroneos-a-personas-adultas-mayores\/\" \/>\n<meta property=\"og:locale\" content=\"es_MX\" \/>\n<meta property=\"og:type\" content=\"article\" \/>\n<meta property=\"og:title\" content=\"Videocolumna: Estereotipos err\u00f3neos a personas adultas mayores - CETYS\" \/>\n<meta property=\"og:description\" content=\"Articulo sobre Videocolumna: Estereotipos err\u00f3neos a personas adultas mayores\" \/>\n<meta property=\"og:url\" content=\"https:\/\/www.cetys.mx\/noticias\/videocolumna-estereotipos-erroneos-a-personas-adultas-mayores\/\" \/>\n<meta property=\"og:site_name\" content=\"CETYS\" \/>\n<meta property=\"article:publisher\" content=\"https:\/\/www.facebook.com\/cetysuniversidadmxl\/\" \/>\n<meta property=\"article:published_time\" content=\"2021-10-01T22:02:22+00:00\" \/>\n<meta property=\"og:image\" content=\"https:\/\/www.cetys.mx\/noticias\/wp-content\/uploads\/2021\/10\/videocolumna-e1633125499361.jpg\" \/>\n\t<meta property=\"og:image:width\" content=\"1139\" \/>\n\t<meta property=\"og:image:height\" content=\"604\" \/>\n\t<meta property=\"og:image:type\" content=\"image\/jpeg\" \/>\n<meta name=\"author\" content=\"Campus Tijuana\" \/>\n<meta name=\"twitter:card\" content=\"summary_large_image\" \/>\n<meta name=\"twitter:creator\" content=\"@cetysuni\" \/>\n<meta name=\"twitter:site\" content=\"@cetysuni\" \/>\n<meta name=\"twitter:label1\" content=\"Escrito por\" \/>\n\t<meta name=\"twitter:data1\" content=\"Campus Tijuana\" \/>\n<script type=\"application\/ld+json\" class=\"yoast-schema-graph\">{\"@context\":\"https:\\\/\\\/schema.org\",\"@graph\":[{\"@type\":\"Article\",\"@id\":\"https:\\\/\\\/www.cetys.mx\\\/noticias\\\/videocolumna-estereotipos-erroneos-a-personas-adultas-mayores\\\/#article\",\"isPartOf\":{\"@id\":\"https:\\\/\\\/www.cetys.mx\\\/noticias\\\/videocolumna-estereotipos-erroneos-a-personas-adultas-mayores\\\/\"},\"author\":{\"name\":\"Campus Tijuana\",\"@id\":\"https:\\\/\\\/www.cetys.mx\\\/noticias\\\/#\\\/schema\\\/person\\\/e790051ce60e18ae47cfa87011c8653f\"},\"headline\":\"Videocolumna: Estereotipos err\u00f3neos a personas adultas mayores\",\"datePublished\":\"2021-10-01T22:02:22+00:00\",\"mainEntityOfPage\":{\"@id\":\"https:\\\/\\\/www.cetys.mx\\\/noticias\\\/videocolumna-estereotipos-erroneos-a-personas-adultas-mayores\\\/\"},\"wordCount\":51,\"commentCount\":0,\"image\":{\"@id\":\"https:\\\/\\\/www.cetys.mx\\\/noticias\\\/videocolumna-estereotipos-erroneos-a-personas-adultas-mayores\\\/#primaryimage\"},\"thumbnailUrl\":\"https:\\\/\\\/www.cetys.mx\\\/noticias\\\/wp-content\\\/uploads\\\/2021\\\/10\\\/videocolumna-e1633125499361.jpg\",\"keywords\":[\"Videocolumna\"],\"articleSection\":[\"Video\"],\"inLanguage\":\"es\",\"potentialAction\":[{\"@type\":\"CommentAction\",\"name\":\"Comment\",\"target\":[\"https:\\\/\\\/www.cetys.mx\\\/noticias\\\/videocolumna-estereotipos-erroneos-a-personas-adultas-mayores\\\/#respond\"]}]},{\"@type\":\"WebPage\",\"@id\":\"https:\\\/\\\/www.cetys.mx\\\/noticias\\\/videocolumna-estereotipos-erroneos-a-personas-adultas-mayores\\\/\",\"url\":\"https:\\\/\\\/www.cetys.mx\\\/noticias\\\/videocolumna-estereotipos-erroneos-a-personas-adultas-mayores\\\/\",\"name\":\"Videocolumna: Estereotipos err\u00f3neos a personas adultas mayores - CETYS\",\"isPartOf\":{\"@id\":\"https:\\\/\\\/www.cetys.mx\\\/noticias\\\/#website\"},\"primaryImageOfPage\":{\"@id\":\"https:\\\/\\\/www.cetys.mx\\\/noticias\\\/videocolumna-estereotipos-erroneos-a-personas-adultas-mayores\\\/#primaryimage\"},\"image\":{\"@id\":\"https:\\\/\\\/www.cetys.mx\\\/noticias\\\/videocolumna-estereotipos-erroneos-a-personas-adultas-mayores\\\/#primaryimage\"},\"thumbnailUrl\":\"https:\\\/\\\/www.cetys.mx\\\/noticias\\\/wp-content\\\/uploads\\\/2021\\\/10\\\/videocolumna-e1633125499361.jpg\",\"datePublished\":\"2021-10-01T22:02:22+00:00\",\"author\":{\"@id\":\"https:\\\/\\\/www.cetys.mx\\\/noticias\\\/#\\\/schema\\\/person\\\/e790051ce60e18ae47cfa87011c8653f\"},\"description\":\"Articulo sobre Videocolumna: Estereotipos err\u00f3neos a personas adultas mayores\",\"breadcrumb\":{\"@id\":\"https:\\\/\\\/www.cetys.mx\\\/noticias\\\/videocolumna-estereotipos-erroneos-a-personas-adultas-mayores\\\/#breadcrumb\"},\"inLanguage\":\"es\",\"potentialAction\":[{\"@type\":\"ReadAction\",\"target\":[\"https:\\\/\\\/www.cetys.mx\\\/noticias\\\/videocolumna-estereotipos-erroneos-a-personas-adultas-mayores\\\/\"]}]},{\"@type\":\"ImageObject\",\"inLanguage\":\"es\",\"@id\":\"https:\\\/\\\/www.cetys.mx\\\/noticias\\\/videocolumna-estereotipos-erroneos-a-personas-adultas-mayores\\\/#primaryimage\",\"url\":\"https:\\\/\\\/www.cetys.mx\\\/noticias\\\/wp-content\\\/uploads\\\/2021\\\/10\\\/videocolumna-e1633125499361.jpg\",\"contentUrl\":\"https:\\\/\\\/www.cetys.mx\\\/noticias\\\/wp-content\\\/uploads\\\/2021\\\/10\\\/videocolumna-e1633125499361.jpg\",\"width\":1139,\"height\":604},{\"@type\":\"BreadcrumbList\",\"@id\":\"https:\\\/\\\/www.cetys.mx\\\/noticias\\\/videocolumna-estereotipos-erroneos-a-personas-adultas-mayores\\\/#breadcrumb\",\"itemListElement\":[{\"@type\":\"ListItem\",\"position\":1,\"name\":\"Inicio\",\"item\":\"https:\\\/\\\/www.cetys.mx\\\/noticias\\\/\"},{\"@type\":\"ListItem\",\"position\":2,\"name\":\"Videocolumna: Estereotipos err\u00f3neos a personas adultas mayores\"}]},{\"@type\":\"WebSite\",\"@id\":\"https:\\\/\\\/www.cetys.mx\\\/noticias\\\/#website\",\"url\":\"https:\\\/\\\/www.cetys.mx\\\/noticias\\\/\",\"name\":\"CETYS\",\"description\":\"\",\"potentialAction\":[{\"@type\":\"SearchAction\",\"target\":{\"@type\":\"EntryPoint\",\"urlTemplate\":\"https:\\\/\\\/www.cetys.mx\\\/noticias\\\/?s={search_term_string}\"},\"query-input\":{\"@type\":\"PropertyValueSpecification\",\"valueRequired\":true,\"valueName\":\"search_term_string\"}}],\"inLanguage\":\"es\"},{\"@type\":\"Person\",\"@id\":\"https:\\\/\\\/www.cetys.mx\\\/noticias\\\/#\\\/schema\\\/person\\\/e790051ce60e18ae47cfa87011c8653f\",\"name\":\"Campus Tijuana\",\"url\":\"https:\\\/\\\/www.cetys.mx\\\/noticias\\\/author\\\/campustijuana\\\/\"}]}<\/script>\n<!-- \/ Yoast SEO plugin. -->","yoast_head_json":{"title":"Videocolumna: Estereotipos err\u00f3neos a personas adultas mayores - CETYS","description":"Articulo sobre Videocolumna: Estereotipos err\u00f3neos a personas adultas mayores","robots":{"index":"index","follow":"follow","max-snippet":"max-snippet:-1","max-image-preview":"max-image-preview:large","max-video-preview":"max-video-preview:-1"},"canonical":"https:\/\/www.cetys.mx\/noticias\/videocolumna-estereotipos-erroneos-a-personas-adultas-mayores\/","og_locale":"es_MX","og_type":"article","og_title":"Videocolumna: Estereotipos err\u00f3neos a personas adultas mayores - CETYS","og_description":"Articulo sobre Videocolumna: Estereotipos err\u00f3neos a personas adultas mayores","og_url":"https:\/\/www.cetys.mx\/noticias\/videocolumna-estereotipos-erroneos-a-personas-adultas-mayores\/","og_site_name":"CETYS","article_publisher":"https:\/\/www.facebook.com\/cetysuniversidadmxl\/","article_published_time":"2021-10-01T22:02:22+00:00","og_image":[{"width":1139,"height":604,"url":"https:\/\/www.cetys.mx\/noticias\/wp-content\/uploads\/2021\/10\/videocolumna-e1633125499361.jpg","type":"image\/jpeg"}],"author":"Campus Tijuana","twitter_card":"summary_large_image","twitter_creator":"@cetysuni","twitter_site":"@cetysuni","twitter_misc":{"Escrito por":"Campus Tijuana"},"schema":{"@context":"https:\/\/schema.org","@graph":[{"@type":"Article","@id":"https:\/\/www.cetys.mx\/noticias\/videocolumna-estereotipos-erroneos-a-personas-adultas-mayores\/#article","isPartOf":{"@id":"https:\/\/www.cetys.mx\/noticias\/videocolumna-estereotipos-erroneos-a-personas-adultas-mayores\/"},"author":{"name":"Campus Tijuana","@id":"https:\/\/www.cetys.mx\/noticias\/#\/schema\/person\/e790051ce60e18ae47cfa87011c8653f"},"headline":"Videocolumna: Estereotipos err\u00f3neos a personas adultas mayores","datePublished":"2021-10-01T22:02:22+00:00","mainEntityOfPage":{"@id":"https:\/\/www.cetys.mx\/noticias\/videocolumna-estereotipos-erroneos-a-personas-adultas-mayores\/"},"wordCount":51,"commentCount":0,"image":{"@id":"https:\/\/www.cetys.mx\/noticias\/videocolumna-estereotipos-erroneos-a-personas-adultas-mayores\/#primaryimage"},"thumbnailUrl":"https:\/\/www.cetys.mx\/noticias\/wp-content\/uploads\/2021\/10\/videocolumna-e1633125499361.jpg","keywords":["Videocolumna"],"articleSection":["Video"],"inLanguage":"es","potentialAction":[{"@type":"CommentAction","name":"Comment","target":["https:\/\/www.cetys.mx\/noticias\/videocolumna-estereotipos-erroneos-a-personas-adultas-mayores\/#respond"]}]},{"@type":"WebPage","@id":"https:\/\/www.cetys.mx\/noticias\/videocolumna-estereotipos-erroneos-a-personas-adultas-mayores\/","url":"https:\/\/www.cetys.mx\/noticias\/videocolumna-estereotipos-erroneos-a-personas-adultas-mayores\/","name":"Videocolumna: Estereotipos err\u00f3neos a personas adultas mayores - CETYS","isPartOf":{"@id":"https:\/\/www.cetys.mx\/noticias\/#website"},"primaryImageOfPage":{"@id":"https:\/\/www.cetys.mx\/noticias\/videocolumna-estereotipos-erroneos-a-personas-adultas-mayores\/#primaryimage"},"image":{"@id":"https:\/\/www.cetys.mx\/noticias\/videocolumna-estereotipos-erroneos-a-personas-adultas-mayores\/#primaryimage"},"thumbnailUrl":"https:\/\/www.cetys.mx\/noticias\/wp-content\/uploads\/2021\/10\/videocolumna-e1633125499361.jpg","datePublished":"2021-10-01T22:02:22+00:00","author":{"@id":"https:\/\/www.cetys.mx\/noticias\/#\/schema\/person\/e790051ce60e18ae47cfa87011c8653f"},"description":"Articulo sobre Videocolumna: Estereotipos err\u00f3neos a personas adultas mayores","breadcrumb":{"@id":"https:\/\/www.cetys.mx\/noticias\/videocolumna-estereotipos-erroneos-a-personas-adultas-mayores\/#breadcrumb"},"inLanguage":"es","potentialAction":[{"@type":"ReadAction","target":["https:\/\/www.cetys.mx\/noticias\/videocolumna-estereotipos-erroneos-a-personas-adultas-mayores\/"]}]},{"@type":"ImageObject","inLanguage":"es","@id":"https:\/\/www.cetys.mx\/noticias\/videocolumna-estereotipos-erroneos-a-personas-adultas-mayores\/#primaryimage","url":"https:\/\/www.cetys.mx\/noticias\/wp-content\/uploads\/2021\/10\/videocolumna-e1633125499361.jpg","contentUrl":"https:\/\/www.cetys.mx\/noticias\/wp-content\/uploads\/2021\/10\/videocolumna-e1633125499361.jpg","width":1139,"height":604},{"@type":"BreadcrumbList","@id":"https:\/\/www.cetys.mx\/noticias\/videocolumna-estereotipos-erroneos-a-personas-adultas-mayores\/#breadcrumb","itemListElement":[{"@type":"ListItem","position":1,"name":"Inicio","item":"https:\/\/www.cetys.mx\/noticias\/"},{"@type":"ListItem","position":2,"name":"Videocolumna: Estereotipos err\u00f3neos a personas adultas mayores"}]},{"@type":"WebSite","@id":"https:\/\/www.cetys.mx\/noticias\/#website","url":"https:\/\/www.cetys.mx\/noticias\/","name":"CETYS","description":"","potentialAction":[{"@type":"SearchAction","target":{"@type":"EntryPoint","urlTemplate":"https:\/\/www.cetys.mx\/noticias\/?s={search_term_string}"},"query-input":{"@type":"PropertyValueSpecification","valueRequired":true,"valueName":"search_term_string"}}],"inLanguage":"es"},{"@type":"Person","@id":"https:\/\/www.cetys.mx\/noticias\/#\/schema\/person\/e790051ce60e18ae47cfa87011c8653f","name":"Campus Tijuana","url":"https:\/\/www.cetys.mx\/noticias\/author\/campustijuana\/"}]}},"_links":{"self":[{"href":"https:\/\/www.cetys.mx\/noticias\/wp-json\/wp\/v2\/posts\/158955","targetHints":{"allow":["GET"]}}],"collection":[{"href":"https:\/\/www.cetys.mx\/noticias\/wp-json\/wp\/v2\/posts"}],"about":[{"href":"https:\/\/www.cetys.mx\/noticias\/wp-json\/wp\/v2\/types\/post"}],"author":[{"embeddable":true,"href":"https:\/\/www.cetys.mx\/noticias\/wp-json\/wp\/v2\/users\/24"}],"replies":[{"embeddable":true,"href":"https:\/\/www.cetys.mx\/noticias\/wp-json\/wp\/v2\/comments?post=158955"}],"version-history":[{"count":1,"href":"https:\/\/www.cetys.mx\/noticias\/wp-json\/wp\/v2\/posts\/158955\/revisions"}],"predecessor-version":[{"id":158957,"href":"https:\/\/www.cetys.mx\/noticias\/wp-json\/wp\/v2\/posts\/158955\/revisions\/158957"}],"wp:featuredmedia":[{"embeddable":true,"href":"https:\/\/www.cetys.mx\/noticias\/wp-json\/wp\/v2\/media\/158956"}],"wp:attachment":[{"href":"https:\/\/www.cetys.mx\/noticias\/wp-json\/wp\/v2\/media?parent=158955"}],"wp:term":[{"taxonomy":"category","embeddable":true,"href":"https:\/\/www.cetys.mx\/noticias\/wp-json\/wp\/v2\/categories?post=158955"},{"taxonomy":"post_tag","embeddable":true,"href":"https:\/\/www.cetys.mx\/noticias\/wp-json\/wp\/v2\/tags?post=158955"}],"curies":[{"name":"wp","href":"https:\/\/api.w.org\/{rel}","templated":true}]}}