{"id":158758,"date":"2021-09-27T17:51:03","date_gmt":"2021-09-28T00:51:03","guid":{"rendered":"https:\/\/www.cetys.mx\/noticias\/?p=158758"},"modified":"2021-09-28T17:10:55","modified_gmt":"2021-09-29T00:10:55","slug":"de-forma-hibrida-reconoce-cetys-a-alumnos-distinguidos-en-tijuana","status":"publish","type":"post","link":"https:\/\/www.cetys.mx\/noticias\/de-forma-hibrida-reconoce-cetys-a-alumnos-distinguidos-en-tijuana\/","title":{"rendered":"De forma h\u00edbrida, reconoce CETYS a alumnos distinguidos en Tijuana"},"content":{"rendered":"<p><span style=\"font-weight: 400;\">Alrededor de 500 estudiantes fueron reconocidos como Alumnos Distinguidos en <\/span><b>CETYS Universidad Campus Tijuana<\/b><span style=\"font-weight: 400;\">, esto por su desempe\u00f1o en los \u00e1mbitos acad\u00e9micos, cultural, deportivo, emprendedurismo y actividades extracurriculares, durante el periodo enero-julio 2021.<\/span><\/p>\n<p><span style=\"font-weight: 400;\">En una ceremonia h\u00edbrida y durante el marco del 60 Aniversario, donde la mayor\u00eda de alumnos estuvo de forma virtual, la <\/span><b>Mtra. Jessica Ibarra Ramonet<\/b><span style=\"font-weight: 400;\">, <em>Directora Zona Costa de CETYS<\/em>, resalt\u00f3 que es el resultado de la constancia y dedicaci\u00f3n que han tenido en una situaci\u00f3n \u00fanica a nivel mundial, lo cual reforzar\u00e1 sus habilidades y seguramente traer\u00e1n las soluciones que se requieren en la sociedad.<\/span><\/p>\n<blockquote><p><span style=\"font-weight: 400;\">\u201cEstamos muy felices que estemos de regreso a las aulas y que reconozcamos a estos alumnos tanto de profesional y de preparatoria que est\u00e1n regresando a las aulas no solo a estudiar, sino a trascender. Hoy nos reunimos para destacar a los estudiantes que mostraron excelencia acad\u00e9mica, su brillante desempe\u00f1o deportivo, su valor al participar en proyectos culturales y han impulsado el sentimiento de emprendedurismo que caracteriza a CETYS\u201d, expres\u00f3 la Mtra. Ibarra Ramonet, tanto a los alumnos que asistieron de forma presencial como a los que se encontraban por Zoom.<\/span><\/p><\/blockquote>\n<p><span style=\"font-weight: 400;\">En palabras del <strong>Dr. Alberto G\u00e1rate Rivera<\/strong>, <em>Vicerrector Acad\u00e9mico de<\/em> <strong>CETYS Universidad<\/strong>, de forma virtual resalt\u00f3 que no solo hay que difundir y reconocer estos logros, pues son narrativas de \u00e9xito que necesitan ser contadas, una historia que deben sobresalir en tiempos de pandemia.<\/span><\/p>\n<blockquote><p><span style=\"font-weight: 400;\">\u201cLa escuela necesita de muchas narrativas, se requiere documentar casos de \u00e9xitos como el que nos convoca hoy, porque la pandemia nos ha llenado de historias \u00e1speras, de historias como estudiantes que no se quieren parar de la cama, trastocados por su salud mental. Por ello celebramos en CETYS una calificaci\u00f3n perfecta, un 99 o un 98, de su desempe\u00f1o sobresaliente es el resultado de las ganas de aprender, de su inteligencia y el amor hacia una profesi\u00f3n\u201d, reflexion\u00f3 el Dr. Alberto G\u00e1rate Rivera.<\/span><\/p>\n<p><span style=\"font-weight: 400;\">Por su parte, el <strong>Mtro. Eliseo Mendoza<\/strong>, <em>Director Estatal de la Preparatoria<\/em> <strong>CETYS<\/strong>, refiri\u00f3 que si bien los robots y la inteligencia artificial son competencia, el \u00fanico campo donde no pueden ganar es en lo humano. \u201cEsa es\u00a0 la invitaci\u00f3n que extiendo este d\u00eda, no dejen de fomentar lo humano de las personas, lo espiritual, al convivencia familiar, las buenas amistades, aunque parezca extra\u00f1o, esto los prepara en el camino para \u00e9xitos insospechados\u201d.<\/span><\/p><\/blockquote>\n<p><span style=\"font-weight: 400;\">Por su parte, alumnos distinguidos de los tres campus, dirigieron un mensaje a sus compa\u00f1eros:<\/span><\/p>\n<blockquote><p><i><span style=\"font-weight: 400;\">\u201c<\/span><\/i><span style=\"font-weight: 400;\">La mayor\u00eda aqu\u00ed compartimos una terquedad \u00fanica, quiz\u00e1 un poco exasperante. Estoy seguro que esto involucra incontables d\u00edas y horas de estudio, con una vocecita en la cabeza que nos dice un poco m\u00e1s, aunque todos los que recibimos el reconocimiento nos hemos superado en m\u00e1s de una manera y los invito a continuar haci\u00e9ndolo\u201d. Mencion\u00f3 <\/span><b>Yoltzin Alejandro Ramos Abundis, Estudiante de tercer semestre en la Preparatoria CETYS.<\/b><\/p>\n<p><span style=\"font-weight: 400;\">\u201cUtilicen estas capacidades que les ha permitido ser reconocidos el d\u00eda de hoy para ser excelentes en cada \u00e1rea de su vida, enfrentar cada reto y lograr cualquier meta que se han propuesto profesionalmente. Tal y como se han convertido en un ejemplo en el \u00e1mbito acad\u00e9mico podr\u00e1n ser ejemplares al marcar una diferencia en el campo que ustedes elijan desempe\u00f1arse\u201d, mencion\u00f3 Vania Lozoya, estudiante de la Licenciatura de Psicolog\u00eda Cl\u00ednica.<\/span><\/p><\/blockquote>\n<p><span style=\"font-weight: 400;\">En las ceremonias, estuvieron presentes de forma virtual, directivos, docentes, padres de familia y alumnos distinguidos.<\/span><\/p>\n<div class=\"gallery-slider-wrapper gallery-1\">\n                        <div class=\"gallery-slider\" itemscope itemtype=\"http:\/\/schema.org\/ImageGallery\"><figure class=\"slide\" itemprop=\"associatedMedia\" itemscope itemtype=\"http:\/\/schema.org\/ImageObject\">\n                    <a itemprop=\"contentUrl\" href=\"https:\/\/www.cetys.mx\/noticias\/wp-content\/uploads\/2021\/09\/AlumnosDistinguidos_collage_Profesional-VOCETYS.jpg\">\n                        <img decoding=\"async\" itemprop=\"thumbnail\" class=\"lazyOwl\" src=\"https:\/\/www.cetys.mx\/noticias\/wp-content\/plugins\/jmagz-plugin\/assets\/placeholder\/900x450.png\" data-src=\"https:\/\/www.cetys.mx\/noticias\/wp-content\/uploads\/2021\/09\/AlumnosDistinguidos_collage_Profesional-VOCETYS.jpg\" alt=\"AlumnosDistinguidos_collage_Profesional-VOCETYS\">\n                    <\/a>\n                    <figcaption itemprop=\"caption description\" class=\"slide-caption\">\n                        \n                    <\/figcaption>\n                <\/figure><figure class=\"slide\" itemprop=\"associatedMedia\" itemscope itemtype=\"http:\/\/schema.org\/ImageObject\">\n                    <a itemprop=\"contentUrl\" href=\"https:\/\/www.cetys.mx\/noticias\/wp-content\/uploads\/2021\/09\/AlumnosDistinguidos_collage_Prepa-vocetys.jpg\">\n                        <img decoding=\"async\" itemprop=\"thumbnail\" class=\"lazyOwl\" src=\"https:\/\/www.cetys.mx\/noticias\/wp-content\/plugins\/jmagz-plugin\/assets\/placeholder\/900x450.png\" data-src=\"https:\/\/www.cetys.mx\/noticias\/wp-content\/uploads\/2021\/09\/AlumnosDistinguidos_collage_Prepa-vocetys.jpg\" alt=\"AlumnosDistinguidos_collage_Prepa-vocetys\">\n                    <\/a>\n                    <figcaption itemprop=\"caption description\" class=\"slide-caption\">\n                        \n                    <\/figcaption>\n                <\/figure><figure class=\"slide\" itemprop=\"associatedMedia\" itemscope itemtype=\"http:\/\/schema.org\/ImageObject\">\n                    <a itemprop=\"contentUrl\" href=\"https:\/\/www.cetys.mx\/noticias\/wp-content\/uploads\/2021\/09\/jessica-con-alumnos-distinguidos.jpg\">\n                        <img decoding=\"async\" itemprop=\"thumbnail\" class=\"lazyOwl\" src=\"https:\/\/www.cetys.mx\/noticias\/wp-content\/plugins\/jmagz-plugin\/assets\/placeholder\/900x450.png\" data-src=\"https:\/\/www.cetys.mx\/noticias\/wp-content\/uploads\/2021\/09\/jessica-con-alumnos-distinguidos.jpg\" alt=\"jessica-con-alumnos-distinguidos\">\n                    <\/a>\n                    <figcaption itemprop=\"caption description\" class=\"slide-caption\">\n                        \n                    <\/figcaption>\n                <\/figure><figure class=\"slide\" itemprop=\"associatedMedia\" itemscope itemtype=\"http:\/\/schema.org\/ImageObject\">\n                    <a itemprop=\"contentUrl\" href=\"https:\/\/www.cetys.mx\/noticias\/wp-content\/uploads\/2021\/09\/estudiante-yoltzin-de-prepa-cetys-reconocido.jpg\">\n                        <img decoding=\"async\" itemprop=\"thumbnail\" class=\"lazyOwl\" src=\"https:\/\/www.cetys.mx\/noticias\/wp-content\/plugins\/jmagz-plugin\/assets\/placeholder\/900x450.png\" data-src=\"https:\/\/www.cetys.mx\/noticias\/wp-content\/uploads\/2021\/09\/estudiante-yoltzin-de-prepa-cetys-reconocido.jpg\" alt=\"estudiante-yoltzin-de-prepa-cetys-reconocido\">\n                    <\/a>\n                    <figcaption itemprop=\"caption description\" class=\"slide-caption\">\n                        \n                    <\/figcaption>\n                <\/figure><figure class=\"slide\" itemprop=\"associatedMedia\" itemscope itemtype=\"http:\/\/schema.org\/ImageObject\">\n                    <a itemprop=\"contentUrl\" href=\"https:\/\/www.cetys.mx\/noticias\/wp-content\/uploads\/2021\/09\/vania-estudiante-de-psicologia.jpg\">\n                        <img decoding=\"async\" itemprop=\"thumbnail\" class=\"lazyOwl\" src=\"https:\/\/www.cetys.mx\/noticias\/wp-content\/plugins\/jmagz-plugin\/assets\/placeholder\/900x450.png\" data-src=\"https:\/\/www.cetys.mx\/noticias\/wp-content\/uploads\/2021\/09\/vania-estudiante-de-psicologia.jpg\" alt=\"vania-estudiante-de-psicologia\">\n                    <\/a>\n                    <figcaption itemprop=\"caption description\" class=\"slide-caption\">\n                        \n                    <\/figcaption>\n                <\/figure><figure class=\"slide\" itemprop=\"associatedMedia\" itemscope itemtype=\"http:\/\/schema.org\/ImageObject\">\n                    <a itemprop=\"contentUrl\" href=\"https:\/\/www.cetys.mx\/noticias\/wp-content\/uploads\/2021\/09\/estudizantes-de-derecho-reconocidos.jpg\">\n                        <img decoding=\"async\" itemprop=\"thumbnail\" class=\"lazyOwl\" src=\"https:\/\/www.cetys.mx\/noticias\/wp-content\/plugins\/jmagz-plugin\/assets\/placeholder\/900x450.png\" data-src=\"https:\/\/www.cetys.mx\/noticias\/wp-content\/uploads\/2021\/09\/estudizantes-de-derecho-reconocidos.jpg\" alt=\"estudizantes-de-derecho-reconocidos\">\n                    <\/a>\n                    <figcaption itemprop=\"caption description\" class=\"slide-caption\">\n                        \n                    <\/figcaption>\n                <\/figure><figure class=\"slide\" itemprop=\"associatedMedia\" itemscope itemtype=\"http:\/\/schema.org\/ImageObject\">\n                    <a itemprop=\"contentUrl\" href=\"https:\/\/www.cetys.mx\/noticias\/wp-content\/uploads\/2021\/09\/foto-grupal-distinguidos.jpg\">\n                        <img decoding=\"async\" itemprop=\"thumbnail\" class=\"lazyOwl\" src=\"https:\/\/www.cetys.mx\/noticias\/wp-content\/plugins\/jmagz-plugin\/assets\/placeholder\/900x450.png\" data-src=\"https:\/\/www.cetys.mx\/noticias\/wp-content\/uploads\/2021\/09\/foto-grupal-distinguidos.jpg\" alt=\"foto-grupal-distinguidos\">\n                    <\/a>\n                    <figcaption itemprop=\"caption description\" class=\"slide-caption\">\n                        \n                    <\/figcaption>\n                <\/figure><figure class=\"slide\" itemprop=\"associatedMedia\" itemscope itemtype=\"http:\/\/schema.org\/ImageObject\">\n                    <a itemprop=\"contentUrl\" href=\"https:\/\/www.cetys.mx\/noticias\/wp-content\/uploads\/2021\/09\/grupal-vocetys.jpg\">\n                        <img decoding=\"async\" itemprop=\"thumbnail\" class=\"lazyOwl\" src=\"https:\/\/www.cetys.mx\/noticias\/wp-content\/plugins\/jmagz-plugin\/assets\/placeholder\/900x450.png\" data-src=\"https:\/\/www.cetys.mx\/noticias\/wp-content\/uploads\/2021\/09\/grupal-vocetys.jpg\" alt=\"grupal-vocetys\">\n                    <\/a>\n                    <figcaption itemprop=\"caption description\" class=\"slide-caption\">\n                        \n                    <\/figcaption>\n                <\/figure><\/div>\n                <div class=\"gallery-slider-thumbnail-wrapper\">\n                    <div class=\"gallery-slider-thumbnail\"><div class=\"slide-thumbnail\"><img decoding=\"async\" class=\"lazyOwl\" src=\"https:\/\/www.cetys.mx\/noticias\/wp-content\/plugins\/jmagz-plugin\/assets\/placeholder\/150x75.png\" data-src=\"https:\/\/www.cetys.mx\/noticias\/wp-content\/uploads\/2021\/09\/AlumnosDistinguidos_collage_Profesional-VOCETYS.jpg\" alt=\"AlumnosDistinguidos_collage_Profesional-VOCETYS\"><\/div><div class=\"slide-thumbnail\"><img decoding=\"async\" class=\"lazyOwl\" src=\"https:\/\/www.cetys.mx\/noticias\/wp-content\/plugins\/jmagz-plugin\/assets\/placeholder\/150x75.png\" data-src=\"https:\/\/www.cetys.mx\/noticias\/wp-content\/uploads\/2021\/09\/AlumnosDistinguidos_collage_Prepa-vocetys.jpg\" alt=\"AlumnosDistinguidos_collage_Prepa-vocetys\"><\/div><div class=\"slide-thumbnail\"><img decoding=\"async\" class=\"lazyOwl\" src=\"https:\/\/www.cetys.mx\/noticias\/wp-content\/plugins\/jmagz-plugin\/assets\/placeholder\/150x75.png\" data-src=\"https:\/\/www.cetys.mx\/noticias\/wp-content\/uploads\/2021\/09\/jessica-con-alumnos-distinguidos.jpg\" alt=\"jessica-con-alumnos-distinguidos\"><\/div><div class=\"slide-thumbnail\"><img decoding=\"async\" class=\"lazyOwl\" src=\"https:\/\/www.cetys.mx\/noticias\/wp-content\/plugins\/jmagz-plugin\/assets\/placeholder\/150x75.png\" data-src=\"https:\/\/www.cetys.mx\/noticias\/wp-content\/uploads\/2021\/09\/estudiante-yoltzin-de-prepa-cetys-reconocido.jpg\" alt=\"estudiante-yoltzin-de-prepa-cetys-reconocido\"><\/div><div class=\"slide-thumbnail\"><img decoding=\"async\" class=\"lazyOwl\" src=\"https:\/\/www.cetys.mx\/noticias\/wp-content\/plugins\/jmagz-plugin\/assets\/placeholder\/150x75.png\" data-src=\"https:\/\/www.cetys.mx\/noticias\/wp-content\/uploads\/2021\/09\/vania-estudiante-de-psicologia.jpg\" alt=\"vania-estudiante-de-psicologia\"><\/div><div class=\"slide-thumbnail\"><img decoding=\"async\" class=\"lazyOwl\" src=\"https:\/\/www.cetys.mx\/noticias\/wp-content\/plugins\/jmagz-plugin\/assets\/placeholder\/150x75.png\" data-src=\"https:\/\/www.cetys.mx\/noticias\/wp-content\/uploads\/2021\/09\/estudizantes-de-derecho-reconocidos.jpg\" alt=\"estudizantes-de-derecho-reconocidos\"><\/div><div class=\"slide-thumbnail\"><img decoding=\"async\" class=\"lazyOwl\" src=\"https:\/\/www.cetys.mx\/noticias\/wp-content\/plugins\/jmagz-plugin\/assets\/placeholder\/150x75.png\" data-src=\"https:\/\/www.cetys.mx\/noticias\/wp-content\/uploads\/2021\/09\/foto-grupal-distinguidos.jpg\" alt=\"foto-grupal-distinguidos\"><\/div><div class=\"slide-thumbnail\"><img decoding=\"async\" class=\"lazyOwl\" src=\"https:\/\/www.cetys.mx\/noticias\/wp-content\/plugins\/jmagz-plugin\/assets\/placeholder\/150x75.png\" data-src=\"https:\/\/www.cetys.mx\/noticias\/wp-content\/uploads\/2021\/09\/grupal-vocetys.jpg\" alt=\"grupal-vocetys\"><\/div><\/div><\/div><\/div>\n<p>&nbsp;<\/p>\n","protected":false},"excerpt":{"rendered":"<p>Alrededor de 500 estudiantes fueron reconocidos como Alumnos Distinguidos en CETYS Universidad Campus Tijuana, esto por su desempe\u00f1o en los \u00e1mbitos acad\u00e9micos,&#8230;<\/p>\n","protected":false},"author":24,"featured_media":158767,"comment_status":"open","ping_status":"closed","sticky":false,"template":"","format":"standard","meta":{"footnotes":""},"categories":[134,125,313],"tags":[],"class_list":["post-158758","post","type-post","status-publish","format-standard","has-post-thumbnail","hentry","category-campus-tijuana","category-portada","category-vocetys-2"],"yoast_head":"<!-- This site is optimized with the Yoast SEO plugin v27.4 - https:\/\/yoast.com\/product\/yoast-seo-wordpress\/ -->\n<title>De forma h\u00edbrida, reconoce CETYS a alumnos distinguidos en Tijuana - CETYS<\/title>\n<meta name=\"description\" content=\"Articulo sobre De forma h\u00edbrida, reconoce CETYS a alumnos distinguidos en Tijuana\" \/>\n<meta name=\"robots\" content=\"index, follow, max-snippet:-1, max-image-preview:large, max-video-preview:-1\" \/>\n<link rel=\"canonical\" href=\"https:\/\/www.cetys.mx\/noticias\/de-forma-hibrida-reconoce-cetys-a-alumnos-distinguidos-en-tijuana\/\" \/>\n<meta property=\"og:locale\" content=\"es_MX\" \/>\n<meta property=\"og:type\" content=\"article\" \/>\n<meta property=\"og:title\" content=\"De forma h\u00edbrida, reconoce CETYS a alumnos distinguidos en Tijuana - CETYS\" \/>\n<meta property=\"og:description\" content=\"Articulo sobre De forma h\u00edbrida, reconoce CETYS a alumnos distinguidos en Tijuana\" \/>\n<meta property=\"og:url\" content=\"https:\/\/www.cetys.mx\/noticias\/de-forma-hibrida-reconoce-cetys-a-alumnos-distinguidos-en-tijuana\/\" \/>\n<meta property=\"og:site_name\" content=\"CETYS\" \/>\n<meta property=\"article:publisher\" content=\"https:\/\/www.facebook.com\/cetysuniversidadmxl\/\" \/>\n<meta property=\"article:published_time\" content=\"2021-09-28T00:51:03+00:00\" \/>\n<meta property=\"article:modified_time\" content=\"2021-09-29T00:10:55+00:00\" \/>\n<meta property=\"og:image\" content=\"https:\/\/www.cetys.mx\/noticias\/wp-content\/uploads\/2021\/09\/AlumnosDistinguidos_collage_Prepa-vocetys.jpg\" \/>\n\t<meta property=\"og:image:width\" content=\"958\" \/>\n\t<meta property=\"og:image:height\" content=\"637\" \/>\n\t<meta property=\"og:image:type\" content=\"image\/jpeg\" \/>\n<meta name=\"author\" content=\"Campus Tijuana\" \/>\n<meta name=\"twitter:card\" content=\"summary_large_image\" \/>\n<meta name=\"twitter:creator\" content=\"@cetysuni\" \/>\n<meta name=\"twitter:site\" content=\"@cetysuni\" \/>\n<meta name=\"twitter:label1\" content=\"Escrito por\" \/>\n\t<meta name=\"twitter:data1\" content=\"Campus Tijuana\" \/>\n\t<meta name=\"twitter:label2\" content=\"Tiempo de lectura\" \/>\n\t<meta name=\"twitter:data2\" content=\"3 minutos\" \/>\n<script type=\"application\/ld+json\" class=\"yoast-schema-graph\">{\"@context\":\"https:\\\/\\\/schema.org\",\"@graph\":[{\"@type\":\"Article\",\"@id\":\"https:\\\/\\\/www.cetys.mx\\\/noticias\\\/de-forma-hibrida-reconoce-cetys-a-alumnos-distinguidos-en-tijuana\\\/#article\",\"isPartOf\":{\"@id\":\"https:\\\/\\\/www.cetys.mx\\\/noticias\\\/de-forma-hibrida-reconoce-cetys-a-alumnos-distinguidos-en-tijuana\\\/\"},\"author\":{\"name\":\"Campus Tijuana\",\"@id\":\"https:\\\/\\\/www.cetys.mx\\\/noticias\\\/#\\\/schema\\\/person\\\/e790051ce60e18ae47cfa87011c8653f\"},\"headline\":\"De forma h\u00edbrida, reconoce CETYS a alumnos distinguidos en Tijuana\",\"datePublished\":\"2021-09-28T00:51:03+00:00\",\"dateModified\":\"2021-09-29T00:10:55+00:00\",\"mainEntityOfPage\":{\"@id\":\"https:\\\/\\\/www.cetys.mx\\\/noticias\\\/de-forma-hibrida-reconoce-cetys-a-alumnos-distinguidos-en-tijuana\\\/\"},\"wordCount\":606,\"commentCount\":0,\"image\":{\"@id\":\"https:\\\/\\\/www.cetys.mx\\\/noticias\\\/de-forma-hibrida-reconoce-cetys-a-alumnos-distinguidos-en-tijuana\\\/#primaryimage\"},\"thumbnailUrl\":\"https:\\\/\\\/www.cetys.mx\\\/noticias\\\/wp-content\\\/uploads\\\/2021\\\/09\\\/AlumnosDistinguidos_collage_Prepa-vocetys.jpg\",\"articleSection\":[\"Campus Tijuana\",\"Portada\",\"VoCETYS\"],\"inLanguage\":\"es\",\"potentialAction\":[{\"@type\":\"CommentAction\",\"name\":\"Comment\",\"target\":[\"https:\\\/\\\/www.cetys.mx\\\/noticias\\\/de-forma-hibrida-reconoce-cetys-a-alumnos-distinguidos-en-tijuana\\\/#respond\"]}]},{\"@type\":\"WebPage\",\"@id\":\"https:\\\/\\\/www.cetys.mx\\\/noticias\\\/de-forma-hibrida-reconoce-cetys-a-alumnos-distinguidos-en-tijuana\\\/\",\"url\":\"https:\\\/\\\/www.cetys.mx\\\/noticias\\\/de-forma-hibrida-reconoce-cetys-a-alumnos-distinguidos-en-tijuana\\\/\",\"name\":\"De forma h\u00edbrida, reconoce CETYS a alumnos distinguidos en Tijuana - CETYS\",\"isPartOf\":{\"@id\":\"https:\\\/\\\/www.cetys.mx\\\/noticias\\\/#website\"},\"primaryImageOfPage\":{\"@id\":\"https:\\\/\\\/www.cetys.mx\\\/noticias\\\/de-forma-hibrida-reconoce-cetys-a-alumnos-distinguidos-en-tijuana\\\/#primaryimage\"},\"image\":{\"@id\":\"https:\\\/\\\/www.cetys.mx\\\/noticias\\\/de-forma-hibrida-reconoce-cetys-a-alumnos-distinguidos-en-tijuana\\\/#primaryimage\"},\"thumbnailUrl\":\"https:\\\/\\\/www.cetys.mx\\\/noticias\\\/wp-content\\\/uploads\\\/2021\\\/09\\\/AlumnosDistinguidos_collage_Prepa-vocetys.jpg\",\"datePublished\":\"2021-09-28T00:51:03+00:00\",\"dateModified\":\"2021-09-29T00:10:55+00:00\",\"author\":{\"@id\":\"https:\\\/\\\/www.cetys.mx\\\/noticias\\\/#\\\/schema\\\/person\\\/e790051ce60e18ae47cfa87011c8653f\"},\"description\":\"Articulo sobre De forma h\u00edbrida, reconoce CETYS a alumnos distinguidos en Tijuana\",\"breadcrumb\":{\"@id\":\"https:\\\/\\\/www.cetys.mx\\\/noticias\\\/de-forma-hibrida-reconoce-cetys-a-alumnos-distinguidos-en-tijuana\\\/#breadcrumb\"},\"inLanguage\":\"es\",\"potentialAction\":[{\"@type\":\"ReadAction\",\"target\":[\"https:\\\/\\\/www.cetys.mx\\\/noticias\\\/de-forma-hibrida-reconoce-cetys-a-alumnos-distinguidos-en-tijuana\\\/\"]}]},{\"@type\":\"ImageObject\",\"inLanguage\":\"es\",\"@id\":\"https:\\\/\\\/www.cetys.mx\\\/noticias\\\/de-forma-hibrida-reconoce-cetys-a-alumnos-distinguidos-en-tijuana\\\/#primaryimage\",\"url\":\"https:\\\/\\\/www.cetys.mx\\\/noticias\\\/wp-content\\\/uploads\\\/2021\\\/09\\\/AlumnosDistinguidos_collage_Prepa-vocetys.jpg\",\"contentUrl\":\"https:\\\/\\\/www.cetys.mx\\\/noticias\\\/wp-content\\\/uploads\\\/2021\\\/09\\\/AlumnosDistinguidos_collage_Prepa-vocetys.jpg\",\"width\":958,\"height\":637},{\"@type\":\"BreadcrumbList\",\"@id\":\"https:\\\/\\\/www.cetys.mx\\\/noticias\\\/de-forma-hibrida-reconoce-cetys-a-alumnos-distinguidos-en-tijuana\\\/#breadcrumb\",\"itemListElement\":[{\"@type\":\"ListItem\",\"position\":1,\"name\":\"Inicio\",\"item\":\"https:\\\/\\\/www.cetys.mx\\\/noticias\\\/\"},{\"@type\":\"ListItem\",\"position\":2,\"name\":\"De forma h\u00edbrida, reconoce CETYS a alumnos distinguidos en Tijuana\"}]},{\"@type\":\"WebSite\",\"@id\":\"https:\\\/\\\/www.cetys.mx\\\/noticias\\\/#website\",\"url\":\"https:\\\/\\\/www.cetys.mx\\\/noticias\\\/\",\"name\":\"CETYS\",\"description\":\"\",\"potentialAction\":[{\"@type\":\"SearchAction\",\"target\":{\"@type\":\"EntryPoint\",\"urlTemplate\":\"https:\\\/\\\/www.cetys.mx\\\/noticias\\\/?s={search_term_string}\"},\"query-input\":{\"@type\":\"PropertyValueSpecification\",\"valueRequired\":true,\"valueName\":\"search_term_string\"}}],\"inLanguage\":\"es\"},{\"@type\":\"Person\",\"@id\":\"https:\\\/\\\/www.cetys.mx\\\/noticias\\\/#\\\/schema\\\/person\\\/e790051ce60e18ae47cfa87011c8653f\",\"name\":\"Campus Tijuana\",\"url\":\"https:\\\/\\\/www.cetys.mx\\\/noticias\\\/author\\\/campustijuana\\\/\"}]}<\/script>\n<!-- \/ Yoast SEO plugin. -->","yoast_head_json":{"title":"De forma h\u00edbrida, reconoce CETYS a alumnos distinguidos en Tijuana - CETYS","description":"Articulo sobre De forma h\u00edbrida, reconoce CETYS a alumnos distinguidos en Tijuana","robots":{"index":"index","follow":"follow","max-snippet":"max-snippet:-1","max-image-preview":"max-image-preview:large","max-video-preview":"max-video-preview:-1"},"canonical":"https:\/\/www.cetys.mx\/noticias\/de-forma-hibrida-reconoce-cetys-a-alumnos-distinguidos-en-tijuana\/","og_locale":"es_MX","og_type":"article","og_title":"De forma h\u00edbrida, reconoce CETYS a alumnos distinguidos en Tijuana - CETYS","og_description":"Articulo sobre De forma h\u00edbrida, reconoce CETYS a alumnos distinguidos en Tijuana","og_url":"https:\/\/www.cetys.mx\/noticias\/de-forma-hibrida-reconoce-cetys-a-alumnos-distinguidos-en-tijuana\/","og_site_name":"CETYS","article_publisher":"https:\/\/www.facebook.com\/cetysuniversidadmxl\/","article_published_time":"2021-09-28T00:51:03+00:00","article_modified_time":"2021-09-29T00:10:55+00:00","og_image":[{"width":958,"height":637,"url":"https:\/\/www.cetys.mx\/noticias\/wp-content\/uploads\/2021\/09\/AlumnosDistinguidos_collage_Prepa-vocetys.jpg","type":"image\/jpeg"}],"author":"Campus Tijuana","twitter_card":"summary_large_image","twitter_creator":"@cetysuni","twitter_site":"@cetysuni","twitter_misc":{"Escrito por":"Campus Tijuana","Tiempo de lectura":"3 minutos"},"schema":{"@context":"https:\/\/schema.org","@graph":[{"@type":"Article","@id":"https:\/\/www.cetys.mx\/noticias\/de-forma-hibrida-reconoce-cetys-a-alumnos-distinguidos-en-tijuana\/#article","isPartOf":{"@id":"https:\/\/www.cetys.mx\/noticias\/de-forma-hibrida-reconoce-cetys-a-alumnos-distinguidos-en-tijuana\/"},"author":{"name":"Campus Tijuana","@id":"https:\/\/www.cetys.mx\/noticias\/#\/schema\/person\/e790051ce60e18ae47cfa87011c8653f"},"headline":"De forma h\u00edbrida, reconoce CETYS a alumnos distinguidos en Tijuana","datePublished":"2021-09-28T00:51:03+00:00","dateModified":"2021-09-29T00:10:55+00:00","mainEntityOfPage":{"@id":"https:\/\/www.cetys.mx\/noticias\/de-forma-hibrida-reconoce-cetys-a-alumnos-distinguidos-en-tijuana\/"},"wordCount":606,"commentCount":0,"image":{"@id":"https:\/\/www.cetys.mx\/noticias\/de-forma-hibrida-reconoce-cetys-a-alumnos-distinguidos-en-tijuana\/#primaryimage"},"thumbnailUrl":"https:\/\/www.cetys.mx\/noticias\/wp-content\/uploads\/2021\/09\/AlumnosDistinguidos_collage_Prepa-vocetys.jpg","articleSection":["Campus Tijuana","Portada","VoCETYS"],"inLanguage":"es","potentialAction":[{"@type":"CommentAction","name":"Comment","target":["https:\/\/www.cetys.mx\/noticias\/de-forma-hibrida-reconoce-cetys-a-alumnos-distinguidos-en-tijuana\/#respond"]}]},{"@type":"WebPage","@id":"https:\/\/www.cetys.mx\/noticias\/de-forma-hibrida-reconoce-cetys-a-alumnos-distinguidos-en-tijuana\/","url":"https:\/\/www.cetys.mx\/noticias\/de-forma-hibrida-reconoce-cetys-a-alumnos-distinguidos-en-tijuana\/","name":"De forma h\u00edbrida, reconoce CETYS a alumnos distinguidos en Tijuana - CETYS","isPartOf":{"@id":"https:\/\/www.cetys.mx\/noticias\/#website"},"primaryImageOfPage":{"@id":"https:\/\/www.cetys.mx\/noticias\/de-forma-hibrida-reconoce-cetys-a-alumnos-distinguidos-en-tijuana\/#primaryimage"},"image":{"@id":"https:\/\/www.cetys.mx\/noticias\/de-forma-hibrida-reconoce-cetys-a-alumnos-distinguidos-en-tijuana\/#primaryimage"},"thumbnailUrl":"https:\/\/www.cetys.mx\/noticias\/wp-content\/uploads\/2021\/09\/AlumnosDistinguidos_collage_Prepa-vocetys.jpg","datePublished":"2021-09-28T00:51:03+00:00","dateModified":"2021-09-29T00:10:55+00:00","author":{"@id":"https:\/\/www.cetys.mx\/noticias\/#\/schema\/person\/e790051ce60e18ae47cfa87011c8653f"},"description":"Articulo sobre De forma h\u00edbrida, reconoce CETYS a alumnos distinguidos en Tijuana","breadcrumb":{"@id":"https:\/\/www.cetys.mx\/noticias\/de-forma-hibrida-reconoce-cetys-a-alumnos-distinguidos-en-tijuana\/#breadcrumb"},"inLanguage":"es","potentialAction":[{"@type":"ReadAction","target":["https:\/\/www.cetys.mx\/noticias\/de-forma-hibrida-reconoce-cetys-a-alumnos-distinguidos-en-tijuana\/"]}]},{"@type":"ImageObject","inLanguage":"es","@id":"https:\/\/www.cetys.mx\/noticias\/de-forma-hibrida-reconoce-cetys-a-alumnos-distinguidos-en-tijuana\/#primaryimage","url":"https:\/\/www.cetys.mx\/noticias\/wp-content\/uploads\/2021\/09\/AlumnosDistinguidos_collage_Prepa-vocetys.jpg","contentUrl":"https:\/\/www.cetys.mx\/noticias\/wp-content\/uploads\/2021\/09\/AlumnosDistinguidos_collage_Prepa-vocetys.jpg","width":958,"height":637},{"@type":"BreadcrumbList","@id":"https:\/\/www.cetys.mx\/noticias\/de-forma-hibrida-reconoce-cetys-a-alumnos-distinguidos-en-tijuana\/#breadcrumb","itemListElement":[{"@type":"ListItem","position":1,"name":"Inicio","item":"https:\/\/www.cetys.mx\/noticias\/"},{"@type":"ListItem","position":2,"name":"De forma h\u00edbrida, reconoce CETYS a alumnos distinguidos en Tijuana"}]},{"@type":"WebSite","@id":"https:\/\/www.cetys.mx\/noticias\/#website","url":"https:\/\/www.cetys.mx\/noticias\/","name":"CETYS","description":"","potentialAction":[{"@type":"SearchAction","target":{"@type":"EntryPoint","urlTemplate":"https:\/\/www.cetys.mx\/noticias\/?s={search_term_string}"},"query-input":{"@type":"PropertyValueSpecification","valueRequired":true,"valueName":"search_term_string"}}],"inLanguage":"es"},{"@type":"Person","@id":"https:\/\/www.cetys.mx\/noticias\/#\/schema\/person\/e790051ce60e18ae47cfa87011c8653f","name":"Campus Tijuana","url":"https:\/\/www.cetys.mx\/noticias\/author\/campustijuana\/"}]}},"_links":{"self":[{"href":"https:\/\/www.cetys.mx\/noticias\/wp-json\/wp\/v2\/posts\/158758","targetHints":{"allow":["GET"]}}],"collection":[{"href":"https:\/\/www.cetys.mx\/noticias\/wp-json\/wp\/v2\/posts"}],"about":[{"href":"https:\/\/www.cetys.mx\/noticias\/wp-json\/wp\/v2\/types\/post"}],"author":[{"embeddable":true,"href":"https:\/\/www.cetys.mx\/noticias\/wp-json\/wp\/v2\/users\/24"}],"replies":[{"embeddable":true,"href":"https:\/\/www.cetys.mx\/noticias\/wp-json\/wp\/v2\/comments?post=158758"}],"version-history":[{"count":5,"href":"https:\/\/www.cetys.mx\/noticias\/wp-json\/wp\/v2\/posts\/158758\/revisions"}],"predecessor-version":[{"id":158824,"href":"https:\/\/www.cetys.mx\/noticias\/wp-json\/wp\/v2\/posts\/158758\/revisions\/158824"}],"wp:featuredmedia":[{"embeddable":true,"href":"https:\/\/www.cetys.mx\/noticias\/wp-json\/wp\/v2\/media\/158767"}],"wp:attachment":[{"href":"https:\/\/www.cetys.mx\/noticias\/wp-json\/wp\/v2\/media?parent=158758"}],"wp:term":[{"taxonomy":"category","embeddable":true,"href":"https:\/\/www.cetys.mx\/noticias\/wp-json\/wp\/v2\/categories?post=158758"},{"taxonomy":"post_tag","embeddable":true,"href":"https:\/\/www.cetys.mx\/noticias\/wp-json\/wp\/v2\/tags?post=158758"}],"curies":[{"name":"wp","href":"https:\/\/api.w.org\/{rel}","templated":true}]}}