{"id":158364,"date":"2021-09-15T18:43:05","date_gmt":"2021-09-16T01:43:05","guid":{"rendered":"https:\/\/www.cetys.mx\/noticias\/?p=158364"},"modified":"2021-09-21T13:09:22","modified_gmt":"2021-09-21T20:09:22","slug":"t-mec-a-un-ano-de-su-entrada-en-vigor-reflexiones-y-avances","status":"publish","type":"post","link":"https:\/\/www.cetys.mx\/noticias\/t-mec-a-un-ano-de-su-entrada-en-vigor-reflexiones-y-avances\/","title":{"rendered":"T-MEC a un a\u00f1o de su entrada en vigor, reflexiones y avances"},"content":{"rendered":"<p style=\"text-align: center;\"><strong><em>\u00c1reas como Medio Ambiente y la situaci\u00f3n laboral en M\u00e9xico, Estados Unidos y Canad\u00e1 representan los mayores retos para la vigencia del acuerdo, explic\u00f3 Experto CETYS<\/em><\/strong><\/p>\n<p><span style=\"font-weight: 400;\">\u00a0<\/span><\/p>\n<p style=\"text-align: justify;\"><span style=\"font-weight: 400;\">A poco m\u00e1s de un a\u00f1o de la entrada en vigor del Tratado entre M\u00e9xico, Estados Unidos y Canad\u00e1 (TMEC), en la Rep\u00fablica se perciben beneficios para las finanzas internacionales, el fortalecimiento de lazos comerciales con las uniones de Norteam\u00e9rica as\u00ed como un incremento de 29.5% de las exportaciones de productos nacionales en lo que va de 2021, con respecto al mismo periodo de 2020, de acuerdo con cifras del Monitor TMEC.<\/span><\/p>\n<p style=\"text-align: justify;\"><span style=\"font-weight: 400;\">\u00a0<\/span><\/p>\n<p style=\"text-align: justify;\"><span style=\"font-weight: 400;\">\u00a0<\/span><span style=\"font-weight: 400;\">Sin embargo, a\u00fan se deben revisar algunos temas pendientes con dichos pa\u00edses y evaluar el impacto positivo para la regi\u00f3n comercial, detall\u00f3 el Dr. Jos\u00e9 Manuel Vargas Menchaca, Docente de la Maestr\u00eda en Derecho de CETYS Universidad Campus Mexicali y quien fungi\u00f3 como panelista del Cap\u00edtulo XIX del TLCAN y ahora del Coordinador de la Mesa de Soluci\u00f3n de Controversias del Cuarto de Junto del Sector Privado en las Negociaciones Comerciales del TMEC en el Cap\u00edtulo 10 del tratado.<\/span><\/p>\n<p style=\"text-align: justify;\"><span style=\"font-weight: 400;\">\u00a0<\/span><\/p>\n<p style=\"text-align: justify;\"><span style=\"font-weight: 400;\">Si bien el TLCAN conten\u00eda 22 cap\u00edtulos, ahora el TMEC comprende 34, as\u00ed como 12 cartas paralelas. Entre los cap\u00edtulos nuevos se encuentran el de anticorrupci\u00f3n, empresas propiedad del estado, peque\u00f1as y medianas empresas, mercanc\u00edas textiles y del vestido, competitividad, comercio digital, medio ambiente y laboral, siendo estos dos \u00faltimos los que generaron mayor conversaci\u00f3n durante la negociaci\u00f3n, dado que no se observ\u00f3 la efectividad esperada en la vigencia del acuerdo anterior.<\/span><\/p>\n<p style=\"text-align: justify;\"><span style=\"font-weight: 400;\">\u00a0<\/span><\/p>\n<p style=\"text-align: justify;\"><span style=\"font-weight: 400;\">El catedr\u00e1tico refiri\u00f3 que a diferencia del TLCAN, ahora en el art\u00edculo 34.7 p\u00e1rrafo 1 del TMEC, se indica que el tratado tendr\u00e1 una vigencia de 16 a\u00f1os, salvo que como resultado de una revisi\u00f3n conjunta por parte de los tres pa\u00edses, se decida que el tratado deba continuar por un per\u00edodo similar; sujeto a los ajustes y modificaciones de com\u00fan acuerdo.<\/span><\/p>\n<p style=\"text-align: justify;\"><span style=\"font-weight: 400;\">\u00a0<\/span><\/p>\n<blockquote>\n<p style=\"text-align: justify;\"><span style=\"font-weight: 400;\">\u201cLa revisi\u00f3n del TMEC comenzar\u00e1 al concluir los 6 a\u00f1os de su vigencia, esto es, en el segundo semestre de 2026.\u00a0 Si como resultado de la revisi\u00f3n alguno de los pa\u00edses no desea prorrogar el TMEC, lo manifestar\u00e1 por escrito, con lo cual el tratado se dar\u00e1 por terminado para ese pa\u00eds cuando concluya la vigencia de 16 a\u00f1os, es decir en 2038\u201d.<\/span><\/p>\n<\/blockquote>\n<p style=\"text-align: justify;\"><span style=\"font-weight: 400;\">\u00a0<\/span><\/p>\n<p style=\"text-align: justify;\"><span style=\"font-weight: 400;\">En el lapso que lleva vigente el acuerdo, los principales sucesos han ocurrido en materia de Reglas de Origen y sobre Soluci\u00f3n de Controversias en el \u00e1mbito laboral y automotriz, con ejemplos de empresas trasnacionales con casos como Tridonex o General Motors planta Silao, Guanajuato.<\/span><\/p>\n<p style=\"text-align: justify;\"><span style=\"font-weight: 400;\">La entrada en vigor del TMEC ha sido un gran acierto, ya que al existir este acuerdo comercial, se ha traducido en un propulsor de la econom\u00eda. Hay que recordar que el TMEC es solo una de las condiciones id\u00f3neas que existen en M\u00e9xico, que atraen la inversi\u00f3n nacional y extranjera, visibilizando a un pa\u00eds que ofrece facilidades, claridad y certidumbre a los inversionistas a trav\u00e9s de pol\u00edticas p\u00fablicas en materia comercial y de exportaci\u00f3n, concluy\u00f3 el Dr. Vargas Menchaca.<\/span><\/p>\n","protected":false},"excerpt":{"rendered":"<p>\u00c1reas como Medio Ambiente y la situaci\u00f3n laboral en M\u00e9xico, Estados Unidos y Canad\u00e1 representan los mayores retos para la vigencia del&#8230;<\/p>\n","protected":false},"author":20,"featured_media":145720,"comment_status":"open","ping_status":"closed","sticky":false,"template":"","format":"standard","meta":{"footnotes":""},"categories":[133,313],"tags":[5496],"class_list":["post-158364","post","type-post","status-publish","format-standard","has-post-thumbnail","hentry","category-campus-mexicali","category-vocetys-2","tag-vocetys-2021-09-21"],"yoast_head":"<!-- This site is optimized with the Yoast SEO plugin v27.4 - https:\/\/yoast.com\/product\/yoast-seo-wordpress\/ -->\n<title>T-MEC a un a\u00f1o de su entrada en vigor, reflexiones y avances - CETYS<\/title>\n<meta name=\"description\" content=\"Articulo sobre T-MEC a un a\u00f1o de su entrada en vigor, reflexiones y avances\" \/>\n<meta name=\"robots\" content=\"index, follow, max-snippet:-1, max-image-preview:large, max-video-preview:-1\" \/>\n<link rel=\"canonical\" href=\"https:\/\/www.cetys.mx\/noticias\/t-mec-a-un-ano-de-su-entrada-en-vigor-reflexiones-y-avances\/\" \/>\n<meta property=\"og:locale\" content=\"es_MX\" \/>\n<meta property=\"og:type\" content=\"article\" \/>\n<meta property=\"og:title\" content=\"T-MEC a un a\u00f1o de su entrada en vigor, reflexiones y avances - CETYS\" \/>\n<meta property=\"og:description\" content=\"Articulo sobre T-MEC a un a\u00f1o de su entrada en vigor, reflexiones y avances\" \/>\n<meta property=\"og:url\" content=\"https:\/\/www.cetys.mx\/noticias\/t-mec-a-un-ano-de-su-entrada-en-vigor-reflexiones-y-avances\/\" \/>\n<meta property=\"og:site_name\" content=\"CETYS\" \/>\n<meta property=\"article:publisher\" content=\"https:\/\/www.facebook.com\/cetysuniversidadmxl\/\" \/>\n<meta property=\"article:published_time\" content=\"2021-09-16T01:43:05+00:00\" \/>\n<meta property=\"article:modified_time\" content=\"2021-09-21T20:09:22+00:00\" \/>\n<meta property=\"og:image\" content=\"https:\/\/www.cetys.mx\/noticias\/wp-content\/uploads\/2020\/07\/TMEC-academico.jpg\" \/>\n\t<meta property=\"og:image:width\" content=\"958\" \/>\n\t<meta property=\"og:image:height\" content=\"637\" \/>\n\t<meta property=\"og:image:type\" content=\"image\/jpeg\" \/>\n<meta name=\"author\" content=\"Campus Mexicali\" \/>\n<meta name=\"twitter:card\" content=\"summary_large_image\" \/>\n<meta name=\"twitter:creator\" content=\"@cetysuni\" \/>\n<meta name=\"twitter:site\" content=\"@cetysuni\" \/>\n<meta name=\"twitter:label1\" content=\"Escrito por\" \/>\n\t<meta name=\"twitter:data1\" content=\"Campus Mexicali\" \/>\n\t<meta name=\"twitter:label2\" content=\"Tiempo de lectura\" \/>\n\t<meta name=\"twitter:data2\" content=\"3 minutos\" \/>\n<script type=\"application\/ld+json\" class=\"yoast-schema-graph\">{\"@context\":\"https:\\\/\\\/schema.org\",\"@graph\":[{\"@type\":\"Article\",\"@id\":\"https:\\\/\\\/www.cetys.mx\\\/noticias\\\/t-mec-a-un-ano-de-su-entrada-en-vigor-reflexiones-y-avances\\\/#article\",\"isPartOf\":{\"@id\":\"https:\\\/\\\/www.cetys.mx\\\/noticias\\\/t-mec-a-un-ano-de-su-entrada-en-vigor-reflexiones-y-avances\\\/\"},\"author\":{\"name\":\"Campus Mexicali\",\"@id\":\"https:\\\/\\\/www.cetys.mx\\\/noticias\\\/#\\\/schema\\\/person\\\/79a95c4ac185f3705cf1b9c9340a5f70\"},\"headline\":\"T-MEC a un a\u00f1o de su entrada en vigor, reflexiones y avances\",\"datePublished\":\"2021-09-16T01:43:05+00:00\",\"dateModified\":\"2021-09-21T20:09:22+00:00\",\"mainEntityOfPage\":{\"@id\":\"https:\\\/\\\/www.cetys.mx\\\/noticias\\\/t-mec-a-un-ano-de-su-entrada-en-vigor-reflexiones-y-avances\\\/\"},\"wordCount\":544,\"commentCount\":0,\"image\":{\"@id\":\"https:\\\/\\\/www.cetys.mx\\\/noticias\\\/t-mec-a-un-ano-de-su-entrada-en-vigor-reflexiones-y-avances\\\/#primaryimage\"},\"thumbnailUrl\":\"https:\\\/\\\/www.cetys.mx\\\/noticias\\\/wp-content\\\/uploads\\\/2020\\\/07\\\/TMEC-academico.jpg\",\"keywords\":[\"vocetys-2021-09-21\"],\"articleSection\":[\"Campus Mexicali\",\"VoCETYS\"],\"inLanguage\":\"es\",\"potentialAction\":[{\"@type\":\"CommentAction\",\"name\":\"Comment\",\"target\":[\"https:\\\/\\\/www.cetys.mx\\\/noticias\\\/t-mec-a-un-ano-de-su-entrada-en-vigor-reflexiones-y-avances\\\/#respond\"]}]},{\"@type\":\"WebPage\",\"@id\":\"https:\\\/\\\/www.cetys.mx\\\/noticias\\\/t-mec-a-un-ano-de-su-entrada-en-vigor-reflexiones-y-avances\\\/\",\"url\":\"https:\\\/\\\/www.cetys.mx\\\/noticias\\\/t-mec-a-un-ano-de-su-entrada-en-vigor-reflexiones-y-avances\\\/\",\"name\":\"T-MEC a un a\u00f1o de su entrada en vigor, reflexiones y avances - CETYS\",\"isPartOf\":{\"@id\":\"https:\\\/\\\/www.cetys.mx\\\/noticias\\\/#website\"},\"primaryImageOfPage\":{\"@id\":\"https:\\\/\\\/www.cetys.mx\\\/noticias\\\/t-mec-a-un-ano-de-su-entrada-en-vigor-reflexiones-y-avances\\\/#primaryimage\"},\"image\":{\"@id\":\"https:\\\/\\\/www.cetys.mx\\\/noticias\\\/t-mec-a-un-ano-de-su-entrada-en-vigor-reflexiones-y-avances\\\/#primaryimage\"},\"thumbnailUrl\":\"https:\\\/\\\/www.cetys.mx\\\/noticias\\\/wp-content\\\/uploads\\\/2020\\\/07\\\/TMEC-academico.jpg\",\"datePublished\":\"2021-09-16T01:43:05+00:00\",\"dateModified\":\"2021-09-21T20:09:22+00:00\",\"author\":{\"@id\":\"https:\\\/\\\/www.cetys.mx\\\/noticias\\\/#\\\/schema\\\/person\\\/79a95c4ac185f3705cf1b9c9340a5f70\"},\"description\":\"Articulo sobre T-MEC a un a\u00f1o de su entrada en vigor, reflexiones y avances\",\"breadcrumb\":{\"@id\":\"https:\\\/\\\/www.cetys.mx\\\/noticias\\\/t-mec-a-un-ano-de-su-entrada-en-vigor-reflexiones-y-avances\\\/#breadcrumb\"},\"inLanguage\":\"es\",\"potentialAction\":[{\"@type\":\"ReadAction\",\"target\":[\"https:\\\/\\\/www.cetys.mx\\\/noticias\\\/t-mec-a-un-ano-de-su-entrada-en-vigor-reflexiones-y-avances\\\/\"]}]},{\"@type\":\"ImageObject\",\"inLanguage\":\"es\",\"@id\":\"https:\\\/\\\/www.cetys.mx\\\/noticias\\\/t-mec-a-un-ano-de-su-entrada-en-vigor-reflexiones-y-avances\\\/#primaryimage\",\"url\":\"https:\\\/\\\/www.cetys.mx\\\/noticias\\\/wp-content\\\/uploads\\\/2020\\\/07\\\/TMEC-academico.jpg\",\"contentUrl\":\"https:\\\/\\\/www.cetys.mx\\\/noticias\\\/wp-content\\\/uploads\\\/2020\\\/07\\\/TMEC-academico.jpg\",\"width\":958,\"height\":637},{\"@type\":\"BreadcrumbList\",\"@id\":\"https:\\\/\\\/www.cetys.mx\\\/noticias\\\/t-mec-a-un-ano-de-su-entrada-en-vigor-reflexiones-y-avances\\\/#breadcrumb\",\"itemListElement\":[{\"@type\":\"ListItem\",\"position\":1,\"name\":\"Inicio\",\"item\":\"https:\\\/\\\/www.cetys.mx\\\/noticias\\\/\"},{\"@type\":\"ListItem\",\"position\":2,\"name\":\"T-MEC a un a\u00f1o de su entrada en vigor, reflexiones y avances\"}]},{\"@type\":\"WebSite\",\"@id\":\"https:\\\/\\\/www.cetys.mx\\\/noticias\\\/#website\",\"url\":\"https:\\\/\\\/www.cetys.mx\\\/noticias\\\/\",\"name\":\"CETYS\",\"description\":\"\",\"potentialAction\":[{\"@type\":\"SearchAction\",\"target\":{\"@type\":\"EntryPoint\",\"urlTemplate\":\"https:\\\/\\\/www.cetys.mx\\\/noticias\\\/?s={search_term_string}\"},\"query-input\":{\"@type\":\"PropertyValueSpecification\",\"valueRequired\":true,\"valueName\":\"search_term_string\"}}],\"inLanguage\":\"es\"},{\"@type\":\"Person\",\"@id\":\"https:\\\/\\\/www.cetys.mx\\\/noticias\\\/#\\\/schema\\\/person\\\/79a95c4ac185f3705cf1b9c9340a5f70\",\"name\":\"Campus Mexicali\",\"url\":\"https:\\\/\\\/www.cetys.mx\\\/noticias\\\/author\\\/campusmexicali\\\/\"}]}<\/script>\n<!-- \/ Yoast SEO plugin. -->","yoast_head_json":{"title":"T-MEC a un a\u00f1o de su entrada en vigor, reflexiones y avances - CETYS","description":"Articulo sobre T-MEC a un a\u00f1o de su entrada en vigor, reflexiones y avances","robots":{"index":"index","follow":"follow","max-snippet":"max-snippet:-1","max-image-preview":"max-image-preview:large","max-video-preview":"max-video-preview:-1"},"canonical":"https:\/\/www.cetys.mx\/noticias\/t-mec-a-un-ano-de-su-entrada-en-vigor-reflexiones-y-avances\/","og_locale":"es_MX","og_type":"article","og_title":"T-MEC a un a\u00f1o de su entrada en vigor, reflexiones y avances - CETYS","og_description":"Articulo sobre T-MEC a un a\u00f1o de su entrada en vigor, reflexiones y avances","og_url":"https:\/\/www.cetys.mx\/noticias\/t-mec-a-un-ano-de-su-entrada-en-vigor-reflexiones-y-avances\/","og_site_name":"CETYS","article_publisher":"https:\/\/www.facebook.com\/cetysuniversidadmxl\/","article_published_time":"2021-09-16T01:43:05+00:00","article_modified_time":"2021-09-21T20:09:22+00:00","og_image":[{"width":958,"height":637,"url":"https:\/\/www.cetys.mx\/noticias\/wp-content\/uploads\/2020\/07\/TMEC-academico.jpg","type":"image\/jpeg"}],"author":"Campus Mexicali","twitter_card":"summary_large_image","twitter_creator":"@cetysuni","twitter_site":"@cetysuni","twitter_misc":{"Escrito por":"Campus Mexicali","Tiempo de lectura":"3 minutos"},"schema":{"@context":"https:\/\/schema.org","@graph":[{"@type":"Article","@id":"https:\/\/www.cetys.mx\/noticias\/t-mec-a-un-ano-de-su-entrada-en-vigor-reflexiones-y-avances\/#article","isPartOf":{"@id":"https:\/\/www.cetys.mx\/noticias\/t-mec-a-un-ano-de-su-entrada-en-vigor-reflexiones-y-avances\/"},"author":{"name":"Campus Mexicali","@id":"https:\/\/www.cetys.mx\/noticias\/#\/schema\/person\/79a95c4ac185f3705cf1b9c9340a5f70"},"headline":"T-MEC a un a\u00f1o de su entrada en vigor, reflexiones y avances","datePublished":"2021-09-16T01:43:05+00:00","dateModified":"2021-09-21T20:09:22+00:00","mainEntityOfPage":{"@id":"https:\/\/www.cetys.mx\/noticias\/t-mec-a-un-ano-de-su-entrada-en-vigor-reflexiones-y-avances\/"},"wordCount":544,"commentCount":0,"image":{"@id":"https:\/\/www.cetys.mx\/noticias\/t-mec-a-un-ano-de-su-entrada-en-vigor-reflexiones-y-avances\/#primaryimage"},"thumbnailUrl":"https:\/\/www.cetys.mx\/noticias\/wp-content\/uploads\/2020\/07\/TMEC-academico.jpg","keywords":["vocetys-2021-09-21"],"articleSection":["Campus Mexicali","VoCETYS"],"inLanguage":"es","potentialAction":[{"@type":"CommentAction","name":"Comment","target":["https:\/\/www.cetys.mx\/noticias\/t-mec-a-un-ano-de-su-entrada-en-vigor-reflexiones-y-avances\/#respond"]}]},{"@type":"WebPage","@id":"https:\/\/www.cetys.mx\/noticias\/t-mec-a-un-ano-de-su-entrada-en-vigor-reflexiones-y-avances\/","url":"https:\/\/www.cetys.mx\/noticias\/t-mec-a-un-ano-de-su-entrada-en-vigor-reflexiones-y-avances\/","name":"T-MEC a un a\u00f1o de su entrada en vigor, reflexiones y avances - CETYS","isPartOf":{"@id":"https:\/\/www.cetys.mx\/noticias\/#website"},"primaryImageOfPage":{"@id":"https:\/\/www.cetys.mx\/noticias\/t-mec-a-un-ano-de-su-entrada-en-vigor-reflexiones-y-avances\/#primaryimage"},"image":{"@id":"https:\/\/www.cetys.mx\/noticias\/t-mec-a-un-ano-de-su-entrada-en-vigor-reflexiones-y-avances\/#primaryimage"},"thumbnailUrl":"https:\/\/www.cetys.mx\/noticias\/wp-content\/uploads\/2020\/07\/TMEC-academico.jpg","datePublished":"2021-09-16T01:43:05+00:00","dateModified":"2021-09-21T20:09:22+00:00","author":{"@id":"https:\/\/www.cetys.mx\/noticias\/#\/schema\/person\/79a95c4ac185f3705cf1b9c9340a5f70"},"description":"Articulo sobre T-MEC a un a\u00f1o de su entrada en vigor, reflexiones y avances","breadcrumb":{"@id":"https:\/\/www.cetys.mx\/noticias\/t-mec-a-un-ano-de-su-entrada-en-vigor-reflexiones-y-avances\/#breadcrumb"},"inLanguage":"es","potentialAction":[{"@type":"ReadAction","target":["https:\/\/www.cetys.mx\/noticias\/t-mec-a-un-ano-de-su-entrada-en-vigor-reflexiones-y-avances\/"]}]},{"@type":"ImageObject","inLanguage":"es","@id":"https:\/\/www.cetys.mx\/noticias\/t-mec-a-un-ano-de-su-entrada-en-vigor-reflexiones-y-avances\/#primaryimage","url":"https:\/\/www.cetys.mx\/noticias\/wp-content\/uploads\/2020\/07\/TMEC-academico.jpg","contentUrl":"https:\/\/www.cetys.mx\/noticias\/wp-content\/uploads\/2020\/07\/TMEC-academico.jpg","width":958,"height":637},{"@type":"BreadcrumbList","@id":"https:\/\/www.cetys.mx\/noticias\/t-mec-a-un-ano-de-su-entrada-en-vigor-reflexiones-y-avances\/#breadcrumb","itemListElement":[{"@type":"ListItem","position":1,"name":"Inicio","item":"https:\/\/www.cetys.mx\/noticias\/"},{"@type":"ListItem","position":2,"name":"T-MEC a un a\u00f1o de su entrada en vigor, reflexiones y avances"}]},{"@type":"WebSite","@id":"https:\/\/www.cetys.mx\/noticias\/#website","url":"https:\/\/www.cetys.mx\/noticias\/","name":"CETYS","description":"","potentialAction":[{"@type":"SearchAction","target":{"@type":"EntryPoint","urlTemplate":"https:\/\/www.cetys.mx\/noticias\/?s={search_term_string}"},"query-input":{"@type":"PropertyValueSpecification","valueRequired":true,"valueName":"search_term_string"}}],"inLanguage":"es"},{"@type":"Person","@id":"https:\/\/www.cetys.mx\/noticias\/#\/schema\/person\/79a95c4ac185f3705cf1b9c9340a5f70","name":"Campus Mexicali","url":"https:\/\/www.cetys.mx\/noticias\/author\/campusmexicali\/"}]}},"_links":{"self":[{"href":"https:\/\/www.cetys.mx\/noticias\/wp-json\/wp\/v2\/posts\/158364","targetHints":{"allow":["GET"]}}],"collection":[{"href":"https:\/\/www.cetys.mx\/noticias\/wp-json\/wp\/v2\/posts"}],"about":[{"href":"https:\/\/www.cetys.mx\/noticias\/wp-json\/wp\/v2\/types\/post"}],"author":[{"embeddable":true,"href":"https:\/\/www.cetys.mx\/noticias\/wp-json\/wp\/v2\/users\/20"}],"replies":[{"embeddable":true,"href":"https:\/\/www.cetys.mx\/noticias\/wp-json\/wp\/v2\/comments?post=158364"}],"version-history":[{"count":3,"href":"https:\/\/www.cetys.mx\/noticias\/wp-json\/wp\/v2\/posts\/158364\/revisions"}],"predecessor-version":[{"id":158519,"href":"https:\/\/www.cetys.mx\/noticias\/wp-json\/wp\/v2\/posts\/158364\/revisions\/158519"}],"wp:featuredmedia":[{"embeddable":true,"href":"https:\/\/www.cetys.mx\/noticias\/wp-json\/wp\/v2\/media\/145720"}],"wp:attachment":[{"href":"https:\/\/www.cetys.mx\/noticias\/wp-json\/wp\/v2\/media?parent=158364"}],"wp:term":[{"taxonomy":"category","embeddable":true,"href":"https:\/\/www.cetys.mx\/noticias\/wp-json\/wp\/v2\/categories?post=158364"},{"taxonomy":"post_tag","embeddable":true,"href":"https:\/\/www.cetys.mx\/noticias\/wp-json\/wp\/v2\/tags?post=158364"}],"curies":[{"name":"wp","href":"https:\/\/api.w.org\/{rel}","templated":true}]}}