{"id":157882,"date":"2021-08-30T13:14:17","date_gmt":"2021-08-30T20:14:17","guid":{"rendered":"https:\/\/www.cetys.mx\/noticias\/?p=157882"},"modified":"2021-08-31T13:30:50","modified_gmt":"2021-08-31T20:30:50","slug":"la-importancia-de-la-capacitacion-en-la-empresa","status":"publish","type":"post","link":"https:\/\/www.cetys.mx\/noticias\/la-importancia-de-la-capacitacion-en-la-empresa\/","title":{"rendered":"La importancia de la capacitaci\u00f3n en la empresa"},"content":{"rendered":"<p><span style=\"font-weight: 400;\">Muchas empresas consideran a la capacitaci\u00f3n como s\u00f3lo una obligaci\u00f3n patronal y un gasto innecesario. La realidad es que la capacitaci\u00f3n es un proceso que trae m\u00faltiples beneficios tanto a la empresa como al trabajador, tales como mejora de la productividad, buen ambiente laboral, reducci\u00f3n de costos, disminuci\u00f3n de accidentes de trabajo, proporciona un sentido de pertenencia, da autonom\u00eda y seguridad al empleado, entre otros. Sin embargo, para que cumpla esta funci\u00f3n debe reunir ciertos requisitos que a continuaci\u00f3n se describir\u00e1n:<\/span><\/p>\n<ul>\n<li style=\"font-weight: 400;\" aria-level=\"1\"><span style=\"font-weight: 400;\">La capacitaci\u00f3n consta de cuatro etapas principalmente: <\/span><span style=\"font-weight: 400;\">detecci\u00f3n<\/span><span style=\"font-weight: 400;\"> de necesidades de capacitaci\u00f3n, <\/span><span style=\"font-weight: 400;\">planeaci\u00f3n del programa<\/span><span style=\"font-weight: 400;\"> de capacitaci\u00f3n para atender dichas necesidades, <\/span><span style=\"font-weight: 400;\">implementaci\u00f3n del programa<\/span><span style=\"font-weight: 400;\"> y <\/span><span style=\"font-weight: 400;\">evaluaci\u00f3n de resultados<\/span><span style=\"font-weight: 400;\">. Sin alguna de estas etapas la capacitaci\u00f3n deja de ser un proceso y se pierden los beneficios que se desean obtener.<\/span><\/li>\n<li style=\"font-weight: 400;\" aria-level=\"1\"><span style=\"font-weight: 400;\">Planeaci\u00f3n: la capacitaci\u00f3n implica una planeaci\u00f3n detallada por parte de la organizaci\u00f3n y la responsabilidad de cada una de sus partes: recursos humanos, gerentes, supervisores, empleados. As\u00ed mismo, debe contar con objetivos definidos: \u00bfqu\u00e9 se desea obtener con \u00e9sta?<\/span><\/li>\n<li style=\"font-weight: 400;\" aria-level=\"1\"><span style=\"font-weight: 400;\">Sistem\u00e1tica: donde cada uno de sus elementos est\u00e1n interrelacionados y cumplen una funci\u00f3n.<\/span><\/li>\n<li style=\"font-weight: 400;\" aria-level=\"1\"><span style=\"font-weight: 400;\">An\u00e1lisis del costo-beneficio. La capacitaci\u00f3n debe verse como una inversi\u00f3n, donde se determinar\u00e1 la ganancia que se obtendr\u00e1 con esta herramienta.\u00a0<\/span><\/li>\n<\/ul>\n<p><span style=\"font-weight: 400;\">\u201cLa capacitaci\u00f3n es un proceso educativo planeado, aplicado de manera sistem\u00e1tica y organizada, por medio del cual las personas adquieren conocimientos, desarrollan habilidades y competencias en funci\u00f3n de objetivos definidos\u201d\u00a0<\/span><\/p>\n<p><span style=\"font-weight: 400;\">Las empresas enfrentan entornos cada vez m\u00e1s complejos, a los cuales dif\u00edcilmente se adaptar\u00e1n si sus empleados no est\u00e1n capacit\u00e1ndose constantemente. La organizaci\u00f3n de hoy requiere colaboradores que desarrollen competencias que les permitan estar aprendiendo continuamente, lo que ayer funcionaba, hoy tal vez ya no. Por lo tanto, se debe dejar de ver a la capacitaci\u00f3n como una obligaci\u00f3n y empezar a verla como una herramienta para mejorar tanto organizacional como individualmente.\u00a0<\/span><\/p>\n<p><span style=\"font-weight: 400;\">El desarrollo de habilidades se ha vuelto clave en este proceso, los conocimientos se adquieren f\u00e1cilmente, sin embargo, las habilidades implican un mayor esfuerzo. Existe un compromiso de la organizaci\u00f3n por lograr que sus empleados desarrollen las habilidades necesarias para enfrentar los retos tanto internos como externos.<\/span><\/p>\n<p><span style=\"font-weight: 400;\">En resumen, la capacitaci\u00f3n es una herramienta fundamental para la mejora en la organizaci\u00f3n, solamente requiere compromiso, constancia y visi\u00f3n por parte de los integrantes de la misma.<\/span><\/p>\n<p>&nbsp;<\/p>\n<p>Por:\u00a0\u00a0<span style=\"font-weight: 400;\">Mtra. Mar\u00eda Luisa L\u00f3pez Rodr\u00edguez, docente de\u00a0<\/span><span style=\"font-weight: 400;\">Licenciaturas Ejecutivas de CETYS Universidad Campus Mexicali<\/span><\/p>\n","protected":false},"excerpt":{"rendered":"<p>Muchas empresas consideran a la capacitaci\u00f3n como s\u00f3lo una obligaci\u00f3n patronal y un gasto innecesario. La realidad es que la capacitaci\u00f3n es&#8230;<\/p>\n","protected":false},"author":20,"featured_media":148324,"comment_status":"open","ping_status":"closed","sticky":false,"template":"","format":"standard","meta":{"footnotes":""},"categories":[133,313],"tags":[1295,1022,2851,618,5062,5439],"class_list":["post-157882","post","type-post","status-publish","format-standard","has-post-thumbnail","hentry","category-campus-mexicali","category-vocetys-2","tag-administracion-y-negocios","tag-capacitacion","tag-cetys-universidad-campus-mexicali","tag-empresa","tag-licenciaturas-ejecutivas","tag-vocetys-2021-08-31"],"yoast_head":"<!-- This site is optimized with the Yoast SEO plugin v27.4 - https:\/\/yoast.com\/product\/yoast-seo-wordpress\/ -->\n<title>La importancia de la capacitaci\u00f3n en la empresa - CETYS<\/title>\n<meta name=\"description\" content=\"Articulo sobre La importancia de la capacitaci\u00f3n en la empresa\" \/>\n<meta name=\"robots\" content=\"index, follow, max-snippet:-1, max-image-preview:large, max-video-preview:-1\" \/>\n<link rel=\"canonical\" href=\"https:\/\/www.cetys.mx\/noticias\/la-importancia-de-la-capacitacion-en-la-empresa\/\" \/>\n<meta property=\"og:locale\" content=\"es_MX\" \/>\n<meta property=\"og:type\" content=\"article\" \/>\n<meta property=\"og:title\" content=\"La importancia de la capacitaci\u00f3n en la empresa - CETYS\" \/>\n<meta property=\"og:description\" content=\"Articulo sobre La importancia de la capacitaci\u00f3n en la empresa\" \/>\n<meta property=\"og:url\" content=\"https:\/\/www.cetys.mx\/noticias\/la-importancia-de-la-capacitacion-en-la-empresa\/\" \/>\n<meta property=\"og:site_name\" content=\"CETYS\" \/>\n<meta property=\"article:publisher\" content=\"https:\/\/www.facebook.com\/cetysuniversidadmxl\/\" \/>\n<meta property=\"article:published_time\" content=\"2021-08-30T20:14:17+00:00\" \/>\n<meta property=\"article:modified_time\" content=\"2021-08-31T20:30:50+00:00\" \/>\n<meta property=\"og:image\" content=\"https:\/\/www.cetys.mx\/noticias\/wp-content\/uploads\/2020\/08\/6_6.png\" \/>\n\t<meta property=\"og:image:width\" content=\"960\" \/>\n\t<meta property=\"og:image:height\" content=\"637\" \/>\n\t<meta property=\"og:image:type\" content=\"image\/png\" \/>\n<meta name=\"author\" content=\"Campus Mexicali\" \/>\n<meta name=\"twitter:card\" content=\"summary_large_image\" \/>\n<meta name=\"twitter:creator\" content=\"@cetysuni\" \/>\n<meta name=\"twitter:site\" content=\"@cetysuni\" \/>\n<meta name=\"twitter:label1\" content=\"Escrito por\" \/>\n\t<meta name=\"twitter:data1\" content=\"Campus Mexicali\" \/>\n\t<meta name=\"twitter:label2\" content=\"Tiempo de lectura\" \/>\n\t<meta name=\"twitter:data2\" content=\"2 minutos\" \/>\n<script type=\"application\/ld+json\" class=\"yoast-schema-graph\">{\"@context\":\"https:\\\/\\\/schema.org\",\"@graph\":[{\"@type\":\"Article\",\"@id\":\"https:\\\/\\\/www.cetys.mx\\\/noticias\\\/la-importancia-de-la-capacitacion-en-la-empresa\\\/#article\",\"isPartOf\":{\"@id\":\"https:\\\/\\\/www.cetys.mx\\\/noticias\\\/la-importancia-de-la-capacitacion-en-la-empresa\\\/\"},\"author\":{\"name\":\"Campus Mexicali\",\"@id\":\"https:\\\/\\\/www.cetys.mx\\\/noticias\\\/#\\\/schema\\\/person\\\/79a95c4ac185f3705cf1b9c9340a5f70\"},\"headline\":\"La importancia de la capacitaci\u00f3n en la empresa\",\"datePublished\":\"2021-08-30T20:14:17+00:00\",\"dateModified\":\"2021-08-31T20:30:50+00:00\",\"mainEntityOfPage\":{\"@id\":\"https:\\\/\\\/www.cetys.mx\\\/noticias\\\/la-importancia-de-la-capacitacion-en-la-empresa\\\/\"},\"wordCount\":453,\"commentCount\":0,\"image\":{\"@id\":\"https:\\\/\\\/www.cetys.mx\\\/noticias\\\/la-importancia-de-la-capacitacion-en-la-empresa\\\/#primaryimage\"},\"thumbnailUrl\":\"https:\\\/\\\/www.cetys.mx\\\/noticias\\\/wp-content\\\/uploads\\\/2020\\\/08\\\/6_6.png\",\"keywords\":[\"Administraci\u00f3n y Negocios\",\"capacitaci\u00f3n\",\"CETYS Universidad Campus Mexicali\",\"Empresa\",\"Licenciaturas ejecutivas\",\"vocetys-2021-08-31\"],\"articleSection\":[\"Campus Mexicali\",\"VoCETYS\"],\"inLanguage\":\"es\",\"potentialAction\":[{\"@type\":\"CommentAction\",\"name\":\"Comment\",\"target\":[\"https:\\\/\\\/www.cetys.mx\\\/noticias\\\/la-importancia-de-la-capacitacion-en-la-empresa\\\/#respond\"]}]},{\"@type\":\"WebPage\",\"@id\":\"https:\\\/\\\/www.cetys.mx\\\/noticias\\\/la-importancia-de-la-capacitacion-en-la-empresa\\\/\",\"url\":\"https:\\\/\\\/www.cetys.mx\\\/noticias\\\/la-importancia-de-la-capacitacion-en-la-empresa\\\/\",\"name\":\"La importancia de la capacitaci\u00f3n en la empresa - CETYS\",\"isPartOf\":{\"@id\":\"https:\\\/\\\/www.cetys.mx\\\/noticias\\\/#website\"},\"primaryImageOfPage\":{\"@id\":\"https:\\\/\\\/www.cetys.mx\\\/noticias\\\/la-importancia-de-la-capacitacion-en-la-empresa\\\/#primaryimage\"},\"image\":{\"@id\":\"https:\\\/\\\/www.cetys.mx\\\/noticias\\\/la-importancia-de-la-capacitacion-en-la-empresa\\\/#primaryimage\"},\"thumbnailUrl\":\"https:\\\/\\\/www.cetys.mx\\\/noticias\\\/wp-content\\\/uploads\\\/2020\\\/08\\\/6_6.png\",\"datePublished\":\"2021-08-30T20:14:17+00:00\",\"dateModified\":\"2021-08-31T20:30:50+00:00\",\"author\":{\"@id\":\"https:\\\/\\\/www.cetys.mx\\\/noticias\\\/#\\\/schema\\\/person\\\/79a95c4ac185f3705cf1b9c9340a5f70\"},\"description\":\"Articulo sobre La importancia de la capacitaci\u00f3n en la empresa\",\"breadcrumb\":{\"@id\":\"https:\\\/\\\/www.cetys.mx\\\/noticias\\\/la-importancia-de-la-capacitacion-en-la-empresa\\\/#breadcrumb\"},\"inLanguage\":\"es\",\"potentialAction\":[{\"@type\":\"ReadAction\",\"target\":[\"https:\\\/\\\/www.cetys.mx\\\/noticias\\\/la-importancia-de-la-capacitacion-en-la-empresa\\\/\"]}]},{\"@type\":\"ImageObject\",\"inLanguage\":\"es\",\"@id\":\"https:\\\/\\\/www.cetys.mx\\\/noticias\\\/la-importancia-de-la-capacitacion-en-la-empresa\\\/#primaryimage\",\"url\":\"https:\\\/\\\/www.cetys.mx\\\/noticias\\\/wp-content\\\/uploads\\\/2020\\\/08\\\/6_6.png\",\"contentUrl\":\"https:\\\/\\\/www.cetys.mx\\\/noticias\\\/wp-content\\\/uploads\\\/2020\\\/08\\\/6_6.png\",\"width\":960,\"height\":637},{\"@type\":\"BreadcrumbList\",\"@id\":\"https:\\\/\\\/www.cetys.mx\\\/noticias\\\/la-importancia-de-la-capacitacion-en-la-empresa\\\/#breadcrumb\",\"itemListElement\":[{\"@type\":\"ListItem\",\"position\":1,\"name\":\"Inicio\",\"item\":\"https:\\\/\\\/www.cetys.mx\\\/noticias\\\/\"},{\"@type\":\"ListItem\",\"position\":2,\"name\":\"La importancia de la capacitaci\u00f3n en la empresa\"}]},{\"@type\":\"WebSite\",\"@id\":\"https:\\\/\\\/www.cetys.mx\\\/noticias\\\/#website\",\"url\":\"https:\\\/\\\/www.cetys.mx\\\/noticias\\\/\",\"name\":\"CETYS\",\"description\":\"\",\"potentialAction\":[{\"@type\":\"SearchAction\",\"target\":{\"@type\":\"EntryPoint\",\"urlTemplate\":\"https:\\\/\\\/www.cetys.mx\\\/noticias\\\/?s={search_term_string}\"},\"query-input\":{\"@type\":\"PropertyValueSpecification\",\"valueRequired\":true,\"valueName\":\"search_term_string\"}}],\"inLanguage\":\"es\"},{\"@type\":\"Person\",\"@id\":\"https:\\\/\\\/www.cetys.mx\\\/noticias\\\/#\\\/schema\\\/person\\\/79a95c4ac185f3705cf1b9c9340a5f70\",\"name\":\"Campus Mexicali\",\"url\":\"https:\\\/\\\/www.cetys.mx\\\/noticias\\\/author\\\/campusmexicali\\\/\"}]}<\/script>\n<!-- \/ Yoast SEO plugin. -->","yoast_head_json":{"title":"La importancia de la capacitaci\u00f3n en la empresa - CETYS","description":"Articulo sobre La importancia de la capacitaci\u00f3n en la empresa","robots":{"index":"index","follow":"follow","max-snippet":"max-snippet:-1","max-image-preview":"max-image-preview:large","max-video-preview":"max-video-preview:-1"},"canonical":"https:\/\/www.cetys.mx\/noticias\/la-importancia-de-la-capacitacion-en-la-empresa\/","og_locale":"es_MX","og_type":"article","og_title":"La importancia de la capacitaci\u00f3n en la empresa - CETYS","og_description":"Articulo sobre La importancia de la capacitaci\u00f3n en la empresa","og_url":"https:\/\/www.cetys.mx\/noticias\/la-importancia-de-la-capacitacion-en-la-empresa\/","og_site_name":"CETYS","article_publisher":"https:\/\/www.facebook.com\/cetysuniversidadmxl\/","article_published_time":"2021-08-30T20:14:17+00:00","article_modified_time":"2021-08-31T20:30:50+00:00","og_image":[{"width":960,"height":637,"url":"https:\/\/www.cetys.mx\/noticias\/wp-content\/uploads\/2020\/08\/6_6.png","type":"image\/png"}],"author":"Campus Mexicali","twitter_card":"summary_large_image","twitter_creator":"@cetysuni","twitter_site":"@cetysuni","twitter_misc":{"Escrito por":"Campus Mexicali","Tiempo de lectura":"2 minutos"},"schema":{"@context":"https:\/\/schema.org","@graph":[{"@type":"Article","@id":"https:\/\/www.cetys.mx\/noticias\/la-importancia-de-la-capacitacion-en-la-empresa\/#article","isPartOf":{"@id":"https:\/\/www.cetys.mx\/noticias\/la-importancia-de-la-capacitacion-en-la-empresa\/"},"author":{"name":"Campus Mexicali","@id":"https:\/\/www.cetys.mx\/noticias\/#\/schema\/person\/79a95c4ac185f3705cf1b9c9340a5f70"},"headline":"La importancia de la capacitaci\u00f3n en la empresa","datePublished":"2021-08-30T20:14:17+00:00","dateModified":"2021-08-31T20:30:50+00:00","mainEntityOfPage":{"@id":"https:\/\/www.cetys.mx\/noticias\/la-importancia-de-la-capacitacion-en-la-empresa\/"},"wordCount":453,"commentCount":0,"image":{"@id":"https:\/\/www.cetys.mx\/noticias\/la-importancia-de-la-capacitacion-en-la-empresa\/#primaryimage"},"thumbnailUrl":"https:\/\/www.cetys.mx\/noticias\/wp-content\/uploads\/2020\/08\/6_6.png","keywords":["Administraci\u00f3n y Negocios","capacitaci\u00f3n","CETYS Universidad Campus Mexicali","Empresa","Licenciaturas ejecutivas","vocetys-2021-08-31"],"articleSection":["Campus Mexicali","VoCETYS"],"inLanguage":"es","potentialAction":[{"@type":"CommentAction","name":"Comment","target":["https:\/\/www.cetys.mx\/noticias\/la-importancia-de-la-capacitacion-en-la-empresa\/#respond"]}]},{"@type":"WebPage","@id":"https:\/\/www.cetys.mx\/noticias\/la-importancia-de-la-capacitacion-en-la-empresa\/","url":"https:\/\/www.cetys.mx\/noticias\/la-importancia-de-la-capacitacion-en-la-empresa\/","name":"La importancia de la capacitaci\u00f3n en la empresa - CETYS","isPartOf":{"@id":"https:\/\/www.cetys.mx\/noticias\/#website"},"primaryImageOfPage":{"@id":"https:\/\/www.cetys.mx\/noticias\/la-importancia-de-la-capacitacion-en-la-empresa\/#primaryimage"},"image":{"@id":"https:\/\/www.cetys.mx\/noticias\/la-importancia-de-la-capacitacion-en-la-empresa\/#primaryimage"},"thumbnailUrl":"https:\/\/www.cetys.mx\/noticias\/wp-content\/uploads\/2020\/08\/6_6.png","datePublished":"2021-08-30T20:14:17+00:00","dateModified":"2021-08-31T20:30:50+00:00","author":{"@id":"https:\/\/www.cetys.mx\/noticias\/#\/schema\/person\/79a95c4ac185f3705cf1b9c9340a5f70"},"description":"Articulo sobre La importancia de la capacitaci\u00f3n en la empresa","breadcrumb":{"@id":"https:\/\/www.cetys.mx\/noticias\/la-importancia-de-la-capacitacion-en-la-empresa\/#breadcrumb"},"inLanguage":"es","potentialAction":[{"@type":"ReadAction","target":["https:\/\/www.cetys.mx\/noticias\/la-importancia-de-la-capacitacion-en-la-empresa\/"]}]},{"@type":"ImageObject","inLanguage":"es","@id":"https:\/\/www.cetys.mx\/noticias\/la-importancia-de-la-capacitacion-en-la-empresa\/#primaryimage","url":"https:\/\/www.cetys.mx\/noticias\/wp-content\/uploads\/2020\/08\/6_6.png","contentUrl":"https:\/\/www.cetys.mx\/noticias\/wp-content\/uploads\/2020\/08\/6_6.png","width":960,"height":637},{"@type":"BreadcrumbList","@id":"https:\/\/www.cetys.mx\/noticias\/la-importancia-de-la-capacitacion-en-la-empresa\/#breadcrumb","itemListElement":[{"@type":"ListItem","position":1,"name":"Inicio","item":"https:\/\/www.cetys.mx\/noticias\/"},{"@type":"ListItem","position":2,"name":"La importancia de la capacitaci\u00f3n en la empresa"}]},{"@type":"WebSite","@id":"https:\/\/www.cetys.mx\/noticias\/#website","url":"https:\/\/www.cetys.mx\/noticias\/","name":"CETYS","description":"","potentialAction":[{"@type":"SearchAction","target":{"@type":"EntryPoint","urlTemplate":"https:\/\/www.cetys.mx\/noticias\/?s={search_term_string}"},"query-input":{"@type":"PropertyValueSpecification","valueRequired":true,"valueName":"search_term_string"}}],"inLanguage":"es"},{"@type":"Person","@id":"https:\/\/www.cetys.mx\/noticias\/#\/schema\/person\/79a95c4ac185f3705cf1b9c9340a5f70","name":"Campus Mexicali","url":"https:\/\/www.cetys.mx\/noticias\/author\/campusmexicali\/"}]}},"_links":{"self":[{"href":"https:\/\/www.cetys.mx\/noticias\/wp-json\/wp\/v2\/posts\/157882","targetHints":{"allow":["GET"]}}],"collection":[{"href":"https:\/\/www.cetys.mx\/noticias\/wp-json\/wp\/v2\/posts"}],"about":[{"href":"https:\/\/www.cetys.mx\/noticias\/wp-json\/wp\/v2\/types\/post"}],"author":[{"embeddable":true,"href":"https:\/\/www.cetys.mx\/noticias\/wp-json\/wp\/v2\/users\/20"}],"replies":[{"embeddable":true,"href":"https:\/\/www.cetys.mx\/noticias\/wp-json\/wp\/v2\/comments?post=157882"}],"version-history":[{"count":1,"href":"https:\/\/www.cetys.mx\/noticias\/wp-json\/wp\/v2\/posts\/157882\/revisions"}],"predecessor-version":[{"id":157883,"href":"https:\/\/www.cetys.mx\/noticias\/wp-json\/wp\/v2\/posts\/157882\/revisions\/157883"}],"wp:featuredmedia":[{"embeddable":true,"href":"https:\/\/www.cetys.mx\/noticias\/wp-json\/wp\/v2\/media\/148324"}],"wp:attachment":[{"href":"https:\/\/www.cetys.mx\/noticias\/wp-json\/wp\/v2\/media?parent=157882"}],"wp:term":[{"taxonomy":"category","embeddable":true,"href":"https:\/\/www.cetys.mx\/noticias\/wp-json\/wp\/v2\/categories?post=157882"},{"taxonomy":"post_tag","embeddable":true,"href":"https:\/\/www.cetys.mx\/noticias\/wp-json\/wp\/v2\/tags?post=157882"}],"curies":[{"name":"wp","href":"https:\/\/api.w.org\/{rel}","templated":true}]}}