{"id":157497,"date":"2021-08-12T16:21:33","date_gmt":"2021-08-12T23:21:33","guid":{"rendered":"https:\/\/www.cetys.mx\/noticias\/?p=157497"},"modified":"2021-08-17T13:40:51","modified_gmt":"2021-08-17T20:40:51","slug":"docentes-de-cetys-se-capacitan-ante-la-nueva-normalidad","status":"publish","type":"post","link":"https:\/\/www.cetys.mx\/noticias\/docentes-de-cetys-se-capacitan-ante-la-nueva-normalidad\/","title":{"rendered":"Docentes de CETYS se capacitan ante la Nueva Normalidad"},"content":{"rendered":"<p>Docentes en los tres campus de <a href=\"http:\/\/www.cetys.mx\"><strong>CETYS Universidad<\/strong><\/a> recibieron nuevamente cursos de capacitaci\u00f3n e inducci\u00f3n previo al inicio del ciclo escolar 2021-2, tal y como lo indica el <b>Modelo CETYS Flex 360<\/b><b>\u00b0<\/b><b> Plus<\/b> y que los prepara para dar seguimiento a las clases en Modalidad no Presencial, as\u00ed como para las clases en Modalidad H\u00edbrida una vez que las autoridades correspondientes as\u00ed lo estipulen.<\/p>\n<p><span style=\"font-weight: 400;\">Durante m\u00e1s de una semana de capacitaci\u00f3n a profesores de los <strong>Campus Mexicali, Tijuana y Ensenada<\/strong>, se repasaron elementos de base de la instituci\u00f3n, desde el rol que tienen como acad\u00e9micos, la medici\u00f3n del aprendizaje, la revisi\u00f3n de programas, as\u00ed como lograr una buena comunicaci\u00f3n e interacci\u00f3n con los estudiantes en modalidad h\u00edbrida, es decir, combinando la modalidad presencial y virtual.<\/span><\/p>\n<p><span style=\"font-weight: 400;\">El <strong>Dr. Alberto G\u00e1rate Rivera<\/strong>, <em>Vicerrector Acad\u00e9mico de <strong>CETYS Universidad<\/strong><\/em>, explic\u00f3 que esta es la cuarta etapa de capacitaci\u00f3n del Modelo CETYS Flex 360<\/span><span style=\"font-weight: 400;\">\u00b0<\/span><span style=\"font-weight: 400;\"> Plus, en esta destaca la planeaci\u00f3n con base en el modelo h\u00edbrido, la interacci\u00f3n en este tipo de ambientes de aprendizaje, autocuidado de regreso a la presencialidad, la evaluaci\u00f3n en ambientes virtuales, estrategias pedag\u00f3gicas para una sana convivencia, as\u00ed como el aprovechamiento del uso de herramientas digitales como Blackboard Ultra.<\/span><\/p>\n<blockquote><p><span style=\"font-weight: 400;\">\u201c<\/span><span style=\"font-weight: 400;\">Seguimos envueltos en el misterio de la pandemia. En esas condiciones de cotidiana incertidumbre, tenemos que planear para el regreso a la presencialidad. El reto de una modalidad h\u00edbrida, que implica impartir clases combinando la clase en un sal\u00f3n con lo remoto en forma simult\u00e1nea, lo debatimos en un buen n\u00famero de cursos y seminarios de capacitaci\u00f3n que tuvimos con el profesorado. No hay otra manera de hacerlo bien, m\u00e1s que capacitando a los docentes<\/span><span style=\"font-weight: 400;\">\u201d, mencion\u00f3 el Dr. Alberto G\u00e1rate.<\/span><\/p><\/blockquote>\n<p><span style=\"font-weight: 400;\">Por su parte, la <strong>Dra. Patricia Trujillo Villafa\u00f1e<\/strong>, del <em>\u00e1rea de Desarrollo Curricular y Formaci\u00f3n Integral del Profesorado en el Sistema CETYS<\/em>, asegur\u00f3 que los docentes son fundamentales para <strong>CETYS<\/strong> y por ello se les brinda el acompa\u00f1amiento y orientaci\u00f3n para que cumplan con tres l\u00edneas en su formaci\u00f3n: pedag\u00f3gica, tecnol\u00f3gica y de desarrollo humano.<\/span><\/p>\n<blockquote><p><span style=\"font-weight: 400;\">\u201c<\/span><span style=\"font-weight: 400;\">Tenemos profesores con la calidad requerida, pero sobre todo, profesionales con vocaci\u00f3n humanista que se apropian de nuestro modelo y que buscan la formaci\u00f3n integral del estudiante\u201d, agreg\u00f3 la coordinadora.<\/span><\/p><\/blockquote>\n<p><span style=\"font-weight: 400;\">Con estas acciones, <a href=\"http:\/\/www.cetys.mx\"><strong>CETYS Universidad<\/strong><\/a> sigue adelante en su compromiso con la educaci\u00f3n de alta calidad ante la Nueva Normalidad. Conoce sobre los protocolos de regreso seguro en el sitio web:<\/span><a href=\"http:\/\/www.cetys.mx\/regreso-seguro\"> <span style=\"font-weight: 400;\">www.cetys.mx\/regreso-seguro<\/span><\/a><span style=\"font-weight: 400;\">.<\/span><\/p>\n<p>&nbsp;<\/p>\n","protected":false},"excerpt":{"rendered":"<p>Docentes en los tres campus de CETYS Universidad recibieron nuevamente cursos de capacitaci\u00f3n e inducci\u00f3n previo al inicio del ciclo escolar 2021-2,&#8230;<\/p>\n","protected":false},"author":26,"featured_media":157498,"comment_status":"open","ping_status":"closed","sticky":false,"template":"","format":"standard","meta":{"footnotes":""},"categories":[209,125,313],"tags":[168,398,5001,5406],"class_list":["post-157497","post","type-post","status-publish","format-standard","has-post-thumbnail","hentry","category-institucional","category-portada","category-vocetys-2","tag-cetys-universidad","tag-docentes","tag-modelo-cetys-flex-360-plus","tag-vocetys-top-2021-08-17"],"yoast_head":"<!-- This site is optimized with the Yoast SEO plugin v27.4 - https:\/\/yoast.com\/product\/yoast-seo-wordpress\/ -->\n<title>Docentes de CETYS se capacitan ante la Nueva Normalidad<\/title>\n<meta name=\"description\" content=\"Destacaron temas como del desarrollo personal, bienestar de los estudiantes, la salud emocional de estos y c\u00f3mo lograr aprendizajes esperados.\" \/>\n<meta name=\"robots\" content=\"index, follow, max-snippet:-1, max-image-preview:large, max-video-preview:-1\" \/>\n<link rel=\"canonical\" href=\"https:\/\/www.cetys.mx\/noticias\/docentes-de-cetys-se-capacitan-ante-la-nueva-normalidad\/\" \/>\n<meta property=\"og:locale\" content=\"es_MX\" \/>\n<meta property=\"og:type\" content=\"article\" \/>\n<meta property=\"og:title\" content=\"Docentes de CETYS se capacitan ante la Nueva Normalidad\" \/>\n<meta property=\"og:description\" content=\"Destacaron temas como del desarrollo personal, bienestar de los estudiantes, la salud emocional de estos y c\u00f3mo lograr aprendizajes esperados.\" \/>\n<meta property=\"og:url\" content=\"https:\/\/www.cetys.mx\/noticias\/docentes-de-cetys-se-capacitan-ante-la-nueva-normalidad\/\" \/>\n<meta property=\"og:site_name\" content=\"CETYS\" \/>\n<meta property=\"article:publisher\" content=\"https:\/\/www.facebook.com\/cetysuniversidadmxl\/\" \/>\n<meta property=\"article:published_time\" content=\"2021-08-12T23:21:33+00:00\" \/>\n<meta property=\"article:modified_time\" content=\"2021-08-17T20:40:51+00:00\" \/>\n<meta property=\"og:image\" content=\"https:\/\/www.cetys.mx\/noticias\/wp-content\/uploads\/2021\/08\/Comunicado-Etapa-4-Prepa-2.png\" \/>\n\t<meta property=\"og:image:width\" content=\"958\" \/>\n\t<meta property=\"og:image:height\" content=\"637\" \/>\n\t<meta property=\"og:image:type\" content=\"image\/png\" \/>\n<meta name=\"author\" content=\"CETYS Institucional\" \/>\n<meta name=\"twitter:card\" content=\"summary_large_image\" \/>\n<meta name=\"twitter:creator\" content=\"@cetysuni\" \/>\n<meta name=\"twitter:site\" content=\"@cetysuni\" \/>\n<meta name=\"twitter:label1\" content=\"Escrito por\" \/>\n\t<meta name=\"twitter:data1\" content=\"CETYS Institucional\" \/>\n\t<meta name=\"twitter:label2\" content=\"Tiempo de lectura\" \/>\n\t<meta name=\"twitter:data2\" content=\"2 minutos\" \/>\n<script type=\"application\/ld+json\" class=\"yoast-schema-graph\">{\"@context\":\"https:\\\/\\\/schema.org\",\"@graph\":[{\"@type\":\"Article\",\"@id\":\"https:\\\/\\\/www.cetys.mx\\\/noticias\\\/docentes-de-cetys-se-capacitan-ante-la-nueva-normalidad\\\/#article\",\"isPartOf\":{\"@id\":\"https:\\\/\\\/www.cetys.mx\\\/noticias\\\/docentes-de-cetys-se-capacitan-ante-la-nueva-normalidad\\\/\"},\"author\":{\"name\":\"CETYS Institucional\",\"@id\":\"https:\\\/\\\/www.cetys.mx\\\/noticias\\\/#\\\/schema\\\/person\\\/e9d2b35265b64aa454df57a2828eb2ac\"},\"headline\":\"Docentes de CETYS se capacitan ante la Nueva Normalidad\",\"datePublished\":\"2021-08-12T23:21:33+00:00\",\"dateModified\":\"2021-08-17T20:40:51+00:00\",\"mainEntityOfPage\":{\"@id\":\"https:\\\/\\\/www.cetys.mx\\\/noticias\\\/docentes-de-cetys-se-capacitan-ante-la-nueva-normalidad\\\/\"},\"wordCount\":445,\"commentCount\":0,\"image\":{\"@id\":\"https:\\\/\\\/www.cetys.mx\\\/noticias\\\/docentes-de-cetys-se-capacitan-ante-la-nueva-normalidad\\\/#primaryimage\"},\"thumbnailUrl\":\"https:\\\/\\\/www.cetys.mx\\\/noticias\\\/wp-content\\\/uploads\\\/2021\\\/08\\\/Comunicado-Etapa-4-Prepa-2.png\",\"keywords\":[\"CETYS Universidad\",\"Docentes\",\"Modelo CETYS Flex 360 plus\",\"vocetys-top-2021-08-17\"],\"articleSection\":[\"Institucional\",\"Portada\",\"VoCETYS\"],\"inLanguage\":\"es\",\"potentialAction\":[{\"@type\":\"CommentAction\",\"name\":\"Comment\",\"target\":[\"https:\\\/\\\/www.cetys.mx\\\/noticias\\\/docentes-de-cetys-se-capacitan-ante-la-nueva-normalidad\\\/#respond\"]}]},{\"@type\":\"WebPage\",\"@id\":\"https:\\\/\\\/www.cetys.mx\\\/noticias\\\/docentes-de-cetys-se-capacitan-ante-la-nueva-normalidad\\\/\",\"url\":\"https:\\\/\\\/www.cetys.mx\\\/noticias\\\/docentes-de-cetys-se-capacitan-ante-la-nueva-normalidad\\\/\",\"name\":\"Docentes de CETYS se capacitan ante la Nueva Normalidad\",\"isPartOf\":{\"@id\":\"https:\\\/\\\/www.cetys.mx\\\/noticias\\\/#website\"},\"primaryImageOfPage\":{\"@id\":\"https:\\\/\\\/www.cetys.mx\\\/noticias\\\/docentes-de-cetys-se-capacitan-ante-la-nueva-normalidad\\\/#primaryimage\"},\"image\":{\"@id\":\"https:\\\/\\\/www.cetys.mx\\\/noticias\\\/docentes-de-cetys-se-capacitan-ante-la-nueva-normalidad\\\/#primaryimage\"},\"thumbnailUrl\":\"https:\\\/\\\/www.cetys.mx\\\/noticias\\\/wp-content\\\/uploads\\\/2021\\\/08\\\/Comunicado-Etapa-4-Prepa-2.png\",\"datePublished\":\"2021-08-12T23:21:33+00:00\",\"dateModified\":\"2021-08-17T20:40:51+00:00\",\"author\":{\"@id\":\"https:\\\/\\\/www.cetys.mx\\\/noticias\\\/#\\\/schema\\\/person\\\/e9d2b35265b64aa454df57a2828eb2ac\"},\"description\":\"Destacaron temas como del desarrollo personal, bienestar de los estudiantes, la salud emocional de estos y c\u00f3mo lograr aprendizajes esperados.\",\"breadcrumb\":{\"@id\":\"https:\\\/\\\/www.cetys.mx\\\/noticias\\\/docentes-de-cetys-se-capacitan-ante-la-nueva-normalidad\\\/#breadcrumb\"},\"inLanguage\":\"es\",\"potentialAction\":[{\"@type\":\"ReadAction\",\"target\":[\"https:\\\/\\\/www.cetys.mx\\\/noticias\\\/docentes-de-cetys-se-capacitan-ante-la-nueva-normalidad\\\/\"]}]},{\"@type\":\"ImageObject\",\"inLanguage\":\"es\",\"@id\":\"https:\\\/\\\/www.cetys.mx\\\/noticias\\\/docentes-de-cetys-se-capacitan-ante-la-nueva-normalidad\\\/#primaryimage\",\"url\":\"https:\\\/\\\/www.cetys.mx\\\/noticias\\\/wp-content\\\/uploads\\\/2021\\\/08\\\/Comunicado-Etapa-4-Prepa-2.png\",\"contentUrl\":\"https:\\\/\\\/www.cetys.mx\\\/noticias\\\/wp-content\\\/uploads\\\/2021\\\/08\\\/Comunicado-Etapa-4-Prepa-2.png\",\"width\":958,\"height\":637},{\"@type\":\"BreadcrumbList\",\"@id\":\"https:\\\/\\\/www.cetys.mx\\\/noticias\\\/docentes-de-cetys-se-capacitan-ante-la-nueva-normalidad\\\/#breadcrumb\",\"itemListElement\":[{\"@type\":\"ListItem\",\"position\":1,\"name\":\"Inicio\",\"item\":\"https:\\\/\\\/www.cetys.mx\\\/noticias\\\/\"},{\"@type\":\"ListItem\",\"position\":2,\"name\":\"Docentes de CETYS se capacitan ante la Nueva Normalidad\"}]},{\"@type\":\"WebSite\",\"@id\":\"https:\\\/\\\/www.cetys.mx\\\/noticias\\\/#website\",\"url\":\"https:\\\/\\\/www.cetys.mx\\\/noticias\\\/\",\"name\":\"CETYS\",\"description\":\"\",\"potentialAction\":[{\"@type\":\"SearchAction\",\"target\":{\"@type\":\"EntryPoint\",\"urlTemplate\":\"https:\\\/\\\/www.cetys.mx\\\/noticias\\\/?s={search_term_string}\"},\"query-input\":{\"@type\":\"PropertyValueSpecification\",\"valueRequired\":true,\"valueName\":\"search_term_string\"}}],\"inLanguage\":\"es\"},{\"@type\":\"Person\",\"@id\":\"https:\\\/\\\/www.cetys.mx\\\/noticias\\\/#\\\/schema\\\/person\\\/e9d2b35265b64aa454df57a2828eb2ac\",\"name\":\"CETYS Institucional\",\"url\":\"https:\\\/\\\/www.cetys.mx\\\/noticias\\\/author\\\/cetysinstitucional\\\/\"}]}<\/script>\n<!-- \/ Yoast SEO plugin. -->","yoast_head_json":{"title":"Docentes de CETYS se capacitan ante la Nueva Normalidad","description":"Destacaron temas como del desarrollo personal, bienestar de los estudiantes, la salud emocional de estos y c\u00f3mo lograr aprendizajes esperados.","robots":{"index":"index","follow":"follow","max-snippet":"max-snippet:-1","max-image-preview":"max-image-preview:large","max-video-preview":"max-video-preview:-1"},"canonical":"https:\/\/www.cetys.mx\/noticias\/docentes-de-cetys-se-capacitan-ante-la-nueva-normalidad\/","og_locale":"es_MX","og_type":"article","og_title":"Docentes de CETYS se capacitan ante la Nueva Normalidad","og_description":"Destacaron temas como del desarrollo personal, bienestar de los estudiantes, la salud emocional de estos y c\u00f3mo lograr aprendizajes esperados.","og_url":"https:\/\/www.cetys.mx\/noticias\/docentes-de-cetys-se-capacitan-ante-la-nueva-normalidad\/","og_site_name":"CETYS","article_publisher":"https:\/\/www.facebook.com\/cetysuniversidadmxl\/","article_published_time":"2021-08-12T23:21:33+00:00","article_modified_time":"2021-08-17T20:40:51+00:00","og_image":[{"width":958,"height":637,"url":"https:\/\/www.cetys.mx\/noticias\/wp-content\/uploads\/2021\/08\/Comunicado-Etapa-4-Prepa-2.png","type":"image\/png"}],"author":"CETYS Institucional","twitter_card":"summary_large_image","twitter_creator":"@cetysuni","twitter_site":"@cetysuni","twitter_misc":{"Escrito por":"CETYS Institucional","Tiempo de lectura":"2 minutos"},"schema":{"@context":"https:\/\/schema.org","@graph":[{"@type":"Article","@id":"https:\/\/www.cetys.mx\/noticias\/docentes-de-cetys-se-capacitan-ante-la-nueva-normalidad\/#article","isPartOf":{"@id":"https:\/\/www.cetys.mx\/noticias\/docentes-de-cetys-se-capacitan-ante-la-nueva-normalidad\/"},"author":{"name":"CETYS Institucional","@id":"https:\/\/www.cetys.mx\/noticias\/#\/schema\/person\/e9d2b35265b64aa454df57a2828eb2ac"},"headline":"Docentes de CETYS se capacitan ante la Nueva Normalidad","datePublished":"2021-08-12T23:21:33+00:00","dateModified":"2021-08-17T20:40:51+00:00","mainEntityOfPage":{"@id":"https:\/\/www.cetys.mx\/noticias\/docentes-de-cetys-se-capacitan-ante-la-nueva-normalidad\/"},"wordCount":445,"commentCount":0,"image":{"@id":"https:\/\/www.cetys.mx\/noticias\/docentes-de-cetys-se-capacitan-ante-la-nueva-normalidad\/#primaryimage"},"thumbnailUrl":"https:\/\/www.cetys.mx\/noticias\/wp-content\/uploads\/2021\/08\/Comunicado-Etapa-4-Prepa-2.png","keywords":["CETYS Universidad","Docentes","Modelo CETYS Flex 360 plus","vocetys-top-2021-08-17"],"articleSection":["Institucional","Portada","VoCETYS"],"inLanguage":"es","potentialAction":[{"@type":"CommentAction","name":"Comment","target":["https:\/\/www.cetys.mx\/noticias\/docentes-de-cetys-se-capacitan-ante-la-nueva-normalidad\/#respond"]}]},{"@type":"WebPage","@id":"https:\/\/www.cetys.mx\/noticias\/docentes-de-cetys-se-capacitan-ante-la-nueva-normalidad\/","url":"https:\/\/www.cetys.mx\/noticias\/docentes-de-cetys-se-capacitan-ante-la-nueva-normalidad\/","name":"Docentes de CETYS se capacitan ante la Nueva Normalidad","isPartOf":{"@id":"https:\/\/www.cetys.mx\/noticias\/#website"},"primaryImageOfPage":{"@id":"https:\/\/www.cetys.mx\/noticias\/docentes-de-cetys-se-capacitan-ante-la-nueva-normalidad\/#primaryimage"},"image":{"@id":"https:\/\/www.cetys.mx\/noticias\/docentes-de-cetys-se-capacitan-ante-la-nueva-normalidad\/#primaryimage"},"thumbnailUrl":"https:\/\/www.cetys.mx\/noticias\/wp-content\/uploads\/2021\/08\/Comunicado-Etapa-4-Prepa-2.png","datePublished":"2021-08-12T23:21:33+00:00","dateModified":"2021-08-17T20:40:51+00:00","author":{"@id":"https:\/\/www.cetys.mx\/noticias\/#\/schema\/person\/e9d2b35265b64aa454df57a2828eb2ac"},"description":"Destacaron temas como del desarrollo personal, bienestar de los estudiantes, la salud emocional de estos y c\u00f3mo lograr aprendizajes esperados.","breadcrumb":{"@id":"https:\/\/www.cetys.mx\/noticias\/docentes-de-cetys-se-capacitan-ante-la-nueva-normalidad\/#breadcrumb"},"inLanguage":"es","potentialAction":[{"@type":"ReadAction","target":["https:\/\/www.cetys.mx\/noticias\/docentes-de-cetys-se-capacitan-ante-la-nueva-normalidad\/"]}]},{"@type":"ImageObject","inLanguage":"es","@id":"https:\/\/www.cetys.mx\/noticias\/docentes-de-cetys-se-capacitan-ante-la-nueva-normalidad\/#primaryimage","url":"https:\/\/www.cetys.mx\/noticias\/wp-content\/uploads\/2021\/08\/Comunicado-Etapa-4-Prepa-2.png","contentUrl":"https:\/\/www.cetys.mx\/noticias\/wp-content\/uploads\/2021\/08\/Comunicado-Etapa-4-Prepa-2.png","width":958,"height":637},{"@type":"BreadcrumbList","@id":"https:\/\/www.cetys.mx\/noticias\/docentes-de-cetys-se-capacitan-ante-la-nueva-normalidad\/#breadcrumb","itemListElement":[{"@type":"ListItem","position":1,"name":"Inicio","item":"https:\/\/www.cetys.mx\/noticias\/"},{"@type":"ListItem","position":2,"name":"Docentes de CETYS se capacitan ante la Nueva Normalidad"}]},{"@type":"WebSite","@id":"https:\/\/www.cetys.mx\/noticias\/#website","url":"https:\/\/www.cetys.mx\/noticias\/","name":"CETYS","description":"","potentialAction":[{"@type":"SearchAction","target":{"@type":"EntryPoint","urlTemplate":"https:\/\/www.cetys.mx\/noticias\/?s={search_term_string}"},"query-input":{"@type":"PropertyValueSpecification","valueRequired":true,"valueName":"search_term_string"}}],"inLanguage":"es"},{"@type":"Person","@id":"https:\/\/www.cetys.mx\/noticias\/#\/schema\/person\/e9d2b35265b64aa454df57a2828eb2ac","name":"CETYS Institucional","url":"https:\/\/www.cetys.mx\/noticias\/author\/cetysinstitucional\/"}]}},"_links":{"self":[{"href":"https:\/\/www.cetys.mx\/noticias\/wp-json\/wp\/v2\/posts\/157497","targetHints":{"allow":["GET"]}}],"collection":[{"href":"https:\/\/www.cetys.mx\/noticias\/wp-json\/wp\/v2\/posts"}],"about":[{"href":"https:\/\/www.cetys.mx\/noticias\/wp-json\/wp\/v2\/types\/post"}],"author":[{"embeddable":true,"href":"https:\/\/www.cetys.mx\/noticias\/wp-json\/wp\/v2\/users\/26"}],"replies":[{"embeddable":true,"href":"https:\/\/www.cetys.mx\/noticias\/wp-json\/wp\/v2\/comments?post=157497"}],"version-history":[{"count":2,"href":"https:\/\/www.cetys.mx\/noticias\/wp-json\/wp\/v2\/posts\/157497\/revisions"}],"predecessor-version":[{"id":157579,"href":"https:\/\/www.cetys.mx\/noticias\/wp-json\/wp\/v2\/posts\/157497\/revisions\/157579"}],"wp:featuredmedia":[{"embeddable":true,"href":"https:\/\/www.cetys.mx\/noticias\/wp-json\/wp\/v2\/media\/157498"}],"wp:attachment":[{"href":"https:\/\/www.cetys.mx\/noticias\/wp-json\/wp\/v2\/media?parent=157497"}],"wp:term":[{"taxonomy":"category","embeddable":true,"href":"https:\/\/www.cetys.mx\/noticias\/wp-json\/wp\/v2\/categories?post=157497"},{"taxonomy":"post_tag","embeddable":true,"href":"https:\/\/www.cetys.mx\/noticias\/wp-json\/wp\/v2\/tags?post=157497"}],"curies":[{"name":"wp","href":"https:\/\/api.w.org\/{rel}","templated":true}]}}