{"id":157167,"date":"2021-08-02T09:17:16","date_gmt":"2021-08-02T16:17:16","guid":{"rendered":"https:\/\/www.cetys.mx\/noticias\/?p=157167"},"modified":"2021-08-05T09:49:39","modified_gmt":"2021-08-05T16:49:39","slug":"el-crecimiento-del-e-commerce-reubica-al-servicio-de-paqueteria","status":"publish","type":"post","link":"https:\/\/www.cetys.mx\/noticias\/el-crecimiento-del-e-commerce-reubica-al-servicio-de-paqueteria\/","title":{"rendered":"El crecimiento del e-commerce reubica al servicio de paqueter\u00eda"},"content":{"rendered":"<p align=\"justify\">Con el crecimiento del e-commerce tras la pandemia, el servicio de paqueter\u00eda y mensajer\u00eda se ha reubicado y adaptado a las necesidades de los consumidores que han comenzado a confiar en las ventas de forma digital. Esto ha generado que nuevos almacenes de paqueter\u00eda se establezcan en zonas como Tijuana.<\/p>\n<p align=\"justify\">La <strong>Mtra. Mayra Galv\u00e1n Campos<\/strong>, Coordinadora de la\u00a0<a href=\"https:\/\/r20.rs6.net\/tn.jsp?f=001V4QePzIhm_-QdVSFUQq8VNkS3zbg_xqwQMGsD-nGKVedEMzM7dm9F8rjvVrRb0bh2v96hTqPkuuB5JmQqXuzVFJPwx1HXsabiwIPEN4IGwz1t-na7aCbsuiKYKvtIj2QHQMdHV2wutLzivOF_0U7lx6ck6MTTtx4bojlwkPl0UriYAtNOwPp4y0mTQRJBS_KkocWclS2fyKTo0FMI9QJ-oz-O_zig7BYss3PI6tWfGQ6gqQL_zZnvg==&amp;c=W9wfm_VezwnFfvSnii9AIOp9rU1m835tB6iLfrugQzZi1zWkFESLWw==&amp;ch=kyKpTTu8D6JliJiUOirHoyKzkH2QRfBJnfKl8tFMOUzhlFUswEKgTQ==\" target=\"_blank\" rel=\"noopener\" data-saferedirecturl=\"https:\/\/www.google.com\/url?q=https:\/\/r20.rs6.net\/tn.jsp?f%3D001V4QePzIhm_-QdVSFUQq8VNkS3zbg_xqwQMGsD-nGKVedEMzM7dm9F8rjvVrRb0bh2v96hTqPkuuB5JmQqXuzVFJPwx1HXsabiwIPEN4IGwz1t-na7aCbsuiKYKvtIj2QHQMdHV2wutLzivOF_0U7lx6ck6MTTtx4bojlwkPl0UriYAtNOwPp4y0mTQRJBS_KkocWclS2fyKTo0FMI9QJ-oz-O_zig7BYss3PI6tWfGQ6gqQL_zZnvg%3D%3D%26c%3DW9wfm_VezwnFfvSnii9AIOp9rU1m835tB6iLfrugQzZi1zWkFESLWw%3D%3D%26ch%3DkyKpTTu8D6JliJiUOirHoyKzkH2QRfBJnfKl8tFMOUzhlFUswEKgTQ%3D%3D&amp;source=gmail&amp;ust=1628006251384000&amp;usg=AFQjCNGlIFpu_lpLTGcIt4LomoZYLahywg\">Licenciatura en Log\u00edstica Internacional<\/a>\u00a0en <strong>CETYS Universidad<\/strong>, explic\u00f3 que el factor primordial obedece a la oferta y la demanda y se tienen que ubicar conforme a los clientes y sus necesidades.<\/p>\n<blockquote>\n<p align=\"justify\">\u201cEn el caso de Tijuana es una ubicaci\u00f3n estrat\u00e9gica por muchos motivos, por su poblaci\u00f3n, por ser una ciudad fronteriza con Estados Unidos y California, pero tambi\u00e9n dentro del marco log\u00edstico tiene conexiones al puerto de Ensenada que se enlaza con Asia principalmente y tambi\u00e9n est\u00e1 cerca el puerto de Long Beach en Estados Unidos y por aire tenemos el Aeropuerto Internacional, esto sin olvidar que tiene un n\u00facleo de poblaci\u00f3n muy importante\u201d, mencion\u00f3 la acad\u00e9mica.<\/p>\n<\/blockquote>\n<p align=\"justify\">Con base en datos de la Asociaci\u00f3n Mexicana de Ventas Online <strong>(AMVO)<\/strong> durante 2020 las ventas online en M\u00e9xico o e-commerce se incrementaron en 81% y alcanz\u00f3 los 316 mil millones de pesos. Transformando as\u00ed el servicio de paqueter\u00eda y trayendo por ejemplo un nuevo centro de env\u00edo de Amazon en Tijuana, la frontera de M\u00e9xico que colinda con San Diego.<\/p>\n<blockquote>\n<p align=\"justify\">\u201cEl reto de cualquier empresa en paqueter\u00eda como lo ser\u00e1 para Amazon es el arranque, es crucial establecer una plantilla de trabajadores y empleados con la capacidad y las habilidades y tambi\u00e9n se debe trabajar con una de las cosas que adolece en la regi\u00f3n que es la rotaci\u00f3n de personal, es habitual en empresas de la regi\u00f3n\u201d, mencion\u00f3 la acad\u00e9mica.<\/p>\n<\/blockquote>\n<p align=\"justify\">La <strong>Experta CETYS<\/strong> en Log\u00edstica Internacional record\u00f3 que la regi\u00f3n del noroeste destacaba principalmente por la exportaci\u00f3n e importaci\u00f3n de productos no terminados para la manufactura, pero conforme se fue dando esta confianza, la circulaci\u00f3n de los productos terminados, desde ropa, electrodom\u00e9sticos y aparatos de tecnolog\u00eda, incrementa el tr\u00e1fico de la paqueter\u00eda que antes solo era com\u00fan para exportaci\u00f3n e importaci\u00f3n de metales, pl\u00e1sticos, productos m\u00e9dicos y automotrices.<\/p>\n<p align=\"justify\">En ese sentido, la <strong>Mtra. Galv\u00e1n Campos<\/strong> enfatiz\u00f3 que esto reta al sector y las universidades para el desarrollo de personal competente en\u00a0<a href=\"https:\/\/r20.rs6.net\/tn.jsp?f=001V4QePzIhm_-QdVSFUQq8VNkS3zbg_xqwQMGsD-nGKVedEMzM7dm9F8rjvVrRb0bh2v96hTqPkuuB5JmQqXuzVFJPwx1HXsabiwIPEN4IGwz1t-na7aCbsuiKYKvtIj2QHQMdHV2wutLzivOF_0U7lx6ck6MTTtx4bojlwkPl0UriYAtNOwPp4y0mTQRJBS_KkocWclS2fyKTo0FMI9QJ-oz-O_zig7BYss3PI6tWfGQ6gqQL_zZnvg==&amp;c=W9wfm_VezwnFfvSnii9AIOp9rU1m835tB6iLfrugQzZi1zWkFESLWw==&amp;ch=kyKpTTu8D6JliJiUOirHoyKzkH2QRfBJnfKl8tFMOUzhlFUswEKgTQ==\" target=\"_blank\" rel=\"noopener\" data-saferedirecturl=\"https:\/\/www.google.com\/url?q=https:\/\/r20.rs6.net\/tn.jsp?f%3D001V4QePzIhm_-QdVSFUQq8VNkS3zbg_xqwQMGsD-nGKVedEMzM7dm9F8rjvVrRb0bh2v96hTqPkuuB5JmQqXuzVFJPwx1HXsabiwIPEN4IGwz1t-na7aCbsuiKYKvtIj2QHQMdHV2wutLzivOF_0U7lx6ck6MTTtx4bojlwkPl0UriYAtNOwPp4y0mTQRJBS_KkocWclS2fyKTo0FMI9QJ-oz-O_zig7BYss3PI6tWfGQ6gqQL_zZnvg%3D%3D%26c%3DW9wfm_VezwnFfvSnii9AIOp9rU1m835tB6iLfrugQzZi1zWkFESLWw%3D%3D%26ch%3DkyKpTTu8D6JliJiUOirHoyKzkH2QRfBJnfKl8tFMOUzhlFUswEKgTQ%3D%3D&amp;source=gmail&amp;ust=1628006251384000&amp;usg=AFQjCNGlIFpu_lpLTGcIt4LomoZYLahywg\">Log\u00edstica Internacional\u00a0<\/a>que cumpla con las necesidades actuales del mercado y en este caso, del e-commerce.<\/p>\n<blockquote>\n<p align=\"justify\">\u201cPara Amazon ser\u00e1 importante una plantilla con supervisi\u00f3n, con habilidades y conocimientos, que est\u00e9 alineado con el tema de log\u00edstica internacional, que ser\u00e1 mayor. Buscar\u00e1n profesionistas que sean capaces de administrar o gestionar operaciones de este tipo y puedan contribuir con esta parte del reto, de personal y generar un entorno adecuado donde los empleados permanezcan y le den operatividad a la mensajer\u00eda y paqueter\u00eda\u201d, finaliz\u00f3.<\/p>\n<\/blockquote>\n","protected":false},"excerpt":{"rendered":"<p>Con el crecimiento del e-commerce tras la pandemia, el servicio de paqueter\u00eda y mensajer\u00eda se ha reubicado y adaptado a las necesidades&#8230;<\/p>\n","protected":false},"author":24,"featured_media":157168,"comment_status":"open","ping_status":"closed","sticky":false,"template":"","format":"standard","meta":{"footnotes":""},"categories":[134,114,125,313],"tags":[4319,5382,297,1684,168,4261,5386],"class_list":["post-157167","post","type-post","status-publish","format-standard","has-post-thumbnail","hentry","category-campus-tijuana","category-opinion","category-portada","category-vocetys-2","tag-expertocetys","tag-amazon","tag-campus-tijuana","tag-cetys-tijuana","tag-cetys-universidad","tag-logistica-internacional","tag-vocetys-2021-08-05"],"yoast_head":"<!-- This site is optimized with the Yoast SEO plugin v27.4 - https:\/\/yoast.com\/product\/yoast-seo-wordpress\/ -->\n<title>El crecimiento del e-commerce reubica al servicio de paqueter\u00eda - CETYS<\/title>\n<meta name=\"description\" content=\"Durante 2020, las ventas online en M\u00e9xico se incrementaron 81%. Tijuana es una zona estrat\u00e9gica en logst\u00edstica para el e-commerce.\" \/>\n<meta name=\"robots\" content=\"index, follow, max-snippet:-1, max-image-preview:large, max-video-preview:-1\" \/>\n<link rel=\"canonical\" href=\"https:\/\/www.cetys.mx\/noticias\/el-crecimiento-del-e-commerce-reubica-al-servicio-de-paqueteria\/\" \/>\n<meta property=\"og:locale\" content=\"es_MX\" \/>\n<meta property=\"og:type\" content=\"article\" \/>\n<meta property=\"og:title\" content=\"El crecimiento del e-commerce reubica al servicio de paqueter\u00eda - CETYS\" \/>\n<meta property=\"og:description\" content=\"Durante 2020, las ventas online en M\u00e9xico se incrementaron 81%. Tijuana es una zona estrat\u00e9gica en logst\u00edstica para el e-commerce.\" \/>\n<meta property=\"og:url\" content=\"https:\/\/www.cetys.mx\/noticias\/el-crecimiento-del-e-commerce-reubica-al-servicio-de-paqueteria\/\" \/>\n<meta property=\"og:site_name\" content=\"CETYS\" \/>\n<meta property=\"article:publisher\" content=\"https:\/\/www.facebook.com\/cetysuniversidadmxl\/\" \/>\n<meta property=\"article:published_time\" content=\"2021-08-02T16:17:16+00:00\" \/>\n<meta property=\"article:modified_time\" content=\"2021-08-05T16:49:39+00:00\" \/>\n<meta property=\"og:image\" content=\"https:\/\/www.cetys.mx\/noticias\/wp-content\/uploads\/2021\/08\/Comunicado_Logistica-Internacional.png\" \/>\n\t<meta property=\"og:image:width\" content=\"958\" \/>\n\t<meta property=\"og:image:height\" content=\"637\" \/>\n\t<meta property=\"og:image:type\" content=\"image\/png\" \/>\n<meta name=\"author\" content=\"Campus Tijuana\" \/>\n<meta name=\"twitter:card\" content=\"summary_large_image\" \/>\n<meta name=\"twitter:creator\" content=\"@cetysuni\" \/>\n<meta name=\"twitter:site\" content=\"@cetysuni\" \/>\n<meta name=\"twitter:label1\" content=\"Escrito por\" \/>\n\t<meta name=\"twitter:data1\" content=\"Campus Tijuana\" \/>\n\t<meta name=\"twitter:label2\" content=\"Tiempo de lectura\" \/>\n\t<meta name=\"twitter:data2\" content=\"3 minutos\" \/>\n<script type=\"application\/ld+json\" class=\"yoast-schema-graph\">{\"@context\":\"https:\\\/\\\/schema.org\",\"@graph\":[{\"@type\":\"Article\",\"@id\":\"https:\\\/\\\/www.cetys.mx\\\/noticias\\\/el-crecimiento-del-e-commerce-reubica-al-servicio-de-paqueteria\\\/#article\",\"isPartOf\":{\"@id\":\"https:\\\/\\\/www.cetys.mx\\\/noticias\\\/el-crecimiento-del-e-commerce-reubica-al-servicio-de-paqueteria\\\/\"},\"author\":{\"name\":\"Campus Tijuana\",\"@id\":\"https:\\\/\\\/www.cetys.mx\\\/noticias\\\/#\\\/schema\\\/person\\\/e790051ce60e18ae47cfa87011c8653f\"},\"headline\":\"El crecimiento del e-commerce reubica al servicio de paqueter\u00eda\",\"datePublished\":\"2021-08-02T16:17:16+00:00\",\"dateModified\":\"2021-08-05T16:49:39+00:00\",\"mainEntityOfPage\":{\"@id\":\"https:\\\/\\\/www.cetys.mx\\\/noticias\\\/el-crecimiento-del-e-commerce-reubica-al-servicio-de-paqueteria\\\/\"},\"wordCount\":513,\"commentCount\":0,\"image\":{\"@id\":\"https:\\\/\\\/www.cetys.mx\\\/noticias\\\/el-crecimiento-del-e-commerce-reubica-al-servicio-de-paqueteria\\\/#primaryimage\"},\"thumbnailUrl\":\"https:\\\/\\\/www.cetys.mx\\\/noticias\\\/wp-content\\\/uploads\\\/2021\\\/08\\\/Comunicado_Logistica-Internacional.png\",\"keywords\":[\"#ExpertoCETYS\",\"Amazon\",\"Campus Tijuana\",\"CETYS Tijuana\",\"CETYS Universidad\",\"Log\u00edstica Internacional\",\"vocetys-2021-08-05\"],\"articleSection\":[\"Campus Tijuana\",\"Opini\u00f3n\",\"Portada\",\"VoCETYS\"],\"inLanguage\":\"es\",\"potentialAction\":[{\"@type\":\"CommentAction\",\"name\":\"Comment\",\"target\":[\"https:\\\/\\\/www.cetys.mx\\\/noticias\\\/el-crecimiento-del-e-commerce-reubica-al-servicio-de-paqueteria\\\/#respond\"]}]},{\"@type\":\"WebPage\",\"@id\":\"https:\\\/\\\/www.cetys.mx\\\/noticias\\\/el-crecimiento-del-e-commerce-reubica-al-servicio-de-paqueteria\\\/\",\"url\":\"https:\\\/\\\/www.cetys.mx\\\/noticias\\\/el-crecimiento-del-e-commerce-reubica-al-servicio-de-paqueteria\\\/\",\"name\":\"El crecimiento del e-commerce reubica al servicio de paqueter\u00eda - CETYS\",\"isPartOf\":{\"@id\":\"https:\\\/\\\/www.cetys.mx\\\/noticias\\\/#website\"},\"primaryImageOfPage\":{\"@id\":\"https:\\\/\\\/www.cetys.mx\\\/noticias\\\/el-crecimiento-del-e-commerce-reubica-al-servicio-de-paqueteria\\\/#primaryimage\"},\"image\":{\"@id\":\"https:\\\/\\\/www.cetys.mx\\\/noticias\\\/el-crecimiento-del-e-commerce-reubica-al-servicio-de-paqueteria\\\/#primaryimage\"},\"thumbnailUrl\":\"https:\\\/\\\/www.cetys.mx\\\/noticias\\\/wp-content\\\/uploads\\\/2021\\\/08\\\/Comunicado_Logistica-Internacional.png\",\"datePublished\":\"2021-08-02T16:17:16+00:00\",\"dateModified\":\"2021-08-05T16:49:39+00:00\",\"author\":{\"@id\":\"https:\\\/\\\/www.cetys.mx\\\/noticias\\\/#\\\/schema\\\/person\\\/e790051ce60e18ae47cfa87011c8653f\"},\"description\":\"Durante 2020, las ventas online en M\u00e9xico se incrementaron 81%. Tijuana es una zona estrat\u00e9gica en logst\u00edstica para el e-commerce.\",\"breadcrumb\":{\"@id\":\"https:\\\/\\\/www.cetys.mx\\\/noticias\\\/el-crecimiento-del-e-commerce-reubica-al-servicio-de-paqueteria\\\/#breadcrumb\"},\"inLanguage\":\"es\",\"potentialAction\":[{\"@type\":\"ReadAction\",\"target\":[\"https:\\\/\\\/www.cetys.mx\\\/noticias\\\/el-crecimiento-del-e-commerce-reubica-al-servicio-de-paqueteria\\\/\"]}]},{\"@type\":\"ImageObject\",\"inLanguage\":\"es\",\"@id\":\"https:\\\/\\\/www.cetys.mx\\\/noticias\\\/el-crecimiento-del-e-commerce-reubica-al-servicio-de-paqueteria\\\/#primaryimage\",\"url\":\"https:\\\/\\\/www.cetys.mx\\\/noticias\\\/wp-content\\\/uploads\\\/2021\\\/08\\\/Comunicado_Logistica-Internacional.png\",\"contentUrl\":\"https:\\\/\\\/www.cetys.mx\\\/noticias\\\/wp-content\\\/uploads\\\/2021\\\/08\\\/Comunicado_Logistica-Internacional.png\",\"width\":958,\"height\":637},{\"@type\":\"BreadcrumbList\",\"@id\":\"https:\\\/\\\/www.cetys.mx\\\/noticias\\\/el-crecimiento-del-e-commerce-reubica-al-servicio-de-paqueteria\\\/#breadcrumb\",\"itemListElement\":[{\"@type\":\"ListItem\",\"position\":1,\"name\":\"Inicio\",\"item\":\"https:\\\/\\\/www.cetys.mx\\\/noticias\\\/\"},{\"@type\":\"ListItem\",\"position\":2,\"name\":\"El crecimiento del e-commerce reubica al servicio de paqueter\u00eda\"}]},{\"@type\":\"WebSite\",\"@id\":\"https:\\\/\\\/www.cetys.mx\\\/noticias\\\/#website\",\"url\":\"https:\\\/\\\/www.cetys.mx\\\/noticias\\\/\",\"name\":\"CETYS\",\"description\":\"\",\"potentialAction\":[{\"@type\":\"SearchAction\",\"target\":{\"@type\":\"EntryPoint\",\"urlTemplate\":\"https:\\\/\\\/www.cetys.mx\\\/noticias\\\/?s={search_term_string}\"},\"query-input\":{\"@type\":\"PropertyValueSpecification\",\"valueRequired\":true,\"valueName\":\"search_term_string\"}}],\"inLanguage\":\"es\"},{\"@type\":\"Person\",\"@id\":\"https:\\\/\\\/www.cetys.mx\\\/noticias\\\/#\\\/schema\\\/person\\\/e790051ce60e18ae47cfa87011c8653f\",\"name\":\"Campus Tijuana\",\"url\":\"https:\\\/\\\/www.cetys.mx\\\/noticias\\\/author\\\/campustijuana\\\/\"}]}<\/script>\n<!-- \/ Yoast SEO plugin. -->","yoast_head_json":{"title":"El crecimiento del e-commerce reubica al servicio de paqueter\u00eda - CETYS","description":"Durante 2020, las ventas online en M\u00e9xico se incrementaron 81%. Tijuana es una zona estrat\u00e9gica en logst\u00edstica para el e-commerce.","robots":{"index":"index","follow":"follow","max-snippet":"max-snippet:-1","max-image-preview":"max-image-preview:large","max-video-preview":"max-video-preview:-1"},"canonical":"https:\/\/www.cetys.mx\/noticias\/el-crecimiento-del-e-commerce-reubica-al-servicio-de-paqueteria\/","og_locale":"es_MX","og_type":"article","og_title":"El crecimiento del e-commerce reubica al servicio de paqueter\u00eda - CETYS","og_description":"Durante 2020, las ventas online en M\u00e9xico se incrementaron 81%. Tijuana es una zona estrat\u00e9gica en logst\u00edstica para el e-commerce.","og_url":"https:\/\/www.cetys.mx\/noticias\/el-crecimiento-del-e-commerce-reubica-al-servicio-de-paqueteria\/","og_site_name":"CETYS","article_publisher":"https:\/\/www.facebook.com\/cetysuniversidadmxl\/","article_published_time":"2021-08-02T16:17:16+00:00","article_modified_time":"2021-08-05T16:49:39+00:00","og_image":[{"width":958,"height":637,"url":"https:\/\/www.cetys.mx\/noticias\/wp-content\/uploads\/2021\/08\/Comunicado_Logistica-Internacional.png","type":"image\/png"}],"author":"Campus Tijuana","twitter_card":"summary_large_image","twitter_creator":"@cetysuni","twitter_site":"@cetysuni","twitter_misc":{"Escrito por":"Campus Tijuana","Tiempo de lectura":"3 minutos"},"schema":{"@context":"https:\/\/schema.org","@graph":[{"@type":"Article","@id":"https:\/\/www.cetys.mx\/noticias\/el-crecimiento-del-e-commerce-reubica-al-servicio-de-paqueteria\/#article","isPartOf":{"@id":"https:\/\/www.cetys.mx\/noticias\/el-crecimiento-del-e-commerce-reubica-al-servicio-de-paqueteria\/"},"author":{"name":"Campus Tijuana","@id":"https:\/\/www.cetys.mx\/noticias\/#\/schema\/person\/e790051ce60e18ae47cfa87011c8653f"},"headline":"El crecimiento del e-commerce reubica al servicio de paqueter\u00eda","datePublished":"2021-08-02T16:17:16+00:00","dateModified":"2021-08-05T16:49:39+00:00","mainEntityOfPage":{"@id":"https:\/\/www.cetys.mx\/noticias\/el-crecimiento-del-e-commerce-reubica-al-servicio-de-paqueteria\/"},"wordCount":513,"commentCount":0,"image":{"@id":"https:\/\/www.cetys.mx\/noticias\/el-crecimiento-del-e-commerce-reubica-al-servicio-de-paqueteria\/#primaryimage"},"thumbnailUrl":"https:\/\/www.cetys.mx\/noticias\/wp-content\/uploads\/2021\/08\/Comunicado_Logistica-Internacional.png","keywords":["#ExpertoCETYS","Amazon","Campus Tijuana","CETYS Tijuana","CETYS Universidad","Log\u00edstica Internacional","vocetys-2021-08-05"],"articleSection":["Campus Tijuana","Opini\u00f3n","Portada","VoCETYS"],"inLanguage":"es","potentialAction":[{"@type":"CommentAction","name":"Comment","target":["https:\/\/www.cetys.mx\/noticias\/el-crecimiento-del-e-commerce-reubica-al-servicio-de-paqueteria\/#respond"]}]},{"@type":"WebPage","@id":"https:\/\/www.cetys.mx\/noticias\/el-crecimiento-del-e-commerce-reubica-al-servicio-de-paqueteria\/","url":"https:\/\/www.cetys.mx\/noticias\/el-crecimiento-del-e-commerce-reubica-al-servicio-de-paqueteria\/","name":"El crecimiento del e-commerce reubica al servicio de paqueter\u00eda - CETYS","isPartOf":{"@id":"https:\/\/www.cetys.mx\/noticias\/#website"},"primaryImageOfPage":{"@id":"https:\/\/www.cetys.mx\/noticias\/el-crecimiento-del-e-commerce-reubica-al-servicio-de-paqueteria\/#primaryimage"},"image":{"@id":"https:\/\/www.cetys.mx\/noticias\/el-crecimiento-del-e-commerce-reubica-al-servicio-de-paqueteria\/#primaryimage"},"thumbnailUrl":"https:\/\/www.cetys.mx\/noticias\/wp-content\/uploads\/2021\/08\/Comunicado_Logistica-Internacional.png","datePublished":"2021-08-02T16:17:16+00:00","dateModified":"2021-08-05T16:49:39+00:00","author":{"@id":"https:\/\/www.cetys.mx\/noticias\/#\/schema\/person\/e790051ce60e18ae47cfa87011c8653f"},"description":"Durante 2020, las ventas online en M\u00e9xico se incrementaron 81%. Tijuana es una zona estrat\u00e9gica en logst\u00edstica para el e-commerce.","breadcrumb":{"@id":"https:\/\/www.cetys.mx\/noticias\/el-crecimiento-del-e-commerce-reubica-al-servicio-de-paqueteria\/#breadcrumb"},"inLanguage":"es","potentialAction":[{"@type":"ReadAction","target":["https:\/\/www.cetys.mx\/noticias\/el-crecimiento-del-e-commerce-reubica-al-servicio-de-paqueteria\/"]}]},{"@type":"ImageObject","inLanguage":"es","@id":"https:\/\/www.cetys.mx\/noticias\/el-crecimiento-del-e-commerce-reubica-al-servicio-de-paqueteria\/#primaryimage","url":"https:\/\/www.cetys.mx\/noticias\/wp-content\/uploads\/2021\/08\/Comunicado_Logistica-Internacional.png","contentUrl":"https:\/\/www.cetys.mx\/noticias\/wp-content\/uploads\/2021\/08\/Comunicado_Logistica-Internacional.png","width":958,"height":637},{"@type":"BreadcrumbList","@id":"https:\/\/www.cetys.mx\/noticias\/el-crecimiento-del-e-commerce-reubica-al-servicio-de-paqueteria\/#breadcrumb","itemListElement":[{"@type":"ListItem","position":1,"name":"Inicio","item":"https:\/\/www.cetys.mx\/noticias\/"},{"@type":"ListItem","position":2,"name":"El crecimiento del e-commerce reubica al servicio de paqueter\u00eda"}]},{"@type":"WebSite","@id":"https:\/\/www.cetys.mx\/noticias\/#website","url":"https:\/\/www.cetys.mx\/noticias\/","name":"CETYS","description":"","potentialAction":[{"@type":"SearchAction","target":{"@type":"EntryPoint","urlTemplate":"https:\/\/www.cetys.mx\/noticias\/?s={search_term_string}"},"query-input":{"@type":"PropertyValueSpecification","valueRequired":true,"valueName":"search_term_string"}}],"inLanguage":"es"},{"@type":"Person","@id":"https:\/\/www.cetys.mx\/noticias\/#\/schema\/person\/e790051ce60e18ae47cfa87011c8653f","name":"Campus Tijuana","url":"https:\/\/www.cetys.mx\/noticias\/author\/campustijuana\/"}]}},"_links":{"self":[{"href":"https:\/\/www.cetys.mx\/noticias\/wp-json\/wp\/v2\/posts\/157167","targetHints":{"allow":["GET"]}}],"collection":[{"href":"https:\/\/www.cetys.mx\/noticias\/wp-json\/wp\/v2\/posts"}],"about":[{"href":"https:\/\/www.cetys.mx\/noticias\/wp-json\/wp\/v2\/types\/post"}],"author":[{"embeddable":true,"href":"https:\/\/www.cetys.mx\/noticias\/wp-json\/wp\/v2\/users\/24"}],"replies":[{"embeddable":true,"href":"https:\/\/www.cetys.mx\/noticias\/wp-json\/wp\/v2\/comments?post=157167"}],"version-history":[{"count":1,"href":"https:\/\/www.cetys.mx\/noticias\/wp-json\/wp\/v2\/posts\/157167\/revisions"}],"predecessor-version":[{"id":157171,"href":"https:\/\/www.cetys.mx\/noticias\/wp-json\/wp\/v2\/posts\/157167\/revisions\/157171"}],"wp:featuredmedia":[{"embeddable":true,"href":"https:\/\/www.cetys.mx\/noticias\/wp-json\/wp\/v2\/media\/157168"}],"wp:attachment":[{"href":"https:\/\/www.cetys.mx\/noticias\/wp-json\/wp\/v2\/media?parent=157167"}],"wp:term":[{"taxonomy":"category","embeddable":true,"href":"https:\/\/www.cetys.mx\/noticias\/wp-json\/wp\/v2\/categories?post=157167"},{"taxonomy":"post_tag","embeddable":true,"href":"https:\/\/www.cetys.mx\/noticias\/wp-json\/wp\/v2\/tags?post=157167"}],"curies":[{"name":"wp","href":"https:\/\/api.w.org\/{rel}","templated":true}]}}