{"id":156469,"date":"2021-06-23T16:45:18","date_gmt":"2021-06-23T23:45:18","guid":{"rendered":"https:\/\/www.cetys.mx\/noticias\/?p=156469"},"modified":"2021-06-23T16:45:18","modified_gmt":"2021-06-23T23:45:18","slug":"se-lleva-a-cabo-edicion-de-aniversario-de-la-paella-de-verano-cetys","status":"publish","type":"post","link":"https:\/\/www.cetys.mx\/noticias\/se-lleva-a-cabo-edicion-de-aniversario-de-la-paella-de-verano-cetys\/","title":{"rendered":"Se lleva a cabo edici\u00f3n de aniversario de la Paella de Verano CETYS"},"content":{"rendered":"<p style=\"text-align: justify;\">M\u00e1s de 150 donantes se sumaron a la edici\u00f3n especial de la Paella de Verano, evento filantr\u00f3pico insignia de <a href=\"https:\/\/www.facebook.com\/cetysens\">CETYS Universidad Campus Internacional Ensenada<\/a> que naci\u00f3 en el a\u00f1o 2001 con el objetivo de impulsar la educaci\u00f3n de calidad apoyando a que j\u00f3venes talentosos acad\u00e9micamente puedan continuar su proyecto educativo de vida.<\/p>\n<p style=\"text-align: justify;\">La edici\u00f3n de Aniversario 20 de la Paella de Verano se realiz\u00f3, por segundo a\u00f1o consecutivo, en modalidad virtual, porque, aunque Ensenada se encuentra en sem\u00e1foro verde, CETYS opt\u00f3 nuevamente por dar prioridad a las recomendaciones emitidas por las autoridades de la salud.<\/p>\n<p style=\"text-align: justify;\">La <strong>Mtra. Jessica Ibarra Ramonet, Directora Zona Costa de CETYS Universidad<\/strong>, destac\u00f3 que se trata de un evento muy especial por la gran respuesta que se tuvo por parte de los egresados, padres de familia, el sector empresarial y amigos del CETYS, que con su participaci\u00f3n y visi\u00f3n\u00a0filantr\u00f3pica\u00a0ven a la educaci\u00f3n como un factor de cambio y mejora para la sociedad.<\/p>\n<blockquote>\n<div id=\"attachment_156387\" style=\"width: 410px\" class=\"wp-caption alignright\"><img loading=\"lazy\" decoding=\"async\" aria-describedby=\"caption-attachment-156387\" class=\" wp-image-156387\" src=\"https:\/\/www.cetys.mx\/noticias\/wp-content\/uploads\/2021\/06\/Artboard-19-copy-30.jpg\" alt=\"Mtra. Jessica Ibarra Ramonet.\" width=\"400\" height=\"266\" srcset=\"https:\/\/www.cetys.mx\/noticias\/wp-content\/uploads\/2021\/06\/Artboard-19-copy-30.jpg 999w, https:\/\/www.cetys.mx\/noticias\/wp-content\/uploads\/2021\/06\/Artboard-19-copy-30-768x510.jpg 768w\" sizes=\"auto, (max-width: 400px) 100vw, 400px\" \/><p id=\"caption-attachment-156387\" class=\"wp-caption-text\">Mtra. Jessica Ibarra Ramonet.<\/p><\/div>\n<p style=\"text-align: justify;\">\u201cContar con su participaci\u00f3n es doblemente gratificante, sobre todo en momentos como estos en los que pareciera que ya vamos de salida de una situaci\u00f3n sin precedentes que nos ha hecho valorar nuestra salud y la de los nuestros, as\u00ed como la vida, una vida con oportunidades, retos, \u00e9xitos, logros, como lo que deseamos para nuestros estudiantes. De verdad gracias por su apoyo y por la confianza en nuestra Instituci\u00f3n y la educaci\u00f3n de calidad\u201d.<\/p>\n<\/blockquote>\n<p style=\"text-align: justify;\">El <strong>C.P. Efra\u00edn Ler\u00e9e Rosales, Director del Departamento de Avance Institucional del Campus Ensenada<\/strong>, enfatiz\u00f3 que este 2021 se entregaron m\u00e1s de 150 canastas en las ciudades de Ensenada, Tijuana y Mexicali.<\/p>\n<p style=\"text-align: justify;\">Asimismo, destac\u00f3 que a lo largo de 20 a\u00f1os se han sumado alrededor de 3000 personas a este evento y que adem\u00e1s de la educaci\u00f3n, las aportaciones de los donantes tambi\u00e9n han impulsado obras de infraestructura, como fue el caso del a\u00f1o 2018 que lo recaudado se destin\u00f3 al Gimnasio Auditorio, y fue precisamente en el marco de la Paella que recibi\u00f3 el nombre de Gimnasio Auditorio Quimical.<\/p>\n<div id=\"attachment_156385\" style=\"width: 555px\" class=\"wp-caption aligncenter\"><img loading=\"lazy\" decoding=\"async\" aria-describedby=\"caption-attachment-156385\" class=\" wp-image-156385\" src=\"https:\/\/www.cetys.mx\/noticias\/wp-content\/uploads\/2021\/06\/Artboard-19-copy-20.jpg\" alt=\"\" width=\"545\" height=\"362\" srcset=\"https:\/\/www.cetys.mx\/noticias\/wp-content\/uploads\/2021\/06\/Artboard-19-copy-20.jpg 999w, https:\/\/www.cetys.mx\/noticias\/wp-content\/uploads\/2021\/06\/Artboard-19-copy-20-768x510.jpg 768w\" sizes=\"auto, (max-width: 545px) 100vw, 545px\" \/><p id=\"caption-attachment-156385\" class=\"wp-caption-text\">Paella de verano, 20 Aniversario.<\/p><\/div>\n<p style=\"text-align: justify;\">La preparaci\u00f3n de la paella se llev\u00f3 a cabo en las instalaciones del Campus, atendiendo a las recomendaciones por parte del personal de salud, y estuvo a cargo, por cuarto a\u00f1o consecutivo, del Capit\u00e1n Ricardo Thompson y su familia.<\/p>\n<p style=\"text-align: justify;\">Adem\u00e1s, los donantes y p\u00fablico en general pudieron ser parte de la preparaci\u00f3n del platillo y de un programa art\u00edstico gracias a la tecnolog\u00eda, a trav\u00e9s de transmisi\u00f3n en vivo en la p\u00e1gina de Facebook de CETYS Ensenada.<\/p>\n<p style=\"text-align: justify;\">Los donantes que se sumaron al 20 Aniversario de la Paella de Verano recibieron en sus domicilios una canasta que conten\u00eda paella acompa\u00f1ada de vino, cerveza, postres, obsequios por parte de los patrocinadores y un mensaje de agradecimiento a cargo de los alumnos beneficiados con becas.<\/p>\n<div id=\"attachment_156379\" style=\"width: 599px\" class=\"wp-caption aligncenter\"><img loading=\"lazy\" decoding=\"async\" aria-describedby=\"caption-attachment-156379\" class=\" wp-image-156379\" src=\"https:\/\/www.cetys.mx\/noticias\/wp-content\/uploads\/2021\/06\/Artboard-19-copy-160.jpg\" alt=\"Entrega de paella.\" width=\"589\" height=\"392\" srcset=\"https:\/\/www.cetys.mx\/noticias\/wp-content\/uploads\/2021\/06\/Artboard-19-copy-160.jpg 999w, https:\/\/www.cetys.mx\/noticias\/wp-content\/uploads\/2021\/06\/Artboard-19-copy-160-768x511.jpg 768w\" sizes=\"auto, (max-width: 589px) 100vw, 589px\" \/><p id=\"caption-attachment-156379\" class=\"wp-caption-text\">Entrega de paella.<\/p><\/div>\n<p>&nbsp;<\/p>\n<p>&nbsp;<\/p>\n","protected":false},"excerpt":{"rendered":"<p>M\u00e1s de 150 donantes se sumaron a la edici\u00f3n especial de la Paella de Verano, evento filantr\u00f3pico insignia de CETYS Universidad Campus&#8230;<\/p>\n","protected":false},"author":23,"featured_media":156401,"comment_status":"open","ping_status":"closed","sticky":false,"template":"","format":"standard","meta":{"footnotes":""},"categories":[132,112,125,313],"tags":[138,430,396,559,4603,5320],"class_list":["post-156469","post","type-post","status-publish","format-standard","has-post-thumbnail","hentry","category-campus-ensenada","category-filantropia","category-portada","category-vocetys-2","tag-cetys","tag-educacion","tag-ensenada","tag-filantropia","tag-paella-de-verano","tag-probecas"],"yoast_head":"<!-- This site is optimized with the Yoast SEO plugin v27.4 - https:\/\/yoast.com\/product\/yoast-seo-wordpress\/ -->\n<title>Se lleva a cabo edici\u00f3n de aniversario de la Paella de Verano CETYS - CETYS<\/title>\n<meta name=\"description\" content=\"Articulo sobre Se lleva a cabo edici\u00f3n de aniversario de la Paella de Verano CETYS\" \/>\n<meta name=\"robots\" content=\"index, follow, max-snippet:-1, max-image-preview:large, max-video-preview:-1\" \/>\n<link rel=\"canonical\" href=\"https:\/\/www.cetys.mx\/noticias\/se-lleva-a-cabo-edicion-de-aniversario-de-la-paella-de-verano-cetys\/\" \/>\n<meta property=\"og:locale\" content=\"es_MX\" \/>\n<meta property=\"og:type\" content=\"article\" \/>\n<meta property=\"og:title\" content=\"Se lleva a cabo edici\u00f3n de aniversario de la Paella de Verano CETYS - CETYS\" \/>\n<meta property=\"og:description\" content=\"Articulo sobre Se lleva a cabo edici\u00f3n de aniversario de la Paella de Verano CETYS\" \/>\n<meta property=\"og:url\" content=\"https:\/\/www.cetys.mx\/noticias\/se-lleva-a-cabo-edicion-de-aniversario-de-la-paella-de-verano-cetys\/\" \/>\n<meta property=\"og:site_name\" content=\"CETYS\" \/>\n<meta property=\"article:publisher\" content=\"https:\/\/www.facebook.com\/cetysuniversidadmxl\/\" \/>\n<meta property=\"article:published_time\" content=\"2021-06-23T23:45:18+00:00\" \/>\n<meta property=\"og:image\" content=\"https:\/\/www.cetys.mx\/noticias\/wp-content\/uploads\/2021\/06\/Artboard-19-copy-120.jpg\" \/>\n\t<meta property=\"og:image:width\" content=\"999\" \/>\n\t<meta property=\"og:image:height\" content=\"665\" \/>\n\t<meta property=\"og:image:type\" content=\"image\/jpeg\" \/>\n<meta name=\"author\" content=\"Campus Ensenada\" \/>\n<meta name=\"twitter:card\" content=\"summary_large_image\" \/>\n<meta name=\"twitter:creator\" content=\"@cetysuni\" \/>\n<meta name=\"twitter:site\" content=\"@cetysuni\" \/>\n<meta name=\"twitter:label1\" content=\"Escrito por\" \/>\n\t<meta name=\"twitter:data1\" content=\"Campus Ensenada\" \/>\n\t<meta name=\"twitter:label2\" content=\"Tiempo de lectura\" \/>\n\t<meta name=\"twitter:data2\" content=\"3 minutos\" \/>\n<script type=\"application\/ld+json\" class=\"yoast-schema-graph\">{\"@context\":\"https:\\\/\\\/schema.org\",\"@graph\":[{\"@type\":\"Article\",\"@id\":\"https:\\\/\\\/www.cetys.mx\\\/noticias\\\/se-lleva-a-cabo-edicion-de-aniversario-de-la-paella-de-verano-cetys\\\/#article\",\"isPartOf\":{\"@id\":\"https:\\\/\\\/www.cetys.mx\\\/noticias\\\/se-lleva-a-cabo-edicion-de-aniversario-de-la-paella-de-verano-cetys\\\/\"},\"author\":{\"name\":\"Campus Ensenada\",\"@id\":\"https:\\\/\\\/www.cetys.mx\\\/noticias\\\/#\\\/schema\\\/person\\\/1a1a88c0b6586e66a2e9e88e07afc712\"},\"headline\":\"Se lleva a cabo edici\u00f3n de aniversario de la Paella de Verano CETYS\",\"datePublished\":\"2021-06-23T23:45:18+00:00\",\"mainEntityOfPage\":{\"@id\":\"https:\\\/\\\/www.cetys.mx\\\/noticias\\\/se-lleva-a-cabo-edicion-de-aniversario-de-la-paella-de-verano-cetys\\\/\"},\"wordCount\":535,\"commentCount\":0,\"image\":{\"@id\":\"https:\\\/\\\/www.cetys.mx\\\/noticias\\\/se-lleva-a-cabo-edicion-de-aniversario-de-la-paella-de-verano-cetys\\\/#primaryimage\"},\"thumbnailUrl\":\"https:\\\/\\\/www.cetys.mx\\\/noticias\\\/wp-content\\\/uploads\\\/2021\\\/06\\\/Artboard-19-copy-120.jpg\",\"keywords\":[\"Cetys\",\"Educaci\u00f3n\",\"ensenada\",\"filantropia\",\"Paella de verano\",\"probecas\"],\"articleSection\":[\"Campus Ensenada\",\"Filantrop\u00eda\",\"Portada\",\"VoCETYS\"],\"inLanguage\":\"es\",\"potentialAction\":[{\"@type\":\"CommentAction\",\"name\":\"Comment\",\"target\":[\"https:\\\/\\\/www.cetys.mx\\\/noticias\\\/se-lleva-a-cabo-edicion-de-aniversario-de-la-paella-de-verano-cetys\\\/#respond\"]}]},{\"@type\":\"WebPage\",\"@id\":\"https:\\\/\\\/www.cetys.mx\\\/noticias\\\/se-lleva-a-cabo-edicion-de-aniversario-de-la-paella-de-verano-cetys\\\/\",\"url\":\"https:\\\/\\\/www.cetys.mx\\\/noticias\\\/se-lleva-a-cabo-edicion-de-aniversario-de-la-paella-de-verano-cetys\\\/\",\"name\":\"Se lleva a cabo edici\u00f3n de aniversario de la Paella de Verano CETYS - CETYS\",\"isPartOf\":{\"@id\":\"https:\\\/\\\/www.cetys.mx\\\/noticias\\\/#website\"},\"primaryImageOfPage\":{\"@id\":\"https:\\\/\\\/www.cetys.mx\\\/noticias\\\/se-lleva-a-cabo-edicion-de-aniversario-de-la-paella-de-verano-cetys\\\/#primaryimage\"},\"image\":{\"@id\":\"https:\\\/\\\/www.cetys.mx\\\/noticias\\\/se-lleva-a-cabo-edicion-de-aniversario-de-la-paella-de-verano-cetys\\\/#primaryimage\"},\"thumbnailUrl\":\"https:\\\/\\\/www.cetys.mx\\\/noticias\\\/wp-content\\\/uploads\\\/2021\\\/06\\\/Artboard-19-copy-120.jpg\",\"datePublished\":\"2021-06-23T23:45:18+00:00\",\"author\":{\"@id\":\"https:\\\/\\\/www.cetys.mx\\\/noticias\\\/#\\\/schema\\\/person\\\/1a1a88c0b6586e66a2e9e88e07afc712\"},\"description\":\"Articulo sobre Se lleva a cabo edici\u00f3n de aniversario de la Paella de Verano CETYS\",\"breadcrumb\":{\"@id\":\"https:\\\/\\\/www.cetys.mx\\\/noticias\\\/se-lleva-a-cabo-edicion-de-aniversario-de-la-paella-de-verano-cetys\\\/#breadcrumb\"},\"inLanguage\":\"es\",\"potentialAction\":[{\"@type\":\"ReadAction\",\"target\":[\"https:\\\/\\\/www.cetys.mx\\\/noticias\\\/se-lleva-a-cabo-edicion-de-aniversario-de-la-paella-de-verano-cetys\\\/\"]}]},{\"@type\":\"ImageObject\",\"inLanguage\":\"es\",\"@id\":\"https:\\\/\\\/www.cetys.mx\\\/noticias\\\/se-lleva-a-cabo-edicion-de-aniversario-de-la-paella-de-verano-cetys\\\/#primaryimage\",\"url\":\"https:\\\/\\\/www.cetys.mx\\\/noticias\\\/wp-content\\\/uploads\\\/2021\\\/06\\\/Artboard-19-copy-120.jpg\",\"contentUrl\":\"https:\\\/\\\/www.cetys.mx\\\/noticias\\\/wp-content\\\/uploads\\\/2021\\\/06\\\/Artboard-19-copy-120.jpg\",\"width\":999,\"height\":665,\"caption\":\"Paella de verano 2021.\"},{\"@type\":\"BreadcrumbList\",\"@id\":\"https:\\\/\\\/www.cetys.mx\\\/noticias\\\/se-lleva-a-cabo-edicion-de-aniversario-de-la-paella-de-verano-cetys\\\/#breadcrumb\",\"itemListElement\":[{\"@type\":\"ListItem\",\"position\":1,\"name\":\"Inicio\",\"item\":\"https:\\\/\\\/www.cetys.mx\\\/noticias\\\/\"},{\"@type\":\"ListItem\",\"position\":2,\"name\":\"Se lleva a cabo edici\u00f3n de aniversario de la Paella de Verano CETYS\"}]},{\"@type\":\"WebSite\",\"@id\":\"https:\\\/\\\/www.cetys.mx\\\/noticias\\\/#website\",\"url\":\"https:\\\/\\\/www.cetys.mx\\\/noticias\\\/\",\"name\":\"CETYS\",\"description\":\"\",\"potentialAction\":[{\"@type\":\"SearchAction\",\"target\":{\"@type\":\"EntryPoint\",\"urlTemplate\":\"https:\\\/\\\/www.cetys.mx\\\/noticias\\\/?s={search_term_string}\"},\"query-input\":{\"@type\":\"PropertyValueSpecification\",\"valueRequired\":true,\"valueName\":\"search_term_string\"}}],\"inLanguage\":\"es\"},{\"@type\":\"Person\",\"@id\":\"https:\\\/\\\/www.cetys.mx\\\/noticias\\\/#\\\/schema\\\/person\\\/1a1a88c0b6586e66a2e9e88e07afc712\",\"name\":\"Campus Ensenada\",\"url\":\"https:\\\/\\\/www.cetys.mx\\\/noticias\\\/author\\\/campusensenada\\\/\"}]}<\/script>\n<!-- \/ Yoast SEO plugin. -->","yoast_head_json":{"title":"Se lleva a cabo edici\u00f3n de aniversario de la Paella de Verano CETYS - CETYS","description":"Articulo sobre Se lleva a cabo edici\u00f3n de aniversario de la Paella de Verano CETYS","robots":{"index":"index","follow":"follow","max-snippet":"max-snippet:-1","max-image-preview":"max-image-preview:large","max-video-preview":"max-video-preview:-1"},"canonical":"https:\/\/www.cetys.mx\/noticias\/se-lleva-a-cabo-edicion-de-aniversario-de-la-paella-de-verano-cetys\/","og_locale":"es_MX","og_type":"article","og_title":"Se lleva a cabo edici\u00f3n de aniversario de la Paella de Verano CETYS - CETYS","og_description":"Articulo sobre Se lleva a cabo edici\u00f3n de aniversario de la Paella de Verano CETYS","og_url":"https:\/\/www.cetys.mx\/noticias\/se-lleva-a-cabo-edicion-de-aniversario-de-la-paella-de-verano-cetys\/","og_site_name":"CETYS","article_publisher":"https:\/\/www.facebook.com\/cetysuniversidadmxl\/","article_published_time":"2021-06-23T23:45:18+00:00","og_image":[{"width":999,"height":665,"url":"https:\/\/www.cetys.mx\/noticias\/wp-content\/uploads\/2021\/06\/Artboard-19-copy-120.jpg","type":"image\/jpeg"}],"author":"Campus Ensenada","twitter_card":"summary_large_image","twitter_creator":"@cetysuni","twitter_site":"@cetysuni","twitter_misc":{"Escrito por":"Campus Ensenada","Tiempo de lectura":"3 minutos"},"schema":{"@context":"https:\/\/schema.org","@graph":[{"@type":"Article","@id":"https:\/\/www.cetys.mx\/noticias\/se-lleva-a-cabo-edicion-de-aniversario-de-la-paella-de-verano-cetys\/#article","isPartOf":{"@id":"https:\/\/www.cetys.mx\/noticias\/se-lleva-a-cabo-edicion-de-aniversario-de-la-paella-de-verano-cetys\/"},"author":{"name":"Campus Ensenada","@id":"https:\/\/www.cetys.mx\/noticias\/#\/schema\/person\/1a1a88c0b6586e66a2e9e88e07afc712"},"headline":"Se lleva a cabo edici\u00f3n de aniversario de la Paella de Verano CETYS","datePublished":"2021-06-23T23:45:18+00:00","mainEntityOfPage":{"@id":"https:\/\/www.cetys.mx\/noticias\/se-lleva-a-cabo-edicion-de-aniversario-de-la-paella-de-verano-cetys\/"},"wordCount":535,"commentCount":0,"image":{"@id":"https:\/\/www.cetys.mx\/noticias\/se-lleva-a-cabo-edicion-de-aniversario-de-la-paella-de-verano-cetys\/#primaryimage"},"thumbnailUrl":"https:\/\/www.cetys.mx\/noticias\/wp-content\/uploads\/2021\/06\/Artboard-19-copy-120.jpg","keywords":["Cetys","Educaci\u00f3n","ensenada","filantropia","Paella de verano","probecas"],"articleSection":["Campus Ensenada","Filantrop\u00eda","Portada","VoCETYS"],"inLanguage":"es","potentialAction":[{"@type":"CommentAction","name":"Comment","target":["https:\/\/www.cetys.mx\/noticias\/se-lleva-a-cabo-edicion-de-aniversario-de-la-paella-de-verano-cetys\/#respond"]}]},{"@type":"WebPage","@id":"https:\/\/www.cetys.mx\/noticias\/se-lleva-a-cabo-edicion-de-aniversario-de-la-paella-de-verano-cetys\/","url":"https:\/\/www.cetys.mx\/noticias\/se-lleva-a-cabo-edicion-de-aniversario-de-la-paella-de-verano-cetys\/","name":"Se lleva a cabo edici\u00f3n de aniversario de la Paella de Verano CETYS - CETYS","isPartOf":{"@id":"https:\/\/www.cetys.mx\/noticias\/#website"},"primaryImageOfPage":{"@id":"https:\/\/www.cetys.mx\/noticias\/se-lleva-a-cabo-edicion-de-aniversario-de-la-paella-de-verano-cetys\/#primaryimage"},"image":{"@id":"https:\/\/www.cetys.mx\/noticias\/se-lleva-a-cabo-edicion-de-aniversario-de-la-paella-de-verano-cetys\/#primaryimage"},"thumbnailUrl":"https:\/\/www.cetys.mx\/noticias\/wp-content\/uploads\/2021\/06\/Artboard-19-copy-120.jpg","datePublished":"2021-06-23T23:45:18+00:00","author":{"@id":"https:\/\/www.cetys.mx\/noticias\/#\/schema\/person\/1a1a88c0b6586e66a2e9e88e07afc712"},"description":"Articulo sobre Se lleva a cabo edici\u00f3n de aniversario de la Paella de Verano CETYS","breadcrumb":{"@id":"https:\/\/www.cetys.mx\/noticias\/se-lleva-a-cabo-edicion-de-aniversario-de-la-paella-de-verano-cetys\/#breadcrumb"},"inLanguage":"es","potentialAction":[{"@type":"ReadAction","target":["https:\/\/www.cetys.mx\/noticias\/se-lleva-a-cabo-edicion-de-aniversario-de-la-paella-de-verano-cetys\/"]}]},{"@type":"ImageObject","inLanguage":"es","@id":"https:\/\/www.cetys.mx\/noticias\/se-lleva-a-cabo-edicion-de-aniversario-de-la-paella-de-verano-cetys\/#primaryimage","url":"https:\/\/www.cetys.mx\/noticias\/wp-content\/uploads\/2021\/06\/Artboard-19-copy-120.jpg","contentUrl":"https:\/\/www.cetys.mx\/noticias\/wp-content\/uploads\/2021\/06\/Artboard-19-copy-120.jpg","width":999,"height":665,"caption":"Paella de verano 2021."},{"@type":"BreadcrumbList","@id":"https:\/\/www.cetys.mx\/noticias\/se-lleva-a-cabo-edicion-de-aniversario-de-la-paella-de-verano-cetys\/#breadcrumb","itemListElement":[{"@type":"ListItem","position":1,"name":"Inicio","item":"https:\/\/www.cetys.mx\/noticias\/"},{"@type":"ListItem","position":2,"name":"Se lleva a cabo edici\u00f3n de aniversario de la Paella de Verano CETYS"}]},{"@type":"WebSite","@id":"https:\/\/www.cetys.mx\/noticias\/#website","url":"https:\/\/www.cetys.mx\/noticias\/","name":"CETYS","description":"","potentialAction":[{"@type":"SearchAction","target":{"@type":"EntryPoint","urlTemplate":"https:\/\/www.cetys.mx\/noticias\/?s={search_term_string}"},"query-input":{"@type":"PropertyValueSpecification","valueRequired":true,"valueName":"search_term_string"}}],"inLanguage":"es"},{"@type":"Person","@id":"https:\/\/www.cetys.mx\/noticias\/#\/schema\/person\/1a1a88c0b6586e66a2e9e88e07afc712","name":"Campus Ensenada","url":"https:\/\/www.cetys.mx\/noticias\/author\/campusensenada\/"}]}},"_links":{"self":[{"href":"https:\/\/www.cetys.mx\/noticias\/wp-json\/wp\/v2\/posts\/156469","targetHints":{"allow":["GET"]}}],"collection":[{"href":"https:\/\/www.cetys.mx\/noticias\/wp-json\/wp\/v2\/posts"}],"about":[{"href":"https:\/\/www.cetys.mx\/noticias\/wp-json\/wp\/v2\/types\/post"}],"author":[{"embeddable":true,"href":"https:\/\/www.cetys.mx\/noticias\/wp-json\/wp\/v2\/users\/23"}],"replies":[{"embeddable":true,"href":"https:\/\/www.cetys.mx\/noticias\/wp-json\/wp\/v2\/comments?post=156469"}],"version-history":[{"count":1,"href":"https:\/\/www.cetys.mx\/noticias\/wp-json\/wp\/v2\/posts\/156469\/revisions"}],"predecessor-version":[{"id":156471,"href":"https:\/\/www.cetys.mx\/noticias\/wp-json\/wp\/v2\/posts\/156469\/revisions\/156471"}],"wp:featuredmedia":[{"embeddable":true,"href":"https:\/\/www.cetys.mx\/noticias\/wp-json\/wp\/v2\/media\/156401"}],"wp:attachment":[{"href":"https:\/\/www.cetys.mx\/noticias\/wp-json\/wp\/v2\/media?parent=156469"}],"wp:term":[{"taxonomy":"category","embeddable":true,"href":"https:\/\/www.cetys.mx\/noticias\/wp-json\/wp\/v2\/categories?post=156469"},{"taxonomy":"post_tag","embeddable":true,"href":"https:\/\/www.cetys.mx\/noticias\/wp-json\/wp\/v2\/tags?post=156469"}],"curies":[{"name":"wp","href":"https:\/\/api.w.org\/{rel}","templated":true}]}}