{"id":156284,"date":"2021-06-22T16:44:45","date_gmt":"2021-06-22T23:44:45","guid":{"rendered":"https:\/\/www.cetys.mx\/noticias\/?p=156284"},"modified":"2021-06-22T16:44:45","modified_gmt":"2021-06-22T23:44:45","slug":"abre-cetys-convocatoria-de-revalidacion-y-equivalencia-de-estudios-para-alumnos-procedentes-de-otras-instituciones","status":"publish","type":"post","link":"https:\/\/www.cetys.mx\/noticias\/abre-cetys-convocatoria-de-revalidacion-y-equivalencia-de-estudios-para-alumnos-procedentes-de-otras-instituciones\/","title":{"rendered":"Abre CETYS convocatoria de revalidaci\u00f3n y equivalencia de estudios para alumnos procedentes de otras instituciones"},"content":{"rendered":"<div><\/div>\n<div><\/div>\n<div style=\"text-align: center;\"><em>Con la intenci\u00f3n de que una elecci\u00f3n de carrera equivocada y otras circunstancias no sean sin\u00f3nimo de deserci\u00f3n escolar definitiva, CETYS presenta opciones de revalidaci\u00f3n y equivalencia<\/em><\/div>\n<div><\/div>\n<div><\/div>\n<div style=\"text-align: justify;\">Replantear el plan de vida y analizar la viabilidad de continuar el proyecto estudiantil en otra instituci\u00f3n sobre la elecci\u00f3n de una carrera, es el primer paso para definir el futuro personal, y es quiz\u00e1 una de las decisiones m\u00e1s importantes a tomar dentro del proyecto de vida de cada persona. Optar por una instituci\u00f3n educativa de calidad y prestigio reconocidos, que brinde mayores posibilidades de cumplir las metas y sue\u00f1os, es clave para el \u00e9xito profesional.<\/div>\n<div style=\"text-align: justify;\"><\/div>\n<div style=\"text-align: justify;\">Sabiendo que en ocasiones la primera opci\u00f3n del estudiante no resulta ser lo que se esperaba y con el fin de evitar que esto se traduzca en deserci\u00f3n escolar definitiva, CETYS Universidad ofrece el programa de revalidaci\u00f3n y equivalencias para sus programas educativos de licenciatura, ingenier\u00edas y preparatoria, indic\u00f3 el Lic. Miguel Urriza, Director de Promoci\u00f3n Acad\u00e9mica del Campus Mexicali.<\/div>\n<div style=\"text-align: justify;\"><\/div>\n<div style=\"text-align: justify;\">Refiri\u00f3 que el programa de revalidaci\u00f3n y equivalencias tiene el objetivo de ofrecer educaci\u00f3n de alta calidad a los j\u00f3venes que desean ser l\u00edderes e impactar positivamente en la sociedad, quienes podr\u00e1n revalidar sus estudios cursados en cualquier instituci\u00f3n que forme parte del Sistema Educativo Nacional, hasta en un 50% del plan curricular.<\/div>\n<div style=\"text-align: justify;\"><\/div>\n<div style=\"text-align: justify;\">Agreg\u00f3 que si el estudiante curs\u00f3 alg\u00fan posgrado, licenciatura o comenz\u00f3 a estudiar la preparatoria en cualquier escuela que cumpla con el requisito anterior, ubicada en alg\u00fan punto del territorio Mexicano, s\u00f3lo requiere contar con un historial acad\u00e9mico con calificaciones actualizado.<\/div>\n<div style=\"text-align: justify;\"><\/div>\n<div style=\"text-align: justify;\">En caso de que el alumno haya cursado sus estudios en instituciones de Estados Unidos, puede solicitar un proceso de revalidaci\u00f3n presentando su acta de nacimiento, transcripci\u00f3n original apostillada y cartas descriptivas de las asignaturas cursadas.<\/div>\n<div style=\"text-align: justify;\"><\/div>\n<div style=\"text-align: justify;\">El director enfatiz\u00f3 que debido a la contingencia sanitaria, el proceso de admisi\u00f3n es m\u00e1s \u00e1gil y sencillo. Adem\u00e1s, el plan de continuidad acad\u00e9mica de CETYS Universidad, a trav\u00e9s del Modelo CETYS Flex 360\u00b0 plus, ofrece un esquema h\u00edbrido y flexible que permite asegurar la integridad del alumnado y personal, as\u00ed como respetar las indicaciones derivadas del sem\u00e1foro epidemiol\u00f3gico establecido por las autoridades sanitarias de M\u00e9xico.<\/div>\n<div style=\"text-align: justify;\"><\/div>\n<div style=\"text-align: justify;\">Bajo este esquema, el lunes 19 de julio dar\u00e1 inicio en los tres campus de CETYS el ciclo escolar 2021-2 para alumnos de posgrado, mientras que el lunes 9 de agosto, se incorporar\u00e1 el estudiantado de profesional y preparatoria.<\/div>\n<div style=\"text-align: justify;\"><\/div>\n<div style=\"text-align: justify;\">El Lic. Miguel Urriza invit\u00f3 a los interesados en obtener m\u00e1s informaci\u00f3n acerca de los planes de revalidaci\u00f3n y equivalencia, a comunicarse al 686 567-3786, a escribir al correo: <a href=\"mailto:infocetys@cetys.mx\" target=\"_blank\" rel=\"noopener noreferrer\">infocetys@cetys.mx<\/a>, a visitar la p\u00e1gina <a href=\"http:\/\/r20.rs6.net\/tn.jsp?f=001ssXaCJAzGemzlwyJbsKb2gUAiH8BRjsSXIEP-PzvA7WWSZTOc8qUN5jI7Uu-aQtNIL4QhmXNu7YI9QTQhMg6pmUm07cGsq2NfWTkssI5X_Ad3liVIiKbeEzQZeitkA7EpVLXxetbpvGTzoTPf5sK9g==&amp;c=6jNc-TY99-JRWbY8-I6cUiHW-3EaanIKtw94ik5rilwcSsxKGd0itw==&amp;ch=ekMHevmVmWTSbiDERfsFmvJ5pzQJKLzkYthxdCBzqisV6nBZxJ1TSg==\" target=\"_blank\" rel=\"noopener noreferrer\">www.cetys.mx\/admisiones<\/a> o bien, a trav\u00e9s de las redes sociales oficiales de la Instituci\u00f3n en <a href=\"http:\/\/r20.rs6.net\/tn.jsp?f=001ssXaCJAzGemzlwyJbsKb2gUAiH8BRjsSXIEP-PzvA7WWSZTOc8qUN9BIDruHQaYMwlMAmXRa8xX4q9atUu2RaKIjcn3MxUM8HoaH6UOaJpX0n6tkPwohUNzcEme0PSLZ45PjZchzQKK79qWftc91Ea-TDvr2YIqNPgSdWMh4ZzId2OMmC5rXBQ==&amp;c=6jNc-TY99-JRWbY8-I6cUiHW-3EaanIKtw94ik5rilwcSsxKGd0itw==&amp;ch=ekMHevmVmWTSbiDERfsFmvJ5pzQJKLzkYthxdCBzqisV6nBZxJ1TSg==\" target=\"_blank\" rel=\"noopener noreferrer\">Facebook<\/a> e <a href=\"http:\/\/r20.rs6.net\/tn.jsp?f=001ssXaCJAzGemzlwyJbsKb2gUAiH8BRjsSXIEP-PzvA7WWSZTOc8qUN4JLVp196K2cOSbUGCuGlhroD9YisS5GqXpYft3jnaHrlyY4oYJw7R2b2bhB7o5YA8teNWb00fSVBjt2kcGTgR8229siFPFxdGEe0TzxcFHNFbcKtQmtB5Y=&amp;c=6jNc-TY99-JRWbY8-I6cUiHW-3EaanIKtw94ik5rilwcSsxKGd0itw==&amp;ch=ekMHevmVmWTSbiDERfsFmvJ5pzQJKLzkYthxdCBzqisV6nBZxJ1TSg==\" target=\"_blank\" rel=\"noopener noreferrer\">Instagram<\/a>.<\/div>\n","protected":false},"excerpt":{"rendered":"<p>Con la intenci\u00f3n de que una elecci\u00f3n de carrera equivocada y otras circunstancias no sean sin\u00f3nimo de deserci\u00f3n escolar definitiva, CETYS presenta&#8230;<\/p>\n","protected":false},"author":20,"featured_media":156285,"comment_status":"open","ping_status":"closed","sticky":false,"template":"","format":"standard","meta":{"footnotes":""},"categories":[133,313],"tags":[5305],"class_list":["post-156284","post","type-post","status-publish","format-standard","has-post-thumbnail","hentry","category-campus-mexicali","category-vocetys-2","tag-vocetys-2021-06-22"],"yoast_head":"<!-- This site is optimized with the Yoast SEO plugin v27.4 - https:\/\/yoast.com\/product\/yoast-seo-wordpress\/ -->\n<title>Abre CETYS convocatoria de revalidaci\u00f3n y equivalencia de estudios para alumnos procedentes de otras instituciones - CETYS<\/title>\n<meta name=\"description\" content=\"Articulo sobre Abre CETYS convocatoria de revalidaci\u00f3n y equivalencia de estudios para alumnos procedentes de otras instituciones\" \/>\n<meta name=\"robots\" content=\"index, follow, max-snippet:-1, max-image-preview:large, max-video-preview:-1\" \/>\n<link rel=\"canonical\" href=\"https:\/\/www.cetys.mx\/noticias\/abre-cetys-convocatoria-de-revalidacion-y-equivalencia-de-estudios-para-alumnos-procedentes-de-otras-instituciones\/\" \/>\n<meta property=\"og:locale\" content=\"es_MX\" \/>\n<meta property=\"og:type\" content=\"article\" \/>\n<meta property=\"og:title\" content=\"Abre CETYS convocatoria de revalidaci\u00f3n y equivalencia de estudios para alumnos procedentes de otras instituciones - CETYS\" \/>\n<meta property=\"og:description\" content=\"Articulo sobre Abre CETYS convocatoria de revalidaci\u00f3n y equivalencia de estudios para alumnos procedentes de otras instituciones\" \/>\n<meta property=\"og:url\" content=\"https:\/\/www.cetys.mx\/noticias\/abre-cetys-convocatoria-de-revalidacion-y-equivalencia-de-estudios-para-alumnos-procedentes-de-otras-instituciones\/\" \/>\n<meta property=\"og:site_name\" content=\"CETYS\" \/>\n<meta property=\"article:publisher\" content=\"https:\/\/www.facebook.com\/cetysuniversidadmxl\/\" \/>\n<meta property=\"article:published_time\" content=\"2021-06-22T23:44:45+00:00\" \/>\n<meta property=\"og:image\" content=\"https:\/\/www.cetys.mx\/noticias\/wp-content\/uploads\/2021\/06\/equivalenciascetys1.jpg\" \/>\n\t<meta property=\"og:image:width\" content=\"958\" \/>\n\t<meta property=\"og:image:height\" content=\"637\" \/>\n\t<meta property=\"og:image:type\" content=\"image\/jpeg\" \/>\n<meta name=\"author\" content=\"Campus Mexicali\" \/>\n<meta name=\"twitter:card\" content=\"summary_large_image\" \/>\n<meta name=\"twitter:creator\" content=\"@cetysuni\" \/>\n<meta name=\"twitter:site\" content=\"@cetysuni\" \/>\n<meta name=\"twitter:label1\" content=\"Escrito por\" \/>\n\t<meta name=\"twitter:data1\" content=\"Campus Mexicali\" \/>\n\t<meta name=\"twitter:label2\" content=\"Tiempo de lectura\" \/>\n\t<meta name=\"twitter:data2\" content=\"2 minutos\" \/>\n<script type=\"application\/ld+json\" class=\"yoast-schema-graph\">{\"@context\":\"https:\\\/\\\/schema.org\",\"@graph\":[{\"@type\":\"Article\",\"@id\":\"https:\\\/\\\/www.cetys.mx\\\/noticias\\\/abre-cetys-convocatoria-de-revalidacion-y-equivalencia-de-estudios-para-alumnos-procedentes-de-otras-instituciones\\\/#article\",\"isPartOf\":{\"@id\":\"https:\\\/\\\/www.cetys.mx\\\/noticias\\\/abre-cetys-convocatoria-de-revalidacion-y-equivalencia-de-estudios-para-alumnos-procedentes-de-otras-instituciones\\\/\"},\"author\":{\"name\":\"Campus Mexicali\",\"@id\":\"https:\\\/\\\/www.cetys.mx\\\/noticias\\\/#\\\/schema\\\/person\\\/79a95c4ac185f3705cf1b9c9340a5f70\"},\"headline\":\"Abre CETYS convocatoria de revalidaci\u00f3n y equivalencia de estudios para alumnos procedentes de otras instituciones\",\"datePublished\":\"2021-06-22T23:44:45+00:00\",\"mainEntityOfPage\":{\"@id\":\"https:\\\/\\\/www.cetys.mx\\\/noticias\\\/abre-cetys-convocatoria-de-revalidacion-y-equivalencia-de-estudios-para-alumnos-procedentes-de-otras-instituciones\\\/\"},\"wordCount\":509,\"commentCount\":0,\"image\":{\"@id\":\"https:\\\/\\\/www.cetys.mx\\\/noticias\\\/abre-cetys-convocatoria-de-revalidacion-y-equivalencia-de-estudios-para-alumnos-procedentes-de-otras-instituciones\\\/#primaryimage\"},\"thumbnailUrl\":\"https:\\\/\\\/www.cetys.mx\\\/noticias\\\/wp-content\\\/uploads\\\/2021\\\/06\\\/equivalenciascetys1.jpg\",\"keywords\":[\"vocetys-2021-06-22\"],\"articleSection\":[\"Campus Mexicali\",\"VoCETYS\"],\"inLanguage\":\"es\",\"potentialAction\":[{\"@type\":\"CommentAction\",\"name\":\"Comment\",\"target\":[\"https:\\\/\\\/www.cetys.mx\\\/noticias\\\/abre-cetys-convocatoria-de-revalidacion-y-equivalencia-de-estudios-para-alumnos-procedentes-de-otras-instituciones\\\/#respond\"]}]},{\"@type\":\"WebPage\",\"@id\":\"https:\\\/\\\/www.cetys.mx\\\/noticias\\\/abre-cetys-convocatoria-de-revalidacion-y-equivalencia-de-estudios-para-alumnos-procedentes-de-otras-instituciones\\\/\",\"url\":\"https:\\\/\\\/www.cetys.mx\\\/noticias\\\/abre-cetys-convocatoria-de-revalidacion-y-equivalencia-de-estudios-para-alumnos-procedentes-de-otras-instituciones\\\/\",\"name\":\"Abre CETYS convocatoria de revalidaci\u00f3n y equivalencia de estudios para alumnos procedentes de otras instituciones - CETYS\",\"isPartOf\":{\"@id\":\"https:\\\/\\\/www.cetys.mx\\\/noticias\\\/#website\"},\"primaryImageOfPage\":{\"@id\":\"https:\\\/\\\/www.cetys.mx\\\/noticias\\\/abre-cetys-convocatoria-de-revalidacion-y-equivalencia-de-estudios-para-alumnos-procedentes-de-otras-instituciones\\\/#primaryimage\"},\"image\":{\"@id\":\"https:\\\/\\\/www.cetys.mx\\\/noticias\\\/abre-cetys-convocatoria-de-revalidacion-y-equivalencia-de-estudios-para-alumnos-procedentes-de-otras-instituciones\\\/#primaryimage\"},\"thumbnailUrl\":\"https:\\\/\\\/www.cetys.mx\\\/noticias\\\/wp-content\\\/uploads\\\/2021\\\/06\\\/equivalenciascetys1.jpg\",\"datePublished\":\"2021-06-22T23:44:45+00:00\",\"author\":{\"@id\":\"https:\\\/\\\/www.cetys.mx\\\/noticias\\\/#\\\/schema\\\/person\\\/79a95c4ac185f3705cf1b9c9340a5f70\"},\"description\":\"Articulo sobre Abre CETYS convocatoria de revalidaci\u00f3n y equivalencia de estudios para alumnos procedentes de otras instituciones\",\"breadcrumb\":{\"@id\":\"https:\\\/\\\/www.cetys.mx\\\/noticias\\\/abre-cetys-convocatoria-de-revalidacion-y-equivalencia-de-estudios-para-alumnos-procedentes-de-otras-instituciones\\\/#breadcrumb\"},\"inLanguage\":\"es\",\"potentialAction\":[{\"@type\":\"ReadAction\",\"target\":[\"https:\\\/\\\/www.cetys.mx\\\/noticias\\\/abre-cetys-convocatoria-de-revalidacion-y-equivalencia-de-estudios-para-alumnos-procedentes-de-otras-instituciones\\\/\"]}]},{\"@type\":\"ImageObject\",\"inLanguage\":\"es\",\"@id\":\"https:\\\/\\\/www.cetys.mx\\\/noticias\\\/abre-cetys-convocatoria-de-revalidacion-y-equivalencia-de-estudios-para-alumnos-procedentes-de-otras-instituciones\\\/#primaryimage\",\"url\":\"https:\\\/\\\/www.cetys.mx\\\/noticias\\\/wp-content\\\/uploads\\\/2021\\\/06\\\/equivalenciascetys1.jpg\",\"contentUrl\":\"https:\\\/\\\/www.cetys.mx\\\/noticias\\\/wp-content\\\/uploads\\\/2021\\\/06\\\/equivalenciascetys1.jpg\",\"width\":958,\"height\":637},{\"@type\":\"BreadcrumbList\",\"@id\":\"https:\\\/\\\/www.cetys.mx\\\/noticias\\\/abre-cetys-convocatoria-de-revalidacion-y-equivalencia-de-estudios-para-alumnos-procedentes-de-otras-instituciones\\\/#breadcrumb\",\"itemListElement\":[{\"@type\":\"ListItem\",\"position\":1,\"name\":\"Inicio\",\"item\":\"https:\\\/\\\/www.cetys.mx\\\/noticias\\\/\"},{\"@type\":\"ListItem\",\"position\":2,\"name\":\"Abre CETYS convocatoria de revalidaci\u00f3n y equivalencia de estudios para alumnos procedentes de otras instituciones\"}]},{\"@type\":\"WebSite\",\"@id\":\"https:\\\/\\\/www.cetys.mx\\\/noticias\\\/#website\",\"url\":\"https:\\\/\\\/www.cetys.mx\\\/noticias\\\/\",\"name\":\"CETYS\",\"description\":\"\",\"potentialAction\":[{\"@type\":\"SearchAction\",\"target\":{\"@type\":\"EntryPoint\",\"urlTemplate\":\"https:\\\/\\\/www.cetys.mx\\\/noticias\\\/?s={search_term_string}\"},\"query-input\":{\"@type\":\"PropertyValueSpecification\",\"valueRequired\":true,\"valueName\":\"search_term_string\"}}],\"inLanguage\":\"es\"},{\"@type\":\"Person\",\"@id\":\"https:\\\/\\\/www.cetys.mx\\\/noticias\\\/#\\\/schema\\\/person\\\/79a95c4ac185f3705cf1b9c9340a5f70\",\"name\":\"Campus Mexicali\",\"url\":\"https:\\\/\\\/www.cetys.mx\\\/noticias\\\/author\\\/campusmexicali\\\/\"}]}<\/script>\n<!-- \/ Yoast SEO plugin. -->","yoast_head_json":{"title":"Abre CETYS convocatoria de revalidaci\u00f3n y equivalencia de estudios para alumnos procedentes de otras instituciones - CETYS","description":"Articulo sobre Abre CETYS convocatoria de revalidaci\u00f3n y equivalencia de estudios para alumnos procedentes de otras instituciones","robots":{"index":"index","follow":"follow","max-snippet":"max-snippet:-1","max-image-preview":"max-image-preview:large","max-video-preview":"max-video-preview:-1"},"canonical":"https:\/\/www.cetys.mx\/noticias\/abre-cetys-convocatoria-de-revalidacion-y-equivalencia-de-estudios-para-alumnos-procedentes-de-otras-instituciones\/","og_locale":"es_MX","og_type":"article","og_title":"Abre CETYS convocatoria de revalidaci\u00f3n y equivalencia de estudios para alumnos procedentes de otras instituciones - CETYS","og_description":"Articulo sobre Abre CETYS convocatoria de revalidaci\u00f3n y equivalencia de estudios para alumnos procedentes de otras instituciones","og_url":"https:\/\/www.cetys.mx\/noticias\/abre-cetys-convocatoria-de-revalidacion-y-equivalencia-de-estudios-para-alumnos-procedentes-de-otras-instituciones\/","og_site_name":"CETYS","article_publisher":"https:\/\/www.facebook.com\/cetysuniversidadmxl\/","article_published_time":"2021-06-22T23:44:45+00:00","og_image":[{"width":958,"height":637,"url":"https:\/\/www.cetys.mx\/noticias\/wp-content\/uploads\/2021\/06\/equivalenciascetys1.jpg","type":"image\/jpeg"}],"author":"Campus Mexicali","twitter_card":"summary_large_image","twitter_creator":"@cetysuni","twitter_site":"@cetysuni","twitter_misc":{"Escrito por":"Campus Mexicali","Tiempo de lectura":"2 minutos"},"schema":{"@context":"https:\/\/schema.org","@graph":[{"@type":"Article","@id":"https:\/\/www.cetys.mx\/noticias\/abre-cetys-convocatoria-de-revalidacion-y-equivalencia-de-estudios-para-alumnos-procedentes-de-otras-instituciones\/#article","isPartOf":{"@id":"https:\/\/www.cetys.mx\/noticias\/abre-cetys-convocatoria-de-revalidacion-y-equivalencia-de-estudios-para-alumnos-procedentes-de-otras-instituciones\/"},"author":{"name":"Campus Mexicali","@id":"https:\/\/www.cetys.mx\/noticias\/#\/schema\/person\/79a95c4ac185f3705cf1b9c9340a5f70"},"headline":"Abre CETYS convocatoria de revalidaci\u00f3n y equivalencia de estudios para alumnos procedentes de otras instituciones","datePublished":"2021-06-22T23:44:45+00:00","mainEntityOfPage":{"@id":"https:\/\/www.cetys.mx\/noticias\/abre-cetys-convocatoria-de-revalidacion-y-equivalencia-de-estudios-para-alumnos-procedentes-de-otras-instituciones\/"},"wordCount":509,"commentCount":0,"image":{"@id":"https:\/\/www.cetys.mx\/noticias\/abre-cetys-convocatoria-de-revalidacion-y-equivalencia-de-estudios-para-alumnos-procedentes-de-otras-instituciones\/#primaryimage"},"thumbnailUrl":"https:\/\/www.cetys.mx\/noticias\/wp-content\/uploads\/2021\/06\/equivalenciascetys1.jpg","keywords":["vocetys-2021-06-22"],"articleSection":["Campus Mexicali","VoCETYS"],"inLanguage":"es","potentialAction":[{"@type":"CommentAction","name":"Comment","target":["https:\/\/www.cetys.mx\/noticias\/abre-cetys-convocatoria-de-revalidacion-y-equivalencia-de-estudios-para-alumnos-procedentes-de-otras-instituciones\/#respond"]}]},{"@type":"WebPage","@id":"https:\/\/www.cetys.mx\/noticias\/abre-cetys-convocatoria-de-revalidacion-y-equivalencia-de-estudios-para-alumnos-procedentes-de-otras-instituciones\/","url":"https:\/\/www.cetys.mx\/noticias\/abre-cetys-convocatoria-de-revalidacion-y-equivalencia-de-estudios-para-alumnos-procedentes-de-otras-instituciones\/","name":"Abre CETYS convocatoria de revalidaci\u00f3n y equivalencia de estudios para alumnos procedentes de otras instituciones - CETYS","isPartOf":{"@id":"https:\/\/www.cetys.mx\/noticias\/#website"},"primaryImageOfPage":{"@id":"https:\/\/www.cetys.mx\/noticias\/abre-cetys-convocatoria-de-revalidacion-y-equivalencia-de-estudios-para-alumnos-procedentes-de-otras-instituciones\/#primaryimage"},"image":{"@id":"https:\/\/www.cetys.mx\/noticias\/abre-cetys-convocatoria-de-revalidacion-y-equivalencia-de-estudios-para-alumnos-procedentes-de-otras-instituciones\/#primaryimage"},"thumbnailUrl":"https:\/\/www.cetys.mx\/noticias\/wp-content\/uploads\/2021\/06\/equivalenciascetys1.jpg","datePublished":"2021-06-22T23:44:45+00:00","author":{"@id":"https:\/\/www.cetys.mx\/noticias\/#\/schema\/person\/79a95c4ac185f3705cf1b9c9340a5f70"},"description":"Articulo sobre Abre CETYS convocatoria de revalidaci\u00f3n y equivalencia de estudios para alumnos procedentes de otras instituciones","breadcrumb":{"@id":"https:\/\/www.cetys.mx\/noticias\/abre-cetys-convocatoria-de-revalidacion-y-equivalencia-de-estudios-para-alumnos-procedentes-de-otras-instituciones\/#breadcrumb"},"inLanguage":"es","potentialAction":[{"@type":"ReadAction","target":["https:\/\/www.cetys.mx\/noticias\/abre-cetys-convocatoria-de-revalidacion-y-equivalencia-de-estudios-para-alumnos-procedentes-de-otras-instituciones\/"]}]},{"@type":"ImageObject","inLanguage":"es","@id":"https:\/\/www.cetys.mx\/noticias\/abre-cetys-convocatoria-de-revalidacion-y-equivalencia-de-estudios-para-alumnos-procedentes-de-otras-instituciones\/#primaryimage","url":"https:\/\/www.cetys.mx\/noticias\/wp-content\/uploads\/2021\/06\/equivalenciascetys1.jpg","contentUrl":"https:\/\/www.cetys.mx\/noticias\/wp-content\/uploads\/2021\/06\/equivalenciascetys1.jpg","width":958,"height":637},{"@type":"BreadcrumbList","@id":"https:\/\/www.cetys.mx\/noticias\/abre-cetys-convocatoria-de-revalidacion-y-equivalencia-de-estudios-para-alumnos-procedentes-de-otras-instituciones\/#breadcrumb","itemListElement":[{"@type":"ListItem","position":1,"name":"Inicio","item":"https:\/\/www.cetys.mx\/noticias\/"},{"@type":"ListItem","position":2,"name":"Abre CETYS convocatoria de revalidaci\u00f3n y equivalencia de estudios para alumnos procedentes de otras instituciones"}]},{"@type":"WebSite","@id":"https:\/\/www.cetys.mx\/noticias\/#website","url":"https:\/\/www.cetys.mx\/noticias\/","name":"CETYS","description":"","potentialAction":[{"@type":"SearchAction","target":{"@type":"EntryPoint","urlTemplate":"https:\/\/www.cetys.mx\/noticias\/?s={search_term_string}"},"query-input":{"@type":"PropertyValueSpecification","valueRequired":true,"valueName":"search_term_string"}}],"inLanguage":"es"},{"@type":"Person","@id":"https:\/\/www.cetys.mx\/noticias\/#\/schema\/person\/79a95c4ac185f3705cf1b9c9340a5f70","name":"Campus Mexicali","url":"https:\/\/www.cetys.mx\/noticias\/author\/campusmexicali\/"}]}},"_links":{"self":[{"href":"https:\/\/www.cetys.mx\/noticias\/wp-json\/wp\/v2\/posts\/156284","targetHints":{"allow":["GET"]}}],"collection":[{"href":"https:\/\/www.cetys.mx\/noticias\/wp-json\/wp\/v2\/posts"}],"about":[{"href":"https:\/\/www.cetys.mx\/noticias\/wp-json\/wp\/v2\/types\/post"}],"author":[{"embeddable":true,"href":"https:\/\/www.cetys.mx\/noticias\/wp-json\/wp\/v2\/users\/20"}],"replies":[{"embeddable":true,"href":"https:\/\/www.cetys.mx\/noticias\/wp-json\/wp\/v2\/comments?post=156284"}],"version-history":[{"count":1,"href":"https:\/\/www.cetys.mx\/noticias\/wp-json\/wp\/v2\/posts\/156284\/revisions"}],"predecessor-version":[{"id":156356,"href":"https:\/\/www.cetys.mx\/noticias\/wp-json\/wp\/v2\/posts\/156284\/revisions\/156356"}],"wp:featuredmedia":[{"embeddable":true,"href":"https:\/\/www.cetys.mx\/noticias\/wp-json\/wp\/v2\/media\/156285"}],"wp:attachment":[{"href":"https:\/\/www.cetys.mx\/noticias\/wp-json\/wp\/v2\/media?parent=156284"}],"wp:term":[{"taxonomy":"category","embeddable":true,"href":"https:\/\/www.cetys.mx\/noticias\/wp-json\/wp\/v2\/categories?post=156284"},{"taxonomy":"post_tag","embeddable":true,"href":"https:\/\/www.cetys.mx\/noticias\/wp-json\/wp\/v2\/tags?post=156284"}],"curies":[{"name":"wp","href":"https:\/\/api.w.org\/{rel}","templated":true}]}}