{"id":155233,"date":"2021-05-15T13:21:32","date_gmt":"2021-05-15T20:21:32","guid":{"rendered":"https:\/\/www.cetys.mx\/noticias\/?p=155233"},"modified":"2021-05-15T13:21:32","modified_gmt":"2021-05-15T20:21:32","slug":"comunidad-creativa-participa-en-el-congreso-internacional-de-diseno-enfoque-2021-organizado-por-estudiantes-de-cetys","status":"publish","type":"post","link":"https:\/\/www.cetys.mx\/noticias\/comunidad-creativa-participa-en-el-congreso-internacional-de-diseno-enfoque-2021-organizado-por-estudiantes-de-cetys\/","title":{"rendered":"Comunidad creativa participa en el Congreso Internacional de Dise\u00f1o Enfoque 2021, organizado por estudiantes de CETYS"},"content":{"rendered":"<p style=\"text-align: justify;\">Para ofrecer un ambiente propicio en el que se promoviera la reflexi\u00f3n en el \u00e1mbito creativo y generar impacto en la sociedad, alumnos de la <a href=\"https:\/\/www.cetys.mx\/oferta-educativa\/profesional\/licenciatura-en-diseno-grafico\/\">Licenciatura en Dise\u00f1o Gr\u00e1fico<\/a> en <a href=\"https:\/\/www.facebook.com\/cetysens\/\">CETYS Universidad Campus Internacional Ensenada<\/a> realizaron la novena edici\u00f3n del Congreso Internacional \u201cEnfoque 2021: Revoluci\u00f3n creativa\u201d en modalidad virtual.<\/p>\n<p style=\"text-align: justify;\">En el marco del D\u00eda Internacional del Dise\u00f1o, durante toda la semana participaron ponentes especialistas del Dise\u00f1o Gr\u00e1fico de Argentina, Bolivia, Colombia, Costa Rica, Estados Unidos, Espa\u00f1a y M\u00e9xico, quienes compartieron las experiencias que han vivido dentro de su profesi\u00f3n, conscientes de las \u00e1reas de oportunidad que se tienen como sociedad, en las que destacan la publicidad, la fotograf\u00eda, empaques, etiquetas, ilustraci\u00f3n, gesti\u00f3n de marca y dise\u00f1o 3D.<\/p>\n<p style=\"text-align: justify;\">La Mtra. Jessica Ibarra Ramonet, Directora Zona Costa de CETYS Universidad, destac\u00f3 que se trata de un congreso realizado por estudiantes para estudiantes y para toda la comunidad creativa no solo de la localidad sino de todos los alrededores gracias a la virtualidad, que tienen las mismas inquietudes y ganas de ser personas sobresalientes en el \u00e1mbito profesional.<\/p>\n<blockquote>\n<p style=\"text-align: justify;\">\u201cEl congreso Enfoque tiene como objetivo fomentar la participaci\u00f3n e interacci\u00f3n entre los asistentes y los conferencistas, con la meta de aumentar los conocimientos, las oportunidades y motivarlos a todos a romper paradigmas y fronteras, a ser creativos, a imaginar, a crear, a ser irreverentes, disruptivos, observar, conocer, experimentar y compartir para lograr una revoluci\u00f3n creativa a favor de nuestra sociedad y del medio ambiente\u201d, expuso la Mtra. Ibarra Ramonet.<\/p>\n<\/blockquote>\n<p style=\"text-align: justify;\">Por su parte, el Dr. Francisco V\u00e9lez Torres, Director de la Escuela de Administraci\u00f3n y Negocios del Sistema CETYS Universidad, destac\u00f3 el liderazgo de los estudiantes de la Licenciatura en Dise\u00f1o Gr\u00e1fico por la organizaci\u00f3n del congreso y asegur\u00f3 que la tem\u00e1tica de esta edici\u00f3n es una invitaci\u00f3n a romper paradigmas, conocer, experimentar y compartir a trav\u00e9s de los diferentes temas que son tendencias en vanguardia en el campo del dise\u00f1o.<\/p>\n<div id=\"attachment_155235\" style=\"width: 504px\" class=\"wp-caption alignright\"><img loading=\"lazy\" decoding=\"async\" aria-describedby=\"caption-attachment-155235\" class=\" wp-image-155235\" src=\"https:\/\/www.cetys.mx\/noticias\/wp-content\/uploads\/2021\/05\/Foto-3.jpg\" alt=\"Dr. Francisco Velez.\" width=\"494\" height=\"329\" srcset=\"https:\/\/www.cetys.mx\/noticias\/wp-content\/uploads\/2021\/05\/Foto-3.jpg 958w, https:\/\/www.cetys.mx\/noticias\/wp-content\/uploads\/2021\/05\/Foto-3-768x511.jpg 768w\" sizes=\"auto, (max-width: 494px) 100vw, 494px\" \/><p id=\"caption-attachment-155235\" class=\"wp-caption-text\">Dr. Francisco Velez.<\/p><\/div>\n<blockquote>\n<p style=\"text-align: justify;\">\u201cDe Ensenada hacia el mundo a trav\u00e9s de las Tecnolog\u00edas de Informaci\u00f3n y Comunicaci\u00f3n se est\u00e1 ofreciendo un programa muy nutrido e interesante que sin duda constituir\u00e1 una gran experiencia formativa para quienes participan tanto estudiantes de la Licenciatura en Dise\u00f1o Gr\u00e1fico como estudiantes de otras licenciaturas de diferentes partes de la rep\u00fablica mexicana y del mundo\u201d, expres\u00f3.<\/p>\n<\/blockquote>\n<p style=\"text-align: justify;\">Marina Rubio, estudiante de la Licenciatura en Dise\u00f1o Gr\u00e1fico y presidenta del comit\u00e9 organizador de Enfoque 2021, record\u00f3 que el congreso no es \u00fanicamente para los alumnos, sino para todos aquellos que deseen expandir sus conocimientos.<\/p>\n<blockquote>\n<p style=\"text-align: justify;\">\u201cNo cabe duda que el poder tener a diez maravillosos y talentosos ponentes de diferentes partes del mundo hace que todo el esfuerzo de meses valga la pena\u201d, coment\u00f3.<\/p>\n<\/blockquote>\n<p style=\"text-align: justify;\">La novena edici\u00f3n de Enfoque cont\u00f3 con la participaci\u00f3n de Luis Valencia, director creativo de la Agencia 360i y reconocido internacionalmente por su trabajo tipogr\u00e1fico en el libro \u201cTypism Book Vol. 4\u201d; Diana Ram\u00edrez, quien tiene el cargo de Head of Art en ARANDU en Bolivia y una de las diez mejores artistas bolivianas seleccionadas para exponer en la Bienal del Cartel 2016; Tati Astua, directora de arte en Garnier BBDO y que ha trabajado para marcas como ISUZU, Chevrolet, DHL, H\u00e4agen-Dazs, entre otras; y Carlos Cornejo, Naming creator en Secretname Naming Studio, creadores del \u201cNo compitas, haz compitas\u201d, entre otros.<\/p>\n<div id=\"attachment_155236\" style=\"width: 734px\" class=\"wp-caption aligncenter\"><img loading=\"lazy\" decoding=\"async\" aria-describedby=\"caption-attachment-155236\" class=\" wp-image-155236\" src=\"https:\/\/www.cetys.mx\/noticias\/wp-content\/uploads\/2021\/05\/Foto-2.jpg\" alt=\"Congreso Enfoque 2021.\" width=\"724\" height=\"482\" srcset=\"https:\/\/www.cetys.mx\/noticias\/wp-content\/uploads\/2021\/05\/Foto-2.jpg 958w, https:\/\/www.cetys.mx\/noticias\/wp-content\/uploads\/2021\/05\/Foto-2-768x511.jpg 768w\" sizes=\"auto, (max-width: 724px) 100vw, 724px\" \/><p id=\"caption-attachment-155236\" class=\"wp-caption-text\">Congreso Enfoque 2021.<\/p><\/div>\n","protected":false},"excerpt":{"rendered":"<p>Para ofrecer un ambiente propicio en el que se promoviera la reflexi\u00f3n en el \u00e1mbito creativo y generar impacto en la sociedad,&#8230;<\/p>\n","protected":false},"author":23,"featured_media":155234,"comment_status":"open","ping_status":"closed","sticky":false,"template":"","format":"standard","meta":{"footnotes":""},"categories":[132,306,313],"tags":[5200,2596,5199,5201,897,396,896],"class_list":["post-155233","post","type-post","status-publish","format-standard","has-post-thumbnail","hentry","category-campus-ensenada","category-profesional","category-vocetys-2","tag-animacion","tag-campus-internacional","tag-comunidad-creativa","tag-diseno-3d","tag-diseno-grafico","tag-ensenada","tag-ldg"],"yoast_head":"<!-- This site is optimized with the Yoast SEO plugin v27.4 - https:\/\/yoast.com\/product\/yoast-seo-wordpress\/ -->\n<title>Comunidad creativa participa en el Congreso Internacional de Dise\u00f1o Enfoque 2021, organizado por estudiantes de CETYS - CETYS<\/title>\n<meta name=\"description\" content=\"Articulo sobre Comunidad creativa participa en el Congreso Internacional de Dise\u00f1o Enfoque 2021, organizado por estudiantes de CETYS\" \/>\n<meta name=\"robots\" content=\"index, follow, max-snippet:-1, max-image-preview:large, max-video-preview:-1\" \/>\n<link rel=\"canonical\" href=\"https:\/\/www.cetys.mx\/noticias\/comunidad-creativa-participa-en-el-congreso-internacional-de-diseno-enfoque-2021-organizado-por-estudiantes-de-cetys\/\" \/>\n<meta property=\"og:locale\" content=\"es_MX\" \/>\n<meta property=\"og:type\" content=\"article\" \/>\n<meta property=\"og:title\" content=\"Comunidad creativa participa en el Congreso Internacional de Dise\u00f1o Enfoque 2021, organizado por estudiantes de CETYS - CETYS\" \/>\n<meta property=\"og:description\" content=\"Articulo sobre Comunidad creativa participa en el Congreso Internacional de Dise\u00f1o Enfoque 2021, organizado por estudiantes de CETYS\" \/>\n<meta property=\"og:url\" content=\"https:\/\/www.cetys.mx\/noticias\/comunidad-creativa-participa-en-el-congreso-internacional-de-diseno-enfoque-2021-organizado-por-estudiantes-de-cetys\/\" \/>\n<meta property=\"og:site_name\" content=\"CETYS\" \/>\n<meta property=\"article:publisher\" content=\"https:\/\/www.facebook.com\/cetysuniversidadmxl\/\" \/>\n<meta property=\"article:published_time\" content=\"2021-05-15T20:21:32+00:00\" \/>\n<meta property=\"og:image\" content=\"https:\/\/www.cetys.mx\/noticias\/wp-content\/uploads\/2021\/05\/Foto-1.jpg\" \/>\n\t<meta property=\"og:image:width\" content=\"958\" \/>\n\t<meta property=\"og:image:height\" content=\"637\" \/>\n\t<meta property=\"og:image:type\" content=\"image\/jpeg\" \/>\n<meta name=\"author\" content=\"Campus Ensenada\" \/>\n<meta name=\"twitter:card\" content=\"summary_large_image\" \/>\n<meta name=\"twitter:creator\" content=\"@cetysuni\" \/>\n<meta name=\"twitter:site\" content=\"@cetysuni\" \/>\n<meta name=\"twitter:label1\" content=\"Escrito por\" \/>\n\t<meta name=\"twitter:data1\" content=\"Campus Ensenada\" \/>\n\t<meta name=\"twitter:label2\" content=\"Tiempo de lectura\" \/>\n\t<meta name=\"twitter:data2\" content=\"3 minutos\" \/>\n<script type=\"application\/ld+json\" class=\"yoast-schema-graph\">{\"@context\":\"https:\\\/\\\/schema.org\",\"@graph\":[{\"@type\":\"Article\",\"@id\":\"https:\\\/\\\/www.cetys.mx\\\/noticias\\\/comunidad-creativa-participa-en-el-congreso-internacional-de-diseno-enfoque-2021-organizado-por-estudiantes-de-cetys\\\/#article\",\"isPartOf\":{\"@id\":\"https:\\\/\\\/www.cetys.mx\\\/noticias\\\/comunidad-creativa-participa-en-el-congreso-internacional-de-diseno-enfoque-2021-organizado-por-estudiantes-de-cetys\\\/\"},\"author\":{\"name\":\"Campus Ensenada\",\"@id\":\"https:\\\/\\\/www.cetys.mx\\\/noticias\\\/#\\\/schema\\\/person\\\/1a1a88c0b6586e66a2e9e88e07afc712\"},\"headline\":\"Comunidad creativa participa en el Congreso Internacional de Dise\u00f1o Enfoque 2021, organizado por estudiantes de CETYS\",\"datePublished\":\"2021-05-15T20:21:32+00:00\",\"mainEntityOfPage\":{\"@id\":\"https:\\\/\\\/www.cetys.mx\\\/noticias\\\/comunidad-creativa-participa-en-el-congreso-internacional-de-diseno-enfoque-2021-organizado-por-estudiantes-de-cetys\\\/\"},\"wordCount\":614,\"commentCount\":0,\"image\":{\"@id\":\"https:\\\/\\\/www.cetys.mx\\\/noticias\\\/comunidad-creativa-participa-en-el-congreso-internacional-de-diseno-enfoque-2021-organizado-por-estudiantes-de-cetys\\\/#primaryimage\"},\"thumbnailUrl\":\"https:\\\/\\\/www.cetys.mx\\\/noticias\\\/wp-content\\\/uploads\\\/2021\\\/05\\\/Foto-1.jpg\",\"keywords\":[\"animaci\u00f3n\",\"Campus Internacional\",\"Comunidad creativa\",\"dise\u00f1o 3D\",\"Dise\u00f1o Gr\u00e1fico\",\"ensenada\",\"LDG\"],\"articleSection\":[\"Campus Ensenada\",\"Profesional\",\"VoCETYS\"],\"inLanguage\":\"es\",\"potentialAction\":[{\"@type\":\"CommentAction\",\"name\":\"Comment\",\"target\":[\"https:\\\/\\\/www.cetys.mx\\\/noticias\\\/comunidad-creativa-participa-en-el-congreso-internacional-de-diseno-enfoque-2021-organizado-por-estudiantes-de-cetys\\\/#respond\"]}]},{\"@type\":\"WebPage\",\"@id\":\"https:\\\/\\\/www.cetys.mx\\\/noticias\\\/comunidad-creativa-participa-en-el-congreso-internacional-de-diseno-enfoque-2021-organizado-por-estudiantes-de-cetys\\\/\",\"url\":\"https:\\\/\\\/www.cetys.mx\\\/noticias\\\/comunidad-creativa-participa-en-el-congreso-internacional-de-diseno-enfoque-2021-organizado-por-estudiantes-de-cetys\\\/\",\"name\":\"Comunidad creativa participa en el Congreso Internacional de Dise\u00f1o Enfoque 2021, organizado por estudiantes de CETYS - CETYS\",\"isPartOf\":{\"@id\":\"https:\\\/\\\/www.cetys.mx\\\/noticias\\\/#website\"},\"primaryImageOfPage\":{\"@id\":\"https:\\\/\\\/www.cetys.mx\\\/noticias\\\/comunidad-creativa-participa-en-el-congreso-internacional-de-diseno-enfoque-2021-organizado-por-estudiantes-de-cetys\\\/#primaryimage\"},\"image\":{\"@id\":\"https:\\\/\\\/www.cetys.mx\\\/noticias\\\/comunidad-creativa-participa-en-el-congreso-internacional-de-diseno-enfoque-2021-organizado-por-estudiantes-de-cetys\\\/#primaryimage\"},\"thumbnailUrl\":\"https:\\\/\\\/www.cetys.mx\\\/noticias\\\/wp-content\\\/uploads\\\/2021\\\/05\\\/Foto-1.jpg\",\"datePublished\":\"2021-05-15T20:21:32+00:00\",\"author\":{\"@id\":\"https:\\\/\\\/www.cetys.mx\\\/noticias\\\/#\\\/schema\\\/person\\\/1a1a88c0b6586e66a2e9e88e07afc712\"},\"description\":\"Articulo sobre Comunidad creativa participa en el Congreso Internacional de Dise\u00f1o Enfoque 2021, organizado por estudiantes de CETYS\",\"breadcrumb\":{\"@id\":\"https:\\\/\\\/www.cetys.mx\\\/noticias\\\/comunidad-creativa-participa-en-el-congreso-internacional-de-diseno-enfoque-2021-organizado-por-estudiantes-de-cetys\\\/#breadcrumb\"},\"inLanguage\":\"es\",\"potentialAction\":[{\"@type\":\"ReadAction\",\"target\":[\"https:\\\/\\\/www.cetys.mx\\\/noticias\\\/comunidad-creativa-participa-en-el-congreso-internacional-de-diseno-enfoque-2021-organizado-por-estudiantes-de-cetys\\\/\"]}]},{\"@type\":\"ImageObject\",\"inLanguage\":\"es\",\"@id\":\"https:\\\/\\\/www.cetys.mx\\\/noticias\\\/comunidad-creativa-participa-en-el-congreso-internacional-de-diseno-enfoque-2021-organizado-por-estudiantes-de-cetys\\\/#primaryimage\",\"url\":\"https:\\\/\\\/www.cetys.mx\\\/noticias\\\/wp-content\\\/uploads\\\/2021\\\/05\\\/Foto-1.jpg\",\"contentUrl\":\"https:\\\/\\\/www.cetys.mx\\\/noticias\\\/wp-content\\\/uploads\\\/2021\\\/05\\\/Foto-1.jpg\",\"width\":958,\"height\":637,\"caption\":\"Congreso Enfoque 2021.\"},{\"@type\":\"BreadcrumbList\",\"@id\":\"https:\\\/\\\/www.cetys.mx\\\/noticias\\\/comunidad-creativa-participa-en-el-congreso-internacional-de-diseno-enfoque-2021-organizado-por-estudiantes-de-cetys\\\/#breadcrumb\",\"itemListElement\":[{\"@type\":\"ListItem\",\"position\":1,\"name\":\"Inicio\",\"item\":\"https:\\\/\\\/www.cetys.mx\\\/noticias\\\/\"},{\"@type\":\"ListItem\",\"position\":2,\"name\":\"Comunidad creativa participa en el Congreso Internacional de Dise\u00f1o Enfoque 2021, organizado por estudiantes de CETYS\"}]},{\"@type\":\"WebSite\",\"@id\":\"https:\\\/\\\/www.cetys.mx\\\/noticias\\\/#website\",\"url\":\"https:\\\/\\\/www.cetys.mx\\\/noticias\\\/\",\"name\":\"CETYS\",\"description\":\"\",\"potentialAction\":[{\"@type\":\"SearchAction\",\"target\":{\"@type\":\"EntryPoint\",\"urlTemplate\":\"https:\\\/\\\/www.cetys.mx\\\/noticias\\\/?s={search_term_string}\"},\"query-input\":{\"@type\":\"PropertyValueSpecification\",\"valueRequired\":true,\"valueName\":\"search_term_string\"}}],\"inLanguage\":\"es\"},{\"@type\":\"Person\",\"@id\":\"https:\\\/\\\/www.cetys.mx\\\/noticias\\\/#\\\/schema\\\/person\\\/1a1a88c0b6586e66a2e9e88e07afc712\",\"name\":\"Campus Ensenada\",\"url\":\"https:\\\/\\\/www.cetys.mx\\\/noticias\\\/author\\\/campusensenada\\\/\"}]}<\/script>\n<!-- \/ Yoast SEO plugin. -->","yoast_head_json":{"title":"Comunidad creativa participa en el Congreso Internacional de Dise\u00f1o Enfoque 2021, organizado por estudiantes de CETYS - CETYS","description":"Articulo sobre Comunidad creativa participa en el Congreso Internacional de Dise\u00f1o Enfoque 2021, organizado por estudiantes de CETYS","robots":{"index":"index","follow":"follow","max-snippet":"max-snippet:-1","max-image-preview":"max-image-preview:large","max-video-preview":"max-video-preview:-1"},"canonical":"https:\/\/www.cetys.mx\/noticias\/comunidad-creativa-participa-en-el-congreso-internacional-de-diseno-enfoque-2021-organizado-por-estudiantes-de-cetys\/","og_locale":"es_MX","og_type":"article","og_title":"Comunidad creativa participa en el Congreso Internacional de Dise\u00f1o Enfoque 2021, organizado por estudiantes de CETYS - CETYS","og_description":"Articulo sobre Comunidad creativa participa en el Congreso Internacional de Dise\u00f1o Enfoque 2021, organizado por estudiantes de CETYS","og_url":"https:\/\/www.cetys.mx\/noticias\/comunidad-creativa-participa-en-el-congreso-internacional-de-diseno-enfoque-2021-organizado-por-estudiantes-de-cetys\/","og_site_name":"CETYS","article_publisher":"https:\/\/www.facebook.com\/cetysuniversidadmxl\/","article_published_time":"2021-05-15T20:21:32+00:00","og_image":[{"width":958,"height":637,"url":"https:\/\/www.cetys.mx\/noticias\/wp-content\/uploads\/2021\/05\/Foto-1.jpg","type":"image\/jpeg"}],"author":"Campus Ensenada","twitter_card":"summary_large_image","twitter_creator":"@cetysuni","twitter_site":"@cetysuni","twitter_misc":{"Escrito por":"Campus Ensenada","Tiempo de lectura":"3 minutos"},"schema":{"@context":"https:\/\/schema.org","@graph":[{"@type":"Article","@id":"https:\/\/www.cetys.mx\/noticias\/comunidad-creativa-participa-en-el-congreso-internacional-de-diseno-enfoque-2021-organizado-por-estudiantes-de-cetys\/#article","isPartOf":{"@id":"https:\/\/www.cetys.mx\/noticias\/comunidad-creativa-participa-en-el-congreso-internacional-de-diseno-enfoque-2021-organizado-por-estudiantes-de-cetys\/"},"author":{"name":"Campus Ensenada","@id":"https:\/\/www.cetys.mx\/noticias\/#\/schema\/person\/1a1a88c0b6586e66a2e9e88e07afc712"},"headline":"Comunidad creativa participa en el Congreso Internacional de Dise\u00f1o Enfoque 2021, organizado por estudiantes de CETYS","datePublished":"2021-05-15T20:21:32+00:00","mainEntityOfPage":{"@id":"https:\/\/www.cetys.mx\/noticias\/comunidad-creativa-participa-en-el-congreso-internacional-de-diseno-enfoque-2021-organizado-por-estudiantes-de-cetys\/"},"wordCount":614,"commentCount":0,"image":{"@id":"https:\/\/www.cetys.mx\/noticias\/comunidad-creativa-participa-en-el-congreso-internacional-de-diseno-enfoque-2021-organizado-por-estudiantes-de-cetys\/#primaryimage"},"thumbnailUrl":"https:\/\/www.cetys.mx\/noticias\/wp-content\/uploads\/2021\/05\/Foto-1.jpg","keywords":["animaci\u00f3n","Campus Internacional","Comunidad creativa","dise\u00f1o 3D","Dise\u00f1o Gr\u00e1fico","ensenada","LDG"],"articleSection":["Campus Ensenada","Profesional","VoCETYS"],"inLanguage":"es","potentialAction":[{"@type":"CommentAction","name":"Comment","target":["https:\/\/www.cetys.mx\/noticias\/comunidad-creativa-participa-en-el-congreso-internacional-de-diseno-enfoque-2021-organizado-por-estudiantes-de-cetys\/#respond"]}]},{"@type":"WebPage","@id":"https:\/\/www.cetys.mx\/noticias\/comunidad-creativa-participa-en-el-congreso-internacional-de-diseno-enfoque-2021-organizado-por-estudiantes-de-cetys\/","url":"https:\/\/www.cetys.mx\/noticias\/comunidad-creativa-participa-en-el-congreso-internacional-de-diseno-enfoque-2021-organizado-por-estudiantes-de-cetys\/","name":"Comunidad creativa participa en el Congreso Internacional de Dise\u00f1o Enfoque 2021, organizado por estudiantes de CETYS - CETYS","isPartOf":{"@id":"https:\/\/www.cetys.mx\/noticias\/#website"},"primaryImageOfPage":{"@id":"https:\/\/www.cetys.mx\/noticias\/comunidad-creativa-participa-en-el-congreso-internacional-de-diseno-enfoque-2021-organizado-por-estudiantes-de-cetys\/#primaryimage"},"image":{"@id":"https:\/\/www.cetys.mx\/noticias\/comunidad-creativa-participa-en-el-congreso-internacional-de-diseno-enfoque-2021-organizado-por-estudiantes-de-cetys\/#primaryimage"},"thumbnailUrl":"https:\/\/www.cetys.mx\/noticias\/wp-content\/uploads\/2021\/05\/Foto-1.jpg","datePublished":"2021-05-15T20:21:32+00:00","author":{"@id":"https:\/\/www.cetys.mx\/noticias\/#\/schema\/person\/1a1a88c0b6586e66a2e9e88e07afc712"},"description":"Articulo sobre Comunidad creativa participa en el Congreso Internacional de Dise\u00f1o Enfoque 2021, organizado por estudiantes de CETYS","breadcrumb":{"@id":"https:\/\/www.cetys.mx\/noticias\/comunidad-creativa-participa-en-el-congreso-internacional-de-diseno-enfoque-2021-organizado-por-estudiantes-de-cetys\/#breadcrumb"},"inLanguage":"es","potentialAction":[{"@type":"ReadAction","target":["https:\/\/www.cetys.mx\/noticias\/comunidad-creativa-participa-en-el-congreso-internacional-de-diseno-enfoque-2021-organizado-por-estudiantes-de-cetys\/"]}]},{"@type":"ImageObject","inLanguage":"es","@id":"https:\/\/www.cetys.mx\/noticias\/comunidad-creativa-participa-en-el-congreso-internacional-de-diseno-enfoque-2021-organizado-por-estudiantes-de-cetys\/#primaryimage","url":"https:\/\/www.cetys.mx\/noticias\/wp-content\/uploads\/2021\/05\/Foto-1.jpg","contentUrl":"https:\/\/www.cetys.mx\/noticias\/wp-content\/uploads\/2021\/05\/Foto-1.jpg","width":958,"height":637,"caption":"Congreso Enfoque 2021."},{"@type":"BreadcrumbList","@id":"https:\/\/www.cetys.mx\/noticias\/comunidad-creativa-participa-en-el-congreso-internacional-de-diseno-enfoque-2021-organizado-por-estudiantes-de-cetys\/#breadcrumb","itemListElement":[{"@type":"ListItem","position":1,"name":"Inicio","item":"https:\/\/www.cetys.mx\/noticias\/"},{"@type":"ListItem","position":2,"name":"Comunidad creativa participa en el Congreso Internacional de Dise\u00f1o Enfoque 2021, organizado por estudiantes de CETYS"}]},{"@type":"WebSite","@id":"https:\/\/www.cetys.mx\/noticias\/#website","url":"https:\/\/www.cetys.mx\/noticias\/","name":"CETYS","description":"","potentialAction":[{"@type":"SearchAction","target":{"@type":"EntryPoint","urlTemplate":"https:\/\/www.cetys.mx\/noticias\/?s={search_term_string}"},"query-input":{"@type":"PropertyValueSpecification","valueRequired":true,"valueName":"search_term_string"}}],"inLanguage":"es"},{"@type":"Person","@id":"https:\/\/www.cetys.mx\/noticias\/#\/schema\/person\/1a1a88c0b6586e66a2e9e88e07afc712","name":"Campus Ensenada","url":"https:\/\/www.cetys.mx\/noticias\/author\/campusensenada\/"}]}},"_links":{"self":[{"href":"https:\/\/www.cetys.mx\/noticias\/wp-json\/wp\/v2\/posts\/155233","targetHints":{"allow":["GET"]}}],"collection":[{"href":"https:\/\/www.cetys.mx\/noticias\/wp-json\/wp\/v2\/posts"}],"about":[{"href":"https:\/\/www.cetys.mx\/noticias\/wp-json\/wp\/v2\/types\/post"}],"author":[{"embeddable":true,"href":"https:\/\/www.cetys.mx\/noticias\/wp-json\/wp\/v2\/users\/23"}],"replies":[{"embeddable":true,"href":"https:\/\/www.cetys.mx\/noticias\/wp-json\/wp\/v2\/comments?post=155233"}],"version-history":[{"count":1,"href":"https:\/\/www.cetys.mx\/noticias\/wp-json\/wp\/v2\/posts\/155233\/revisions"}],"predecessor-version":[{"id":155237,"href":"https:\/\/www.cetys.mx\/noticias\/wp-json\/wp\/v2\/posts\/155233\/revisions\/155237"}],"wp:featuredmedia":[{"embeddable":true,"href":"https:\/\/www.cetys.mx\/noticias\/wp-json\/wp\/v2\/media\/155234"}],"wp:attachment":[{"href":"https:\/\/www.cetys.mx\/noticias\/wp-json\/wp\/v2\/media?parent=155233"}],"wp:term":[{"taxonomy":"category","embeddable":true,"href":"https:\/\/www.cetys.mx\/noticias\/wp-json\/wp\/v2\/categories?post=155233"},{"taxonomy":"post_tag","embeddable":true,"href":"https:\/\/www.cetys.mx\/noticias\/wp-json\/wp\/v2\/tags?post=155233"}],"curies":[{"name":"wp","href":"https:\/\/api.w.org\/{rel}","templated":true}]}}