{"id":154964,"date":"2021-05-03T12:34:33","date_gmt":"2021-05-03T19:34:33","guid":{"rendered":"https:\/\/www.cetys.mx\/noticias\/?p=154964"},"modified":"2021-05-04T15:27:02","modified_gmt":"2021-05-04T22:27:02","slug":"el-autocuidado-en-el-regreso-a-la-presencialidad","status":"publish","type":"post","link":"https:\/\/www.cetys.mx\/noticias\/el-autocuidado-en-el-regreso-a-la-presencialidad\/","title":{"rendered":"El autocuidado en el regreso a la presencialidad"},"content":{"rendered":"<p style=\"text-align: center;\"><b><i>Aunque el regreso a la presencialidad es esperanzador, este retorno tambi\u00e9n genera temores y puede propiciar algunos trastornos. La mejor herramienta para enfrentar los retos de esta transici\u00f3n es el autocuidado, explica Experto CETYS<\/i><\/b><\/p>\n<p>&nbsp;<\/p>\n<p><span style=\"font-weight: 400;\">Tras un 2020 caracterizado por las complicaciones y p\u00e9rdidas ocasionadas por la pandemia de COVID-19, y un confinamiento masivo que oblig\u00f3 al mundo entero a replantearse la forma de convivir, de estudiar y de trabajar, durante los primeros meses del 2021 la vacunaci\u00f3n est\u00e1 representando la esperanza de retomar la vida habitual, lo m\u00e1s parecido posible a como era antes del nuevo coronavirus.\u00a0<\/span><\/p>\n<p>&nbsp;<\/p>\n<p><span style=\"font-weight: 400;\">Es un hecho que el regreso a la presencialidad representa un alivio, al permitir retomar las actividades econ\u00f3micas necesarias para la subsistencia familiar o individual. Sin embargo, este retorno tambi\u00e9n genera temores y puede propiciar la manifestaci\u00f3n de algunos trastornos, indic\u00f3 el Dr. Josman Espinosa G\u00f3mez, docente investigador de la Escuela de Psicolog\u00eda de CETYS Universidad Campus Mexicali.\u00a0<\/span><\/p>\n<p>&nbsp;<\/p>\n<p><span style=\"font-weight: 400;\">Frente a esto, \u201chay que asumir que el \u00fanico espacio que podemos controlar es en nosotros mismos, por eso, el autocuidado es la mejor herramienta para enfrentar este proceso de transici\u00f3n a la presencialidad\u201d.\u00a0<\/span><\/p>\n<p>&nbsp;<\/p>\n<blockquote><p><span style=\"font-weight: 400;\">A\u00f1adi\u00f3 que cuando una persona es dominada por el miedo y la preocupaci\u00f3n, pone en riesgo su sistema de regulaci\u00f3n de energ\u00eda, lo cual se identifica con descuidos como olvidarse de comer, de beber y de descansar. \u201cEl gran riesgo psicol\u00f3gico que se corre en esta situaci\u00f3n es el agotamiento psicof\u00edsico, el estr\u00e9s cr\u00f3nico, agotamiento psicof\u00edsico y luego la cristalizaci\u00f3n en un amplio abanico patol\u00f3gico\u201d.\u00a0<\/span><\/p><\/blockquote>\n<p>&nbsp;<\/p>\n<p><span style=\"font-weight: 400;\">Para evitarlo, el especialista emiti\u00f3 algunas recomendaciones que fomentan el autocuidado y ayudan a conservar una buena salud f\u00edsica y mental, de cara al regreso a las actividades presenciales.\u00a0<\/span><\/p>\n<p>&nbsp;<\/p>\n<ul>\n<li style=\"font-weight: 400;\" aria-level=\"1\"><span style=\"font-weight: 400;\">Busca la aceptaci\u00f3n: Aceptar cuanto antes lo que est\u00e1 ocurriendo ayuda a resentir menos los cambios. La aceptaci\u00f3n disminuye la rabia y el resentimiento psicol\u00f3gico; en cambio, no aceptar desgasta, cansa y te hace menos eficiente.\u00a0<\/span><\/li>\n<li style=\"font-weight: 400;\" aria-level=\"1\"><span style=\"font-weight: 400;\">Ten expectativas realistas: Exigirte expectativas muy altas te puede llevar a la frustraci\u00f3n, y de ah\u00ed a la ansiedad. Proponte metas realistas y sencillas de lograr, y aumenta su dificultad gradualmente.<\/span><\/li>\n<li style=\"font-weight: 400;\" aria-level=\"1\"><span style=\"font-weight: 400;\">Fomenta el apoyo mutuo: Recuerda y recu\u00e9rdale a los dem\u00e1s esto: no est\u00e1s solo. Da apoyo, busca momentos para hablar, para escuchar, para llorar, para gritar, incluso, para re\u00edr. En general, el apoyo mutuo es esencial.<\/span><\/li>\n<li style=\"font-weight: 400;\" aria-level=\"1\"><span style=\"font-weight: 400;\">Cuida tu cuerpo: Alim\u00e9ntate y duerme lo suficiente. Dormir ventila el estr\u00e9s, lo procesa, y te ayuda a permanecer en el aqu\u00ed y ahora. Permanecer en el presente ahorra energ\u00eda y minimiza los fallos.<\/span><\/li>\n<li style=\"font-weight: 400;\" aria-level=\"1\"><span style=\"font-weight: 400;\">Gestiona tu tiempo y descarga el estr\u00e9s: Hacer peque\u00f1as paradas de unos minutos por cada hora de trabajo es un reseteo \u00fatil para recargarse y seguir. Date tiempo para desconectar haciendo alguna actividad f\u00edsica o l\u00fadica, o simplemente para hablar con tus seres queridos.<\/span><\/li>\n<li style=\"font-weight: 400;\" aria-level=\"1\"><span style=\"font-weight: 400;\">Aprende: Recuerda que las crisis son tambi\u00e9n una oportunidad para el aprendizaje; no desde el miedo, s\u00ed desde la curiosidad. La curiosidad de ver c\u00f3mo cada d\u00eda se presentan nuevos retos, nuevos obst\u00e1culos a superar; de todo se puede aprender.<\/span><\/li>\n<\/ul>\n<p>&nbsp;<\/p>\n<blockquote><p><span style=\"font-weight: 400;\">\u201cNo perdamos la oportunidad de aprender para crecer como personas y que est\u00e1 situaci\u00f3n que hemos vivido, le recordemos como un parteaguas de una mejor versi\u00f3n de cada uno de nosotros para el resto de nuestras vidas\u201d, concluy\u00f3 el docente.<\/span><\/p><\/blockquote>\n","protected":false},"excerpt":{"rendered":"<p>Aunque el regreso a la presencialidad es esperanzador, este retorno tambi\u00e9n genera temores y puede propiciar algunos trastornos. La mejor herramienta para&#8230;<\/p>\n","protected":false},"author":20,"featured_media":154965,"comment_status":"open","ping_status":"closed","sticky":false,"template":"","format":"standard","meta":{"footnotes":""},"categories":[133,4579,313],"tags":[5184,168,4308,4580,4487,5185,5186],"class_list":["post-154964","post","type-post","status-publish","format-standard","has-post-thumbnail","hentry","category-campus-mexicali","category-expertos-cetys","category-vocetys-2","tag-autocuidado","tag-cetys-universidad","tag-covid-19","tag-expertos-cetys","tag-nueva-normalidad","tag-presencialidad","tag-vocetys-top-2021-05-04"],"yoast_head":"<!-- This site is optimized with the Yoast SEO plugin v27.4 - https:\/\/yoast.com\/product\/yoast-seo-wordpress\/ -->\n<title>El autocuidado en el regreso a la presencialidad - CETYS<\/title>\n<meta name=\"description\" content=\"Aunque el regreso a la presencialidad es esperanzador, este retorno tambi\u00e9n genera temores y puede propiciar algunos trastornos. La mejor herramienta para enfrentar los retos de esta transici\u00f3n es el autocuidado, explica Experto CETYS\" \/>\n<meta name=\"robots\" content=\"index, follow, max-snippet:-1, max-image-preview:large, max-video-preview:-1\" \/>\n<link rel=\"canonical\" href=\"https:\/\/www.cetys.mx\/noticias\/el-autocuidado-en-el-regreso-a-la-presencialidad\/\" \/>\n<meta property=\"og:locale\" content=\"es_MX\" \/>\n<meta property=\"og:type\" content=\"article\" \/>\n<meta property=\"og:title\" content=\"El autocuidado en el regreso a la presencialidad - CETYS\" \/>\n<meta property=\"og:description\" content=\"Aunque el regreso a la presencialidad es esperanzador, este retorno tambi\u00e9n genera temores y puede propiciar algunos trastornos. La mejor herramienta para enfrentar los retos de esta transici\u00f3n es el autocuidado, explica Experto CETYS\" \/>\n<meta property=\"og:url\" content=\"https:\/\/www.cetys.mx\/noticias\/el-autocuidado-en-el-regreso-a-la-presencialidad\/\" \/>\n<meta property=\"og:site_name\" content=\"CETYS\" \/>\n<meta property=\"article:publisher\" content=\"https:\/\/www.facebook.com\/cetysuniversidadmxl\/\" \/>\n<meta property=\"article:published_time\" content=\"2021-05-03T19:34:33+00:00\" \/>\n<meta property=\"article:modified_time\" content=\"2021-05-04T22:27:02+00:00\" \/>\n<meta property=\"og:image\" content=\"https:\/\/www.cetys.mx\/noticias\/wp-content\/uploads\/2021\/05\/Autocuidado.jpg\" \/>\n\t<meta property=\"og:image:width\" content=\"958\" \/>\n\t<meta property=\"og:image:height\" content=\"637\" \/>\n\t<meta property=\"og:image:type\" content=\"image\/jpeg\" \/>\n<meta name=\"author\" content=\"Campus Mexicali\" \/>\n<meta name=\"twitter:card\" content=\"summary_large_image\" \/>\n<meta name=\"twitter:creator\" content=\"@cetysuni\" \/>\n<meta name=\"twitter:site\" content=\"@cetysuni\" \/>\n<meta name=\"twitter:label1\" content=\"Escrito por\" \/>\n\t<meta name=\"twitter:data1\" content=\"Campus Mexicali\" \/>\n\t<meta name=\"twitter:label2\" content=\"Tiempo de lectura\" \/>\n\t<meta name=\"twitter:data2\" content=\"3 minutos\" \/>\n<script type=\"application\/ld+json\" class=\"yoast-schema-graph\">{\"@context\":\"https:\\\/\\\/schema.org\",\"@graph\":[{\"@type\":\"Article\",\"@id\":\"https:\\\/\\\/www.cetys.mx\\\/noticias\\\/el-autocuidado-en-el-regreso-a-la-presencialidad\\\/#article\",\"isPartOf\":{\"@id\":\"https:\\\/\\\/www.cetys.mx\\\/noticias\\\/el-autocuidado-en-el-regreso-a-la-presencialidad\\\/\"},\"author\":{\"name\":\"Campus Mexicali\",\"@id\":\"https:\\\/\\\/www.cetys.mx\\\/noticias\\\/#\\\/schema\\\/person\\\/79a95c4ac185f3705cf1b9c9340a5f70\"},\"headline\":\"El autocuidado en el regreso a la presencialidad\",\"datePublished\":\"2021-05-03T19:34:33+00:00\",\"dateModified\":\"2021-05-04T22:27:02+00:00\",\"mainEntityOfPage\":{\"@id\":\"https:\\\/\\\/www.cetys.mx\\\/noticias\\\/el-autocuidado-en-el-regreso-a-la-presencialidad\\\/\"},\"wordCount\":602,\"commentCount\":0,\"image\":{\"@id\":\"https:\\\/\\\/www.cetys.mx\\\/noticias\\\/el-autocuidado-en-el-regreso-a-la-presencialidad\\\/#primaryimage\"},\"thumbnailUrl\":\"https:\\\/\\\/www.cetys.mx\\\/noticias\\\/wp-content\\\/uploads\\\/2021\\\/05\\\/Autocuidado.jpg\",\"keywords\":[\"Autocuidado\",\"CETYS Universidad\",\"COVID-19\",\"Expertos CETYS\",\"nueva normalidad\",\"Presencialidad\",\"vocetys-top-2021-05-04\"],\"articleSection\":[\"Campus Mexicali\",\"Expertos CETYS\",\"VoCETYS\"],\"inLanguage\":\"es\",\"potentialAction\":[{\"@type\":\"CommentAction\",\"name\":\"Comment\",\"target\":[\"https:\\\/\\\/www.cetys.mx\\\/noticias\\\/el-autocuidado-en-el-regreso-a-la-presencialidad\\\/#respond\"]}]},{\"@type\":\"WebPage\",\"@id\":\"https:\\\/\\\/www.cetys.mx\\\/noticias\\\/el-autocuidado-en-el-regreso-a-la-presencialidad\\\/\",\"url\":\"https:\\\/\\\/www.cetys.mx\\\/noticias\\\/el-autocuidado-en-el-regreso-a-la-presencialidad\\\/\",\"name\":\"El autocuidado en el regreso a la presencialidad - CETYS\",\"isPartOf\":{\"@id\":\"https:\\\/\\\/www.cetys.mx\\\/noticias\\\/#website\"},\"primaryImageOfPage\":{\"@id\":\"https:\\\/\\\/www.cetys.mx\\\/noticias\\\/el-autocuidado-en-el-regreso-a-la-presencialidad\\\/#primaryimage\"},\"image\":{\"@id\":\"https:\\\/\\\/www.cetys.mx\\\/noticias\\\/el-autocuidado-en-el-regreso-a-la-presencialidad\\\/#primaryimage\"},\"thumbnailUrl\":\"https:\\\/\\\/www.cetys.mx\\\/noticias\\\/wp-content\\\/uploads\\\/2021\\\/05\\\/Autocuidado.jpg\",\"datePublished\":\"2021-05-03T19:34:33+00:00\",\"dateModified\":\"2021-05-04T22:27:02+00:00\",\"author\":{\"@id\":\"https:\\\/\\\/www.cetys.mx\\\/noticias\\\/#\\\/schema\\\/person\\\/79a95c4ac185f3705cf1b9c9340a5f70\"},\"description\":\"Aunque el regreso a la presencialidad es esperanzador, este retorno tambi\u00e9n genera temores y puede propiciar algunos trastornos. La mejor herramienta para enfrentar los retos de esta transici\u00f3n es el autocuidado, explica Experto CETYS\",\"breadcrumb\":{\"@id\":\"https:\\\/\\\/www.cetys.mx\\\/noticias\\\/el-autocuidado-en-el-regreso-a-la-presencialidad\\\/#breadcrumb\"},\"inLanguage\":\"es\",\"potentialAction\":[{\"@type\":\"ReadAction\",\"target\":[\"https:\\\/\\\/www.cetys.mx\\\/noticias\\\/el-autocuidado-en-el-regreso-a-la-presencialidad\\\/\"]}]},{\"@type\":\"ImageObject\",\"inLanguage\":\"es\",\"@id\":\"https:\\\/\\\/www.cetys.mx\\\/noticias\\\/el-autocuidado-en-el-regreso-a-la-presencialidad\\\/#primaryimage\",\"url\":\"https:\\\/\\\/www.cetys.mx\\\/noticias\\\/wp-content\\\/uploads\\\/2021\\\/05\\\/Autocuidado.jpg\",\"contentUrl\":\"https:\\\/\\\/www.cetys.mx\\\/noticias\\\/wp-content\\\/uploads\\\/2021\\\/05\\\/Autocuidado.jpg\",\"width\":958,\"height\":637},{\"@type\":\"BreadcrumbList\",\"@id\":\"https:\\\/\\\/www.cetys.mx\\\/noticias\\\/el-autocuidado-en-el-regreso-a-la-presencialidad\\\/#breadcrumb\",\"itemListElement\":[{\"@type\":\"ListItem\",\"position\":1,\"name\":\"Inicio\",\"item\":\"https:\\\/\\\/www.cetys.mx\\\/noticias\\\/\"},{\"@type\":\"ListItem\",\"position\":2,\"name\":\"El autocuidado en el regreso a la presencialidad\"}]},{\"@type\":\"WebSite\",\"@id\":\"https:\\\/\\\/www.cetys.mx\\\/noticias\\\/#website\",\"url\":\"https:\\\/\\\/www.cetys.mx\\\/noticias\\\/\",\"name\":\"CETYS\",\"description\":\"\",\"potentialAction\":[{\"@type\":\"SearchAction\",\"target\":{\"@type\":\"EntryPoint\",\"urlTemplate\":\"https:\\\/\\\/www.cetys.mx\\\/noticias\\\/?s={search_term_string}\"},\"query-input\":{\"@type\":\"PropertyValueSpecification\",\"valueRequired\":true,\"valueName\":\"search_term_string\"}}],\"inLanguage\":\"es\"},{\"@type\":\"Person\",\"@id\":\"https:\\\/\\\/www.cetys.mx\\\/noticias\\\/#\\\/schema\\\/person\\\/79a95c4ac185f3705cf1b9c9340a5f70\",\"name\":\"Campus Mexicali\",\"url\":\"https:\\\/\\\/www.cetys.mx\\\/noticias\\\/author\\\/campusmexicali\\\/\"}]}<\/script>\n<!-- \/ Yoast SEO plugin. -->","yoast_head_json":{"title":"El autocuidado en el regreso a la presencialidad - CETYS","description":"Aunque el regreso a la presencialidad es esperanzador, este retorno tambi\u00e9n genera temores y puede propiciar algunos trastornos. La mejor herramienta para enfrentar los retos de esta transici\u00f3n es el autocuidado, explica Experto CETYS","robots":{"index":"index","follow":"follow","max-snippet":"max-snippet:-1","max-image-preview":"max-image-preview:large","max-video-preview":"max-video-preview:-1"},"canonical":"https:\/\/www.cetys.mx\/noticias\/el-autocuidado-en-el-regreso-a-la-presencialidad\/","og_locale":"es_MX","og_type":"article","og_title":"El autocuidado en el regreso a la presencialidad - CETYS","og_description":"Aunque el regreso a la presencialidad es esperanzador, este retorno tambi\u00e9n genera temores y puede propiciar algunos trastornos. La mejor herramienta para enfrentar los retos de esta transici\u00f3n es el autocuidado, explica Experto CETYS","og_url":"https:\/\/www.cetys.mx\/noticias\/el-autocuidado-en-el-regreso-a-la-presencialidad\/","og_site_name":"CETYS","article_publisher":"https:\/\/www.facebook.com\/cetysuniversidadmxl\/","article_published_time":"2021-05-03T19:34:33+00:00","article_modified_time":"2021-05-04T22:27:02+00:00","og_image":[{"width":958,"height":637,"url":"https:\/\/www.cetys.mx\/noticias\/wp-content\/uploads\/2021\/05\/Autocuidado.jpg","type":"image\/jpeg"}],"author":"Campus Mexicali","twitter_card":"summary_large_image","twitter_creator":"@cetysuni","twitter_site":"@cetysuni","twitter_misc":{"Escrito por":"Campus Mexicali","Tiempo de lectura":"3 minutos"},"schema":{"@context":"https:\/\/schema.org","@graph":[{"@type":"Article","@id":"https:\/\/www.cetys.mx\/noticias\/el-autocuidado-en-el-regreso-a-la-presencialidad\/#article","isPartOf":{"@id":"https:\/\/www.cetys.mx\/noticias\/el-autocuidado-en-el-regreso-a-la-presencialidad\/"},"author":{"name":"Campus Mexicali","@id":"https:\/\/www.cetys.mx\/noticias\/#\/schema\/person\/79a95c4ac185f3705cf1b9c9340a5f70"},"headline":"El autocuidado en el regreso a la presencialidad","datePublished":"2021-05-03T19:34:33+00:00","dateModified":"2021-05-04T22:27:02+00:00","mainEntityOfPage":{"@id":"https:\/\/www.cetys.mx\/noticias\/el-autocuidado-en-el-regreso-a-la-presencialidad\/"},"wordCount":602,"commentCount":0,"image":{"@id":"https:\/\/www.cetys.mx\/noticias\/el-autocuidado-en-el-regreso-a-la-presencialidad\/#primaryimage"},"thumbnailUrl":"https:\/\/www.cetys.mx\/noticias\/wp-content\/uploads\/2021\/05\/Autocuidado.jpg","keywords":["Autocuidado","CETYS Universidad","COVID-19","Expertos CETYS","nueva normalidad","Presencialidad","vocetys-top-2021-05-04"],"articleSection":["Campus Mexicali","Expertos CETYS","VoCETYS"],"inLanguage":"es","potentialAction":[{"@type":"CommentAction","name":"Comment","target":["https:\/\/www.cetys.mx\/noticias\/el-autocuidado-en-el-regreso-a-la-presencialidad\/#respond"]}]},{"@type":"WebPage","@id":"https:\/\/www.cetys.mx\/noticias\/el-autocuidado-en-el-regreso-a-la-presencialidad\/","url":"https:\/\/www.cetys.mx\/noticias\/el-autocuidado-en-el-regreso-a-la-presencialidad\/","name":"El autocuidado en el regreso a la presencialidad - CETYS","isPartOf":{"@id":"https:\/\/www.cetys.mx\/noticias\/#website"},"primaryImageOfPage":{"@id":"https:\/\/www.cetys.mx\/noticias\/el-autocuidado-en-el-regreso-a-la-presencialidad\/#primaryimage"},"image":{"@id":"https:\/\/www.cetys.mx\/noticias\/el-autocuidado-en-el-regreso-a-la-presencialidad\/#primaryimage"},"thumbnailUrl":"https:\/\/www.cetys.mx\/noticias\/wp-content\/uploads\/2021\/05\/Autocuidado.jpg","datePublished":"2021-05-03T19:34:33+00:00","dateModified":"2021-05-04T22:27:02+00:00","author":{"@id":"https:\/\/www.cetys.mx\/noticias\/#\/schema\/person\/79a95c4ac185f3705cf1b9c9340a5f70"},"description":"Aunque el regreso a la presencialidad es esperanzador, este retorno tambi\u00e9n genera temores y puede propiciar algunos trastornos. La mejor herramienta para enfrentar los retos de esta transici\u00f3n es el autocuidado, explica Experto CETYS","breadcrumb":{"@id":"https:\/\/www.cetys.mx\/noticias\/el-autocuidado-en-el-regreso-a-la-presencialidad\/#breadcrumb"},"inLanguage":"es","potentialAction":[{"@type":"ReadAction","target":["https:\/\/www.cetys.mx\/noticias\/el-autocuidado-en-el-regreso-a-la-presencialidad\/"]}]},{"@type":"ImageObject","inLanguage":"es","@id":"https:\/\/www.cetys.mx\/noticias\/el-autocuidado-en-el-regreso-a-la-presencialidad\/#primaryimage","url":"https:\/\/www.cetys.mx\/noticias\/wp-content\/uploads\/2021\/05\/Autocuidado.jpg","contentUrl":"https:\/\/www.cetys.mx\/noticias\/wp-content\/uploads\/2021\/05\/Autocuidado.jpg","width":958,"height":637},{"@type":"BreadcrumbList","@id":"https:\/\/www.cetys.mx\/noticias\/el-autocuidado-en-el-regreso-a-la-presencialidad\/#breadcrumb","itemListElement":[{"@type":"ListItem","position":1,"name":"Inicio","item":"https:\/\/www.cetys.mx\/noticias\/"},{"@type":"ListItem","position":2,"name":"El autocuidado en el regreso a la presencialidad"}]},{"@type":"WebSite","@id":"https:\/\/www.cetys.mx\/noticias\/#website","url":"https:\/\/www.cetys.mx\/noticias\/","name":"CETYS","description":"","potentialAction":[{"@type":"SearchAction","target":{"@type":"EntryPoint","urlTemplate":"https:\/\/www.cetys.mx\/noticias\/?s={search_term_string}"},"query-input":{"@type":"PropertyValueSpecification","valueRequired":true,"valueName":"search_term_string"}}],"inLanguage":"es"},{"@type":"Person","@id":"https:\/\/www.cetys.mx\/noticias\/#\/schema\/person\/79a95c4ac185f3705cf1b9c9340a5f70","name":"Campus Mexicali","url":"https:\/\/www.cetys.mx\/noticias\/author\/campusmexicali\/"}]}},"_links":{"self":[{"href":"https:\/\/www.cetys.mx\/noticias\/wp-json\/wp\/v2\/posts\/154964","targetHints":{"allow":["GET"]}}],"collection":[{"href":"https:\/\/www.cetys.mx\/noticias\/wp-json\/wp\/v2\/posts"}],"about":[{"href":"https:\/\/www.cetys.mx\/noticias\/wp-json\/wp\/v2\/types\/post"}],"author":[{"embeddable":true,"href":"https:\/\/www.cetys.mx\/noticias\/wp-json\/wp\/v2\/users\/20"}],"replies":[{"embeddable":true,"href":"https:\/\/www.cetys.mx\/noticias\/wp-json\/wp\/v2\/comments?post=154964"}],"version-history":[{"count":1,"href":"https:\/\/www.cetys.mx\/noticias\/wp-json\/wp\/v2\/posts\/154964\/revisions"}],"predecessor-version":[{"id":154966,"href":"https:\/\/www.cetys.mx\/noticias\/wp-json\/wp\/v2\/posts\/154964\/revisions\/154966"}],"wp:featuredmedia":[{"embeddable":true,"href":"https:\/\/www.cetys.mx\/noticias\/wp-json\/wp\/v2\/media\/154965"}],"wp:attachment":[{"href":"https:\/\/www.cetys.mx\/noticias\/wp-json\/wp\/v2\/media?parent=154964"}],"wp:term":[{"taxonomy":"category","embeddable":true,"href":"https:\/\/www.cetys.mx\/noticias\/wp-json\/wp\/v2\/categories?post=154964"},{"taxonomy":"post_tag","embeddable":true,"href":"https:\/\/www.cetys.mx\/noticias\/wp-json\/wp\/v2\/tags?post=154964"}],"curies":[{"name":"wp","href":"https:\/\/api.w.org\/{rel}","templated":true}]}}