{"id":154838,"date":"2021-04-27T11:24:30","date_gmt":"2021-04-27T18:24:30","guid":{"rendered":"https:\/\/www.cetys.mx\/noticias\/?p=154838"},"modified":"2021-04-27T11:27:10","modified_gmt":"2021-04-27T18:27:10","slug":"la-basura-electronica-afecta-a-la-tierra-y-la-salud-de-los-seres-vivos","status":"publish","type":"post","link":"https:\/\/www.cetys.mx\/noticias\/la-basura-electronica-afecta-a-la-tierra-y-la-salud-de-los-seres-vivos\/","title":{"rendered":"La basura electr\u00f3nica afecta a la tierra y la salud de los seres vivos"},"content":{"rendered":"<div align=\"center\"><\/div>\n<p align=\"justify\">El consumo de aparatos\u00a0<span class=\"il\">electr\u00f3nicos<\/span>\u00a0tiende a ser mayor conforme incorporamos m\u00e1s su uso en las actividades cotidianas, pero al mismo tiempo esto genera mayor\u00a0<span class=\"il\">basura<\/span>\u00a0<span class=\"il\">electr\u00f3nica<\/span>\u00a0y esta podr\u00eda causar un mayor da\u00f1o a la tierra y con ello la salud de los seres vivos.<\/p>\n<p align=\"justify\">En el marco de la conmemoraci\u00f3n del D\u00eda de la Tierra, la <strong>Dra. Marisela Mart\u00ednez Quiroz<\/strong>, Docente de la\u00a0<a href=\"http:\/\/r20.rs6.net\/tn.jsp?f=0017xfPEyRVcozj58szR0W2VZbmK8Nhj7v9EG9OsAyTw-DeJR0BIejwbgQ6MoUeOyeXNpm9vfGubHs1_FLql_5_JXxcLzcBe_hnZy_ugBd0CB85WHNBImEPJjusKO1PatVprf3GNP2Zl2vbevPGC3hUP0EJeyM67Js-3TdPLK8xSSNLM_4HtrfBdNesFCQ8Q6dNWHjQCHfNJEW2WihayqQetfMohb1edOoNVlJY1mjk8Vk=&amp;c=0DWho2ZULF9GUw2ZERtnlemqMvAhkCjHDL7SXJjtUy3HWyUCxMOKzQ==&amp;ch=XxOgFHsSMViIyogMszztdHiZgsuxbTY1ljyhSEU1-KKUxmM7Ee1K7A==\" target=\"_blank\" rel=\"noopener\" data-saferedirecturl=\"https:\/\/www.google.com\/url?q=http:\/\/r20.rs6.net\/tn.jsp?f%3D0017xfPEyRVcozj58szR0W2VZbmK8Nhj7v9EG9OsAyTw-DeJR0BIejwbgQ6MoUeOyeXNpm9vfGubHs1_FLql_5_JXxcLzcBe_hnZy_ugBd0CB85WHNBImEPJjusKO1PatVprf3GNP2Zl2vbevPGC3hUP0EJeyM67Js-3TdPLK8xSSNLM_4HtrfBdNesFCQ8Q6dNWHjQCHfNJEW2WihayqQetfMohb1edOoNVlJY1mjk8Vk%3D%26c%3D0DWho2ZULF9GUw2ZERtnlemqMvAhkCjHDL7SXJjtUy3HWyUCxMOKzQ%3D%3D%26ch%3DXxOgFHsSMViIyogMszztdHiZgsuxbTY1ljyhSEU1-KKUxmM7Ee1K7A%3D%3D&amp;source=gmail&amp;ust=1619625310730000&amp;usg=AFQjCNEzLmTc5VpzUgZXZPzzDBy0GDpQig\">Ingenier\u00eda en Energ\u00edas Renovables<\/a>\u00a0de\u00a0<strong><a href=\"http:\/\/r20.rs6.net\/tn.jsp?f=0017xfPEyRVcozj58szR0W2VZbmK8Nhj7v9EG9OsAyTw-DeJR0BIejwbuxMvqTM_P_0DdZRaDZ-hJu-B7odpT2JTMULKkYIavIMRuiXMOTNTgqWfpooqfSUyCf-M2IySw7iOpvEnO9HT9Y=&amp;c=0DWho2ZULF9GUw2ZERtnlemqMvAhkCjHDL7SXJjtUy3HWyUCxMOKzQ==&amp;ch=XxOgFHsSMViIyogMszztdHiZgsuxbTY1ljyhSEU1-KKUxmM7Ee1K7A==\" target=\"_blank\" rel=\"noopener\" data-saferedirecturl=\"https:\/\/www.google.com\/url?q=http:\/\/r20.rs6.net\/tn.jsp?f%3D0017xfPEyRVcozj58szR0W2VZbmK8Nhj7v9EG9OsAyTw-DeJR0BIejwbuxMvqTM_P_0DdZRaDZ-hJu-B7odpT2JTMULKkYIavIMRuiXMOTNTgqWfpooqfSUyCf-M2IySw7iOpvEnO9HT9Y%3D%26c%3D0DWho2ZULF9GUw2ZERtnlemqMvAhkCjHDL7SXJjtUy3HWyUCxMOKzQ%3D%3D%26ch%3DXxOgFHsSMViIyogMszztdHiZgsuxbTY1ljyhSEU1-KKUxmM7Ee1K7A%3D%3D&amp;source=gmail&amp;ust=1619625310730000&amp;usg=AFQjCNFu2terk0BLx_xLtdeJY2bnAgSvHA\">CETYS Tijuana<\/a><\/strong>, record\u00f3 que la contaminaci\u00f3n de los metales de esta\u00a0<span class=\"il\">basura<\/span>\u00a0genera enfermedades respiratorias, da\u00f1os en la piel que pueden ser cancer\u00edgenos.<\/p>\n<blockquote>\n<p align=\"justify\">\u201cEs necesario ser consciente de c\u00f3mo usamos estos aparatos, es decir, usarlos hasta que dejen de funcionar o ya no tenga compostura, es decir no consumir por moda o por para tener lo \u00faltimo en tecnolog\u00eda. Es importante disponer la\u00a0<span class=\"il\">basura<\/span>\u00a0adecuadamente cuando ya no tenga arreglo, disponerla a un centro de acopio o lugar donde se pueda reciclar los materiales y as\u00ed no da\u00f1ar la tierra\u201d, mencion\u00f3.<\/p>\n<\/blockquote>\n<p align=\"justify\">Los aparatos que m\u00e1s da\u00f1o ocasionan son electrodom\u00e9sticos como congeladores, refrigeradores; tambi\u00e9n equipo de c\u00f3mputo, de inform\u00e1tica, de comunicaci\u00f3n, los televisores, monitores o pantallas.<\/p>\n<p align=\"justify\"><img loading=\"lazy\" decoding=\"async\" class=\" wp-image-140384 aligncenter\" src=\"https:\/\/www.cetys.mx\/noticias\/wp-content\/uploads\/2020\/02\/marisela-martinez-e1581624346266.jpg\" alt=\"\" width=\"743\" height=\"494\" \/><\/p>\n<blockquote>\n<p dir=\"ltr\" align=\"justify\">\u201cEs com\u00fan que cada 3 o 4 meses veamos nuevas versiones de tel\u00e9fonos, de pantallas y eso no quiere decir que necesitas el aparato en ese momento, o peor, que debas desechar el que uno ya tiene\u201d, agreg\u00f3.<\/p>\n<\/blockquote>\n<p dir=\"ltr\" align=\"justify\">La <strong>Docente de CETYS Universidad<\/strong> indic\u00f3 que, m\u00e1s que regular el uso de estos aparatos para evitar da\u00f1o a la tierra, se debe promover comprar estos aparatos siendo conscientes y no caer en el consumismo.<\/p>\n<p dir=\"ltr\" align=\"justify\">Cabe resaltar de ejemplo, los componentes y las bater\u00edas de un celular contienen ars\u00e9nico y cadmio, elementos relacionadas a enfermedades respiratorias y cut\u00e1neas, afectan la forestaci\u00f3n y pueden filtrarse en las redes de agua de arroyos, r\u00edos y hasta los mares.<\/p>\n","protected":false},"excerpt":{"rendered":"<p>El consumo de aparatos\u00a0electr\u00f3nicos\u00a0tiende a ser mayor conforme incorporamos m\u00e1s su uso en las actividades cotidianas, pero al mismo tiempo esto genera&#8230;<\/p>\n","protected":false},"author":24,"featured_media":154839,"comment_status":"open","ping_status":"closed","sticky":false,"template":"","format":"standard","meta":{"footnotes":""},"categories":[134,313],"tags":[4319,1684,168,338],"class_list":["post-154838","post","type-post","status-publish","format-standard","has-post-thumbnail","hentry","category-campus-tijuana","category-vocetys-2","tag-expertocetys","tag-cetys-tijuana","tag-cetys-universidad","tag-ingenieria"],"yoast_head":"<!-- This site is optimized with the Yoast SEO plugin v27.4 - https:\/\/yoast.com\/product\/yoast-seo-wordpress\/ -->\n<title>La basura electr\u00f3nica afecta a la tierra y la salud de los seres vivos<\/title>\n<meta name=\"description\" content=\"Experta de CETYS Universidad en Tijuana reitera la importancia de destinar la\u00a0basura\u00a0electr\u00f3nica\u00a0a centros de acopio y recicladoras.\" \/>\n<meta name=\"robots\" content=\"index, follow, max-snippet:-1, max-image-preview:large, max-video-preview:-1\" \/>\n<link rel=\"canonical\" href=\"https:\/\/www.cetys.mx\/noticias\/la-basura-electronica-afecta-a-la-tierra-y-la-salud-de-los-seres-vivos\/\" \/>\n<meta property=\"og:locale\" content=\"es_MX\" \/>\n<meta property=\"og:type\" content=\"article\" \/>\n<meta property=\"og:title\" content=\"La basura electr\u00f3nica afecta a la tierra y la salud de los seres vivos\" \/>\n<meta property=\"og:description\" content=\"Experta de CETYS Universidad en Tijuana reitera la importancia de destinar la\u00a0basura\u00a0electr\u00f3nica\u00a0a centros de acopio y recicladoras.\" \/>\n<meta property=\"og:url\" content=\"https:\/\/www.cetys.mx\/noticias\/la-basura-electronica-afecta-a-la-tierra-y-la-salud-de-los-seres-vivos\/\" \/>\n<meta property=\"og:site_name\" content=\"CETYS\" \/>\n<meta property=\"article:publisher\" content=\"https:\/\/www.facebook.com\/cetysuniversidadmxl\/\" \/>\n<meta property=\"article:published_time\" content=\"2021-04-27T18:24:30+00:00\" \/>\n<meta property=\"article:modified_time\" content=\"2021-04-27T18:27:10+00:00\" \/>\n<meta property=\"og:image\" content=\"https:\/\/www.cetys.mx\/noticias\/wp-content\/uploads\/2021\/04\/Basura-Electr\u00f3nica-Comunicado.png\" \/>\n\t<meta property=\"og:image:width\" content=\"958\" \/>\n\t<meta property=\"og:image:height\" content=\"637\" \/>\n\t<meta property=\"og:image:type\" content=\"image\/png\" \/>\n<meta name=\"author\" content=\"Campus Tijuana\" \/>\n<meta name=\"twitter:card\" content=\"summary_large_image\" \/>\n<meta name=\"twitter:creator\" content=\"@cetysuni\" \/>\n<meta name=\"twitter:site\" content=\"@cetysuni\" \/>\n<meta name=\"twitter:label1\" content=\"Escrito por\" \/>\n\t<meta name=\"twitter:data1\" content=\"Campus Tijuana\" \/>\n\t<meta name=\"twitter:label2\" content=\"Tiempo de lectura\" \/>\n\t<meta name=\"twitter:data2\" content=\"2 minutos\" \/>\n<script type=\"application\/ld+json\" class=\"yoast-schema-graph\">{\"@context\":\"https:\\\/\\\/schema.org\",\"@graph\":[{\"@type\":\"Article\",\"@id\":\"https:\\\/\\\/www.cetys.mx\\\/noticias\\\/la-basura-electronica-afecta-a-la-tierra-y-la-salud-de-los-seres-vivos\\\/#article\",\"isPartOf\":{\"@id\":\"https:\\\/\\\/www.cetys.mx\\\/noticias\\\/la-basura-electronica-afecta-a-la-tierra-y-la-salud-de-los-seres-vivos\\\/\"},\"author\":{\"name\":\"Campus Tijuana\",\"@id\":\"https:\\\/\\\/www.cetys.mx\\\/noticias\\\/#\\\/schema\\\/person\\\/e790051ce60e18ae47cfa87011c8653f\"},\"headline\":\"La basura electr\u00f3nica afecta a la tierra y la salud de los seres vivos\",\"datePublished\":\"2021-04-27T18:24:30+00:00\",\"dateModified\":\"2021-04-27T18:27:10+00:00\",\"mainEntityOfPage\":{\"@id\":\"https:\\\/\\\/www.cetys.mx\\\/noticias\\\/la-basura-electronica-afecta-a-la-tierra-y-la-salud-de-los-seres-vivos\\\/\"},\"wordCount\":344,\"commentCount\":0,\"image\":{\"@id\":\"https:\\\/\\\/www.cetys.mx\\\/noticias\\\/la-basura-electronica-afecta-a-la-tierra-y-la-salud-de-los-seres-vivos\\\/#primaryimage\"},\"thumbnailUrl\":\"https:\\\/\\\/www.cetys.mx\\\/noticias\\\/wp-content\\\/uploads\\\/2021\\\/04\\\/Basura-Electr\u00f3nica-Comunicado.png\",\"keywords\":[\"#ExpertoCETYS\",\"CETYS Tijuana\",\"CETYS Universidad\",\"Ingenier\u00eda\"],\"articleSection\":[\"Campus Tijuana\",\"VoCETYS\"],\"inLanguage\":\"es\",\"potentialAction\":[{\"@type\":\"CommentAction\",\"name\":\"Comment\",\"target\":[\"https:\\\/\\\/www.cetys.mx\\\/noticias\\\/la-basura-electronica-afecta-a-la-tierra-y-la-salud-de-los-seres-vivos\\\/#respond\"]}]},{\"@type\":\"WebPage\",\"@id\":\"https:\\\/\\\/www.cetys.mx\\\/noticias\\\/la-basura-electronica-afecta-a-la-tierra-y-la-salud-de-los-seres-vivos\\\/\",\"url\":\"https:\\\/\\\/www.cetys.mx\\\/noticias\\\/la-basura-electronica-afecta-a-la-tierra-y-la-salud-de-los-seres-vivos\\\/\",\"name\":\"La basura electr\u00f3nica afecta a la tierra y la salud de los seres vivos\",\"isPartOf\":{\"@id\":\"https:\\\/\\\/www.cetys.mx\\\/noticias\\\/#website\"},\"primaryImageOfPage\":{\"@id\":\"https:\\\/\\\/www.cetys.mx\\\/noticias\\\/la-basura-electronica-afecta-a-la-tierra-y-la-salud-de-los-seres-vivos\\\/#primaryimage\"},\"image\":{\"@id\":\"https:\\\/\\\/www.cetys.mx\\\/noticias\\\/la-basura-electronica-afecta-a-la-tierra-y-la-salud-de-los-seres-vivos\\\/#primaryimage\"},\"thumbnailUrl\":\"https:\\\/\\\/www.cetys.mx\\\/noticias\\\/wp-content\\\/uploads\\\/2021\\\/04\\\/Basura-Electr\u00f3nica-Comunicado.png\",\"datePublished\":\"2021-04-27T18:24:30+00:00\",\"dateModified\":\"2021-04-27T18:27:10+00:00\",\"author\":{\"@id\":\"https:\\\/\\\/www.cetys.mx\\\/noticias\\\/#\\\/schema\\\/person\\\/e790051ce60e18ae47cfa87011c8653f\"},\"description\":\"Experta de CETYS Universidad en Tijuana reitera la importancia de destinar la\u00a0basura\u00a0electr\u00f3nica\u00a0a centros de acopio y recicladoras.\",\"breadcrumb\":{\"@id\":\"https:\\\/\\\/www.cetys.mx\\\/noticias\\\/la-basura-electronica-afecta-a-la-tierra-y-la-salud-de-los-seres-vivos\\\/#breadcrumb\"},\"inLanguage\":\"es\",\"potentialAction\":[{\"@type\":\"ReadAction\",\"target\":[\"https:\\\/\\\/www.cetys.mx\\\/noticias\\\/la-basura-electronica-afecta-a-la-tierra-y-la-salud-de-los-seres-vivos\\\/\"]}]},{\"@type\":\"ImageObject\",\"inLanguage\":\"es\",\"@id\":\"https:\\\/\\\/www.cetys.mx\\\/noticias\\\/la-basura-electronica-afecta-a-la-tierra-y-la-salud-de-los-seres-vivos\\\/#primaryimage\",\"url\":\"https:\\\/\\\/www.cetys.mx\\\/noticias\\\/wp-content\\\/uploads\\\/2021\\\/04\\\/Basura-Electr\u00f3nica-Comunicado.png\",\"contentUrl\":\"https:\\\/\\\/www.cetys.mx\\\/noticias\\\/wp-content\\\/uploads\\\/2021\\\/04\\\/Basura-Electr\u00f3nica-Comunicado.png\",\"width\":958,\"height\":637},{\"@type\":\"BreadcrumbList\",\"@id\":\"https:\\\/\\\/www.cetys.mx\\\/noticias\\\/la-basura-electronica-afecta-a-la-tierra-y-la-salud-de-los-seres-vivos\\\/#breadcrumb\",\"itemListElement\":[{\"@type\":\"ListItem\",\"position\":1,\"name\":\"Inicio\",\"item\":\"https:\\\/\\\/www.cetys.mx\\\/noticias\\\/\"},{\"@type\":\"ListItem\",\"position\":2,\"name\":\"La basura electr\u00f3nica afecta a la tierra y la salud de los seres vivos\"}]},{\"@type\":\"WebSite\",\"@id\":\"https:\\\/\\\/www.cetys.mx\\\/noticias\\\/#website\",\"url\":\"https:\\\/\\\/www.cetys.mx\\\/noticias\\\/\",\"name\":\"CETYS\",\"description\":\"\",\"potentialAction\":[{\"@type\":\"SearchAction\",\"target\":{\"@type\":\"EntryPoint\",\"urlTemplate\":\"https:\\\/\\\/www.cetys.mx\\\/noticias\\\/?s={search_term_string}\"},\"query-input\":{\"@type\":\"PropertyValueSpecification\",\"valueRequired\":true,\"valueName\":\"search_term_string\"}}],\"inLanguage\":\"es\"},{\"@type\":\"Person\",\"@id\":\"https:\\\/\\\/www.cetys.mx\\\/noticias\\\/#\\\/schema\\\/person\\\/e790051ce60e18ae47cfa87011c8653f\",\"name\":\"Campus Tijuana\",\"url\":\"https:\\\/\\\/www.cetys.mx\\\/noticias\\\/author\\\/campustijuana\\\/\"}]}<\/script>\n<!-- \/ Yoast SEO plugin. -->","yoast_head_json":{"title":"La basura electr\u00f3nica afecta a la tierra y la salud de los seres vivos","description":"Experta de CETYS Universidad en Tijuana reitera la importancia de destinar la\u00a0basura\u00a0electr\u00f3nica\u00a0a centros de acopio y recicladoras.","robots":{"index":"index","follow":"follow","max-snippet":"max-snippet:-1","max-image-preview":"max-image-preview:large","max-video-preview":"max-video-preview:-1"},"canonical":"https:\/\/www.cetys.mx\/noticias\/la-basura-electronica-afecta-a-la-tierra-y-la-salud-de-los-seres-vivos\/","og_locale":"es_MX","og_type":"article","og_title":"La basura electr\u00f3nica afecta a la tierra y la salud de los seres vivos","og_description":"Experta de CETYS Universidad en Tijuana reitera la importancia de destinar la\u00a0basura\u00a0electr\u00f3nica\u00a0a centros de acopio y recicladoras.","og_url":"https:\/\/www.cetys.mx\/noticias\/la-basura-electronica-afecta-a-la-tierra-y-la-salud-de-los-seres-vivos\/","og_site_name":"CETYS","article_publisher":"https:\/\/www.facebook.com\/cetysuniversidadmxl\/","article_published_time":"2021-04-27T18:24:30+00:00","article_modified_time":"2021-04-27T18:27:10+00:00","og_image":[{"width":958,"height":637,"url":"https:\/\/www.cetys.mx\/noticias\/wp-content\/uploads\/2021\/04\/Basura-Electr\u00f3nica-Comunicado.png","type":"image\/png"}],"author":"Campus Tijuana","twitter_card":"summary_large_image","twitter_creator":"@cetysuni","twitter_site":"@cetysuni","twitter_misc":{"Escrito por":"Campus Tijuana","Tiempo de lectura":"2 minutos"},"schema":{"@context":"https:\/\/schema.org","@graph":[{"@type":"Article","@id":"https:\/\/www.cetys.mx\/noticias\/la-basura-electronica-afecta-a-la-tierra-y-la-salud-de-los-seres-vivos\/#article","isPartOf":{"@id":"https:\/\/www.cetys.mx\/noticias\/la-basura-electronica-afecta-a-la-tierra-y-la-salud-de-los-seres-vivos\/"},"author":{"name":"Campus Tijuana","@id":"https:\/\/www.cetys.mx\/noticias\/#\/schema\/person\/e790051ce60e18ae47cfa87011c8653f"},"headline":"La basura electr\u00f3nica afecta a la tierra y la salud de los seres vivos","datePublished":"2021-04-27T18:24:30+00:00","dateModified":"2021-04-27T18:27:10+00:00","mainEntityOfPage":{"@id":"https:\/\/www.cetys.mx\/noticias\/la-basura-electronica-afecta-a-la-tierra-y-la-salud-de-los-seres-vivos\/"},"wordCount":344,"commentCount":0,"image":{"@id":"https:\/\/www.cetys.mx\/noticias\/la-basura-electronica-afecta-a-la-tierra-y-la-salud-de-los-seres-vivos\/#primaryimage"},"thumbnailUrl":"https:\/\/www.cetys.mx\/noticias\/wp-content\/uploads\/2021\/04\/Basura-Electr\u00f3nica-Comunicado.png","keywords":["#ExpertoCETYS","CETYS Tijuana","CETYS Universidad","Ingenier\u00eda"],"articleSection":["Campus Tijuana","VoCETYS"],"inLanguage":"es","potentialAction":[{"@type":"CommentAction","name":"Comment","target":["https:\/\/www.cetys.mx\/noticias\/la-basura-electronica-afecta-a-la-tierra-y-la-salud-de-los-seres-vivos\/#respond"]}]},{"@type":"WebPage","@id":"https:\/\/www.cetys.mx\/noticias\/la-basura-electronica-afecta-a-la-tierra-y-la-salud-de-los-seres-vivos\/","url":"https:\/\/www.cetys.mx\/noticias\/la-basura-electronica-afecta-a-la-tierra-y-la-salud-de-los-seres-vivos\/","name":"La basura electr\u00f3nica afecta a la tierra y la salud de los seres vivos","isPartOf":{"@id":"https:\/\/www.cetys.mx\/noticias\/#website"},"primaryImageOfPage":{"@id":"https:\/\/www.cetys.mx\/noticias\/la-basura-electronica-afecta-a-la-tierra-y-la-salud-de-los-seres-vivos\/#primaryimage"},"image":{"@id":"https:\/\/www.cetys.mx\/noticias\/la-basura-electronica-afecta-a-la-tierra-y-la-salud-de-los-seres-vivos\/#primaryimage"},"thumbnailUrl":"https:\/\/www.cetys.mx\/noticias\/wp-content\/uploads\/2021\/04\/Basura-Electr\u00f3nica-Comunicado.png","datePublished":"2021-04-27T18:24:30+00:00","dateModified":"2021-04-27T18:27:10+00:00","author":{"@id":"https:\/\/www.cetys.mx\/noticias\/#\/schema\/person\/e790051ce60e18ae47cfa87011c8653f"},"description":"Experta de CETYS Universidad en Tijuana reitera la importancia de destinar la\u00a0basura\u00a0electr\u00f3nica\u00a0a centros de acopio y recicladoras.","breadcrumb":{"@id":"https:\/\/www.cetys.mx\/noticias\/la-basura-electronica-afecta-a-la-tierra-y-la-salud-de-los-seres-vivos\/#breadcrumb"},"inLanguage":"es","potentialAction":[{"@type":"ReadAction","target":["https:\/\/www.cetys.mx\/noticias\/la-basura-electronica-afecta-a-la-tierra-y-la-salud-de-los-seres-vivos\/"]}]},{"@type":"ImageObject","inLanguage":"es","@id":"https:\/\/www.cetys.mx\/noticias\/la-basura-electronica-afecta-a-la-tierra-y-la-salud-de-los-seres-vivos\/#primaryimage","url":"https:\/\/www.cetys.mx\/noticias\/wp-content\/uploads\/2021\/04\/Basura-Electr\u00f3nica-Comunicado.png","contentUrl":"https:\/\/www.cetys.mx\/noticias\/wp-content\/uploads\/2021\/04\/Basura-Electr\u00f3nica-Comunicado.png","width":958,"height":637},{"@type":"BreadcrumbList","@id":"https:\/\/www.cetys.mx\/noticias\/la-basura-electronica-afecta-a-la-tierra-y-la-salud-de-los-seres-vivos\/#breadcrumb","itemListElement":[{"@type":"ListItem","position":1,"name":"Inicio","item":"https:\/\/www.cetys.mx\/noticias\/"},{"@type":"ListItem","position":2,"name":"La basura electr\u00f3nica afecta a la tierra y la salud de los seres vivos"}]},{"@type":"WebSite","@id":"https:\/\/www.cetys.mx\/noticias\/#website","url":"https:\/\/www.cetys.mx\/noticias\/","name":"CETYS","description":"","potentialAction":[{"@type":"SearchAction","target":{"@type":"EntryPoint","urlTemplate":"https:\/\/www.cetys.mx\/noticias\/?s={search_term_string}"},"query-input":{"@type":"PropertyValueSpecification","valueRequired":true,"valueName":"search_term_string"}}],"inLanguage":"es"},{"@type":"Person","@id":"https:\/\/www.cetys.mx\/noticias\/#\/schema\/person\/e790051ce60e18ae47cfa87011c8653f","name":"Campus Tijuana","url":"https:\/\/www.cetys.mx\/noticias\/author\/campustijuana\/"}]}},"_links":{"self":[{"href":"https:\/\/www.cetys.mx\/noticias\/wp-json\/wp\/v2\/posts\/154838","targetHints":{"allow":["GET"]}}],"collection":[{"href":"https:\/\/www.cetys.mx\/noticias\/wp-json\/wp\/v2\/posts"}],"about":[{"href":"https:\/\/www.cetys.mx\/noticias\/wp-json\/wp\/v2\/types\/post"}],"author":[{"embeddable":true,"href":"https:\/\/www.cetys.mx\/noticias\/wp-json\/wp\/v2\/users\/24"}],"replies":[{"embeddable":true,"href":"https:\/\/www.cetys.mx\/noticias\/wp-json\/wp\/v2\/comments?post=154838"}],"version-history":[{"count":3,"href":"https:\/\/www.cetys.mx\/noticias\/wp-json\/wp\/v2\/posts\/154838\/revisions"}],"predecessor-version":[{"id":154842,"href":"https:\/\/www.cetys.mx\/noticias\/wp-json\/wp\/v2\/posts\/154838\/revisions\/154842"}],"wp:featuredmedia":[{"embeddable":true,"href":"https:\/\/www.cetys.mx\/noticias\/wp-json\/wp\/v2\/media\/154839"}],"wp:attachment":[{"href":"https:\/\/www.cetys.mx\/noticias\/wp-json\/wp\/v2\/media?parent=154838"}],"wp:term":[{"taxonomy":"category","embeddable":true,"href":"https:\/\/www.cetys.mx\/noticias\/wp-json\/wp\/v2\/categories?post=154838"},{"taxonomy":"post_tag","embeddable":true,"href":"https:\/\/www.cetys.mx\/noticias\/wp-json\/wp\/v2\/tags?post=154838"}],"curies":[{"name":"wp","href":"https:\/\/api.w.org\/{rel}","templated":true}]}}