{"id":154472,"date":"2021-04-15T15:04:37","date_gmt":"2021-04-15T22:04:37","guid":{"rendered":"https:\/\/www.cetys.mx\/noticias\/?p=154472"},"modified":"2021-04-20T14:45:08","modified_gmt":"2021-04-20T21:45:08","slug":"conversan-sobre-la-participacion-de-los-jovenes-en-la-politica-de-baja-california","status":"publish","type":"post","link":"https:\/\/www.cetys.mx\/noticias\/conversan-sobre-la-participacion-de-los-jovenes-en-la-politica-de-baja-california\/","title":{"rendered":"Conversan sobre la participaci\u00f3n de los j\u00f3venes en la pol\u00edtica de Baja California"},"content":{"rendered":"<p style=\"text-align: justify;\"><span style=\"font-weight: 400;\">Con el objetivo de incentivar a los j\u00f3venes a participar en la organizaci\u00f3n pol\u00edtica de M\u00e9xico, y concientizarlos sobre el potencial de impacto positivo que esta participaci\u00f3n tiene en la sociedad, a trav\u00e9s de las experiencias compartidas por egresados de la Licenciatura en Derecho de CETYS Universidad Campus Mexicali, se llev\u00f3 a cabo el conversatorio Participaci\u00f3n de los J\u00f3venes en la Pol\u00edtica de Baja California.\u00a0<\/span><\/p>\n<p style=\"text-align: justify;\"><span style=\"font-weight: 400;\">Norabel Orozco G\u00f3mez, Alfonso Ocegueda Mart\u00ednez, B\u00e1rbara Pacheco Contreras y Anwar Ramos Gaona, todos egresados de dicho programa de educaci\u00f3n profesional, compartieron con la comunidad CETYS detalles de su trayectoria en diferentes partidos pol\u00edticos y su contribuci\u00f3n como servidores p\u00fablicos, motiv\u00e1ndolos a involucrarse y contribuir en la vida pol\u00edtica en beneficio de una sociedad m\u00e1s ordenada, equitativa y justa.\u00a0<\/span><\/p>\n<p style=\"text-align: justify;\"><span style=\"font-weight: 400;\"><img loading=\"lazy\" decoding=\"async\" class=\" wp-image-154473 alignleft\" src=\"https:\/\/www.cetys.mx\/noticias\/wp-content\/uploads\/2021\/04\/DSC_2037.jpg\" alt=\"\" width=\"402\" height=\"268\" srcset=\"https:\/\/www.cetys.mx\/noticias\/wp-content\/uploads\/2021\/04\/DSC_2037.jpg 958w, https:\/\/www.cetys.mx\/noticias\/wp-content\/uploads\/2021\/04\/DSC_2037-768x511.jpg 768w\" sizes=\"auto, (max-width: 402px) 100vw, 402px\" \/>Al evento acudi\u00f3 de forma presencial un n\u00famero reducido de invitados, como parte del programa piloto del plan <a href=\"https:\/\/www.cetys.mx\/regreso-seguro\/\">Regreso Seguro<\/a> que CETYS implementa de cara a la nueva normalidad, mientras que decenas de espectadores pudieron conectarse e interactuar con los ponentes a trav\u00e9s de la plataforma Zoom y redes sociales.<\/span><\/p>\n<blockquote><p><span style=\"font-weight: 400;\">\u201cEs sumamente importante volver a tener contacto cara a cara con alumnos y egresados despu\u00e9s de no poderlo hacer por m\u00e1s de un a\u00f1o. Este es el primero de varios eventos h\u00edbridos o mixtos que tendremos para nuestros estudiantes durante lo que resta de este semestre. Esperamos contar con la presencia de m\u00e1s estudiantes y profesores de acuerdo a lo que el protocolo sanitario permita. \u00a1Los extra\u00f1amos a todos!\u201d, comparti\u00f3 la Mtra. Bianca Barcel\u00f3, Directora de la Escuela de Derecho de este campus.\u00a0<\/span><\/p>\n<p><img loading=\"lazy\" decoding=\"async\" class=\"alignnone size-full wp-image-154474\" src=\"https:\/\/www.cetys.mx\/noticias\/wp-content\/uploads\/2021\/04\/DSC_2030.jpg\" alt=\"\" width=\"958\" height=\"637\" srcset=\"https:\/\/www.cetys.mx\/noticias\/wp-content\/uploads\/2021\/04\/DSC_2030.jpg 958w, https:\/\/www.cetys.mx\/noticias\/wp-content\/uploads\/2021\/04\/DSC_2030-768x511.jpg 768w\" sizes=\"auto, (max-width: 958px) 100vw, 958px\" \/><\/p><\/blockquote>\n<p style=\"text-align: justify;\">\n","protected":false},"excerpt":{"rendered":"<p>Con el objetivo de incentivar a los j\u00f3venes a participar en la organizaci\u00f3n pol\u00edtica de M\u00e9xico, y concientizarlos sobre el potencial de&#8230;<\/p>\n","protected":false},"author":20,"featured_media":154475,"comment_status":"open","ping_status":"closed","sticky":false,"template":"","format":"standard","meta":{"footnotes":""},"categories":[133,313],"tags":[5154],"class_list":["post-154472","post","type-post","status-publish","format-standard","has-post-thumbnail","hentry","category-campus-mexicali","category-vocetys-2","tag-vocetys-2021-04-20"],"yoast_head":"<!-- This site is optimized with the Yoast SEO plugin v27.4 - https:\/\/yoast.com\/product\/yoast-seo-wordpress\/ -->\n<title>Conversan sobre la participaci\u00f3n de los j\u00f3venes en la pol\u00edtica de Baja California - CETYS<\/title>\n<meta name=\"description\" content=\"Articulo sobre Conversan sobre la participaci\u00f3n de los j\u00f3venes en la pol\u00edtica de Baja California\" \/>\n<meta name=\"robots\" content=\"index, follow, max-snippet:-1, max-image-preview:large, max-video-preview:-1\" \/>\n<link rel=\"canonical\" href=\"https:\/\/www.cetys.mx\/noticias\/conversan-sobre-la-participacion-de-los-jovenes-en-la-politica-de-baja-california\/\" \/>\n<meta property=\"og:locale\" content=\"es_MX\" \/>\n<meta property=\"og:type\" content=\"article\" \/>\n<meta property=\"og:title\" content=\"Conversan sobre la participaci\u00f3n de los j\u00f3venes en la pol\u00edtica de Baja California - CETYS\" \/>\n<meta property=\"og:description\" content=\"Articulo sobre Conversan sobre la participaci\u00f3n de los j\u00f3venes en la pol\u00edtica de Baja California\" \/>\n<meta property=\"og:url\" content=\"https:\/\/www.cetys.mx\/noticias\/conversan-sobre-la-participacion-de-los-jovenes-en-la-politica-de-baja-california\/\" \/>\n<meta property=\"og:site_name\" content=\"CETYS\" \/>\n<meta property=\"article:publisher\" content=\"https:\/\/www.facebook.com\/cetysuniversidadmxl\/\" \/>\n<meta property=\"article:published_time\" content=\"2021-04-15T22:04:37+00:00\" \/>\n<meta property=\"article:modified_time\" content=\"2021-04-20T21:45:08+00:00\" \/>\n<meta property=\"og:image\" content=\"https:\/\/www.cetys.mx\/noticias\/wp-content\/uploads\/2021\/04\/DSC_2033.jpg\" \/>\n\t<meta property=\"og:image:width\" content=\"958\" \/>\n\t<meta property=\"og:image:height\" content=\"637\" \/>\n\t<meta property=\"og:image:type\" content=\"image\/jpeg\" \/>\n<meta name=\"author\" content=\"Campus Mexicali\" \/>\n<meta name=\"twitter:card\" content=\"summary_large_image\" \/>\n<meta name=\"twitter:creator\" content=\"@cetysuni\" \/>\n<meta name=\"twitter:site\" content=\"@cetysuni\" \/>\n<meta name=\"twitter:label1\" content=\"Escrito por\" \/>\n\t<meta name=\"twitter:data1\" content=\"Campus Mexicali\" \/>\n\t<meta name=\"twitter:label2\" content=\"Tiempo de lectura\" \/>\n\t<meta name=\"twitter:data2\" content=\"1 minuto\" \/>\n<script type=\"application\/ld+json\" class=\"yoast-schema-graph\">{\"@context\":\"https:\\\/\\\/schema.org\",\"@graph\":[{\"@type\":\"Article\",\"@id\":\"https:\\\/\\\/www.cetys.mx\\\/noticias\\\/conversan-sobre-la-participacion-de-los-jovenes-en-la-politica-de-baja-california\\\/#article\",\"isPartOf\":{\"@id\":\"https:\\\/\\\/www.cetys.mx\\\/noticias\\\/conversan-sobre-la-participacion-de-los-jovenes-en-la-politica-de-baja-california\\\/\"},\"author\":{\"name\":\"Campus Mexicali\",\"@id\":\"https:\\\/\\\/www.cetys.mx\\\/noticias\\\/#\\\/schema\\\/person\\\/79a95c4ac185f3705cf1b9c9340a5f70\"},\"headline\":\"Conversan sobre la participaci\u00f3n de los j\u00f3venes en la pol\u00edtica de Baja California\",\"datePublished\":\"2021-04-15T22:04:37+00:00\",\"dateModified\":\"2021-04-20T21:45:08+00:00\",\"mainEntityOfPage\":{\"@id\":\"https:\\\/\\\/www.cetys.mx\\\/noticias\\\/conversan-sobre-la-participacion-de-los-jovenes-en-la-politica-de-baja-california\\\/\"},\"wordCount\":300,\"commentCount\":0,\"image\":{\"@id\":\"https:\\\/\\\/www.cetys.mx\\\/noticias\\\/conversan-sobre-la-participacion-de-los-jovenes-en-la-politica-de-baja-california\\\/#primaryimage\"},\"thumbnailUrl\":\"https:\\\/\\\/www.cetys.mx\\\/noticias\\\/wp-content\\\/uploads\\\/2021\\\/04\\\/DSC_2033.jpg\",\"keywords\":[\"vocetys-2021-04-20\"],\"articleSection\":[\"Campus Mexicali\",\"VoCETYS\"],\"inLanguage\":\"es\",\"potentialAction\":[{\"@type\":\"CommentAction\",\"name\":\"Comment\",\"target\":[\"https:\\\/\\\/www.cetys.mx\\\/noticias\\\/conversan-sobre-la-participacion-de-los-jovenes-en-la-politica-de-baja-california\\\/#respond\"]}]},{\"@type\":\"WebPage\",\"@id\":\"https:\\\/\\\/www.cetys.mx\\\/noticias\\\/conversan-sobre-la-participacion-de-los-jovenes-en-la-politica-de-baja-california\\\/\",\"url\":\"https:\\\/\\\/www.cetys.mx\\\/noticias\\\/conversan-sobre-la-participacion-de-los-jovenes-en-la-politica-de-baja-california\\\/\",\"name\":\"Conversan sobre la participaci\u00f3n de los j\u00f3venes en la pol\u00edtica de Baja California - CETYS\",\"isPartOf\":{\"@id\":\"https:\\\/\\\/www.cetys.mx\\\/noticias\\\/#website\"},\"primaryImageOfPage\":{\"@id\":\"https:\\\/\\\/www.cetys.mx\\\/noticias\\\/conversan-sobre-la-participacion-de-los-jovenes-en-la-politica-de-baja-california\\\/#primaryimage\"},\"image\":{\"@id\":\"https:\\\/\\\/www.cetys.mx\\\/noticias\\\/conversan-sobre-la-participacion-de-los-jovenes-en-la-politica-de-baja-california\\\/#primaryimage\"},\"thumbnailUrl\":\"https:\\\/\\\/www.cetys.mx\\\/noticias\\\/wp-content\\\/uploads\\\/2021\\\/04\\\/DSC_2033.jpg\",\"datePublished\":\"2021-04-15T22:04:37+00:00\",\"dateModified\":\"2021-04-20T21:45:08+00:00\",\"author\":{\"@id\":\"https:\\\/\\\/www.cetys.mx\\\/noticias\\\/#\\\/schema\\\/person\\\/79a95c4ac185f3705cf1b9c9340a5f70\"},\"description\":\"Articulo sobre Conversan sobre la participaci\u00f3n de los j\u00f3venes en la pol\u00edtica de Baja California\",\"breadcrumb\":{\"@id\":\"https:\\\/\\\/www.cetys.mx\\\/noticias\\\/conversan-sobre-la-participacion-de-los-jovenes-en-la-politica-de-baja-california\\\/#breadcrumb\"},\"inLanguage\":\"es\",\"potentialAction\":[{\"@type\":\"ReadAction\",\"target\":[\"https:\\\/\\\/www.cetys.mx\\\/noticias\\\/conversan-sobre-la-participacion-de-los-jovenes-en-la-politica-de-baja-california\\\/\"]}]},{\"@type\":\"ImageObject\",\"inLanguage\":\"es\",\"@id\":\"https:\\\/\\\/www.cetys.mx\\\/noticias\\\/conversan-sobre-la-participacion-de-los-jovenes-en-la-politica-de-baja-california\\\/#primaryimage\",\"url\":\"https:\\\/\\\/www.cetys.mx\\\/noticias\\\/wp-content\\\/uploads\\\/2021\\\/04\\\/DSC_2033.jpg\",\"contentUrl\":\"https:\\\/\\\/www.cetys.mx\\\/noticias\\\/wp-content\\\/uploads\\\/2021\\\/04\\\/DSC_2033.jpg\",\"width\":958,\"height\":637},{\"@type\":\"BreadcrumbList\",\"@id\":\"https:\\\/\\\/www.cetys.mx\\\/noticias\\\/conversan-sobre-la-participacion-de-los-jovenes-en-la-politica-de-baja-california\\\/#breadcrumb\",\"itemListElement\":[{\"@type\":\"ListItem\",\"position\":1,\"name\":\"Inicio\",\"item\":\"https:\\\/\\\/www.cetys.mx\\\/noticias\\\/\"},{\"@type\":\"ListItem\",\"position\":2,\"name\":\"Conversan sobre la participaci\u00f3n de los j\u00f3venes en la pol\u00edtica de Baja California\"}]},{\"@type\":\"WebSite\",\"@id\":\"https:\\\/\\\/www.cetys.mx\\\/noticias\\\/#website\",\"url\":\"https:\\\/\\\/www.cetys.mx\\\/noticias\\\/\",\"name\":\"CETYS\",\"description\":\"\",\"potentialAction\":[{\"@type\":\"SearchAction\",\"target\":{\"@type\":\"EntryPoint\",\"urlTemplate\":\"https:\\\/\\\/www.cetys.mx\\\/noticias\\\/?s={search_term_string}\"},\"query-input\":{\"@type\":\"PropertyValueSpecification\",\"valueRequired\":true,\"valueName\":\"search_term_string\"}}],\"inLanguage\":\"es\"},{\"@type\":\"Person\",\"@id\":\"https:\\\/\\\/www.cetys.mx\\\/noticias\\\/#\\\/schema\\\/person\\\/79a95c4ac185f3705cf1b9c9340a5f70\",\"name\":\"Campus Mexicali\",\"url\":\"https:\\\/\\\/www.cetys.mx\\\/noticias\\\/author\\\/campusmexicali\\\/\"}]}<\/script>\n<!-- \/ Yoast SEO plugin. -->","yoast_head_json":{"title":"Conversan sobre la participaci\u00f3n de los j\u00f3venes en la pol\u00edtica de Baja California - CETYS","description":"Articulo sobre Conversan sobre la participaci\u00f3n de los j\u00f3venes en la pol\u00edtica de Baja California","robots":{"index":"index","follow":"follow","max-snippet":"max-snippet:-1","max-image-preview":"max-image-preview:large","max-video-preview":"max-video-preview:-1"},"canonical":"https:\/\/www.cetys.mx\/noticias\/conversan-sobre-la-participacion-de-los-jovenes-en-la-politica-de-baja-california\/","og_locale":"es_MX","og_type":"article","og_title":"Conversan sobre la participaci\u00f3n de los j\u00f3venes en la pol\u00edtica de Baja California - CETYS","og_description":"Articulo sobre Conversan sobre la participaci\u00f3n de los j\u00f3venes en la pol\u00edtica de Baja California","og_url":"https:\/\/www.cetys.mx\/noticias\/conversan-sobre-la-participacion-de-los-jovenes-en-la-politica-de-baja-california\/","og_site_name":"CETYS","article_publisher":"https:\/\/www.facebook.com\/cetysuniversidadmxl\/","article_published_time":"2021-04-15T22:04:37+00:00","article_modified_time":"2021-04-20T21:45:08+00:00","og_image":[{"width":958,"height":637,"url":"https:\/\/www.cetys.mx\/noticias\/wp-content\/uploads\/2021\/04\/DSC_2033.jpg","type":"image\/jpeg"}],"author":"Campus Mexicali","twitter_card":"summary_large_image","twitter_creator":"@cetysuni","twitter_site":"@cetysuni","twitter_misc":{"Escrito por":"Campus Mexicali","Tiempo de lectura":"1 minuto"},"schema":{"@context":"https:\/\/schema.org","@graph":[{"@type":"Article","@id":"https:\/\/www.cetys.mx\/noticias\/conversan-sobre-la-participacion-de-los-jovenes-en-la-politica-de-baja-california\/#article","isPartOf":{"@id":"https:\/\/www.cetys.mx\/noticias\/conversan-sobre-la-participacion-de-los-jovenes-en-la-politica-de-baja-california\/"},"author":{"name":"Campus Mexicali","@id":"https:\/\/www.cetys.mx\/noticias\/#\/schema\/person\/79a95c4ac185f3705cf1b9c9340a5f70"},"headline":"Conversan sobre la participaci\u00f3n de los j\u00f3venes en la pol\u00edtica de Baja California","datePublished":"2021-04-15T22:04:37+00:00","dateModified":"2021-04-20T21:45:08+00:00","mainEntityOfPage":{"@id":"https:\/\/www.cetys.mx\/noticias\/conversan-sobre-la-participacion-de-los-jovenes-en-la-politica-de-baja-california\/"},"wordCount":300,"commentCount":0,"image":{"@id":"https:\/\/www.cetys.mx\/noticias\/conversan-sobre-la-participacion-de-los-jovenes-en-la-politica-de-baja-california\/#primaryimage"},"thumbnailUrl":"https:\/\/www.cetys.mx\/noticias\/wp-content\/uploads\/2021\/04\/DSC_2033.jpg","keywords":["vocetys-2021-04-20"],"articleSection":["Campus Mexicali","VoCETYS"],"inLanguage":"es","potentialAction":[{"@type":"CommentAction","name":"Comment","target":["https:\/\/www.cetys.mx\/noticias\/conversan-sobre-la-participacion-de-los-jovenes-en-la-politica-de-baja-california\/#respond"]}]},{"@type":"WebPage","@id":"https:\/\/www.cetys.mx\/noticias\/conversan-sobre-la-participacion-de-los-jovenes-en-la-politica-de-baja-california\/","url":"https:\/\/www.cetys.mx\/noticias\/conversan-sobre-la-participacion-de-los-jovenes-en-la-politica-de-baja-california\/","name":"Conversan sobre la participaci\u00f3n de los j\u00f3venes en la pol\u00edtica de Baja California - CETYS","isPartOf":{"@id":"https:\/\/www.cetys.mx\/noticias\/#website"},"primaryImageOfPage":{"@id":"https:\/\/www.cetys.mx\/noticias\/conversan-sobre-la-participacion-de-los-jovenes-en-la-politica-de-baja-california\/#primaryimage"},"image":{"@id":"https:\/\/www.cetys.mx\/noticias\/conversan-sobre-la-participacion-de-los-jovenes-en-la-politica-de-baja-california\/#primaryimage"},"thumbnailUrl":"https:\/\/www.cetys.mx\/noticias\/wp-content\/uploads\/2021\/04\/DSC_2033.jpg","datePublished":"2021-04-15T22:04:37+00:00","dateModified":"2021-04-20T21:45:08+00:00","author":{"@id":"https:\/\/www.cetys.mx\/noticias\/#\/schema\/person\/79a95c4ac185f3705cf1b9c9340a5f70"},"description":"Articulo sobre Conversan sobre la participaci\u00f3n de los j\u00f3venes en la pol\u00edtica de Baja California","breadcrumb":{"@id":"https:\/\/www.cetys.mx\/noticias\/conversan-sobre-la-participacion-de-los-jovenes-en-la-politica-de-baja-california\/#breadcrumb"},"inLanguage":"es","potentialAction":[{"@type":"ReadAction","target":["https:\/\/www.cetys.mx\/noticias\/conversan-sobre-la-participacion-de-los-jovenes-en-la-politica-de-baja-california\/"]}]},{"@type":"ImageObject","inLanguage":"es","@id":"https:\/\/www.cetys.mx\/noticias\/conversan-sobre-la-participacion-de-los-jovenes-en-la-politica-de-baja-california\/#primaryimage","url":"https:\/\/www.cetys.mx\/noticias\/wp-content\/uploads\/2021\/04\/DSC_2033.jpg","contentUrl":"https:\/\/www.cetys.mx\/noticias\/wp-content\/uploads\/2021\/04\/DSC_2033.jpg","width":958,"height":637},{"@type":"BreadcrumbList","@id":"https:\/\/www.cetys.mx\/noticias\/conversan-sobre-la-participacion-de-los-jovenes-en-la-politica-de-baja-california\/#breadcrumb","itemListElement":[{"@type":"ListItem","position":1,"name":"Inicio","item":"https:\/\/www.cetys.mx\/noticias\/"},{"@type":"ListItem","position":2,"name":"Conversan sobre la participaci\u00f3n de los j\u00f3venes en la pol\u00edtica de Baja California"}]},{"@type":"WebSite","@id":"https:\/\/www.cetys.mx\/noticias\/#website","url":"https:\/\/www.cetys.mx\/noticias\/","name":"CETYS","description":"","potentialAction":[{"@type":"SearchAction","target":{"@type":"EntryPoint","urlTemplate":"https:\/\/www.cetys.mx\/noticias\/?s={search_term_string}"},"query-input":{"@type":"PropertyValueSpecification","valueRequired":true,"valueName":"search_term_string"}}],"inLanguage":"es"},{"@type":"Person","@id":"https:\/\/www.cetys.mx\/noticias\/#\/schema\/person\/79a95c4ac185f3705cf1b9c9340a5f70","name":"Campus Mexicali","url":"https:\/\/www.cetys.mx\/noticias\/author\/campusmexicali\/"}]}},"_links":{"self":[{"href":"https:\/\/www.cetys.mx\/noticias\/wp-json\/wp\/v2\/posts\/154472","targetHints":{"allow":["GET"]}}],"collection":[{"href":"https:\/\/www.cetys.mx\/noticias\/wp-json\/wp\/v2\/posts"}],"about":[{"href":"https:\/\/www.cetys.mx\/noticias\/wp-json\/wp\/v2\/types\/post"}],"author":[{"embeddable":true,"href":"https:\/\/www.cetys.mx\/noticias\/wp-json\/wp\/v2\/users\/20"}],"replies":[{"embeddable":true,"href":"https:\/\/www.cetys.mx\/noticias\/wp-json\/wp\/v2\/comments?post=154472"}],"version-history":[{"count":3,"href":"https:\/\/www.cetys.mx\/noticias\/wp-json\/wp\/v2\/posts\/154472\/revisions"}],"predecessor-version":[{"id":154483,"href":"https:\/\/www.cetys.mx\/noticias\/wp-json\/wp\/v2\/posts\/154472\/revisions\/154483"}],"wp:featuredmedia":[{"embeddable":true,"href":"https:\/\/www.cetys.mx\/noticias\/wp-json\/wp\/v2\/media\/154475"}],"wp:attachment":[{"href":"https:\/\/www.cetys.mx\/noticias\/wp-json\/wp\/v2\/media?parent=154472"}],"wp:term":[{"taxonomy":"category","embeddable":true,"href":"https:\/\/www.cetys.mx\/noticias\/wp-json\/wp\/v2\/categories?post=154472"},{"taxonomy":"post_tag","embeddable":true,"href":"https:\/\/www.cetys.mx\/noticias\/wp-json\/wp\/v2\/tags?post=154472"}],"curies":[{"name":"wp","href":"https:\/\/api.w.org\/{rel}","templated":true}]}}