{"id":154071,"date":"2021-03-25T15:58:16","date_gmt":"2021-03-25T22:58:16","guid":{"rendered":"https:\/\/www.cetys.mx\/noticias\/?p=154071"},"modified":"2021-03-25T15:58:16","modified_gmt":"2021-03-25T22:58:16","slug":"ofrece-cetys-nuevo-programa-educativo-de-3-anos-de-forma-hibrida-y-flexible","status":"publish","type":"post","link":"https:\/\/www.cetys.mx\/noticias\/ofrece-cetys-nuevo-programa-educativo-de-3-anos-de-forma-hibrida-y-flexible\/","title":{"rendered":"Ofrece CETYS nuevo programa educativo de 3 a\u00f1os de forma h\u00edbrida y flexible"},"content":{"rendered":"<div align=\"center\"><\/div>\n<p align=\"justify\">Para los trabajadores de 22 a\u00f1os o m\u00e1s que buscan oportunidades de crecimiento, <strong>CETYS Universidad<\/strong> ofrece un nuevo programa educativo, la\u00a0<a href=\"https:\/\/www.cetys.mx\/oferta-educativa\/ejecutivas\/\" target=\"_blank\" rel=\"noopener\" data-saferedirecturl=\"https:\/\/www.google.com\/url?q=https:\/\/www.cetys.mx\/oferta-educativa\/ejecutivas\/&amp;source=gmail&amp;ust=1616799240058000&amp;usg=AFQjCNGi_MTiQIZnQRB_1idHvsSXpFX2GQ\">Licenciatura en Direcci\u00f3n Comercial y Mercadotecnia<\/a>\u00a0por\u00a0<span class=\"il\">3x3x3<\/span>\u00a0(3 a\u00f1os, 3 d\u00edas a la semana, 3 horas al d\u00eda), con la particularidad que se da en modalidad h\u00edbrida y flexible, en horario que no afecta la jornada laboral.<\/p>\n<p align=\"justify\">Esta carrera ejecutiva hace \u00e9nfasis en cinco \u00e1reas de desarrollo: Administraci\u00f3n de negocios, Direcci\u00f3n comercial, Estrategias de mercadotecnia, Innovaci\u00f3n empresarial y Emprendimiento comercial y digital. Es ideal para aquellos trabajadores que buscan crecimiento laboral, incluso para que directivos y empresas formen a sus sucesores.<\/p>\n<blockquote>\n<p align=\"justify\">\u201cAntes de la pandemia no todos ten\u00edan clara la afectaci\u00f3n de la incertidumbre de trabajo, ahora sabemos que tenemos que estar preparados y esta Licenciatura en Direcci\u00f3n Comercial y Mercadotecnia es la oportunidad de obtener un perfil mayor a futuro con perspectiva global, pensamiento estrat\u00e9gico y siguiendo las tendencias del comercio, con capacidad de liderazgo. As\u00ed los trabajadores podr\u00e1n enfrentar mayores retos y llevar a cabo proyectos de transformaci\u00f3n comercial en sus organizaciones\u201d, expres\u00f3 el <strong>Dr. Francisco V\u00e9lez Torres<\/strong>, <em>Director del Colegio de Administraci\u00f3n y Negocios de CETYS.<\/em><\/p>\n<\/blockquote>\n<p align=\"justify\">Este programa educativo cuenta con docentes altamente calificados y mentores con gran capacidad acad\u00e9mica. Permite superar los retos de los negocios como: generar ventas, nuevos procesos de venta en la era digital; aprendizaje colaborativo: multidisciplinario, redes y trabajo colegiado; emprendimiento; tendencias tecnol\u00f3gicas aplicables a nuevas propuestas de valor y el desarrollo de nuevos productos y marcas en un ambiente altamente competido.<\/p>\n<blockquote>\n<p align=\"justify\">\u201cLa situaci\u00f3n de la pandemia nos ha llevado a innovar en la parte educativa, esto quiere decir que la LDCM contar\u00e1 con clases din\u00e1micas, con docentes experimentados y colegas de tres ciudades de Baja California: Mexicali, Tijuana y Ensenada, gracias a la flexibilidad de clases presenciales y a distancia. Un estudiante de esta Licenciatura podr\u00e1 generar networking entre sus compa\u00f1eros trabajadores de diferentes ramos\u201d as\u00ed lo indic\u00f3 la <strong>Mtra. Jessica Ibarra Ramonet<\/strong>, Directora Zona Costa de CETYS.<\/p>\n<\/blockquote>\n<p align=\"justify\">Continuar con la preparaci\u00f3n cobr\u00f3 m\u00e1s relevancia y para aquellos j\u00f3venes trabajadores que siguen es una oferta oportuna que aumente el valor de las empresas, la rentabilidad y abre el campo laboral en puestos como Direcci\u00f3n Comercial, Gerencia de Mercadotecnia, Ventas, Investigaci\u00f3n de Mercados, Gerencia Administrativa y Emprendimiento.<\/p>\n<p align=\"justify\">La convocatoria de la\u00a0<a href=\"https:\/\/www.cetys.mx\/oferta-educativa\/ejecutivas\/\" target=\"_blank\" rel=\"noopener\" data-saferedirecturl=\"https:\/\/www.google.com\/url?q=https:\/\/www.cetys.mx\/oferta-educativa\/ejecutivas\/&amp;source=gmail&amp;ust=1616799240058000&amp;usg=AFQjCNGi_MTiQIZnQRB_1idHvsSXpFX2GQ\">Licenciatura en Direcci\u00f3n Comercial y Mercadotecnia<\/a>\u00a0est\u00e1 abierta tanto en Mexicali y Tijuana, las clases comienzan este 5 de abril, se ofrecen algunos descuentos para egresados de <strong>CETYS<\/strong> y de igual forma hay descuento para grupos de trabajadores de algunas empresas de la regi\u00f3n. Para ello es importante comenzar con el proceso a trav\u00e9s de<a href=\"https:\/\/www.cetys.mx\/admisiones2021\" target=\"_blank\" rel=\"noopener\" data-saferedirecturl=\"https:\/\/www.google.com\/url?q=https:\/\/www.cetys.mx\/admisiones2021&amp;source=gmail&amp;ust=1616799240058000&amp;usg=AFQjCNFVkJywYc7Gtn1Euez1WDGudFPOAA\">\u00a0https:\/\/www.cetys.mx\/<wbr \/>admisiones2021<\/a>\u00a0o bien pedir m\u00e1s informaci\u00f3n a\u00a0<a href=\"mailto:licenciaturas.ejecutivastij@cetys.mx\" target=\"_blank\" rel=\"noopener\">licenciaturas.ejecutivastij@<wbr \/>cetys.mx<\/a>, por whatsapp al 664-188-1680, al tel\u00e9fono (664) 903-1800 ext. 2225.<\/p>\n<p><a href=\"https:\/\/files.constantcontact.com\/7e3e9653601\/5b3887fa-f2d5-4c12-bbe5-be713bbb738f.png\" target=\"_blank\" rel=\"noopener\" data-saferedirecturl=\"https:\/\/www.google.com\/url?q=https:\/\/files.constantcontact.com\/7e3e9653601\/5b3887fa-f2d5-4c12-bbe5-be713bbb738f.png&amp;source=gmail&amp;ust=1616799240058000&amp;usg=AFQjCNFVAjCkqWd_YdpPScwRa4dBF13lRQ\">Foto 1<\/a><\/p>\n<p><a href=\"https:\/\/files.constantcontact.com\/7e3e9653601\/19e1383d-45ae-444b-8cc1-a0e8f79dff98.png\" target=\"_blank\" rel=\"noopener\" data-saferedirecturl=\"https:\/\/www.google.com\/url?q=https:\/\/files.constantcontact.com\/7e3e9653601\/19e1383d-45ae-444b-8cc1-a0e8f79dff98.png&amp;source=gmail&amp;ust=1616799240058000&amp;usg=AFQjCNEGxGeLqWyV3w-1Dblp0sfZhoEcgQ\">Foto 2<\/a><\/p>\n","protected":false},"excerpt":{"rendered":"<p>Para los trabajadores de 22 a\u00f1os o m\u00e1s que buscan oportunidades de crecimiento, CETYS Universidad ofrece un nuevo programa educativo, la\u00a0Licenciatura en&#8230;<\/p>\n","protected":false},"author":24,"featured_media":154072,"comment_status":"open","ping_status":"closed","sticky":false,"template":"","format":"standard","meta":{"footnotes":""},"categories":[134,125,313],"tags":[5062],"class_list":["post-154071","post","type-post","status-publish","format-standard","has-post-thumbnail","hentry","category-campus-tijuana","category-portada","category-vocetys-2","tag-licenciaturas-ejecutivas"],"yoast_head":"<!-- This site is optimized with the Yoast SEO plugin v27.4 - https:\/\/yoast.com\/product\/yoast-seo-wordpress\/ -->\n<title>Ofrece CETYS nuevo programa educativo de 3 a\u00f1os, h\u00edbrido y flexible<\/title>\n<meta name=\"description\" content=\"El programa ejecutivo de la Licenciatura en Direcci\u00f3n Comercial de Mercadotecnia es ideal para trabajadores mayores de 22 a\u00f1os.\" \/>\n<meta name=\"robots\" content=\"index, follow, max-snippet:-1, max-image-preview:large, max-video-preview:-1\" \/>\n<link rel=\"canonical\" href=\"https:\/\/www.cetys.mx\/noticias\/ofrece-cetys-nuevo-programa-educativo-de-3-anos-de-forma-hibrida-y-flexible\/\" \/>\n<meta property=\"og:locale\" content=\"es_MX\" \/>\n<meta property=\"og:type\" content=\"article\" \/>\n<meta property=\"og:title\" content=\"Ofrece CETYS nuevo programa educativo de 3 a\u00f1os, h\u00edbrido y flexible\" \/>\n<meta property=\"og:description\" content=\"El programa ejecutivo de la Licenciatura en Direcci\u00f3n Comercial de Mercadotecnia es ideal para trabajadores mayores de 22 a\u00f1os.\" \/>\n<meta property=\"og:url\" content=\"https:\/\/www.cetys.mx\/noticias\/ofrece-cetys-nuevo-programa-educativo-de-3-anos-de-forma-hibrida-y-flexible\/\" \/>\n<meta property=\"og:site_name\" content=\"CETYS\" \/>\n<meta property=\"article:publisher\" content=\"https:\/\/www.facebook.com\/cetysuniversidadmxl\/\" \/>\n<meta property=\"article:published_time\" content=\"2021-03-25T22:58:16+00:00\" \/>\n<meta property=\"og:image\" content=\"https:\/\/www.cetys.mx\/noticias\/wp-content\/uploads\/2021\/03\/Lic-ejecutiva-LDCM-Tijuana-1.png\" \/>\n\t<meta property=\"og:image:width\" content=\"958\" \/>\n\t<meta property=\"og:image:height\" content=\"637\" \/>\n\t<meta property=\"og:image:type\" content=\"image\/png\" \/>\n<meta name=\"author\" content=\"Campus Tijuana\" \/>\n<meta name=\"twitter:card\" content=\"summary_large_image\" \/>\n<meta name=\"twitter:creator\" content=\"@cetysuni\" \/>\n<meta name=\"twitter:site\" content=\"@cetysuni\" \/>\n<meta name=\"twitter:label1\" content=\"Escrito por\" \/>\n\t<meta name=\"twitter:data1\" content=\"Campus Tijuana\" \/>\n\t<meta name=\"twitter:label2\" content=\"Tiempo de lectura\" \/>\n\t<meta name=\"twitter:data2\" content=\"2 minutos\" \/>\n<script type=\"application\/ld+json\" class=\"yoast-schema-graph\">{\"@context\":\"https:\\\/\\\/schema.org\",\"@graph\":[{\"@type\":\"Article\",\"@id\":\"https:\\\/\\\/www.cetys.mx\\\/noticias\\\/ofrece-cetys-nuevo-programa-educativo-de-3-anos-de-forma-hibrida-y-flexible\\\/#article\",\"isPartOf\":{\"@id\":\"https:\\\/\\\/www.cetys.mx\\\/noticias\\\/ofrece-cetys-nuevo-programa-educativo-de-3-anos-de-forma-hibrida-y-flexible\\\/\"},\"author\":{\"name\":\"Campus Tijuana\",\"@id\":\"https:\\\/\\\/www.cetys.mx\\\/noticias\\\/#\\\/schema\\\/person\\\/e790051ce60e18ae47cfa87011c8653f\"},\"headline\":\"Ofrece CETYS nuevo programa educativo de 3 a\u00f1os de forma h\u00edbrida y flexible\",\"datePublished\":\"2021-03-25T22:58:16+00:00\",\"mainEntityOfPage\":{\"@id\":\"https:\\\/\\\/www.cetys.mx\\\/noticias\\\/ofrece-cetys-nuevo-programa-educativo-de-3-anos-de-forma-hibrida-y-flexible\\\/\"},\"wordCount\":506,\"commentCount\":0,\"image\":{\"@id\":\"https:\\\/\\\/www.cetys.mx\\\/noticias\\\/ofrece-cetys-nuevo-programa-educativo-de-3-anos-de-forma-hibrida-y-flexible\\\/#primaryimage\"},\"thumbnailUrl\":\"https:\\\/\\\/www.cetys.mx\\\/noticias\\\/wp-content\\\/uploads\\\/2021\\\/03\\\/Lic-ejecutiva-LDCM-Tijuana-1.png\",\"keywords\":[\"Licenciaturas ejecutivas\"],\"articleSection\":[\"Campus Tijuana\",\"Portada\",\"VoCETYS\"],\"inLanguage\":\"es\",\"potentialAction\":[{\"@type\":\"CommentAction\",\"name\":\"Comment\",\"target\":[\"https:\\\/\\\/www.cetys.mx\\\/noticias\\\/ofrece-cetys-nuevo-programa-educativo-de-3-anos-de-forma-hibrida-y-flexible\\\/#respond\"]}]},{\"@type\":\"WebPage\",\"@id\":\"https:\\\/\\\/www.cetys.mx\\\/noticias\\\/ofrece-cetys-nuevo-programa-educativo-de-3-anos-de-forma-hibrida-y-flexible\\\/\",\"url\":\"https:\\\/\\\/www.cetys.mx\\\/noticias\\\/ofrece-cetys-nuevo-programa-educativo-de-3-anos-de-forma-hibrida-y-flexible\\\/\",\"name\":\"Ofrece CETYS nuevo programa educativo de 3 a\u00f1os, h\u00edbrido y flexible\",\"isPartOf\":{\"@id\":\"https:\\\/\\\/www.cetys.mx\\\/noticias\\\/#website\"},\"primaryImageOfPage\":{\"@id\":\"https:\\\/\\\/www.cetys.mx\\\/noticias\\\/ofrece-cetys-nuevo-programa-educativo-de-3-anos-de-forma-hibrida-y-flexible\\\/#primaryimage\"},\"image\":{\"@id\":\"https:\\\/\\\/www.cetys.mx\\\/noticias\\\/ofrece-cetys-nuevo-programa-educativo-de-3-anos-de-forma-hibrida-y-flexible\\\/#primaryimage\"},\"thumbnailUrl\":\"https:\\\/\\\/www.cetys.mx\\\/noticias\\\/wp-content\\\/uploads\\\/2021\\\/03\\\/Lic-ejecutiva-LDCM-Tijuana-1.png\",\"datePublished\":\"2021-03-25T22:58:16+00:00\",\"author\":{\"@id\":\"https:\\\/\\\/www.cetys.mx\\\/noticias\\\/#\\\/schema\\\/person\\\/e790051ce60e18ae47cfa87011c8653f\"},\"description\":\"El programa ejecutivo de la Licenciatura en Direcci\u00f3n Comercial de Mercadotecnia es ideal para trabajadores mayores de 22 a\u00f1os.\",\"breadcrumb\":{\"@id\":\"https:\\\/\\\/www.cetys.mx\\\/noticias\\\/ofrece-cetys-nuevo-programa-educativo-de-3-anos-de-forma-hibrida-y-flexible\\\/#breadcrumb\"},\"inLanguage\":\"es\",\"potentialAction\":[{\"@type\":\"ReadAction\",\"target\":[\"https:\\\/\\\/www.cetys.mx\\\/noticias\\\/ofrece-cetys-nuevo-programa-educativo-de-3-anos-de-forma-hibrida-y-flexible\\\/\"]}]},{\"@type\":\"ImageObject\",\"inLanguage\":\"es\",\"@id\":\"https:\\\/\\\/www.cetys.mx\\\/noticias\\\/ofrece-cetys-nuevo-programa-educativo-de-3-anos-de-forma-hibrida-y-flexible\\\/#primaryimage\",\"url\":\"https:\\\/\\\/www.cetys.mx\\\/noticias\\\/wp-content\\\/uploads\\\/2021\\\/03\\\/Lic-ejecutiva-LDCM-Tijuana-1.png\",\"contentUrl\":\"https:\\\/\\\/www.cetys.mx\\\/noticias\\\/wp-content\\\/uploads\\\/2021\\\/03\\\/Lic-ejecutiva-LDCM-Tijuana-1.png\",\"width\":958,\"height\":637},{\"@type\":\"BreadcrumbList\",\"@id\":\"https:\\\/\\\/www.cetys.mx\\\/noticias\\\/ofrece-cetys-nuevo-programa-educativo-de-3-anos-de-forma-hibrida-y-flexible\\\/#breadcrumb\",\"itemListElement\":[{\"@type\":\"ListItem\",\"position\":1,\"name\":\"Inicio\",\"item\":\"https:\\\/\\\/www.cetys.mx\\\/noticias\\\/\"},{\"@type\":\"ListItem\",\"position\":2,\"name\":\"Ofrece CETYS nuevo programa educativo de 3 a\u00f1os de forma h\u00edbrida y flexible\"}]},{\"@type\":\"WebSite\",\"@id\":\"https:\\\/\\\/www.cetys.mx\\\/noticias\\\/#website\",\"url\":\"https:\\\/\\\/www.cetys.mx\\\/noticias\\\/\",\"name\":\"CETYS\",\"description\":\"\",\"potentialAction\":[{\"@type\":\"SearchAction\",\"target\":{\"@type\":\"EntryPoint\",\"urlTemplate\":\"https:\\\/\\\/www.cetys.mx\\\/noticias\\\/?s={search_term_string}\"},\"query-input\":{\"@type\":\"PropertyValueSpecification\",\"valueRequired\":true,\"valueName\":\"search_term_string\"}}],\"inLanguage\":\"es\"},{\"@type\":\"Person\",\"@id\":\"https:\\\/\\\/www.cetys.mx\\\/noticias\\\/#\\\/schema\\\/person\\\/e790051ce60e18ae47cfa87011c8653f\",\"name\":\"Campus Tijuana\",\"url\":\"https:\\\/\\\/www.cetys.mx\\\/noticias\\\/author\\\/campustijuana\\\/\"}]}<\/script>\n<!-- \/ Yoast SEO plugin. -->","yoast_head_json":{"title":"Ofrece CETYS nuevo programa educativo de 3 a\u00f1os, h\u00edbrido y flexible","description":"El programa ejecutivo de la Licenciatura en Direcci\u00f3n Comercial de Mercadotecnia es ideal para trabajadores mayores de 22 a\u00f1os.","robots":{"index":"index","follow":"follow","max-snippet":"max-snippet:-1","max-image-preview":"max-image-preview:large","max-video-preview":"max-video-preview:-1"},"canonical":"https:\/\/www.cetys.mx\/noticias\/ofrece-cetys-nuevo-programa-educativo-de-3-anos-de-forma-hibrida-y-flexible\/","og_locale":"es_MX","og_type":"article","og_title":"Ofrece CETYS nuevo programa educativo de 3 a\u00f1os, h\u00edbrido y flexible","og_description":"El programa ejecutivo de la Licenciatura en Direcci\u00f3n Comercial de Mercadotecnia es ideal para trabajadores mayores de 22 a\u00f1os.","og_url":"https:\/\/www.cetys.mx\/noticias\/ofrece-cetys-nuevo-programa-educativo-de-3-anos-de-forma-hibrida-y-flexible\/","og_site_name":"CETYS","article_publisher":"https:\/\/www.facebook.com\/cetysuniversidadmxl\/","article_published_time":"2021-03-25T22:58:16+00:00","og_image":[{"width":958,"height":637,"url":"https:\/\/www.cetys.mx\/noticias\/wp-content\/uploads\/2021\/03\/Lic-ejecutiva-LDCM-Tijuana-1.png","type":"image\/png"}],"author":"Campus Tijuana","twitter_card":"summary_large_image","twitter_creator":"@cetysuni","twitter_site":"@cetysuni","twitter_misc":{"Escrito por":"Campus Tijuana","Tiempo de lectura":"2 minutos"},"schema":{"@context":"https:\/\/schema.org","@graph":[{"@type":"Article","@id":"https:\/\/www.cetys.mx\/noticias\/ofrece-cetys-nuevo-programa-educativo-de-3-anos-de-forma-hibrida-y-flexible\/#article","isPartOf":{"@id":"https:\/\/www.cetys.mx\/noticias\/ofrece-cetys-nuevo-programa-educativo-de-3-anos-de-forma-hibrida-y-flexible\/"},"author":{"name":"Campus Tijuana","@id":"https:\/\/www.cetys.mx\/noticias\/#\/schema\/person\/e790051ce60e18ae47cfa87011c8653f"},"headline":"Ofrece CETYS nuevo programa educativo de 3 a\u00f1os de forma h\u00edbrida y flexible","datePublished":"2021-03-25T22:58:16+00:00","mainEntityOfPage":{"@id":"https:\/\/www.cetys.mx\/noticias\/ofrece-cetys-nuevo-programa-educativo-de-3-anos-de-forma-hibrida-y-flexible\/"},"wordCount":506,"commentCount":0,"image":{"@id":"https:\/\/www.cetys.mx\/noticias\/ofrece-cetys-nuevo-programa-educativo-de-3-anos-de-forma-hibrida-y-flexible\/#primaryimage"},"thumbnailUrl":"https:\/\/www.cetys.mx\/noticias\/wp-content\/uploads\/2021\/03\/Lic-ejecutiva-LDCM-Tijuana-1.png","keywords":["Licenciaturas ejecutivas"],"articleSection":["Campus Tijuana","Portada","VoCETYS"],"inLanguage":"es","potentialAction":[{"@type":"CommentAction","name":"Comment","target":["https:\/\/www.cetys.mx\/noticias\/ofrece-cetys-nuevo-programa-educativo-de-3-anos-de-forma-hibrida-y-flexible\/#respond"]}]},{"@type":"WebPage","@id":"https:\/\/www.cetys.mx\/noticias\/ofrece-cetys-nuevo-programa-educativo-de-3-anos-de-forma-hibrida-y-flexible\/","url":"https:\/\/www.cetys.mx\/noticias\/ofrece-cetys-nuevo-programa-educativo-de-3-anos-de-forma-hibrida-y-flexible\/","name":"Ofrece CETYS nuevo programa educativo de 3 a\u00f1os, h\u00edbrido y flexible","isPartOf":{"@id":"https:\/\/www.cetys.mx\/noticias\/#website"},"primaryImageOfPage":{"@id":"https:\/\/www.cetys.mx\/noticias\/ofrece-cetys-nuevo-programa-educativo-de-3-anos-de-forma-hibrida-y-flexible\/#primaryimage"},"image":{"@id":"https:\/\/www.cetys.mx\/noticias\/ofrece-cetys-nuevo-programa-educativo-de-3-anos-de-forma-hibrida-y-flexible\/#primaryimage"},"thumbnailUrl":"https:\/\/www.cetys.mx\/noticias\/wp-content\/uploads\/2021\/03\/Lic-ejecutiva-LDCM-Tijuana-1.png","datePublished":"2021-03-25T22:58:16+00:00","author":{"@id":"https:\/\/www.cetys.mx\/noticias\/#\/schema\/person\/e790051ce60e18ae47cfa87011c8653f"},"description":"El programa ejecutivo de la Licenciatura en Direcci\u00f3n Comercial de Mercadotecnia es ideal para trabajadores mayores de 22 a\u00f1os.","breadcrumb":{"@id":"https:\/\/www.cetys.mx\/noticias\/ofrece-cetys-nuevo-programa-educativo-de-3-anos-de-forma-hibrida-y-flexible\/#breadcrumb"},"inLanguage":"es","potentialAction":[{"@type":"ReadAction","target":["https:\/\/www.cetys.mx\/noticias\/ofrece-cetys-nuevo-programa-educativo-de-3-anos-de-forma-hibrida-y-flexible\/"]}]},{"@type":"ImageObject","inLanguage":"es","@id":"https:\/\/www.cetys.mx\/noticias\/ofrece-cetys-nuevo-programa-educativo-de-3-anos-de-forma-hibrida-y-flexible\/#primaryimage","url":"https:\/\/www.cetys.mx\/noticias\/wp-content\/uploads\/2021\/03\/Lic-ejecutiva-LDCM-Tijuana-1.png","contentUrl":"https:\/\/www.cetys.mx\/noticias\/wp-content\/uploads\/2021\/03\/Lic-ejecutiva-LDCM-Tijuana-1.png","width":958,"height":637},{"@type":"BreadcrumbList","@id":"https:\/\/www.cetys.mx\/noticias\/ofrece-cetys-nuevo-programa-educativo-de-3-anos-de-forma-hibrida-y-flexible\/#breadcrumb","itemListElement":[{"@type":"ListItem","position":1,"name":"Inicio","item":"https:\/\/www.cetys.mx\/noticias\/"},{"@type":"ListItem","position":2,"name":"Ofrece CETYS nuevo programa educativo de 3 a\u00f1os de forma h\u00edbrida y flexible"}]},{"@type":"WebSite","@id":"https:\/\/www.cetys.mx\/noticias\/#website","url":"https:\/\/www.cetys.mx\/noticias\/","name":"CETYS","description":"","potentialAction":[{"@type":"SearchAction","target":{"@type":"EntryPoint","urlTemplate":"https:\/\/www.cetys.mx\/noticias\/?s={search_term_string}"},"query-input":{"@type":"PropertyValueSpecification","valueRequired":true,"valueName":"search_term_string"}}],"inLanguage":"es"},{"@type":"Person","@id":"https:\/\/www.cetys.mx\/noticias\/#\/schema\/person\/e790051ce60e18ae47cfa87011c8653f","name":"Campus Tijuana","url":"https:\/\/www.cetys.mx\/noticias\/author\/campustijuana\/"}]}},"_links":{"self":[{"href":"https:\/\/www.cetys.mx\/noticias\/wp-json\/wp\/v2\/posts\/154071","targetHints":{"allow":["GET"]}}],"collection":[{"href":"https:\/\/www.cetys.mx\/noticias\/wp-json\/wp\/v2\/posts"}],"about":[{"href":"https:\/\/www.cetys.mx\/noticias\/wp-json\/wp\/v2\/types\/post"}],"author":[{"embeddable":true,"href":"https:\/\/www.cetys.mx\/noticias\/wp-json\/wp\/v2\/users\/24"}],"replies":[{"embeddable":true,"href":"https:\/\/www.cetys.mx\/noticias\/wp-json\/wp\/v2\/comments?post=154071"}],"version-history":[{"count":1,"href":"https:\/\/www.cetys.mx\/noticias\/wp-json\/wp\/v2\/posts\/154071\/revisions"}],"predecessor-version":[{"id":154074,"href":"https:\/\/www.cetys.mx\/noticias\/wp-json\/wp\/v2\/posts\/154071\/revisions\/154074"}],"wp:featuredmedia":[{"embeddable":true,"href":"https:\/\/www.cetys.mx\/noticias\/wp-json\/wp\/v2\/media\/154072"}],"wp:attachment":[{"href":"https:\/\/www.cetys.mx\/noticias\/wp-json\/wp\/v2\/media?parent=154071"}],"wp:term":[{"taxonomy":"category","embeddable":true,"href":"https:\/\/www.cetys.mx\/noticias\/wp-json\/wp\/v2\/categories?post=154071"},{"taxonomy":"post_tag","embeddable":true,"href":"https:\/\/www.cetys.mx\/noticias\/wp-json\/wp\/v2\/tags?post=154071"}],"curies":[{"name":"wp","href":"https:\/\/api.w.org\/{rel}","templated":true}]}}