{"id":154007,"date":"2021-03-24T08:54:17","date_gmt":"2021-03-24T15:54:17","guid":{"rendered":"https:\/\/www.cetys.mx\/noticias\/?p=154007"},"modified":"2021-08-17T03:18:15","modified_gmt":"2021-08-17T10:18:15","slug":"universidad-y-pandemia-reflexiones-frente-a-la-contingencia","status":"publish","type":"post","link":"https:\/\/www.cetys.mx\/noticias\/universidad-y-pandemia-reflexiones-frente-a-la-contingencia\/","title":{"rendered":"Universidad y Pandemia: Reflexiones Frente a la Contingencia"},"content":{"rendered":"<p style=\"text-align: justify;\">La pr\u00f3xima publicaci\u00f3n del libro <em>Universidad y pandemia: Reflexiones y experiencias frente a la contingencia<\/em>, editado por el Programa Editorial de CETYS Universidad, coincide con el a\u00f1o en que comenz\u00f3 la pandemia. As\u00ed, N\u00e9stor de J. Robles Guti\u00e9rrez, editor, y Jorge Ortega, coordinador del Programa Editorial, se reunieron v\u00eda remota con los doctores Liliana L\u00f3pez Le\u00f3n, Carlos Gonz\u00e1lez Palacios y David Ornelas Guti\u00e9rrez, profesores de la Escuela de Humanidades y coordinadores de la obra, para discutir el contenido de este libro. Los invitamos a leer parte de su reflexi\u00f3n sobre qu\u00e9 aprendieron y qu\u00e9 nos espera la vuelta a la presencialidad.<\/p>\n<p style=\"text-align: justify;\">Liliana L\u00f3pez Le\u00f3n: \u00abEstamos viendo s\u00f3lo una parte todav\u00eda y aunque hay menos incertidumbres, creo que el haber planteado una reflexi\u00f3n en torno a la pandemia y el confinamiento y c\u00f3mo esto se manifiesta en la educaci\u00f3n superior y en otras \u00e1reas, nos pone pensar en lo que cre\u00edamos dado por hecho o lo que cre\u00edamos que estaba bien; posteriormente veremos que, a la vuelta a las aulas \u2013que esperamos sea posible pr\u00f3ximamente\u2013, a la vuelta a la presencialdad veremos algunos cambios. Yo creo que a partir de esta ense\u00f1anza de la distancia apreciaremos mucho m\u00e1s el contacto humano pero tambi\u00e9n hemos revisado nuestras \u00e1reas y nuestros puntos a mejorar como profesores y educadores\u00bb.<\/p>\n<p style=\"text-align: justify;\">Carlos Gonz\u00e1lez Palacios: \u00abA un a\u00f1o de iniciada esta retirada de las aulas, para m\u00ed lo m\u00e1s valioso que rescata el libro, me parece, es la vivencia desde la humanidad de los diferentes actores, estudiantes y profesores, a partir de la experiencia propia que describen c\u00f3mo es que lo vivieron. Lo que nos queda en retrospectiva es que, mientras se generen las esctructuras de acogida, y mientras haya inter\u00e9s por el contexto desde el cual se vive cualquier fen\u00f3meno social, saldremos avante. Vienen retos muy importante: regresar al aula; pero es un regreso distinto, es un regreso donde hay desconfianza pero tambi\u00e9n hay esperanza en que las cosas regresen a una normalidad parecida a la anterior. Vienen tambi\u00e9n algunas preguntas: \u00bfla escuela se transformar\u00e1?, es decir, \u00bfeste cambio fue algo coyuntural o se quedar\u00e1?\u00bb.<\/p>\n<p style=\"text-align: justify;\">David Ornelas Guti\u00e9rrez: \u00abNo es f\u00e1cil llegar a una \u00fanica conclusi\u00f3n sobre lo que hemos aprendido a lo largo de la pandemia, pero s\u00ed me permitir\u00eda resumirlo en una palabra: <em>resiliencia<\/em>. En mi propia experiencia con mis estudiantes y en en mi vida familiar y personal, creo que hemos sabido, frente a unos tiempos muy duros, muy dif\u00edciles, resistir, perseverar y ser resilientes. Yo creo que, al menos, en el caso de CETYS Universidad, hemos demostrado que somos una instituci\u00f3n resiliente, pero no creo que seamos la \u00fanica. Eso a m\u00ed me complace mucho, pues creo que, como dec\u00eda Carlos, es sin\u00f3nimo de la esperanza de que, aunque haya transformaciones importantes a partir de ahora en la vida social y en la vida acad\u00e9mica, podemos seguir adelante\u00bb.<\/p>\n<p>&nbsp;<br \/>\n<img decoding=\"async\" src=\"https:\/\/www.cetys.mx\/noticias\/wp-content\/uploads\/2021\/03\/EPandemia.png\"><\/p>\n","protected":false},"excerpt":{"rendered":"<p>La pr\u00f3xima publicaci\u00f3n del libro Universidad y pandemia: Reflexiones y experiencias frente a la contingencia, editado por el Programa Editorial de CETYS&#8230;<\/p>\n","protected":false},"author":26,"featured_media":154008,"comment_status":"open","ping_status":"closed","sticky":false,"template":"","format":"standard","meta":{"footnotes":""},"categories":[125,4412],"tags":[1562,5114],"class_list":["post-154007","post","type-post","status-publish","format-standard","has-post-thumbnail","hentry","category-portada","category-programa-editorial","tag-programa-editorial","tag-universidad-y-pandemia"],"yoast_head":"<!-- This site is optimized with the Yoast SEO plugin v27.4 - https:\/\/yoast.com\/product\/yoast-seo-wordpress\/ -->\n<title>Universidad y Pandemia: Reflexiones Frente a la Contingencia - CETYS<\/title>\n<meta name=\"description\" content=\"Universidad y pandemia: Reflexiones y experiencias frente a la contingencia, editado por el Programa Editorial de CETYS Universidad, coincide con el a\u00f1o en que comenz\u00f3 la pandemia.\" \/>\n<meta name=\"robots\" content=\"index, follow, max-snippet:-1, max-image-preview:large, max-video-preview:-1\" \/>\n<link rel=\"canonical\" href=\"https:\/\/www.cetys.mx\/noticias\/universidad-y-pandemia-reflexiones-frente-a-la-contingencia\/\" \/>\n<meta property=\"og:locale\" content=\"es_MX\" \/>\n<meta property=\"og:type\" content=\"article\" \/>\n<meta property=\"og:title\" content=\"Universidad y Pandemia: Reflexiones Frente a la Contingencia - CETYS\" \/>\n<meta property=\"og:description\" content=\"Universidad y pandemia: Reflexiones y experiencias frente a la contingencia, editado por el Programa Editorial de CETYS Universidad, coincide con el a\u00f1o en que comenz\u00f3 la pandemia.\" \/>\n<meta property=\"og:url\" content=\"https:\/\/www.cetys.mx\/noticias\/universidad-y-pandemia-reflexiones-frente-a-la-contingencia\/\" \/>\n<meta property=\"og:site_name\" content=\"CETYS\" \/>\n<meta property=\"article:publisher\" content=\"https:\/\/www.facebook.com\/cetysuniversidadmxl\/\" \/>\n<meta property=\"article:published_time\" content=\"2021-03-24T15:54:17+00:00\" \/>\n<meta property=\"article:modified_time\" content=\"2021-08-17T10:18:15+00:00\" \/>\n<meta property=\"og:image\" content=\"https:\/\/www.cetys.mx\/noticias\/wp-content\/uploads\/2021\/03\/EPandemia.png\" \/>\n\t<meta property=\"og:image:width\" content=\"958\" \/>\n\t<meta property=\"og:image:height\" content=\"637\" \/>\n\t<meta property=\"og:image:type\" content=\"image\/png\" \/>\n<meta name=\"author\" content=\"CETYS Institucional\" \/>\n<meta name=\"twitter:card\" content=\"summary_large_image\" \/>\n<meta name=\"twitter:creator\" content=\"@cetysuni\" \/>\n<meta name=\"twitter:site\" content=\"@cetysuni\" \/>\n<meta name=\"twitter:label1\" content=\"Escrito por\" \/>\n\t<meta name=\"twitter:data1\" content=\"CETYS Institucional\" \/>\n\t<meta name=\"twitter:label2\" content=\"Tiempo de lectura\" \/>\n\t<meta name=\"twitter:data2\" content=\"3 minutos\" \/>\n<script type=\"application\/ld+json\" class=\"yoast-schema-graph\">{\"@context\":\"https:\\\/\\\/schema.org\",\"@graph\":[{\"@type\":\"Article\",\"@id\":\"https:\\\/\\\/www.cetys.mx\\\/noticias\\\/universidad-y-pandemia-reflexiones-frente-a-la-contingencia\\\/#article\",\"isPartOf\":{\"@id\":\"https:\\\/\\\/www.cetys.mx\\\/noticias\\\/universidad-y-pandemia-reflexiones-frente-a-la-contingencia\\\/\"},\"author\":{\"name\":\"CETYS Institucional\",\"@id\":\"https:\\\/\\\/www.cetys.mx\\\/noticias\\\/#\\\/schema\\\/person\\\/e9d2b35265b64aa454df57a2828eb2ac\"},\"headline\":\"Universidad y Pandemia: Reflexiones Frente a la Contingencia\",\"datePublished\":\"2021-03-24T15:54:17+00:00\",\"dateModified\":\"2021-08-17T10:18:15+00:00\",\"mainEntityOfPage\":{\"@id\":\"https:\\\/\\\/www.cetys.mx\\\/noticias\\\/universidad-y-pandemia-reflexiones-frente-a-la-contingencia\\\/\"},\"wordCount\":526,\"commentCount\":0,\"image\":{\"@id\":\"https:\\\/\\\/www.cetys.mx\\\/noticias\\\/universidad-y-pandemia-reflexiones-frente-a-la-contingencia\\\/#primaryimage\"},\"thumbnailUrl\":\"https:\\\/\\\/www.cetys.mx\\\/noticias\\\/wp-content\\\/uploads\\\/2021\\\/03\\\/EPandemia.png\",\"keywords\":[\"programa editorial\",\"Universidad y Pandemia\"],\"articleSection\":[\"Portada\",\"Programa Editorial\"],\"inLanguage\":\"es\",\"potentialAction\":[{\"@type\":\"CommentAction\",\"name\":\"Comment\",\"target\":[\"https:\\\/\\\/www.cetys.mx\\\/noticias\\\/universidad-y-pandemia-reflexiones-frente-a-la-contingencia\\\/#respond\"]}]},{\"@type\":\"WebPage\",\"@id\":\"https:\\\/\\\/www.cetys.mx\\\/noticias\\\/universidad-y-pandemia-reflexiones-frente-a-la-contingencia\\\/\",\"url\":\"https:\\\/\\\/www.cetys.mx\\\/noticias\\\/universidad-y-pandemia-reflexiones-frente-a-la-contingencia\\\/\",\"name\":\"Universidad y Pandemia: Reflexiones Frente a la Contingencia - CETYS\",\"isPartOf\":{\"@id\":\"https:\\\/\\\/www.cetys.mx\\\/noticias\\\/#website\"},\"primaryImageOfPage\":{\"@id\":\"https:\\\/\\\/www.cetys.mx\\\/noticias\\\/universidad-y-pandemia-reflexiones-frente-a-la-contingencia\\\/#primaryimage\"},\"image\":{\"@id\":\"https:\\\/\\\/www.cetys.mx\\\/noticias\\\/universidad-y-pandemia-reflexiones-frente-a-la-contingencia\\\/#primaryimage\"},\"thumbnailUrl\":\"https:\\\/\\\/www.cetys.mx\\\/noticias\\\/wp-content\\\/uploads\\\/2021\\\/03\\\/EPandemia.png\",\"datePublished\":\"2021-03-24T15:54:17+00:00\",\"dateModified\":\"2021-08-17T10:18:15+00:00\",\"author\":{\"@id\":\"https:\\\/\\\/www.cetys.mx\\\/noticias\\\/#\\\/schema\\\/person\\\/e9d2b35265b64aa454df57a2828eb2ac\"},\"description\":\"Universidad y pandemia: Reflexiones y experiencias frente a la contingencia, editado por el Programa Editorial de CETYS Universidad, coincide con el a\u00f1o en que comenz\u00f3 la pandemia.\",\"breadcrumb\":{\"@id\":\"https:\\\/\\\/www.cetys.mx\\\/noticias\\\/universidad-y-pandemia-reflexiones-frente-a-la-contingencia\\\/#breadcrumb\"},\"inLanguage\":\"es\",\"potentialAction\":[{\"@type\":\"ReadAction\",\"target\":[\"https:\\\/\\\/www.cetys.mx\\\/noticias\\\/universidad-y-pandemia-reflexiones-frente-a-la-contingencia\\\/\"]}]},{\"@type\":\"ImageObject\",\"inLanguage\":\"es\",\"@id\":\"https:\\\/\\\/www.cetys.mx\\\/noticias\\\/universidad-y-pandemia-reflexiones-frente-a-la-contingencia\\\/#primaryimage\",\"url\":\"https:\\\/\\\/www.cetys.mx\\\/noticias\\\/wp-content\\\/uploads\\\/2021\\\/03\\\/EPandemia.png\",\"contentUrl\":\"https:\\\/\\\/www.cetys.mx\\\/noticias\\\/wp-content\\\/uploads\\\/2021\\\/03\\\/EPandemia.png\",\"width\":958,\"height\":637},{\"@type\":\"BreadcrumbList\",\"@id\":\"https:\\\/\\\/www.cetys.mx\\\/noticias\\\/universidad-y-pandemia-reflexiones-frente-a-la-contingencia\\\/#breadcrumb\",\"itemListElement\":[{\"@type\":\"ListItem\",\"position\":1,\"name\":\"Inicio\",\"item\":\"https:\\\/\\\/www.cetys.mx\\\/noticias\\\/\"},{\"@type\":\"ListItem\",\"position\":2,\"name\":\"Universidad y Pandemia: Reflexiones Frente a la Contingencia\"}]},{\"@type\":\"WebSite\",\"@id\":\"https:\\\/\\\/www.cetys.mx\\\/noticias\\\/#website\",\"url\":\"https:\\\/\\\/www.cetys.mx\\\/noticias\\\/\",\"name\":\"CETYS\",\"description\":\"\",\"potentialAction\":[{\"@type\":\"SearchAction\",\"target\":{\"@type\":\"EntryPoint\",\"urlTemplate\":\"https:\\\/\\\/www.cetys.mx\\\/noticias\\\/?s={search_term_string}\"},\"query-input\":{\"@type\":\"PropertyValueSpecification\",\"valueRequired\":true,\"valueName\":\"search_term_string\"}}],\"inLanguage\":\"es\"},{\"@type\":\"Person\",\"@id\":\"https:\\\/\\\/www.cetys.mx\\\/noticias\\\/#\\\/schema\\\/person\\\/e9d2b35265b64aa454df57a2828eb2ac\",\"name\":\"CETYS Institucional\",\"url\":\"https:\\\/\\\/www.cetys.mx\\\/noticias\\\/author\\\/cetysinstitucional\\\/\"}]}<\/script>\n<!-- \/ Yoast SEO plugin. -->","yoast_head_json":{"title":"Universidad y Pandemia: Reflexiones Frente a la Contingencia - CETYS","description":"Universidad y pandemia: Reflexiones y experiencias frente a la contingencia, editado por el Programa Editorial de CETYS Universidad, coincide con el a\u00f1o en que comenz\u00f3 la pandemia.","robots":{"index":"index","follow":"follow","max-snippet":"max-snippet:-1","max-image-preview":"max-image-preview:large","max-video-preview":"max-video-preview:-1"},"canonical":"https:\/\/www.cetys.mx\/noticias\/universidad-y-pandemia-reflexiones-frente-a-la-contingencia\/","og_locale":"es_MX","og_type":"article","og_title":"Universidad y Pandemia: Reflexiones Frente a la Contingencia - CETYS","og_description":"Universidad y pandemia: Reflexiones y experiencias frente a la contingencia, editado por el Programa Editorial de CETYS Universidad, coincide con el a\u00f1o en que comenz\u00f3 la pandemia.","og_url":"https:\/\/www.cetys.mx\/noticias\/universidad-y-pandemia-reflexiones-frente-a-la-contingencia\/","og_site_name":"CETYS","article_publisher":"https:\/\/www.facebook.com\/cetysuniversidadmxl\/","article_published_time":"2021-03-24T15:54:17+00:00","article_modified_time":"2021-08-17T10:18:15+00:00","og_image":[{"width":958,"height":637,"url":"https:\/\/www.cetys.mx\/noticias\/wp-content\/uploads\/2021\/03\/EPandemia.png","type":"image\/png"}],"author":"CETYS Institucional","twitter_card":"summary_large_image","twitter_creator":"@cetysuni","twitter_site":"@cetysuni","twitter_misc":{"Escrito por":"CETYS Institucional","Tiempo de lectura":"3 minutos"},"schema":{"@context":"https:\/\/schema.org","@graph":[{"@type":"Article","@id":"https:\/\/www.cetys.mx\/noticias\/universidad-y-pandemia-reflexiones-frente-a-la-contingencia\/#article","isPartOf":{"@id":"https:\/\/www.cetys.mx\/noticias\/universidad-y-pandemia-reflexiones-frente-a-la-contingencia\/"},"author":{"name":"CETYS Institucional","@id":"https:\/\/www.cetys.mx\/noticias\/#\/schema\/person\/e9d2b35265b64aa454df57a2828eb2ac"},"headline":"Universidad y Pandemia: Reflexiones Frente a la Contingencia","datePublished":"2021-03-24T15:54:17+00:00","dateModified":"2021-08-17T10:18:15+00:00","mainEntityOfPage":{"@id":"https:\/\/www.cetys.mx\/noticias\/universidad-y-pandemia-reflexiones-frente-a-la-contingencia\/"},"wordCount":526,"commentCount":0,"image":{"@id":"https:\/\/www.cetys.mx\/noticias\/universidad-y-pandemia-reflexiones-frente-a-la-contingencia\/#primaryimage"},"thumbnailUrl":"https:\/\/www.cetys.mx\/noticias\/wp-content\/uploads\/2021\/03\/EPandemia.png","keywords":["programa editorial","Universidad y Pandemia"],"articleSection":["Portada","Programa Editorial"],"inLanguage":"es","potentialAction":[{"@type":"CommentAction","name":"Comment","target":["https:\/\/www.cetys.mx\/noticias\/universidad-y-pandemia-reflexiones-frente-a-la-contingencia\/#respond"]}]},{"@type":"WebPage","@id":"https:\/\/www.cetys.mx\/noticias\/universidad-y-pandemia-reflexiones-frente-a-la-contingencia\/","url":"https:\/\/www.cetys.mx\/noticias\/universidad-y-pandemia-reflexiones-frente-a-la-contingencia\/","name":"Universidad y Pandemia: Reflexiones Frente a la Contingencia - CETYS","isPartOf":{"@id":"https:\/\/www.cetys.mx\/noticias\/#website"},"primaryImageOfPage":{"@id":"https:\/\/www.cetys.mx\/noticias\/universidad-y-pandemia-reflexiones-frente-a-la-contingencia\/#primaryimage"},"image":{"@id":"https:\/\/www.cetys.mx\/noticias\/universidad-y-pandemia-reflexiones-frente-a-la-contingencia\/#primaryimage"},"thumbnailUrl":"https:\/\/www.cetys.mx\/noticias\/wp-content\/uploads\/2021\/03\/EPandemia.png","datePublished":"2021-03-24T15:54:17+00:00","dateModified":"2021-08-17T10:18:15+00:00","author":{"@id":"https:\/\/www.cetys.mx\/noticias\/#\/schema\/person\/e9d2b35265b64aa454df57a2828eb2ac"},"description":"Universidad y pandemia: Reflexiones y experiencias frente a la contingencia, editado por el Programa Editorial de CETYS Universidad, coincide con el a\u00f1o en que comenz\u00f3 la pandemia.","breadcrumb":{"@id":"https:\/\/www.cetys.mx\/noticias\/universidad-y-pandemia-reflexiones-frente-a-la-contingencia\/#breadcrumb"},"inLanguage":"es","potentialAction":[{"@type":"ReadAction","target":["https:\/\/www.cetys.mx\/noticias\/universidad-y-pandemia-reflexiones-frente-a-la-contingencia\/"]}]},{"@type":"ImageObject","inLanguage":"es","@id":"https:\/\/www.cetys.mx\/noticias\/universidad-y-pandemia-reflexiones-frente-a-la-contingencia\/#primaryimage","url":"https:\/\/www.cetys.mx\/noticias\/wp-content\/uploads\/2021\/03\/EPandemia.png","contentUrl":"https:\/\/www.cetys.mx\/noticias\/wp-content\/uploads\/2021\/03\/EPandemia.png","width":958,"height":637},{"@type":"BreadcrumbList","@id":"https:\/\/www.cetys.mx\/noticias\/universidad-y-pandemia-reflexiones-frente-a-la-contingencia\/#breadcrumb","itemListElement":[{"@type":"ListItem","position":1,"name":"Inicio","item":"https:\/\/www.cetys.mx\/noticias\/"},{"@type":"ListItem","position":2,"name":"Universidad y Pandemia: Reflexiones Frente a la Contingencia"}]},{"@type":"WebSite","@id":"https:\/\/www.cetys.mx\/noticias\/#website","url":"https:\/\/www.cetys.mx\/noticias\/","name":"CETYS","description":"","potentialAction":[{"@type":"SearchAction","target":{"@type":"EntryPoint","urlTemplate":"https:\/\/www.cetys.mx\/noticias\/?s={search_term_string}"},"query-input":{"@type":"PropertyValueSpecification","valueRequired":true,"valueName":"search_term_string"}}],"inLanguage":"es"},{"@type":"Person","@id":"https:\/\/www.cetys.mx\/noticias\/#\/schema\/person\/e9d2b35265b64aa454df57a2828eb2ac","name":"CETYS Institucional","url":"https:\/\/www.cetys.mx\/noticias\/author\/cetysinstitucional\/"}]}},"_links":{"self":[{"href":"https:\/\/www.cetys.mx\/noticias\/wp-json\/wp\/v2\/posts\/154007","targetHints":{"allow":["GET"]}}],"collection":[{"href":"https:\/\/www.cetys.mx\/noticias\/wp-json\/wp\/v2\/posts"}],"about":[{"href":"https:\/\/www.cetys.mx\/noticias\/wp-json\/wp\/v2\/types\/post"}],"author":[{"embeddable":true,"href":"https:\/\/www.cetys.mx\/noticias\/wp-json\/wp\/v2\/users\/26"}],"replies":[{"embeddable":true,"href":"https:\/\/www.cetys.mx\/noticias\/wp-json\/wp\/v2\/comments?post=154007"}],"version-history":[{"count":2,"href":"https:\/\/www.cetys.mx\/noticias\/wp-json\/wp\/v2\/posts\/154007\/revisions"}],"predecessor-version":[{"id":157563,"href":"https:\/\/www.cetys.mx\/noticias\/wp-json\/wp\/v2\/posts\/154007\/revisions\/157563"}],"wp:featuredmedia":[{"embeddable":true,"href":"https:\/\/www.cetys.mx\/noticias\/wp-json\/wp\/v2\/media\/154008"}],"wp:attachment":[{"href":"https:\/\/www.cetys.mx\/noticias\/wp-json\/wp\/v2\/media?parent=154007"}],"wp:term":[{"taxonomy":"category","embeddable":true,"href":"https:\/\/www.cetys.mx\/noticias\/wp-json\/wp\/v2\/categories?post=154007"},{"taxonomy":"post_tag","embeddable":true,"href":"https:\/\/www.cetys.mx\/noticias\/wp-json\/wp\/v2\/tags?post=154007"}],"curies":[{"name":"wp","href":"https:\/\/api.w.org\/{rel}","templated":true}]}}