{"id":153957,"date":"2021-03-22T17:38:58","date_gmt":"2021-03-23T00:38:58","guid":{"rendered":"https:\/\/www.cetys.mx\/noticias\/?p=153957"},"modified":"2021-03-22T17:38:58","modified_gmt":"2021-03-23T00:38:58","slug":"reconoce-cetys-a-alumnos-que-destacaron-en-el-2020","status":"publish","type":"post","link":"https:\/\/www.cetys.mx\/noticias\/reconoce-cetys-a-alumnos-que-destacaron-en-el-2020\/","title":{"rendered":"Reconoce CETYS a alumnos que destacaron en el 2020"},"content":{"rendered":"<p style=\"text-align: justify;\">Por su alto rendimiento en actividades acad\u00e9mica, deportivas, culturales, de emprendimiento y vinculaci\u00f3n, directivos de <a href=\"https:\/\/www.cetys.mx\/campus-ensenada\/\">CETYS Universidad Campus Internacional Ensenada<\/a> reconocieron a los alumnos de Preparatoria y Profesional en la tradicional Ceremonia de Reconocimiento a Alumnos Distinguidos agosto-diciembre 2020, esta vez en modalidad virtual.<\/p>\n<p style=\"text-align: justify;\">Acompa\u00f1ados de sus familiares, los estudiantes recibieron el reconocimiento que los distingue como alumnos destacados en diferentes aspectos que contribuyen a una informaci\u00f3n integral y que los empuja a continuar en un camino de excelencia y de \u00e9xitos dentro y fuera de las aulas.<\/p>\n<p style=\"text-align: justify;\">El Dr. Fernando Le\u00f3n Garc\u00eda, Rector del Sistema CETYS Universidad, se\u00f1al\u00f3 que los retos que ha representado la pandemia han permitido esmerarse en la eventualidad y buscar la creatividad e innovaci\u00f3n a estos esfuerzos.<\/p>\n<blockquote>\n<p style=\"text-align: justify;\">\u201cEs a trav\u00e9s de ustedes que su instituci\u00f3n busca integrar pilares de ejemplos para las pr\u00f3ximas generaciones, inspirando con su esfuerzo, diversidad, motivando, guiando y orientando desde una perspectiva integral. Les recuerdo que en la persecuci\u00f3n de sus metas mantengan siempre una visi\u00f3n de alto compromiso moral, de \u00e9tica profesional, constante superaci\u00f3n y de apoyo comunitario\u201d, destac\u00f3.<\/p>\n<\/blockquote>\n<p style=\"text-align: justify;\">Por su parte, la Mtra. Jessica Ibarra Ramonet, Directora Zona Costa de CETYS, destac\u00f3 que este reconocimiento es la recompensa a su trabajo, sus ganas y compromiso por destacar en los \u00e1mbitos acad\u00e9mico, deportivo, cultural, emprendimiento o extracurricular.<\/p>\n<blockquote>\n<p style=\"text-align: justify;\">\u201cComo instituci\u00f3n, nos enorgullece enormemente ver que vamos en buen camino en su formaci\u00f3n, porque ustedes son la mayor contribuci\u00f3n para el mejoramiento econ\u00f3mico, social y cultural, tanto a nivel nacional como global. Los invito a continuar con ese mismo \u00edmpetu, sigan siendo un ejemplo a seguir para nuestra comunidad y para muchos otros j\u00f3venes que, como ustedes, buscan transformar para bien a nuestra sociedad\u201d, expres\u00f3 la Mtra. Ibarra Ramonet.<\/p>\n<\/blockquote>\n<p style=\"text-align: justify;\">A los padres de familia los invit\u00f3 a sentirse orgullosos de sus hijos, ya que son j\u00f3venes que van con pasos firmes hacia sus metas, aunque en ocasiones parezca que el camino es muy largo, ya est\u00e1n en \u00e9l abriendo paso a paso los obst\u00e1culos, descubriendo de lo que son capaces e impulsando sus habilidades al m\u00e1ximo.<\/p>\n<p style=\"text-align: justify;\">El Mtro. Eliseo Mendoza Ortiz, Director de Educaci\u00f3n Media Superior del Sistema CETYS Universidad, record\u00f3 que la instituci\u00f3n se ha caracterizado por brindar apoyo a los talentos de la regi\u00f3n y a comprometerse con ellos a trav\u00e9s de diferentes propuestas en las que potencia las oportunidades en las que los j\u00f3venes pueden desplegar sus habilidades, adem\u00e1s de que les reconoce sus logros.<\/p>\n<div id=\"attachment_153959\" style=\"width: 655px\" class=\"wp-caption aligncenter\"><img loading=\"lazy\" decoding=\"async\" aria-describedby=\"caption-attachment-153959\" class=\" wp-image-153959\" src=\"https:\/\/www.cetys.mx\/noticias\/wp-content\/uploads\/2021\/03\/Collage-Alumnos-distinguidos-Profesional_Portal.png\" alt=\"Alumnos distinguidos Profesional 2021.\" width=\"645\" height=\"429\" srcset=\"https:\/\/www.cetys.mx\/noticias\/wp-content\/uploads\/2021\/03\/Collage-Alumnos-distinguidos-Profesional_Portal.png 959w, https:\/\/www.cetys.mx\/noticias\/wp-content\/uploads\/2021\/03\/Collage-Alumnos-distinguidos-Profesional_Portal-768x511.png 768w\" sizes=\"auto, (max-width: 645px) 100vw, 645px\" \/><p id=\"caption-attachment-153959\" class=\"wp-caption-text\">Alumnos distinguidos Profesional 2021.<\/p><\/div>\n<blockquote>\n<p style=\"text-align: justify;\">\u201cTengo que reconocer tambi\u00e9n que gran parte del \u00e9xito de los j\u00f3venes hoy presentes en estas ceremonias es gracias a la formaci\u00f3n recibida en sus casas, por lo tanto, tenemos que agradecer a los padres de familia la confianza que han tenido en la Preparatoria de CETYS. Como escuela formadora, sabemos que es nuestra responsabilidad ofrecer las oportunidades y las condiciones para que nuestros estudiantes hagan realidad sus aspiraciones, pero no podemos obligar a nadie, son ellos mismos, nuestros j\u00f3venes talentosos, quienes han aprovechado lo que se les ha brindado y han destacado en sus logros\u201d, coment\u00f3.<\/p>\n<\/blockquote>\n<p style=\"text-align: justify;\">El Mtro. Mendoza Ortiz record\u00f3 que, en momentos de crisis como esta pandemia, es necesario ser resilientes, mantener una actitud positiva y saber ver m\u00e1s all\u00e1 de la acci\u00f3n inmediata, ya que el fruto del esfuerzo no siempre es inmediato.<\/p>\n<p style=\"text-align: justify;\">Por parte de los alumnos distinguidos de Profesional, Dan Kevin Quezada Gaxiola, alumno de Ingenier\u00eda Industrial, indic\u00f3 que durante el semestre se adopt\u00f3 la modalidad a distancia como algo pasajero para convertirse en la nueva realidad de todos, por lo que continuaron realizando sus actividades a distancia y con su mejor esfuerzo.<\/p>\n<blockquote>\n<p style=\"text-align: justify;\">\u201cDurante este tiempo aprendimos una cualidad fundamental para la vida, el saber adaptarnos, lo cual ha requerido un gran esfuerzo de todos los profesores y personal de todas las \u00e1reas de CETYS, quienes tienen todo nuestro agradecimiento. Nadie estaba preparado para este cambio tan dr\u00e1stico, pero quisiera pensar que en el futuro podremos ver estos cambios y pensar que no fueron tan malos comparado con lo que pensamos ahora, creo que los avances que se han hecho hasta el d\u00eda de hoy respecto a la educaci\u00f3n a distancia han logrado abrir una puerta importante hacia un futuro donde se aprovechen todas las ventajas que este tipo de educaci\u00f3n ofrece\u201d, destac\u00f3.<\/p>\n<div class=\"video-container\"><iframe loading=\"lazy\" title=\"Ceremonia de Reconocimiento a Alumnos Distinguidos Profesional ago-dic 2020, Campus Ensenada.\" width=\"500\" height=\"281\" src=\"https:\/\/www.youtube.com\/embed\/Y7pSB5WSKPg?feature=oembed\" frameborder=\"0\" allow=\"accelerometer; autoplay; clipboard-write; encrypted-media; gyroscope; picture-in-picture; web-share\" referrerpolicy=\"strict-origin-when-cross-origin\" allowfullscreen><\/iframe><\/div>\n<\/blockquote>\n<p style=\"text-align: justify;\">En representaci\u00f3n de los alumnos distinguidos de bachillerato, la estudiante Ximena Montoya Mendoza reconoci\u00f3 a sus compa\u00f1eros el haberse adaptado a las nuevas formas de trabajar y mantener su desempe\u00f1o acad\u00e9mico en esta nueva modalidad virtual.<\/p>\n<blockquote>\n<p style=\"text-align: justify;\">\u201cUstedes han demostrado que, a pesar de que no podemos controlar lo que pasa alrededor, los sue\u00f1os, metas y logros, al final del d\u00eda dependen de uno mismo, porque nuestros planes tuvieron que cambiar. El \u00faltimo a\u00f1o no fue el esperado, tuvimos que cancelar actividades cambiar la metodolog\u00eda de otras, las interacciones con nuestros amigos, compa\u00f1eros, familiares y profesores se volvieron virtuales tambi\u00e9n cambiaron, pero estamos aqu\u00ed el d\u00eda de hoy, donde la pasi\u00f3n, esfuerzo y el compromiso se han mantenido constantes, los felicito a todos por ello\u201d, reconoci\u00f3.<\/p>\n<p>&nbsp;<\/p><\/blockquote>\n<p><a href=\"http:\/\/https:\/\/www.youtube.com\/watch?v=Zlz6qnxWrAc&#038;feature=youtu.be\">http:\/\/https:\/\/www.youtube.com\/watch?v=Zlz6qnxWrAc&amp;feature=youtu.be<\/a><\/p>\n<p>&nbsp;<\/p>\n<p>&nbsp;<\/p>\n<p>&nbsp;<\/p>\n","protected":false},"excerpt":{"rendered":"<p>Por su alto rendimiento en actividades acad\u00e9mica, deportivas, culturales, de emprendimiento y vinculaci\u00f3n, directivos de CETYS Universidad Campus Internacional Ensenada reconocieron a&#8230;<\/p>\n","protected":false},"author":23,"featured_media":153958,"comment_status":"open","ping_status":"closed","sticky":false,"template":"","format":"standard","meta":{"footnotes":""},"categories":[132,318,306,105,313],"tags":[5089,5112,138,396],"class_list":["post-153957","post","type-post","status-publish","format-standard","has-post-thumbnail","hentry","category-campus-ensenada","category-preparatoria","category-profesional","category-vida-estudiantil","category-vocetys-2","tag-5089","tag-ceremonia-de-alumnos-distinguidos","tag-cetys","tag-ensenada"],"yoast_head":"<!-- This site is optimized with the Yoast SEO plugin v27.4 - https:\/\/yoast.com\/product\/yoast-seo-wordpress\/ -->\n<title>Reconoce CETYS a alumnos que destacaron en el 2020 - CETYS<\/title>\n<meta name=\"description\" content=\"Articulo sobre Reconoce CETYS a alumnos que destacaron en el 2020\" \/>\n<meta name=\"robots\" content=\"index, follow, max-snippet:-1, max-image-preview:large, max-video-preview:-1\" \/>\n<link rel=\"canonical\" href=\"https:\/\/www.cetys.mx\/noticias\/reconoce-cetys-a-alumnos-que-destacaron-en-el-2020\/\" \/>\n<meta property=\"og:locale\" content=\"es_MX\" \/>\n<meta property=\"og:type\" content=\"article\" \/>\n<meta property=\"og:title\" content=\"Reconoce CETYS a alumnos que destacaron en el 2020 - CETYS\" \/>\n<meta property=\"og:description\" content=\"Articulo sobre Reconoce CETYS a alumnos que destacaron en el 2020\" \/>\n<meta property=\"og:url\" content=\"https:\/\/www.cetys.mx\/noticias\/reconoce-cetys-a-alumnos-que-destacaron-en-el-2020\/\" \/>\n<meta property=\"og:site_name\" content=\"CETYS\" \/>\n<meta property=\"article:publisher\" content=\"https:\/\/www.facebook.com\/cetysuniversidadmxl\/\" \/>\n<meta property=\"article:published_time\" content=\"2021-03-23T00:38:58+00:00\" \/>\n<meta property=\"og:image\" content=\"https:\/\/www.cetys.mx\/noticias\/wp-content\/uploads\/2021\/03\/Collage-Alumnos-distinguidos-Prepa_Portal.png\" \/>\n\t<meta property=\"og:image:width\" content=\"959\" \/>\n\t<meta property=\"og:image:height\" content=\"638\" \/>\n\t<meta property=\"og:image:type\" content=\"image\/png\" \/>\n<meta name=\"author\" content=\"Campus Ensenada\" \/>\n<meta name=\"twitter:card\" content=\"summary_large_image\" \/>\n<meta name=\"twitter:creator\" content=\"@cetysuni\" \/>\n<meta name=\"twitter:site\" content=\"@cetysuni\" \/>\n<meta name=\"twitter:label1\" content=\"Escrito por\" \/>\n\t<meta name=\"twitter:data1\" content=\"Campus Ensenada\" \/>\n\t<meta name=\"twitter:label2\" content=\"Tiempo de lectura\" \/>\n\t<meta name=\"twitter:data2\" content=\"5 minutos\" \/>\n<script type=\"application\/ld+json\" class=\"yoast-schema-graph\">{\"@context\":\"https:\\\/\\\/schema.org\",\"@graph\":[{\"@type\":\"Article\",\"@id\":\"https:\\\/\\\/www.cetys.mx\\\/noticias\\\/reconoce-cetys-a-alumnos-que-destacaron-en-el-2020\\\/#article\",\"isPartOf\":{\"@id\":\"https:\\\/\\\/www.cetys.mx\\\/noticias\\\/reconoce-cetys-a-alumnos-que-destacaron-en-el-2020\\\/\"},\"author\":{\"name\":\"Campus Ensenada\",\"@id\":\"https:\\\/\\\/www.cetys.mx\\\/noticias\\\/#\\\/schema\\\/person\\\/1a1a88c0b6586e66a2e9e88e07afc712\"},\"headline\":\"Reconoce CETYS a alumnos que destacaron en el 2020\",\"datePublished\":\"2021-03-23T00:38:58+00:00\",\"mainEntityOfPage\":{\"@id\":\"https:\\\/\\\/www.cetys.mx\\\/noticias\\\/reconoce-cetys-a-alumnos-que-destacaron-en-el-2020\\\/\"},\"wordCount\":932,\"commentCount\":0,\"image\":{\"@id\":\"https:\\\/\\\/www.cetys.mx\\\/noticias\\\/reconoce-cetys-a-alumnos-que-destacaron-en-el-2020\\\/#primaryimage\"},\"thumbnailUrl\":\"https:\\\/\\\/www.cetys.mx\\\/noticias\\\/wp-content\\\/uploads\\\/2021\\\/03\\\/Collage-Alumnos-distinguidos-Prepa_Portal.png\",\"keywords\":[\"2021\",\"Ceremonia de Alumnos Distinguidos\",\"Cetys\",\"ensenada\"],\"articleSection\":[\"Campus Ensenada\",\"Preparatoria\",\"Profesional\",\"Vida Estudiantil\",\"VoCETYS\"],\"inLanguage\":\"es\",\"potentialAction\":[{\"@type\":\"CommentAction\",\"name\":\"Comment\",\"target\":[\"https:\\\/\\\/www.cetys.mx\\\/noticias\\\/reconoce-cetys-a-alumnos-que-destacaron-en-el-2020\\\/#respond\"]}]},{\"@type\":\"WebPage\",\"@id\":\"https:\\\/\\\/www.cetys.mx\\\/noticias\\\/reconoce-cetys-a-alumnos-que-destacaron-en-el-2020\\\/\",\"url\":\"https:\\\/\\\/www.cetys.mx\\\/noticias\\\/reconoce-cetys-a-alumnos-que-destacaron-en-el-2020\\\/\",\"name\":\"Reconoce CETYS a alumnos que destacaron en el 2020 - CETYS\",\"isPartOf\":{\"@id\":\"https:\\\/\\\/www.cetys.mx\\\/noticias\\\/#website\"},\"primaryImageOfPage\":{\"@id\":\"https:\\\/\\\/www.cetys.mx\\\/noticias\\\/reconoce-cetys-a-alumnos-que-destacaron-en-el-2020\\\/#primaryimage\"},\"image\":{\"@id\":\"https:\\\/\\\/www.cetys.mx\\\/noticias\\\/reconoce-cetys-a-alumnos-que-destacaron-en-el-2020\\\/#primaryimage\"},\"thumbnailUrl\":\"https:\\\/\\\/www.cetys.mx\\\/noticias\\\/wp-content\\\/uploads\\\/2021\\\/03\\\/Collage-Alumnos-distinguidos-Prepa_Portal.png\",\"datePublished\":\"2021-03-23T00:38:58+00:00\",\"author\":{\"@id\":\"https:\\\/\\\/www.cetys.mx\\\/noticias\\\/#\\\/schema\\\/person\\\/1a1a88c0b6586e66a2e9e88e07afc712\"},\"description\":\"Articulo sobre Reconoce CETYS a alumnos que destacaron en el 2020\",\"breadcrumb\":{\"@id\":\"https:\\\/\\\/www.cetys.mx\\\/noticias\\\/reconoce-cetys-a-alumnos-que-destacaron-en-el-2020\\\/#breadcrumb\"},\"inLanguage\":\"es\",\"potentialAction\":[{\"@type\":\"ReadAction\",\"target\":[\"https:\\\/\\\/www.cetys.mx\\\/noticias\\\/reconoce-cetys-a-alumnos-que-destacaron-en-el-2020\\\/\"]}]},{\"@type\":\"ImageObject\",\"inLanguage\":\"es\",\"@id\":\"https:\\\/\\\/www.cetys.mx\\\/noticias\\\/reconoce-cetys-a-alumnos-que-destacaron-en-el-2020\\\/#primaryimage\",\"url\":\"https:\\\/\\\/www.cetys.mx\\\/noticias\\\/wp-content\\\/uploads\\\/2021\\\/03\\\/Collage-Alumnos-distinguidos-Prepa_Portal.png\",\"contentUrl\":\"https:\\\/\\\/www.cetys.mx\\\/noticias\\\/wp-content\\\/uploads\\\/2021\\\/03\\\/Collage-Alumnos-distinguidos-Prepa_Portal.png\",\"width\":959,\"height\":638,\"caption\":\"Alumnos distinguidos Prepa 2021.\"},{\"@type\":\"BreadcrumbList\",\"@id\":\"https:\\\/\\\/www.cetys.mx\\\/noticias\\\/reconoce-cetys-a-alumnos-que-destacaron-en-el-2020\\\/#breadcrumb\",\"itemListElement\":[{\"@type\":\"ListItem\",\"position\":1,\"name\":\"Inicio\",\"item\":\"https:\\\/\\\/www.cetys.mx\\\/noticias\\\/\"},{\"@type\":\"ListItem\",\"position\":2,\"name\":\"Reconoce CETYS a alumnos que destacaron en el 2020\"}]},{\"@type\":\"WebSite\",\"@id\":\"https:\\\/\\\/www.cetys.mx\\\/noticias\\\/#website\",\"url\":\"https:\\\/\\\/www.cetys.mx\\\/noticias\\\/\",\"name\":\"CETYS\",\"description\":\"\",\"potentialAction\":[{\"@type\":\"SearchAction\",\"target\":{\"@type\":\"EntryPoint\",\"urlTemplate\":\"https:\\\/\\\/www.cetys.mx\\\/noticias\\\/?s={search_term_string}\"},\"query-input\":{\"@type\":\"PropertyValueSpecification\",\"valueRequired\":true,\"valueName\":\"search_term_string\"}}],\"inLanguage\":\"es\"},{\"@type\":\"Person\",\"@id\":\"https:\\\/\\\/www.cetys.mx\\\/noticias\\\/#\\\/schema\\\/person\\\/1a1a88c0b6586e66a2e9e88e07afc712\",\"name\":\"Campus Ensenada\",\"url\":\"https:\\\/\\\/www.cetys.mx\\\/noticias\\\/author\\\/campusensenada\\\/\"}]}<\/script>\n<!-- \/ Yoast SEO plugin. -->","yoast_head_json":{"title":"Reconoce CETYS a alumnos que destacaron en el 2020 - CETYS","description":"Articulo sobre Reconoce CETYS a alumnos que destacaron en el 2020","robots":{"index":"index","follow":"follow","max-snippet":"max-snippet:-1","max-image-preview":"max-image-preview:large","max-video-preview":"max-video-preview:-1"},"canonical":"https:\/\/www.cetys.mx\/noticias\/reconoce-cetys-a-alumnos-que-destacaron-en-el-2020\/","og_locale":"es_MX","og_type":"article","og_title":"Reconoce CETYS a alumnos que destacaron en el 2020 - CETYS","og_description":"Articulo sobre Reconoce CETYS a alumnos que destacaron en el 2020","og_url":"https:\/\/www.cetys.mx\/noticias\/reconoce-cetys-a-alumnos-que-destacaron-en-el-2020\/","og_site_name":"CETYS","article_publisher":"https:\/\/www.facebook.com\/cetysuniversidadmxl\/","article_published_time":"2021-03-23T00:38:58+00:00","og_image":[{"width":959,"height":638,"url":"https:\/\/www.cetys.mx\/noticias\/wp-content\/uploads\/2021\/03\/Collage-Alumnos-distinguidos-Prepa_Portal.png","type":"image\/png"}],"author":"Campus Ensenada","twitter_card":"summary_large_image","twitter_creator":"@cetysuni","twitter_site":"@cetysuni","twitter_misc":{"Escrito por":"Campus Ensenada","Tiempo de lectura":"5 minutos"},"schema":{"@context":"https:\/\/schema.org","@graph":[{"@type":"Article","@id":"https:\/\/www.cetys.mx\/noticias\/reconoce-cetys-a-alumnos-que-destacaron-en-el-2020\/#article","isPartOf":{"@id":"https:\/\/www.cetys.mx\/noticias\/reconoce-cetys-a-alumnos-que-destacaron-en-el-2020\/"},"author":{"name":"Campus Ensenada","@id":"https:\/\/www.cetys.mx\/noticias\/#\/schema\/person\/1a1a88c0b6586e66a2e9e88e07afc712"},"headline":"Reconoce CETYS a alumnos que destacaron en el 2020","datePublished":"2021-03-23T00:38:58+00:00","mainEntityOfPage":{"@id":"https:\/\/www.cetys.mx\/noticias\/reconoce-cetys-a-alumnos-que-destacaron-en-el-2020\/"},"wordCount":932,"commentCount":0,"image":{"@id":"https:\/\/www.cetys.mx\/noticias\/reconoce-cetys-a-alumnos-que-destacaron-en-el-2020\/#primaryimage"},"thumbnailUrl":"https:\/\/www.cetys.mx\/noticias\/wp-content\/uploads\/2021\/03\/Collage-Alumnos-distinguidos-Prepa_Portal.png","keywords":["2021","Ceremonia de Alumnos Distinguidos","Cetys","ensenada"],"articleSection":["Campus Ensenada","Preparatoria","Profesional","Vida Estudiantil","VoCETYS"],"inLanguage":"es","potentialAction":[{"@type":"CommentAction","name":"Comment","target":["https:\/\/www.cetys.mx\/noticias\/reconoce-cetys-a-alumnos-que-destacaron-en-el-2020\/#respond"]}]},{"@type":"WebPage","@id":"https:\/\/www.cetys.mx\/noticias\/reconoce-cetys-a-alumnos-que-destacaron-en-el-2020\/","url":"https:\/\/www.cetys.mx\/noticias\/reconoce-cetys-a-alumnos-que-destacaron-en-el-2020\/","name":"Reconoce CETYS a alumnos que destacaron en el 2020 - CETYS","isPartOf":{"@id":"https:\/\/www.cetys.mx\/noticias\/#website"},"primaryImageOfPage":{"@id":"https:\/\/www.cetys.mx\/noticias\/reconoce-cetys-a-alumnos-que-destacaron-en-el-2020\/#primaryimage"},"image":{"@id":"https:\/\/www.cetys.mx\/noticias\/reconoce-cetys-a-alumnos-que-destacaron-en-el-2020\/#primaryimage"},"thumbnailUrl":"https:\/\/www.cetys.mx\/noticias\/wp-content\/uploads\/2021\/03\/Collage-Alumnos-distinguidos-Prepa_Portal.png","datePublished":"2021-03-23T00:38:58+00:00","author":{"@id":"https:\/\/www.cetys.mx\/noticias\/#\/schema\/person\/1a1a88c0b6586e66a2e9e88e07afc712"},"description":"Articulo sobre Reconoce CETYS a alumnos que destacaron en el 2020","breadcrumb":{"@id":"https:\/\/www.cetys.mx\/noticias\/reconoce-cetys-a-alumnos-que-destacaron-en-el-2020\/#breadcrumb"},"inLanguage":"es","potentialAction":[{"@type":"ReadAction","target":["https:\/\/www.cetys.mx\/noticias\/reconoce-cetys-a-alumnos-que-destacaron-en-el-2020\/"]}]},{"@type":"ImageObject","inLanguage":"es","@id":"https:\/\/www.cetys.mx\/noticias\/reconoce-cetys-a-alumnos-que-destacaron-en-el-2020\/#primaryimage","url":"https:\/\/www.cetys.mx\/noticias\/wp-content\/uploads\/2021\/03\/Collage-Alumnos-distinguidos-Prepa_Portal.png","contentUrl":"https:\/\/www.cetys.mx\/noticias\/wp-content\/uploads\/2021\/03\/Collage-Alumnos-distinguidos-Prepa_Portal.png","width":959,"height":638,"caption":"Alumnos distinguidos Prepa 2021."},{"@type":"BreadcrumbList","@id":"https:\/\/www.cetys.mx\/noticias\/reconoce-cetys-a-alumnos-que-destacaron-en-el-2020\/#breadcrumb","itemListElement":[{"@type":"ListItem","position":1,"name":"Inicio","item":"https:\/\/www.cetys.mx\/noticias\/"},{"@type":"ListItem","position":2,"name":"Reconoce CETYS a alumnos que destacaron en el 2020"}]},{"@type":"WebSite","@id":"https:\/\/www.cetys.mx\/noticias\/#website","url":"https:\/\/www.cetys.mx\/noticias\/","name":"CETYS","description":"","potentialAction":[{"@type":"SearchAction","target":{"@type":"EntryPoint","urlTemplate":"https:\/\/www.cetys.mx\/noticias\/?s={search_term_string}"},"query-input":{"@type":"PropertyValueSpecification","valueRequired":true,"valueName":"search_term_string"}}],"inLanguage":"es"},{"@type":"Person","@id":"https:\/\/www.cetys.mx\/noticias\/#\/schema\/person\/1a1a88c0b6586e66a2e9e88e07afc712","name":"Campus Ensenada","url":"https:\/\/www.cetys.mx\/noticias\/author\/campusensenada\/"}]}},"_links":{"self":[{"href":"https:\/\/www.cetys.mx\/noticias\/wp-json\/wp\/v2\/posts\/153957","targetHints":{"allow":["GET"]}}],"collection":[{"href":"https:\/\/www.cetys.mx\/noticias\/wp-json\/wp\/v2\/posts"}],"about":[{"href":"https:\/\/www.cetys.mx\/noticias\/wp-json\/wp\/v2\/types\/post"}],"author":[{"embeddable":true,"href":"https:\/\/www.cetys.mx\/noticias\/wp-json\/wp\/v2\/users\/23"}],"replies":[{"embeddable":true,"href":"https:\/\/www.cetys.mx\/noticias\/wp-json\/wp\/v2\/comments?post=153957"}],"version-history":[{"count":1,"href":"https:\/\/www.cetys.mx\/noticias\/wp-json\/wp\/v2\/posts\/153957\/revisions"}],"predecessor-version":[{"id":153960,"href":"https:\/\/www.cetys.mx\/noticias\/wp-json\/wp\/v2\/posts\/153957\/revisions\/153960"}],"wp:featuredmedia":[{"embeddable":true,"href":"https:\/\/www.cetys.mx\/noticias\/wp-json\/wp\/v2\/media\/153958"}],"wp:attachment":[{"href":"https:\/\/www.cetys.mx\/noticias\/wp-json\/wp\/v2\/media?parent=153957"}],"wp:term":[{"taxonomy":"category","embeddable":true,"href":"https:\/\/www.cetys.mx\/noticias\/wp-json\/wp\/v2\/categories?post=153957"},{"taxonomy":"post_tag","embeddable":true,"href":"https:\/\/www.cetys.mx\/noticias\/wp-json\/wp\/v2\/tags?post=153957"}],"curies":[{"name":"wp","href":"https:\/\/api.w.org\/{rel}","templated":true}]}}