{"id":152944,"date":"2021-02-15T10:58:11","date_gmt":"2021-02-15T18:58:11","guid":{"rendered":"https:\/\/www.cetys.mx\/noticias\/?p=152944"},"modified":"2021-02-16T09:25:53","modified_gmt":"2021-02-16T17:25:53","slug":"realmente-protegeria-a-los-usuarios-regular-las-redes-sociales-en-mexico","status":"publish","type":"post","link":"https:\/\/www.cetys.mx\/noticias\/realmente-protegeria-a-los-usuarios-regular-las-redes-sociales-en-mexico\/","title":{"rendered":"\u00bfRealmente proteger\u00eda a los usuarios regular las redes sociales en M\u00e9xico?"},"content":{"rendered":"<p style=\"text-align: center;\"><b><i>Las redes son espacios libres. Las personas pueden tergiversar su uso a conveniencia; incluso gobiernos y personajes p\u00fablicos, por lo que aunque la iniciativa que analiza el Senado de la Rep\u00fablica parece tener buenas intenciones, tambi\u00e9n deja huecos para la manipulaci\u00f3n y el autoritarismo, analiza Experto CETYS<\/i><\/b><\/p>\n<p><span style=\"font-weight: 400;\">Por hacer \u00e9nfasis en el rol que desempe\u00f1an las plataformas digitales y su relaci\u00f3n con la protecci\u00f3n de algunas garant\u00edas individuales como la libertad de expresi\u00f3n y el acceso a la informaci\u00f3n contempladas en la normatividad mexicana vigente, la iniciativa para regular la operaci\u00f3n de las redes sociales en M\u00e9xico presentada en el Senado de la Rep\u00fablica ha levantado \u00e1mpula.<\/span><\/p>\n<p><span style=\"font-weight: 400;\">De acuerdo con el senador inicialista, ser\u00eda necesario reformar la Ley Federal de Telecomunicaciones y Radiodifusi\u00f3n para que el Instituto Federal de Telecomunicaciones pueda establecer l\u00edmites a los prestadores de servicios de redes sociales, argumentando la existencia de censura discrecional al contenido que circula en las redes, sin que sus causas correspondan a regulaci\u00f3n legal alguna; m\u00e1s bien a intereses y pol\u00edticas internas de las plataformas, y mencionando que el bloqueo de contenidos obstruye el derecho a recibir informaci\u00f3n y faculta a las plataformas, amparadas en sus t\u00e9rminos y condiciones de servicio, para imponer ideas espec\u00edficas.\u00a0<\/span><\/p>\n<blockquote><p><span style=\"font-weight: 400;\">\u201cDebemos reflexionar si esta iniciativa verdaderamente protege a los ciudadanos, pues parecer\u00eda que busca transmitir la percepci\u00f3n de que los usuarios son v\u00edctimas y est\u00e1n cautivos a los caprichos de las empresas prestadoras del servicio. La iniciativa no refleja todos los puntos de vista involucrados\u201d, consider\u00f3 el Dr. Armando Reyna Ballesteros, Docente de la Licenciatura en Inteligencia de Negocios e Innovaci\u00f3n de CETYS Universidad Campus Mexicali.<\/span><\/p><\/blockquote>\n<p><span style=\"font-weight: 400;\">A\u00f1adi\u00f3 que se trata de un tema complejo integrado por m\u00faltiples aristas, pues aunque la violencia digital es un problema real, existen otras conductas dif\u00edciles de percibir porque se prestan para una doble interpretaci\u00f3n, por ejemplo, \u00bfD\u00f3nde termina la libertad individual de expresi\u00f3n?, \u00bfEn qu\u00e9 punto se inicia a afectar a terceros o se viola una ley? y quiz\u00e1 lo m\u00e1s importante, \u00bfes confiable la intervenci\u00f3n del gobierno para llevar a cabo la regulaci\u00f3n?.\u00a0<\/span><\/p>\n<p><span style=\"font-weight: 400;\">Las redes sociales son espacios libres y abiertos al debate. Las personas intencionalmente pueden tergiversar su uso para su propia conveniencia; incluso los gobiernos y otros personajes de la vida p\u00fablica, pol\u00edtica y de otros sectores, por lo que aunque la iniciativa parece tener buenas intenciones, \u00e9stas no son suficientes, ya que deja huecos para la manipulaci\u00f3n y el autoritarismo, analiz\u00f3 el acad\u00e9mico.<\/span><\/p>\n<blockquote><p><span style=\"font-weight: 400;\">\u201cLa propuesta no es imparcial, parecer\u00eda que intenta presentar a las redes sociales como sitios ingobernables y sin control, y principalmente, pone de manifiesto que las reglas, c\u00f3digos de conducta y acciones en consecuencia, deber\u00edan consultarse y ser autorizadas por el gobierno. Si habr\u00e1 de llevarse a cabo una regulaci\u00f3n gubernamental, \u00e9sta deber\u00eda tomar en cuenta todos los puntos de vista\u201d.\u00a0<\/span><\/p><\/blockquote>\n<p><span style=\"font-weight: 400;\">No todos los problemas y malas pr\u00e1cticas que ocurren en las redes sociales se clasifican bajo la misma perspectiva, ni ameritan las mismas sanciones. Por ejemplo, ante una difamaci\u00f3n o calumnia, no puede actuarse de la misma forma en que se har\u00eda frente a una situaci\u00f3n de pornograf\u00eda infantil, por lo que en caso de avanzar con el tema, todo debe regularse y atenderse dependiendo su naturaleza.\u00a0<\/span><\/p>\n<blockquote><p><span style=\"font-weight: 400;\">\u201cParecer\u00eda que la soluci\u00f3n correcta no radica en que el gobierno tome el control de las redes sociales, sino en la diversas de alternativas. Sin dobles intenciones y con un aut\u00e9ntico inter\u00e9s en proteger y garantizar espacios con libertad de opini\u00f3n. No se debe meter todo a la misma bolsa, deben anteponerse en todo momento los principios de legalidad, necesidad, proporcionalidad, equidad, pluralidad, legitimidad, igualdad y no discriminaci\u00f3n, sin olvidar que las redes sociales provienen de procesos de creatividad e innovaci\u00f3n tecnol\u00f3gica y no tienen cabida los discursos pol\u00edticos\u201d, concluy\u00f3 el docente.<\/span><\/p><\/blockquote>\n","protected":false},"excerpt":{"rendered":"<p>Las redes son espacios libres. Las personas pueden tergiversar su uso a conveniencia; incluso gobiernos y personajes p\u00fablicos, por lo que aunque&#8230;<\/p>\n","protected":false},"author":20,"featured_media":152919,"comment_status":"open","ping_status":"closed","sticky":false,"template":"","format":"standard","meta":{"footnotes":""},"categories":[133,4579,313],"tags":[4580,5045,395,201,1621,5044,5046,5047,5049],"class_list":["post-152944","post","type-post","status-publish","format-standard","has-post-thumbnail","hentry","category-campus-mexicali","category-expertos-cetys","category-vocetys-2","tag-expertos-cetys","tag-ley-redes-sociales","tag-mexicali","tag-mexico","tag-redes-sociales","tag-regulacion","tag-ricardo-monreal","tag-senado-de-la-republica","tag-vocetys-2021-02-16"],"yoast_head":"<!-- This site is optimized with the Yoast SEO plugin v27.4 - https:\/\/yoast.com\/product\/yoast-seo-wordpress\/ -->\n<title>\u00bfRealmente proteger\u00eda a los usuarios regular las redes sociales en M\u00e9xico? - CETYS<\/title>\n<meta name=\"description\" content=\"Las redes son espacios libres. Las personas pueden tergiversar su uso a conveniencia; incluso gobiernos y personajes p\u00fablicos, por lo que aunque la iniciativa que analiza el Senado de la Rep\u00fablica parece tener buenas intenciones, tambi\u00e9n deja huecos para la manipulaci\u00f3n y el autoritarismo, analiza Experto CETYS\" \/>\n<meta name=\"robots\" content=\"index, follow, max-snippet:-1, max-image-preview:large, max-video-preview:-1\" \/>\n<link rel=\"canonical\" href=\"https:\/\/www.cetys.mx\/noticias\/realmente-protegeria-a-los-usuarios-regular-las-redes-sociales-en-mexico\/\" \/>\n<meta property=\"og:locale\" content=\"es_MX\" \/>\n<meta property=\"og:type\" content=\"article\" \/>\n<meta property=\"og:title\" content=\"\u00bfRealmente proteger\u00eda a los usuarios regular las redes sociales en M\u00e9xico? - CETYS\" \/>\n<meta property=\"og:description\" content=\"Las redes son espacios libres. Las personas pueden tergiversar su uso a conveniencia; incluso gobiernos y personajes p\u00fablicos, por lo que aunque la iniciativa que analiza el Senado de la Rep\u00fablica parece tener buenas intenciones, tambi\u00e9n deja huecos para la manipulaci\u00f3n y el autoritarismo, analiza Experto CETYS\" \/>\n<meta property=\"og:url\" content=\"https:\/\/www.cetys.mx\/noticias\/realmente-protegeria-a-los-usuarios-regular-las-redes-sociales-en-mexico\/\" \/>\n<meta property=\"og:site_name\" content=\"CETYS\" \/>\n<meta property=\"article:publisher\" content=\"https:\/\/www.facebook.com\/cetysuniversidadmxl\/\" \/>\n<meta property=\"article:published_time\" content=\"2021-02-15T18:58:11+00:00\" \/>\n<meta property=\"article:modified_time\" content=\"2021-02-16T17:25:53+00:00\" \/>\n<meta property=\"og:image\" content=\"https:\/\/www.cetys.mx\/noticias\/wp-content\/uploads\/2021\/02\/Principales-redes-sociales.jpg\" \/>\n\t<meta property=\"og:image:width\" content=\"958\" \/>\n\t<meta property=\"og:image:height\" content=\"637\" \/>\n\t<meta property=\"og:image:type\" content=\"image\/jpeg\" \/>\n<meta name=\"author\" content=\"Campus Mexicali\" \/>\n<meta name=\"twitter:card\" content=\"summary_large_image\" \/>\n<meta name=\"twitter:creator\" content=\"@cetysuni\" \/>\n<meta name=\"twitter:site\" content=\"@cetysuni\" \/>\n<meta name=\"twitter:label1\" content=\"Escrito por\" \/>\n\t<meta name=\"twitter:data1\" content=\"Campus Mexicali\" \/>\n\t<meta name=\"twitter:label2\" content=\"Tiempo de lectura\" \/>\n\t<meta name=\"twitter:data2\" content=\"3 minutos\" \/>\n<script type=\"application\/ld+json\" class=\"yoast-schema-graph\">{\"@context\":\"https:\\\/\\\/schema.org\",\"@graph\":[{\"@type\":\"Article\",\"@id\":\"https:\\\/\\\/www.cetys.mx\\\/noticias\\\/realmente-protegeria-a-los-usuarios-regular-las-redes-sociales-en-mexico\\\/#article\",\"isPartOf\":{\"@id\":\"https:\\\/\\\/www.cetys.mx\\\/noticias\\\/realmente-protegeria-a-los-usuarios-regular-las-redes-sociales-en-mexico\\\/\"},\"author\":{\"name\":\"Campus Mexicali\",\"@id\":\"https:\\\/\\\/www.cetys.mx\\\/noticias\\\/#\\\/schema\\\/person\\\/79a95c4ac185f3705cf1b9c9340a5f70\"},\"headline\":\"\u00bfRealmente proteger\u00eda a los usuarios regular las redes sociales en M\u00e9xico?\",\"datePublished\":\"2021-02-15T18:58:11+00:00\",\"dateModified\":\"2021-02-16T17:25:53+00:00\",\"mainEntityOfPage\":{\"@id\":\"https:\\\/\\\/www.cetys.mx\\\/noticias\\\/realmente-protegeria-a-los-usuarios-regular-las-redes-sociales-en-mexico\\\/\"},\"wordCount\":698,\"commentCount\":0,\"image\":{\"@id\":\"https:\\\/\\\/www.cetys.mx\\\/noticias\\\/realmente-protegeria-a-los-usuarios-regular-las-redes-sociales-en-mexico\\\/#primaryimage\"},\"thumbnailUrl\":\"https:\\\/\\\/www.cetys.mx\\\/noticias\\\/wp-content\\\/uploads\\\/2021\\\/02\\\/Principales-redes-sociales.jpg\",\"keywords\":[\"Expertos CETYS\",\"Ley Redes Sociales\",\"mexicali\",\"mexico\",\"Redes Sociales\",\"Regulaci\u00f3n\",\"Ricardo Monreal\",\"Senado de la Rep\u00fablica\",\"vocetys-2021-02-16\"],\"articleSection\":[\"Campus Mexicali\",\"Expertos CETYS\",\"VoCETYS\"],\"inLanguage\":\"es\",\"potentialAction\":[{\"@type\":\"CommentAction\",\"name\":\"Comment\",\"target\":[\"https:\\\/\\\/www.cetys.mx\\\/noticias\\\/realmente-protegeria-a-los-usuarios-regular-las-redes-sociales-en-mexico\\\/#respond\"]}]},{\"@type\":\"WebPage\",\"@id\":\"https:\\\/\\\/www.cetys.mx\\\/noticias\\\/realmente-protegeria-a-los-usuarios-regular-las-redes-sociales-en-mexico\\\/\",\"url\":\"https:\\\/\\\/www.cetys.mx\\\/noticias\\\/realmente-protegeria-a-los-usuarios-regular-las-redes-sociales-en-mexico\\\/\",\"name\":\"\u00bfRealmente proteger\u00eda a los usuarios regular las redes sociales en M\u00e9xico? - CETYS\",\"isPartOf\":{\"@id\":\"https:\\\/\\\/www.cetys.mx\\\/noticias\\\/#website\"},\"primaryImageOfPage\":{\"@id\":\"https:\\\/\\\/www.cetys.mx\\\/noticias\\\/realmente-protegeria-a-los-usuarios-regular-las-redes-sociales-en-mexico\\\/#primaryimage\"},\"image\":{\"@id\":\"https:\\\/\\\/www.cetys.mx\\\/noticias\\\/realmente-protegeria-a-los-usuarios-regular-las-redes-sociales-en-mexico\\\/#primaryimage\"},\"thumbnailUrl\":\"https:\\\/\\\/www.cetys.mx\\\/noticias\\\/wp-content\\\/uploads\\\/2021\\\/02\\\/Principales-redes-sociales.jpg\",\"datePublished\":\"2021-02-15T18:58:11+00:00\",\"dateModified\":\"2021-02-16T17:25:53+00:00\",\"author\":{\"@id\":\"https:\\\/\\\/www.cetys.mx\\\/noticias\\\/#\\\/schema\\\/person\\\/79a95c4ac185f3705cf1b9c9340a5f70\"},\"description\":\"Las redes son espacios libres. Las personas pueden tergiversar su uso a conveniencia; incluso gobiernos y personajes p\u00fablicos, por lo que aunque la iniciativa que analiza el Senado de la Rep\u00fablica parece tener buenas intenciones, tambi\u00e9n deja huecos para la manipulaci\u00f3n y el autoritarismo, analiza Experto CETYS\",\"breadcrumb\":{\"@id\":\"https:\\\/\\\/www.cetys.mx\\\/noticias\\\/realmente-protegeria-a-los-usuarios-regular-las-redes-sociales-en-mexico\\\/#breadcrumb\"},\"inLanguage\":\"es\",\"potentialAction\":[{\"@type\":\"ReadAction\",\"target\":[\"https:\\\/\\\/www.cetys.mx\\\/noticias\\\/realmente-protegeria-a-los-usuarios-regular-las-redes-sociales-en-mexico\\\/\"]}]},{\"@type\":\"ImageObject\",\"inLanguage\":\"es\",\"@id\":\"https:\\\/\\\/www.cetys.mx\\\/noticias\\\/realmente-protegeria-a-los-usuarios-regular-las-redes-sociales-en-mexico\\\/#primaryimage\",\"url\":\"https:\\\/\\\/www.cetys.mx\\\/noticias\\\/wp-content\\\/uploads\\\/2021\\\/02\\\/Principales-redes-sociales.jpg\",\"contentUrl\":\"https:\\\/\\\/www.cetys.mx\\\/noticias\\\/wp-content\\\/uploads\\\/2021\\\/02\\\/Principales-redes-sociales.jpg\",\"width\":958,\"height\":637},{\"@type\":\"BreadcrumbList\",\"@id\":\"https:\\\/\\\/www.cetys.mx\\\/noticias\\\/realmente-protegeria-a-los-usuarios-regular-las-redes-sociales-en-mexico\\\/#breadcrumb\",\"itemListElement\":[{\"@type\":\"ListItem\",\"position\":1,\"name\":\"Inicio\",\"item\":\"https:\\\/\\\/www.cetys.mx\\\/noticias\\\/\"},{\"@type\":\"ListItem\",\"position\":2,\"name\":\"\u00bfRealmente proteger\u00eda a los usuarios regular las redes sociales en M\u00e9xico?\"}]},{\"@type\":\"WebSite\",\"@id\":\"https:\\\/\\\/www.cetys.mx\\\/noticias\\\/#website\",\"url\":\"https:\\\/\\\/www.cetys.mx\\\/noticias\\\/\",\"name\":\"CETYS\",\"description\":\"\",\"potentialAction\":[{\"@type\":\"SearchAction\",\"target\":{\"@type\":\"EntryPoint\",\"urlTemplate\":\"https:\\\/\\\/www.cetys.mx\\\/noticias\\\/?s={search_term_string}\"},\"query-input\":{\"@type\":\"PropertyValueSpecification\",\"valueRequired\":true,\"valueName\":\"search_term_string\"}}],\"inLanguage\":\"es\"},{\"@type\":\"Person\",\"@id\":\"https:\\\/\\\/www.cetys.mx\\\/noticias\\\/#\\\/schema\\\/person\\\/79a95c4ac185f3705cf1b9c9340a5f70\",\"name\":\"Campus Mexicali\",\"url\":\"https:\\\/\\\/www.cetys.mx\\\/noticias\\\/author\\\/campusmexicali\\\/\"}]}<\/script>\n<!-- \/ Yoast SEO plugin. -->","yoast_head_json":{"title":"\u00bfRealmente proteger\u00eda a los usuarios regular las redes sociales en M\u00e9xico? - CETYS","description":"Las redes son espacios libres. Las personas pueden tergiversar su uso a conveniencia; incluso gobiernos y personajes p\u00fablicos, por lo que aunque la iniciativa que analiza el Senado de la Rep\u00fablica parece tener buenas intenciones, tambi\u00e9n deja huecos para la manipulaci\u00f3n y el autoritarismo, analiza Experto CETYS","robots":{"index":"index","follow":"follow","max-snippet":"max-snippet:-1","max-image-preview":"max-image-preview:large","max-video-preview":"max-video-preview:-1"},"canonical":"https:\/\/www.cetys.mx\/noticias\/realmente-protegeria-a-los-usuarios-regular-las-redes-sociales-en-mexico\/","og_locale":"es_MX","og_type":"article","og_title":"\u00bfRealmente proteger\u00eda a los usuarios regular las redes sociales en M\u00e9xico? - CETYS","og_description":"Las redes son espacios libres. Las personas pueden tergiversar su uso a conveniencia; incluso gobiernos y personajes p\u00fablicos, por lo que aunque la iniciativa que analiza el Senado de la Rep\u00fablica parece tener buenas intenciones, tambi\u00e9n deja huecos para la manipulaci\u00f3n y el autoritarismo, analiza Experto CETYS","og_url":"https:\/\/www.cetys.mx\/noticias\/realmente-protegeria-a-los-usuarios-regular-las-redes-sociales-en-mexico\/","og_site_name":"CETYS","article_publisher":"https:\/\/www.facebook.com\/cetysuniversidadmxl\/","article_published_time":"2021-02-15T18:58:11+00:00","article_modified_time":"2021-02-16T17:25:53+00:00","og_image":[{"width":958,"height":637,"url":"https:\/\/www.cetys.mx\/noticias\/wp-content\/uploads\/2021\/02\/Principales-redes-sociales.jpg","type":"image\/jpeg"}],"author":"Campus Mexicali","twitter_card":"summary_large_image","twitter_creator":"@cetysuni","twitter_site":"@cetysuni","twitter_misc":{"Escrito por":"Campus Mexicali","Tiempo de lectura":"3 minutos"},"schema":{"@context":"https:\/\/schema.org","@graph":[{"@type":"Article","@id":"https:\/\/www.cetys.mx\/noticias\/realmente-protegeria-a-los-usuarios-regular-las-redes-sociales-en-mexico\/#article","isPartOf":{"@id":"https:\/\/www.cetys.mx\/noticias\/realmente-protegeria-a-los-usuarios-regular-las-redes-sociales-en-mexico\/"},"author":{"name":"Campus Mexicali","@id":"https:\/\/www.cetys.mx\/noticias\/#\/schema\/person\/79a95c4ac185f3705cf1b9c9340a5f70"},"headline":"\u00bfRealmente proteger\u00eda a los usuarios regular las redes sociales en M\u00e9xico?","datePublished":"2021-02-15T18:58:11+00:00","dateModified":"2021-02-16T17:25:53+00:00","mainEntityOfPage":{"@id":"https:\/\/www.cetys.mx\/noticias\/realmente-protegeria-a-los-usuarios-regular-las-redes-sociales-en-mexico\/"},"wordCount":698,"commentCount":0,"image":{"@id":"https:\/\/www.cetys.mx\/noticias\/realmente-protegeria-a-los-usuarios-regular-las-redes-sociales-en-mexico\/#primaryimage"},"thumbnailUrl":"https:\/\/www.cetys.mx\/noticias\/wp-content\/uploads\/2021\/02\/Principales-redes-sociales.jpg","keywords":["Expertos CETYS","Ley Redes Sociales","mexicali","mexico","Redes Sociales","Regulaci\u00f3n","Ricardo Monreal","Senado de la Rep\u00fablica","vocetys-2021-02-16"],"articleSection":["Campus Mexicali","Expertos CETYS","VoCETYS"],"inLanguage":"es","potentialAction":[{"@type":"CommentAction","name":"Comment","target":["https:\/\/www.cetys.mx\/noticias\/realmente-protegeria-a-los-usuarios-regular-las-redes-sociales-en-mexico\/#respond"]}]},{"@type":"WebPage","@id":"https:\/\/www.cetys.mx\/noticias\/realmente-protegeria-a-los-usuarios-regular-las-redes-sociales-en-mexico\/","url":"https:\/\/www.cetys.mx\/noticias\/realmente-protegeria-a-los-usuarios-regular-las-redes-sociales-en-mexico\/","name":"\u00bfRealmente proteger\u00eda a los usuarios regular las redes sociales en M\u00e9xico? - CETYS","isPartOf":{"@id":"https:\/\/www.cetys.mx\/noticias\/#website"},"primaryImageOfPage":{"@id":"https:\/\/www.cetys.mx\/noticias\/realmente-protegeria-a-los-usuarios-regular-las-redes-sociales-en-mexico\/#primaryimage"},"image":{"@id":"https:\/\/www.cetys.mx\/noticias\/realmente-protegeria-a-los-usuarios-regular-las-redes-sociales-en-mexico\/#primaryimage"},"thumbnailUrl":"https:\/\/www.cetys.mx\/noticias\/wp-content\/uploads\/2021\/02\/Principales-redes-sociales.jpg","datePublished":"2021-02-15T18:58:11+00:00","dateModified":"2021-02-16T17:25:53+00:00","author":{"@id":"https:\/\/www.cetys.mx\/noticias\/#\/schema\/person\/79a95c4ac185f3705cf1b9c9340a5f70"},"description":"Las redes son espacios libres. Las personas pueden tergiversar su uso a conveniencia; incluso gobiernos y personajes p\u00fablicos, por lo que aunque la iniciativa que analiza el Senado de la Rep\u00fablica parece tener buenas intenciones, tambi\u00e9n deja huecos para la manipulaci\u00f3n y el autoritarismo, analiza Experto CETYS","breadcrumb":{"@id":"https:\/\/www.cetys.mx\/noticias\/realmente-protegeria-a-los-usuarios-regular-las-redes-sociales-en-mexico\/#breadcrumb"},"inLanguage":"es","potentialAction":[{"@type":"ReadAction","target":["https:\/\/www.cetys.mx\/noticias\/realmente-protegeria-a-los-usuarios-regular-las-redes-sociales-en-mexico\/"]}]},{"@type":"ImageObject","inLanguage":"es","@id":"https:\/\/www.cetys.mx\/noticias\/realmente-protegeria-a-los-usuarios-regular-las-redes-sociales-en-mexico\/#primaryimage","url":"https:\/\/www.cetys.mx\/noticias\/wp-content\/uploads\/2021\/02\/Principales-redes-sociales.jpg","contentUrl":"https:\/\/www.cetys.mx\/noticias\/wp-content\/uploads\/2021\/02\/Principales-redes-sociales.jpg","width":958,"height":637},{"@type":"BreadcrumbList","@id":"https:\/\/www.cetys.mx\/noticias\/realmente-protegeria-a-los-usuarios-regular-las-redes-sociales-en-mexico\/#breadcrumb","itemListElement":[{"@type":"ListItem","position":1,"name":"Inicio","item":"https:\/\/www.cetys.mx\/noticias\/"},{"@type":"ListItem","position":2,"name":"\u00bfRealmente proteger\u00eda a los usuarios regular las redes sociales en M\u00e9xico?"}]},{"@type":"WebSite","@id":"https:\/\/www.cetys.mx\/noticias\/#website","url":"https:\/\/www.cetys.mx\/noticias\/","name":"CETYS","description":"","potentialAction":[{"@type":"SearchAction","target":{"@type":"EntryPoint","urlTemplate":"https:\/\/www.cetys.mx\/noticias\/?s={search_term_string}"},"query-input":{"@type":"PropertyValueSpecification","valueRequired":true,"valueName":"search_term_string"}}],"inLanguage":"es"},{"@type":"Person","@id":"https:\/\/www.cetys.mx\/noticias\/#\/schema\/person\/79a95c4ac185f3705cf1b9c9340a5f70","name":"Campus Mexicali","url":"https:\/\/www.cetys.mx\/noticias\/author\/campusmexicali\/"}]}},"_links":{"self":[{"href":"https:\/\/www.cetys.mx\/noticias\/wp-json\/wp\/v2\/posts\/152944","targetHints":{"allow":["GET"]}}],"collection":[{"href":"https:\/\/www.cetys.mx\/noticias\/wp-json\/wp\/v2\/posts"}],"about":[{"href":"https:\/\/www.cetys.mx\/noticias\/wp-json\/wp\/v2\/types\/post"}],"author":[{"embeddable":true,"href":"https:\/\/www.cetys.mx\/noticias\/wp-json\/wp\/v2\/users\/20"}],"replies":[{"embeddable":true,"href":"https:\/\/www.cetys.mx\/noticias\/wp-json\/wp\/v2\/comments?post=152944"}],"version-history":[{"count":1,"href":"https:\/\/www.cetys.mx\/noticias\/wp-json\/wp\/v2\/posts\/152944\/revisions"}],"predecessor-version":[{"id":152945,"href":"https:\/\/www.cetys.mx\/noticias\/wp-json\/wp\/v2\/posts\/152944\/revisions\/152945"}],"wp:featuredmedia":[{"embeddable":true,"href":"https:\/\/www.cetys.mx\/noticias\/wp-json\/wp\/v2\/media\/152919"}],"wp:attachment":[{"href":"https:\/\/www.cetys.mx\/noticias\/wp-json\/wp\/v2\/media?parent=152944"}],"wp:term":[{"taxonomy":"category","embeddable":true,"href":"https:\/\/www.cetys.mx\/noticias\/wp-json\/wp\/v2\/categories?post=152944"},{"taxonomy":"post_tag","embeddable":true,"href":"https:\/\/www.cetys.mx\/noticias\/wp-json\/wp\/v2\/tags?post=152944"}],"curies":[{"name":"wp","href":"https:\/\/api.w.org\/{rel}","templated":true}]}}