{"id":152257,"date":"2021-01-20T09:29:00","date_gmt":"2021-01-20T17:29:00","guid":{"rendered":"https:\/\/www.cetys.mx\/noticias\/?p=152257"},"modified":"2021-01-26T10:05:20","modified_gmt":"2021-01-26T18:05:20","slug":"redes-sociales-y-su-papel-en-la-comunicacion-masiva-es-necesaria-la-regulacion","status":"publish","type":"post","link":"https:\/\/www.cetys.mx\/noticias\/redes-sociales-y-su-papel-en-la-comunicacion-masiva-es-necesaria-la-regulacion\/","title":{"rendered":"Redes sociales y su papel en la comunicaci\u00f3n masiva, \u00bfes necesaria la regulaci\u00f3n?"},"content":{"rendered":"<p style=\"text-align: center;\"><b><i>El papel de las empresas de redes sociales y la regulaci\u00f3n de las comunicaciones en l\u00ednea son un territorio inexplorado, pero cada vez m\u00e1s necesario abordarlo, explica Experta CETYS<\/i><\/b><\/p>\n<p>&nbsp;<\/p>\n<p><span style=\"font-weight: 400;\">El bloqueo definitivo de la cuenta personal de Twitter del Presidente de Estados Unidos de Am\u00e9rica (EUA), Donald Trump, as\u00ed como la clausura indefinida de su perfil en Facebook e Instagram, producto de sus expresiones antes y despu\u00e9s de los acontecimientos de asalto y conato de insurrecci\u00f3n ocurridos en el Capitolio estadounidense, pone sobre la mesa importantes cuestionamientos sobre el papel de las empresas de redes sociales y la regulaci\u00f3n de las comunicaciones en l\u00ednea.<\/span><\/p>\n<p>&nbsp;<\/p>\n<p><span style=\"font-weight: 400;\">Se trata de un territorio inexplorado, pero cada vez es m\u00e1s necesario abordarlo, indic\u00f3 la Mtra. Terry C\u00e1rdenas, Docente de la Escuela de Derecho de CETYS Universidad Campus Mexicali, luego de los hechos protagonizados por un grupo de simpatizantes republicanos presuntamente incitados por el propio presidente, al interior del que es quiz\u00e1 el m\u00e1s importante edificio gubernamental de EUA.<\/span><\/p>\n<p>&nbsp;<\/p>\n<p><span style=\"font-weight: 400;\">En su primera enmienda, la Constituci\u00f3n de los Estados Unidos de Am\u00e9rica proh\u00edbe a su gobierno censurar la libertad de expresi\u00f3n, as\u00ed como participar en actos discriminatorios basados en el contenido de las expresiones sin excepci\u00f3n alguna, y garantiza el derecho de la ciudadan\u00eda para reunirse y manifestarse pac\u00edficamente.\u00a0<\/span><\/p>\n<p>&nbsp;<\/p>\n<blockquote><p><span style=\"font-weight: 400;\">\u201cSin embargo, los hechos recientes crean la interrogante de hasta d\u00f3nde llegan los alcances de estas disposiciones legales, y sobretodo, si este derecho tiene limitaciones\u201d, indic\u00f3 la docente, resaltando que si bien, el derecho previsto en la primera enmienda garantiza el derecho a la libertad de expresi\u00f3n, y proh\u00edbe al Estado limitarlo, \u00e9sta no establece una prohibici\u00f3n a los particulares para administrar las expresiones que se emiten a trav\u00e9s de sus plataformas.<\/span><\/p><\/blockquote>\n<p>&nbsp;<\/p>\n<p><span style=\"font-weight: 400;\">A\u00f1adi\u00f3 que aunque la libertad de expresi\u00f3n goza de una amplia protecci\u00f3n de las leyes estadounidenses, tambi\u00e9n existen excepciones a este derecho, por ejemplo, las expresiones que incitan a la violencia, a las acciones ilegales, palabras belicosas, de audiencia hostil, de obscenidades y difamatorias.\u00a0\u00a0<\/span><\/p>\n<p>&nbsp;<\/p>\n<blockquote><p><span style=\"font-weight: 400;\">\u201cAnalizando los hechos y las acusaciones del Presidente Trump por violaci\u00f3n a la primera enmienda, en contra de las medidas adoptadas por los directivos de las principales plataformas sociales de internet a nivel mundial, no se puede considerar directamente una violaci\u00f3n a su libertad de expresi\u00f3n de acuerdo con la Enmienda I, ya que que quienes limitaron el espacio para difundir sus expresiones fueron compa\u00f1\u00edas particulares, actuando como tal, y no por \u00f3rdenes de las autoridades\u201d.<\/span><\/p><\/blockquote>\n<p>&nbsp;<\/p>\n<p><span style=\"font-weight: 400;\">En este caso, es importante resaltar que si bien estas redes sociales son de uso gratuito y para todos los ciudadanos, no son una red p\u00fablica a cargo del gobierno, sino que son administradas por particulares quienes establecen las normas y formas de uso.<\/span><\/p>\n<p>&nbsp;<\/p>\n<blockquote><p><span style=\"font-weight: 400;\">\u201cEs posible que estas acciones sean violatorias a los valores inmersos en la Primera Enmienda, pero legalmente no lo son. Es claro lo que se dispone en esta parte de la Constituci\u00f3n, la cual limita s\u00f3lo a los actores gubernamentales y una empresa particular como lo son Twitter, Facebook e Instagram no son el gobierno.\u00a0<\/span><\/p><\/blockquote>\n<p>&nbsp;<\/p>\n<p><span style=\"font-weight: 400;\">De hecho, estos particulares pueden hacer uso de su derecho conforme la Primera Enmienda para que el gobierno no les exija asociarse con un discurso que no desean\u201d, concluy\u00f3 la experta.<\/span><\/p>\n","protected":false},"excerpt":{"rendered":"<p>El papel de las empresas de redes sociales y la regulaci\u00f3n de las comunicaciones en l\u00ednea son un territorio inexplorado, pero cada&#8230;<\/p>\n","protected":false},"author":20,"featured_media":152214,"comment_status":"open","ping_status":"closed","sticky":false,"template":"","format":"standard","meta":{"footnotes":""},"categories":[133,4579,313],"tags":[5010],"class_list":["post-152257","post","type-post","status-publish","format-standard","has-post-thumbnail","hentry","category-campus-mexicali","category-expertos-cetys","category-vocetys-2","tag-vocetys-2021-01-26"],"yoast_head":"<!-- This site is optimized with the Yoast SEO plugin v27.4 - https:\/\/yoast.com\/product\/yoast-seo-wordpress\/ -->\n<title>Redes sociales y su papel en la comunicaci\u00f3n masiva, \u00bfes necesaria la regulaci\u00f3n? - CETYS<\/title>\n<meta name=\"description\" content=\"El papel de las empresas de redes sociales y la regulaci\u00f3n de las comunicaciones en l\u00ednea son un territorio inexplorado, pero cada vez m\u00e1s necesario abordarlo, explica Experta CETYS\" \/>\n<meta name=\"robots\" content=\"index, follow, max-snippet:-1, max-image-preview:large, max-video-preview:-1\" \/>\n<link rel=\"canonical\" href=\"https:\/\/www.cetys.mx\/noticias\/redes-sociales-y-su-papel-en-la-comunicacion-masiva-es-necesaria-la-regulacion\/\" \/>\n<meta property=\"og:locale\" content=\"es_MX\" \/>\n<meta property=\"og:type\" content=\"article\" \/>\n<meta property=\"og:title\" content=\"Redes sociales y su papel en la comunicaci\u00f3n masiva, \u00bfes necesaria la regulaci\u00f3n? - CETYS\" \/>\n<meta property=\"og:description\" content=\"El papel de las empresas de redes sociales y la regulaci\u00f3n de las comunicaciones en l\u00ednea son un territorio inexplorado, pero cada vez m\u00e1s necesario abordarlo, explica Experta CETYS\" \/>\n<meta property=\"og:url\" content=\"https:\/\/www.cetys.mx\/noticias\/redes-sociales-y-su-papel-en-la-comunicacion-masiva-es-necesaria-la-regulacion\/\" \/>\n<meta property=\"og:site_name\" content=\"CETYS\" \/>\n<meta property=\"article:publisher\" content=\"https:\/\/www.facebook.com\/cetysuniversidadmxl\/\" \/>\n<meta property=\"article:published_time\" content=\"2021-01-20T17:29:00+00:00\" \/>\n<meta property=\"article:modified_time\" content=\"2021-01-26T18:05:20+00:00\" \/>\n<meta property=\"og:image\" content=\"https:\/\/www.cetys.mx\/noticias\/wp-content\/uploads\/2021\/01\/Redes-y-libertad-de-expresion.jpg\" \/>\n\t<meta property=\"og:image:width\" content=\"958\" \/>\n\t<meta property=\"og:image:height\" content=\"637\" \/>\n\t<meta property=\"og:image:type\" content=\"image\/jpeg\" \/>\n<meta name=\"author\" content=\"Campus Mexicali\" \/>\n<meta name=\"twitter:card\" content=\"summary_large_image\" \/>\n<meta name=\"twitter:creator\" content=\"@cetysuni\" \/>\n<meta name=\"twitter:site\" content=\"@cetysuni\" \/>\n<meta name=\"twitter:label1\" content=\"Escrito por\" \/>\n\t<meta name=\"twitter:data1\" content=\"Campus Mexicali\" \/>\n\t<meta name=\"twitter:label2\" content=\"Tiempo de lectura\" \/>\n\t<meta name=\"twitter:data2\" content=\"3 minutos\" \/>\n<script type=\"application\/ld+json\" class=\"yoast-schema-graph\">{\"@context\":\"https:\\\/\\\/schema.org\",\"@graph\":[{\"@type\":\"Article\",\"@id\":\"https:\\\/\\\/www.cetys.mx\\\/noticias\\\/redes-sociales-y-su-papel-en-la-comunicacion-masiva-es-necesaria-la-regulacion\\\/#article\",\"isPartOf\":{\"@id\":\"https:\\\/\\\/www.cetys.mx\\\/noticias\\\/redes-sociales-y-su-papel-en-la-comunicacion-masiva-es-necesaria-la-regulacion\\\/\"},\"author\":{\"name\":\"Campus Mexicali\",\"@id\":\"https:\\\/\\\/www.cetys.mx\\\/noticias\\\/#\\\/schema\\\/person\\\/79a95c4ac185f3705cf1b9c9340a5f70\"},\"headline\":\"Redes sociales y su papel en la comunicaci\u00f3n masiva, \u00bfes necesaria la regulaci\u00f3n?\",\"datePublished\":\"2021-01-20T17:29:00+00:00\",\"dateModified\":\"2021-01-26T18:05:20+00:00\",\"mainEntityOfPage\":{\"@id\":\"https:\\\/\\\/www.cetys.mx\\\/noticias\\\/redes-sociales-y-su-papel-en-la-comunicacion-masiva-es-necesaria-la-regulacion\\\/\"},\"wordCount\":592,\"commentCount\":0,\"image\":{\"@id\":\"https:\\\/\\\/www.cetys.mx\\\/noticias\\\/redes-sociales-y-su-papel-en-la-comunicacion-masiva-es-necesaria-la-regulacion\\\/#primaryimage\"},\"thumbnailUrl\":\"https:\\\/\\\/www.cetys.mx\\\/noticias\\\/wp-content\\\/uploads\\\/2021\\\/01\\\/Redes-y-libertad-de-expresion.jpg\",\"keywords\":[\"vocetys-2021-01-26\"],\"articleSection\":[\"Campus Mexicali\",\"Expertos CETYS\",\"VoCETYS\"],\"inLanguage\":\"es\",\"potentialAction\":[{\"@type\":\"CommentAction\",\"name\":\"Comment\",\"target\":[\"https:\\\/\\\/www.cetys.mx\\\/noticias\\\/redes-sociales-y-su-papel-en-la-comunicacion-masiva-es-necesaria-la-regulacion\\\/#respond\"]}]},{\"@type\":\"WebPage\",\"@id\":\"https:\\\/\\\/www.cetys.mx\\\/noticias\\\/redes-sociales-y-su-papel-en-la-comunicacion-masiva-es-necesaria-la-regulacion\\\/\",\"url\":\"https:\\\/\\\/www.cetys.mx\\\/noticias\\\/redes-sociales-y-su-papel-en-la-comunicacion-masiva-es-necesaria-la-regulacion\\\/\",\"name\":\"Redes sociales y su papel en la comunicaci\u00f3n masiva, \u00bfes necesaria la regulaci\u00f3n? - CETYS\",\"isPartOf\":{\"@id\":\"https:\\\/\\\/www.cetys.mx\\\/noticias\\\/#website\"},\"primaryImageOfPage\":{\"@id\":\"https:\\\/\\\/www.cetys.mx\\\/noticias\\\/redes-sociales-y-su-papel-en-la-comunicacion-masiva-es-necesaria-la-regulacion\\\/#primaryimage\"},\"image\":{\"@id\":\"https:\\\/\\\/www.cetys.mx\\\/noticias\\\/redes-sociales-y-su-papel-en-la-comunicacion-masiva-es-necesaria-la-regulacion\\\/#primaryimage\"},\"thumbnailUrl\":\"https:\\\/\\\/www.cetys.mx\\\/noticias\\\/wp-content\\\/uploads\\\/2021\\\/01\\\/Redes-y-libertad-de-expresion.jpg\",\"datePublished\":\"2021-01-20T17:29:00+00:00\",\"dateModified\":\"2021-01-26T18:05:20+00:00\",\"author\":{\"@id\":\"https:\\\/\\\/www.cetys.mx\\\/noticias\\\/#\\\/schema\\\/person\\\/79a95c4ac185f3705cf1b9c9340a5f70\"},\"description\":\"El papel de las empresas de redes sociales y la regulaci\u00f3n de las comunicaciones en l\u00ednea son un territorio inexplorado, pero cada vez m\u00e1s necesario abordarlo, explica Experta CETYS\",\"breadcrumb\":{\"@id\":\"https:\\\/\\\/www.cetys.mx\\\/noticias\\\/redes-sociales-y-su-papel-en-la-comunicacion-masiva-es-necesaria-la-regulacion\\\/#breadcrumb\"},\"inLanguage\":\"es\",\"potentialAction\":[{\"@type\":\"ReadAction\",\"target\":[\"https:\\\/\\\/www.cetys.mx\\\/noticias\\\/redes-sociales-y-su-papel-en-la-comunicacion-masiva-es-necesaria-la-regulacion\\\/\"]}]},{\"@type\":\"ImageObject\",\"inLanguage\":\"es\",\"@id\":\"https:\\\/\\\/www.cetys.mx\\\/noticias\\\/redes-sociales-y-su-papel-en-la-comunicacion-masiva-es-necesaria-la-regulacion\\\/#primaryimage\",\"url\":\"https:\\\/\\\/www.cetys.mx\\\/noticias\\\/wp-content\\\/uploads\\\/2021\\\/01\\\/Redes-y-libertad-de-expresion.jpg\",\"contentUrl\":\"https:\\\/\\\/www.cetys.mx\\\/noticias\\\/wp-content\\\/uploads\\\/2021\\\/01\\\/Redes-y-libertad-de-expresion.jpg\",\"width\":958,\"height\":637},{\"@type\":\"BreadcrumbList\",\"@id\":\"https:\\\/\\\/www.cetys.mx\\\/noticias\\\/redes-sociales-y-su-papel-en-la-comunicacion-masiva-es-necesaria-la-regulacion\\\/#breadcrumb\",\"itemListElement\":[{\"@type\":\"ListItem\",\"position\":1,\"name\":\"Inicio\",\"item\":\"https:\\\/\\\/www.cetys.mx\\\/noticias\\\/\"},{\"@type\":\"ListItem\",\"position\":2,\"name\":\"Redes sociales y su papel en la comunicaci\u00f3n masiva, \u00bfes necesaria la regulaci\u00f3n?\"}]},{\"@type\":\"WebSite\",\"@id\":\"https:\\\/\\\/www.cetys.mx\\\/noticias\\\/#website\",\"url\":\"https:\\\/\\\/www.cetys.mx\\\/noticias\\\/\",\"name\":\"CETYS\",\"description\":\"\",\"potentialAction\":[{\"@type\":\"SearchAction\",\"target\":{\"@type\":\"EntryPoint\",\"urlTemplate\":\"https:\\\/\\\/www.cetys.mx\\\/noticias\\\/?s={search_term_string}\"},\"query-input\":{\"@type\":\"PropertyValueSpecification\",\"valueRequired\":true,\"valueName\":\"search_term_string\"}}],\"inLanguage\":\"es\"},{\"@type\":\"Person\",\"@id\":\"https:\\\/\\\/www.cetys.mx\\\/noticias\\\/#\\\/schema\\\/person\\\/79a95c4ac185f3705cf1b9c9340a5f70\",\"name\":\"Campus Mexicali\",\"url\":\"https:\\\/\\\/www.cetys.mx\\\/noticias\\\/author\\\/campusmexicali\\\/\"}]}<\/script>\n<!-- \/ Yoast SEO plugin. -->","yoast_head_json":{"title":"Redes sociales y su papel en la comunicaci\u00f3n masiva, \u00bfes necesaria la regulaci\u00f3n? - CETYS","description":"El papel de las empresas de redes sociales y la regulaci\u00f3n de las comunicaciones en l\u00ednea son un territorio inexplorado, pero cada vez m\u00e1s necesario abordarlo, explica Experta CETYS","robots":{"index":"index","follow":"follow","max-snippet":"max-snippet:-1","max-image-preview":"max-image-preview:large","max-video-preview":"max-video-preview:-1"},"canonical":"https:\/\/www.cetys.mx\/noticias\/redes-sociales-y-su-papel-en-la-comunicacion-masiva-es-necesaria-la-regulacion\/","og_locale":"es_MX","og_type":"article","og_title":"Redes sociales y su papel en la comunicaci\u00f3n masiva, \u00bfes necesaria la regulaci\u00f3n? - CETYS","og_description":"El papel de las empresas de redes sociales y la regulaci\u00f3n de las comunicaciones en l\u00ednea son un territorio inexplorado, pero cada vez m\u00e1s necesario abordarlo, explica Experta CETYS","og_url":"https:\/\/www.cetys.mx\/noticias\/redes-sociales-y-su-papel-en-la-comunicacion-masiva-es-necesaria-la-regulacion\/","og_site_name":"CETYS","article_publisher":"https:\/\/www.facebook.com\/cetysuniversidadmxl\/","article_published_time":"2021-01-20T17:29:00+00:00","article_modified_time":"2021-01-26T18:05:20+00:00","og_image":[{"width":958,"height":637,"url":"https:\/\/www.cetys.mx\/noticias\/wp-content\/uploads\/2021\/01\/Redes-y-libertad-de-expresion.jpg","type":"image\/jpeg"}],"author":"Campus Mexicali","twitter_card":"summary_large_image","twitter_creator":"@cetysuni","twitter_site":"@cetysuni","twitter_misc":{"Escrito por":"Campus Mexicali","Tiempo de lectura":"3 minutos"},"schema":{"@context":"https:\/\/schema.org","@graph":[{"@type":"Article","@id":"https:\/\/www.cetys.mx\/noticias\/redes-sociales-y-su-papel-en-la-comunicacion-masiva-es-necesaria-la-regulacion\/#article","isPartOf":{"@id":"https:\/\/www.cetys.mx\/noticias\/redes-sociales-y-su-papel-en-la-comunicacion-masiva-es-necesaria-la-regulacion\/"},"author":{"name":"Campus Mexicali","@id":"https:\/\/www.cetys.mx\/noticias\/#\/schema\/person\/79a95c4ac185f3705cf1b9c9340a5f70"},"headline":"Redes sociales y su papel en la comunicaci\u00f3n masiva, \u00bfes necesaria la regulaci\u00f3n?","datePublished":"2021-01-20T17:29:00+00:00","dateModified":"2021-01-26T18:05:20+00:00","mainEntityOfPage":{"@id":"https:\/\/www.cetys.mx\/noticias\/redes-sociales-y-su-papel-en-la-comunicacion-masiva-es-necesaria-la-regulacion\/"},"wordCount":592,"commentCount":0,"image":{"@id":"https:\/\/www.cetys.mx\/noticias\/redes-sociales-y-su-papel-en-la-comunicacion-masiva-es-necesaria-la-regulacion\/#primaryimage"},"thumbnailUrl":"https:\/\/www.cetys.mx\/noticias\/wp-content\/uploads\/2021\/01\/Redes-y-libertad-de-expresion.jpg","keywords":["vocetys-2021-01-26"],"articleSection":["Campus Mexicali","Expertos CETYS","VoCETYS"],"inLanguage":"es","potentialAction":[{"@type":"CommentAction","name":"Comment","target":["https:\/\/www.cetys.mx\/noticias\/redes-sociales-y-su-papel-en-la-comunicacion-masiva-es-necesaria-la-regulacion\/#respond"]}]},{"@type":"WebPage","@id":"https:\/\/www.cetys.mx\/noticias\/redes-sociales-y-su-papel-en-la-comunicacion-masiva-es-necesaria-la-regulacion\/","url":"https:\/\/www.cetys.mx\/noticias\/redes-sociales-y-su-papel-en-la-comunicacion-masiva-es-necesaria-la-regulacion\/","name":"Redes sociales y su papel en la comunicaci\u00f3n masiva, \u00bfes necesaria la regulaci\u00f3n? - CETYS","isPartOf":{"@id":"https:\/\/www.cetys.mx\/noticias\/#website"},"primaryImageOfPage":{"@id":"https:\/\/www.cetys.mx\/noticias\/redes-sociales-y-su-papel-en-la-comunicacion-masiva-es-necesaria-la-regulacion\/#primaryimage"},"image":{"@id":"https:\/\/www.cetys.mx\/noticias\/redes-sociales-y-su-papel-en-la-comunicacion-masiva-es-necesaria-la-regulacion\/#primaryimage"},"thumbnailUrl":"https:\/\/www.cetys.mx\/noticias\/wp-content\/uploads\/2021\/01\/Redes-y-libertad-de-expresion.jpg","datePublished":"2021-01-20T17:29:00+00:00","dateModified":"2021-01-26T18:05:20+00:00","author":{"@id":"https:\/\/www.cetys.mx\/noticias\/#\/schema\/person\/79a95c4ac185f3705cf1b9c9340a5f70"},"description":"El papel de las empresas de redes sociales y la regulaci\u00f3n de las comunicaciones en l\u00ednea son un territorio inexplorado, pero cada vez m\u00e1s necesario abordarlo, explica Experta CETYS","breadcrumb":{"@id":"https:\/\/www.cetys.mx\/noticias\/redes-sociales-y-su-papel-en-la-comunicacion-masiva-es-necesaria-la-regulacion\/#breadcrumb"},"inLanguage":"es","potentialAction":[{"@type":"ReadAction","target":["https:\/\/www.cetys.mx\/noticias\/redes-sociales-y-su-papel-en-la-comunicacion-masiva-es-necesaria-la-regulacion\/"]}]},{"@type":"ImageObject","inLanguage":"es","@id":"https:\/\/www.cetys.mx\/noticias\/redes-sociales-y-su-papel-en-la-comunicacion-masiva-es-necesaria-la-regulacion\/#primaryimage","url":"https:\/\/www.cetys.mx\/noticias\/wp-content\/uploads\/2021\/01\/Redes-y-libertad-de-expresion.jpg","contentUrl":"https:\/\/www.cetys.mx\/noticias\/wp-content\/uploads\/2021\/01\/Redes-y-libertad-de-expresion.jpg","width":958,"height":637},{"@type":"BreadcrumbList","@id":"https:\/\/www.cetys.mx\/noticias\/redes-sociales-y-su-papel-en-la-comunicacion-masiva-es-necesaria-la-regulacion\/#breadcrumb","itemListElement":[{"@type":"ListItem","position":1,"name":"Inicio","item":"https:\/\/www.cetys.mx\/noticias\/"},{"@type":"ListItem","position":2,"name":"Redes sociales y su papel en la comunicaci\u00f3n masiva, \u00bfes necesaria la regulaci\u00f3n?"}]},{"@type":"WebSite","@id":"https:\/\/www.cetys.mx\/noticias\/#website","url":"https:\/\/www.cetys.mx\/noticias\/","name":"CETYS","description":"","potentialAction":[{"@type":"SearchAction","target":{"@type":"EntryPoint","urlTemplate":"https:\/\/www.cetys.mx\/noticias\/?s={search_term_string}"},"query-input":{"@type":"PropertyValueSpecification","valueRequired":true,"valueName":"search_term_string"}}],"inLanguage":"es"},{"@type":"Person","@id":"https:\/\/www.cetys.mx\/noticias\/#\/schema\/person\/79a95c4ac185f3705cf1b9c9340a5f70","name":"Campus Mexicali","url":"https:\/\/www.cetys.mx\/noticias\/author\/campusmexicali\/"}]}},"_links":{"self":[{"href":"https:\/\/www.cetys.mx\/noticias\/wp-json\/wp\/v2\/posts\/152257","targetHints":{"allow":["GET"]}}],"collection":[{"href":"https:\/\/www.cetys.mx\/noticias\/wp-json\/wp\/v2\/posts"}],"about":[{"href":"https:\/\/www.cetys.mx\/noticias\/wp-json\/wp\/v2\/types\/post"}],"author":[{"embeddable":true,"href":"https:\/\/www.cetys.mx\/noticias\/wp-json\/wp\/v2\/users\/20"}],"replies":[{"embeddable":true,"href":"https:\/\/www.cetys.mx\/noticias\/wp-json\/wp\/v2\/comments?post=152257"}],"version-history":[{"count":1,"href":"https:\/\/www.cetys.mx\/noticias\/wp-json\/wp\/v2\/posts\/152257\/revisions"}],"predecessor-version":[{"id":152258,"href":"https:\/\/www.cetys.mx\/noticias\/wp-json\/wp\/v2\/posts\/152257\/revisions\/152258"}],"wp:featuredmedia":[{"embeddable":true,"href":"https:\/\/www.cetys.mx\/noticias\/wp-json\/wp\/v2\/media\/152214"}],"wp:attachment":[{"href":"https:\/\/www.cetys.mx\/noticias\/wp-json\/wp\/v2\/media?parent=152257"}],"wp:term":[{"taxonomy":"category","embeddable":true,"href":"https:\/\/www.cetys.mx\/noticias\/wp-json\/wp\/v2\/categories?post=152257"},{"taxonomy":"post_tag","embeddable":true,"href":"https:\/\/www.cetys.mx\/noticias\/wp-json\/wp\/v2\/tags?post=152257"}],"curies":[{"name":"wp","href":"https:\/\/api.w.org\/{rel}","templated":true}]}}