{"id":151164,"date":"2020-11-30T15:14:09","date_gmt":"2020-11-30T23:14:09","guid":{"rendered":"https:\/\/www.cetys.mx\/noticias\/?p=151164"},"modified":"2020-11-30T15:25:16","modified_gmt":"2020-11-30T23:25:16","slug":"las-oportunidades-son-para-quienes-las-aprovechan-richard-morales-un-cetys-alumni-internacional","status":"publish","type":"post","link":"https:\/\/www.cetys.mx\/noticias\/las-oportunidades-son-para-quienes-las-aprovechan-richard-morales-un-cetys-alumni-internacional\/","title":{"rendered":"Las oportunidades son para quienes las aprovechan: Richard Morales un CETYS Alumni internacional"},"content":{"rendered":"<p style=\"text-align: justify;\">En medio de la situaci\u00f3n de salud mundial por la que atraviesa la humanidad, historias de so\u00f1adores as\u00ed como los testimonios de que las buenas noticias existen, representan un aliciente para quienes se inspiran de ellas y se convierten en el motor de sus protagonistas.<\/p>\n<p style=\"text-align: justify;\">As\u00ed es como se resume la historia de Richard Morales Osuna, un <a href=\"https:\/\/www.cetys.mx\/alumni\/\">CETYS Alumni<\/a> que d\u00eda a d\u00eda representa con orgullo a su alma mater en cada paso que da.<\/p>\n<p style=\"text-align: justify;\">Richard es egresado de la <a href=\"https:\/\/www.cetys.mx\/oferta-educativa\/ejecutivas\/\">Licenciatura en Administraci\u00f3n de Negocios<\/a>, un programa de <a href=\"https:\/\/www.cetys.mx\/oferta-educativa\/ejecutivas\/\">carreras ejecutivas<\/a> que le permiti\u00f3 continuar sus labores y profesionalizarse en el mundo empresarial as\u00ed como fortalecer habilidades de liderazgo, facilidad de palabra, dominio de dos idiomas, generar Networking y ser integrante de la gran Familia CETYS.<\/p>\n<p>Morales Osuna, tambi\u00e9n es miembro de la comunidad estudiantil provenientes del Sur de California, que le apuestan a una educaci\u00f3n de calidad cruzando la frontera.<\/p>\n<blockquote><p>&#8220;Decid\u00ed estudiar en <a href=\"http:\/\/www.cetys.mx\">CETYS<\/a> porque es una universidad reconocida y represent\u00f3 un reto para mi, al ser de familia latina el espa\u00f1ol no es mi lengua materna, sin embargo, en las clases mejor\u00e9 y expand\u00ed mi conocimiento en el idioma&#8221;<\/p><\/blockquote>\n<p>A lo largo de su desempe\u00f1o como trabajador,\u00a0 el Alumni formo parte de diferentes equipos de recursos humanos, marketing y \u00e1reas administrativas en la industria medica.<\/p>\n<p><a href=\"https:\/\/www.facebook.com\/CETYSalumni\/photos\/a.250215054751\/10159246965269752\/\">https:\/\/www.facebook.com\/CETYSalumni\/photos\/a.250215054751\/10159246965269752\/<\/a><\/p>\n<p style=\"text-align: justify;\">Actualmente, Richard recibi\u00f3 el nombramiento como\u00a0Director de Marketing y Relaciones P\u00fablicas de <a href=\"https:\/\/www.mvhealth.org\/\">Mid-Valley Hospital<\/a>, Okanogan Public Hospital District No. 3 en Omak, Washington.<\/p>\n<blockquote><p>&#8220;Estoy muy emocionado con este gran reto, s\u00e9 que tengo las herramientas para hacer un gran papel. Soy fiel creyente que las experiencias vividas me trajeron hasta aqu\u00ed y gracias a lo que aprend\u00ed de mis profesores en CETYS lo pongo en pr\u00e1ctica&#8221;<\/p>\n<p>Si hay un consejo para las nuevas generaciones que Richard quiere externar es: <strong><em>Persigue tus sue\u00f1os, cuando llegue la oportunidad \u00a1t\u00f3mala! no dudes que ya est\u00e1s listo para ir al siguiente escal\u00f3n en tu vida.<\/em><\/strong><\/p><\/blockquote>\n","protected":false},"excerpt":{"rendered":"<p>En medio de la situaci\u00f3n de salud mundial por la que atraviesa la humanidad, historias de so\u00f1adores as\u00ed como los testimonios de&#8230;<\/p>\n","protected":false},"author":20,"featured_media":151165,"comment_status":"open","ping_status":"closed","sticky":false,"template":"","format":"standard","meta":{"footnotes":""},"categories":[107,133,125,313],"tags":[],"class_list":["post-151164","post","type-post","status-publish","format-standard","has-post-thumbnail","hentry","category-alumni","category-campus-mexicali","category-portada","category-vocetys-2"],"yoast_head":"<!-- This site is optimized with the Yoast SEO plugin v27.4 - https:\/\/yoast.com\/product\/yoast-seo-wordpress\/ -->\n<title>Las oportunidades son para quienes las aprovechan: Richard Morales un CETYS Alumni internacional - CETYS<\/title>\n<meta name=\"description\" content=\"Articulo sobre Las oportunidades son para quienes las aprovechan: Richard Morales un CETYS Alumni internacional\" \/>\n<meta name=\"robots\" content=\"index, follow, max-snippet:-1, max-image-preview:large, max-video-preview:-1\" \/>\n<link rel=\"canonical\" href=\"https:\/\/www.cetys.mx\/noticias\/las-oportunidades-son-para-quienes-las-aprovechan-richard-morales-un-cetys-alumni-internacional\/\" \/>\n<meta property=\"og:locale\" content=\"es_MX\" \/>\n<meta property=\"og:type\" content=\"article\" \/>\n<meta property=\"og:title\" content=\"Las oportunidades son para quienes las aprovechan: Richard Morales un CETYS Alumni internacional - CETYS\" \/>\n<meta property=\"og:description\" content=\"Articulo sobre Las oportunidades son para quienes las aprovechan: Richard Morales un CETYS Alumni internacional\" \/>\n<meta property=\"og:url\" content=\"https:\/\/www.cetys.mx\/noticias\/las-oportunidades-son-para-quienes-las-aprovechan-richard-morales-un-cetys-alumni-internacional\/\" \/>\n<meta property=\"og:site_name\" content=\"CETYS\" \/>\n<meta property=\"article:publisher\" content=\"https:\/\/www.facebook.com\/cetysuniversidadmxl\/\" \/>\n<meta property=\"article:published_time\" content=\"2020-11-30T23:14:09+00:00\" \/>\n<meta property=\"article:modified_time\" content=\"2020-11-30T23:25:16+00:00\" \/>\n<meta property=\"og:image\" content=\"https:\/\/www.cetys.mx\/noticias\/wp-content\/uploads\/2020\/11\/RichardMorales.jpg\" \/>\n\t<meta property=\"og:image:width\" content=\"958\" \/>\n\t<meta property=\"og:image:height\" content=\"639\" \/>\n\t<meta property=\"og:image:type\" content=\"image\/jpeg\" \/>\n<meta name=\"author\" content=\"Campus Mexicali\" \/>\n<meta name=\"twitter:card\" content=\"summary_large_image\" \/>\n<meta name=\"twitter:creator\" content=\"@cetysuni\" \/>\n<meta name=\"twitter:site\" content=\"@cetysuni\" \/>\n<meta name=\"twitter:label1\" content=\"Escrito por\" \/>\n\t<meta name=\"twitter:data1\" content=\"Campus Mexicali\" \/>\n\t<meta name=\"twitter:label2\" content=\"Tiempo de lectura\" \/>\n\t<meta name=\"twitter:data2\" content=\"2 minutos\" \/>\n<script type=\"application\/ld+json\" class=\"yoast-schema-graph\">{\"@context\":\"https:\\\/\\\/schema.org\",\"@graph\":[{\"@type\":\"Article\",\"@id\":\"https:\\\/\\\/www.cetys.mx\\\/noticias\\\/las-oportunidades-son-para-quienes-las-aprovechan-richard-morales-un-cetys-alumni-internacional\\\/#article\",\"isPartOf\":{\"@id\":\"https:\\\/\\\/www.cetys.mx\\\/noticias\\\/las-oportunidades-son-para-quienes-las-aprovechan-richard-morales-un-cetys-alumni-internacional\\\/\"},\"author\":{\"name\":\"Campus Mexicali\",\"@id\":\"https:\\\/\\\/www.cetys.mx\\\/noticias\\\/#\\\/schema\\\/person\\\/79a95c4ac185f3705cf1b9c9340a5f70\"},\"headline\":\"Las oportunidades son para quienes las aprovechan: Richard Morales un CETYS Alumni internacional\",\"datePublished\":\"2020-11-30T23:14:09+00:00\",\"dateModified\":\"2020-11-30T23:25:16+00:00\",\"mainEntityOfPage\":{\"@id\":\"https:\\\/\\\/www.cetys.mx\\\/noticias\\\/las-oportunidades-son-para-quienes-las-aprovechan-richard-morales-un-cetys-alumni-internacional\\\/\"},\"wordCount\":354,\"commentCount\":0,\"image\":{\"@id\":\"https:\\\/\\\/www.cetys.mx\\\/noticias\\\/las-oportunidades-son-para-quienes-las-aprovechan-richard-morales-un-cetys-alumni-internacional\\\/#primaryimage\"},\"thumbnailUrl\":\"https:\\\/\\\/www.cetys.mx\\\/noticias\\\/wp-content\\\/uploads\\\/2020\\\/11\\\/RichardMorales.jpg\",\"articleSection\":[\"Alumni\",\"Campus Mexicali\",\"Portada\",\"VoCETYS\"],\"inLanguage\":\"es\",\"potentialAction\":[{\"@type\":\"CommentAction\",\"name\":\"Comment\",\"target\":[\"https:\\\/\\\/www.cetys.mx\\\/noticias\\\/las-oportunidades-son-para-quienes-las-aprovechan-richard-morales-un-cetys-alumni-internacional\\\/#respond\"]}]},{\"@type\":\"WebPage\",\"@id\":\"https:\\\/\\\/www.cetys.mx\\\/noticias\\\/las-oportunidades-son-para-quienes-las-aprovechan-richard-morales-un-cetys-alumni-internacional\\\/\",\"url\":\"https:\\\/\\\/www.cetys.mx\\\/noticias\\\/las-oportunidades-son-para-quienes-las-aprovechan-richard-morales-un-cetys-alumni-internacional\\\/\",\"name\":\"Las oportunidades son para quienes las aprovechan: Richard Morales un CETYS Alumni internacional - CETYS\",\"isPartOf\":{\"@id\":\"https:\\\/\\\/www.cetys.mx\\\/noticias\\\/#website\"},\"primaryImageOfPage\":{\"@id\":\"https:\\\/\\\/www.cetys.mx\\\/noticias\\\/las-oportunidades-son-para-quienes-las-aprovechan-richard-morales-un-cetys-alumni-internacional\\\/#primaryimage\"},\"image\":{\"@id\":\"https:\\\/\\\/www.cetys.mx\\\/noticias\\\/las-oportunidades-son-para-quienes-las-aprovechan-richard-morales-un-cetys-alumni-internacional\\\/#primaryimage\"},\"thumbnailUrl\":\"https:\\\/\\\/www.cetys.mx\\\/noticias\\\/wp-content\\\/uploads\\\/2020\\\/11\\\/RichardMorales.jpg\",\"datePublished\":\"2020-11-30T23:14:09+00:00\",\"dateModified\":\"2020-11-30T23:25:16+00:00\",\"author\":{\"@id\":\"https:\\\/\\\/www.cetys.mx\\\/noticias\\\/#\\\/schema\\\/person\\\/79a95c4ac185f3705cf1b9c9340a5f70\"},\"description\":\"Articulo sobre Las oportunidades son para quienes las aprovechan: Richard Morales un CETYS Alumni internacional\",\"breadcrumb\":{\"@id\":\"https:\\\/\\\/www.cetys.mx\\\/noticias\\\/las-oportunidades-son-para-quienes-las-aprovechan-richard-morales-un-cetys-alumni-internacional\\\/#breadcrumb\"},\"inLanguage\":\"es\",\"potentialAction\":[{\"@type\":\"ReadAction\",\"target\":[\"https:\\\/\\\/www.cetys.mx\\\/noticias\\\/las-oportunidades-son-para-quienes-las-aprovechan-richard-morales-un-cetys-alumni-internacional\\\/\"]}]},{\"@type\":\"ImageObject\",\"inLanguage\":\"es\",\"@id\":\"https:\\\/\\\/www.cetys.mx\\\/noticias\\\/las-oportunidades-son-para-quienes-las-aprovechan-richard-morales-un-cetys-alumni-internacional\\\/#primaryimage\",\"url\":\"https:\\\/\\\/www.cetys.mx\\\/noticias\\\/wp-content\\\/uploads\\\/2020\\\/11\\\/RichardMorales.jpg\",\"contentUrl\":\"https:\\\/\\\/www.cetys.mx\\\/noticias\\\/wp-content\\\/uploads\\\/2020\\\/11\\\/RichardMorales.jpg\",\"width\":958,\"height\":639,\"caption\":\"CETYS Alumni\"},{\"@type\":\"BreadcrumbList\",\"@id\":\"https:\\\/\\\/www.cetys.mx\\\/noticias\\\/las-oportunidades-son-para-quienes-las-aprovechan-richard-morales-un-cetys-alumni-internacional\\\/#breadcrumb\",\"itemListElement\":[{\"@type\":\"ListItem\",\"position\":1,\"name\":\"Inicio\",\"item\":\"https:\\\/\\\/www.cetys.mx\\\/noticias\\\/\"},{\"@type\":\"ListItem\",\"position\":2,\"name\":\"Las oportunidades son para quienes las aprovechan: Richard Morales un CETYS Alumni internacional\"}]},{\"@type\":\"WebSite\",\"@id\":\"https:\\\/\\\/www.cetys.mx\\\/noticias\\\/#website\",\"url\":\"https:\\\/\\\/www.cetys.mx\\\/noticias\\\/\",\"name\":\"CETYS\",\"description\":\"\",\"potentialAction\":[{\"@type\":\"SearchAction\",\"target\":{\"@type\":\"EntryPoint\",\"urlTemplate\":\"https:\\\/\\\/www.cetys.mx\\\/noticias\\\/?s={search_term_string}\"},\"query-input\":{\"@type\":\"PropertyValueSpecification\",\"valueRequired\":true,\"valueName\":\"search_term_string\"}}],\"inLanguage\":\"es\"},{\"@type\":\"Person\",\"@id\":\"https:\\\/\\\/www.cetys.mx\\\/noticias\\\/#\\\/schema\\\/person\\\/79a95c4ac185f3705cf1b9c9340a5f70\",\"name\":\"Campus Mexicali\",\"url\":\"https:\\\/\\\/www.cetys.mx\\\/noticias\\\/author\\\/campusmexicali\\\/\"}]}<\/script>\n<!-- \/ Yoast SEO plugin. -->","yoast_head_json":{"title":"Las oportunidades son para quienes las aprovechan: Richard Morales un CETYS Alumni internacional - CETYS","description":"Articulo sobre Las oportunidades son para quienes las aprovechan: Richard Morales un CETYS Alumni internacional","robots":{"index":"index","follow":"follow","max-snippet":"max-snippet:-1","max-image-preview":"max-image-preview:large","max-video-preview":"max-video-preview:-1"},"canonical":"https:\/\/www.cetys.mx\/noticias\/las-oportunidades-son-para-quienes-las-aprovechan-richard-morales-un-cetys-alumni-internacional\/","og_locale":"es_MX","og_type":"article","og_title":"Las oportunidades son para quienes las aprovechan: Richard Morales un CETYS Alumni internacional - CETYS","og_description":"Articulo sobre Las oportunidades son para quienes las aprovechan: Richard Morales un CETYS Alumni internacional","og_url":"https:\/\/www.cetys.mx\/noticias\/las-oportunidades-son-para-quienes-las-aprovechan-richard-morales-un-cetys-alumni-internacional\/","og_site_name":"CETYS","article_publisher":"https:\/\/www.facebook.com\/cetysuniversidadmxl\/","article_published_time":"2020-11-30T23:14:09+00:00","article_modified_time":"2020-11-30T23:25:16+00:00","og_image":[{"width":958,"height":639,"url":"https:\/\/www.cetys.mx\/noticias\/wp-content\/uploads\/2020\/11\/RichardMorales.jpg","type":"image\/jpeg"}],"author":"Campus Mexicali","twitter_card":"summary_large_image","twitter_creator":"@cetysuni","twitter_site":"@cetysuni","twitter_misc":{"Escrito por":"Campus Mexicali","Tiempo de lectura":"2 minutos"},"schema":{"@context":"https:\/\/schema.org","@graph":[{"@type":"Article","@id":"https:\/\/www.cetys.mx\/noticias\/las-oportunidades-son-para-quienes-las-aprovechan-richard-morales-un-cetys-alumni-internacional\/#article","isPartOf":{"@id":"https:\/\/www.cetys.mx\/noticias\/las-oportunidades-son-para-quienes-las-aprovechan-richard-morales-un-cetys-alumni-internacional\/"},"author":{"name":"Campus Mexicali","@id":"https:\/\/www.cetys.mx\/noticias\/#\/schema\/person\/79a95c4ac185f3705cf1b9c9340a5f70"},"headline":"Las oportunidades son para quienes las aprovechan: Richard Morales un CETYS Alumni internacional","datePublished":"2020-11-30T23:14:09+00:00","dateModified":"2020-11-30T23:25:16+00:00","mainEntityOfPage":{"@id":"https:\/\/www.cetys.mx\/noticias\/las-oportunidades-son-para-quienes-las-aprovechan-richard-morales-un-cetys-alumni-internacional\/"},"wordCount":354,"commentCount":0,"image":{"@id":"https:\/\/www.cetys.mx\/noticias\/las-oportunidades-son-para-quienes-las-aprovechan-richard-morales-un-cetys-alumni-internacional\/#primaryimage"},"thumbnailUrl":"https:\/\/www.cetys.mx\/noticias\/wp-content\/uploads\/2020\/11\/RichardMorales.jpg","articleSection":["Alumni","Campus Mexicali","Portada","VoCETYS"],"inLanguage":"es","potentialAction":[{"@type":"CommentAction","name":"Comment","target":["https:\/\/www.cetys.mx\/noticias\/las-oportunidades-son-para-quienes-las-aprovechan-richard-morales-un-cetys-alumni-internacional\/#respond"]}]},{"@type":"WebPage","@id":"https:\/\/www.cetys.mx\/noticias\/las-oportunidades-son-para-quienes-las-aprovechan-richard-morales-un-cetys-alumni-internacional\/","url":"https:\/\/www.cetys.mx\/noticias\/las-oportunidades-son-para-quienes-las-aprovechan-richard-morales-un-cetys-alumni-internacional\/","name":"Las oportunidades son para quienes las aprovechan: Richard Morales un CETYS Alumni internacional - CETYS","isPartOf":{"@id":"https:\/\/www.cetys.mx\/noticias\/#website"},"primaryImageOfPage":{"@id":"https:\/\/www.cetys.mx\/noticias\/las-oportunidades-son-para-quienes-las-aprovechan-richard-morales-un-cetys-alumni-internacional\/#primaryimage"},"image":{"@id":"https:\/\/www.cetys.mx\/noticias\/las-oportunidades-son-para-quienes-las-aprovechan-richard-morales-un-cetys-alumni-internacional\/#primaryimage"},"thumbnailUrl":"https:\/\/www.cetys.mx\/noticias\/wp-content\/uploads\/2020\/11\/RichardMorales.jpg","datePublished":"2020-11-30T23:14:09+00:00","dateModified":"2020-11-30T23:25:16+00:00","author":{"@id":"https:\/\/www.cetys.mx\/noticias\/#\/schema\/person\/79a95c4ac185f3705cf1b9c9340a5f70"},"description":"Articulo sobre Las oportunidades son para quienes las aprovechan: Richard Morales un CETYS Alumni internacional","breadcrumb":{"@id":"https:\/\/www.cetys.mx\/noticias\/las-oportunidades-son-para-quienes-las-aprovechan-richard-morales-un-cetys-alumni-internacional\/#breadcrumb"},"inLanguage":"es","potentialAction":[{"@type":"ReadAction","target":["https:\/\/www.cetys.mx\/noticias\/las-oportunidades-son-para-quienes-las-aprovechan-richard-morales-un-cetys-alumni-internacional\/"]}]},{"@type":"ImageObject","inLanguage":"es","@id":"https:\/\/www.cetys.mx\/noticias\/las-oportunidades-son-para-quienes-las-aprovechan-richard-morales-un-cetys-alumni-internacional\/#primaryimage","url":"https:\/\/www.cetys.mx\/noticias\/wp-content\/uploads\/2020\/11\/RichardMorales.jpg","contentUrl":"https:\/\/www.cetys.mx\/noticias\/wp-content\/uploads\/2020\/11\/RichardMorales.jpg","width":958,"height":639,"caption":"CETYS Alumni"},{"@type":"BreadcrumbList","@id":"https:\/\/www.cetys.mx\/noticias\/las-oportunidades-son-para-quienes-las-aprovechan-richard-morales-un-cetys-alumni-internacional\/#breadcrumb","itemListElement":[{"@type":"ListItem","position":1,"name":"Inicio","item":"https:\/\/www.cetys.mx\/noticias\/"},{"@type":"ListItem","position":2,"name":"Las oportunidades son para quienes las aprovechan: Richard Morales un CETYS Alumni internacional"}]},{"@type":"WebSite","@id":"https:\/\/www.cetys.mx\/noticias\/#website","url":"https:\/\/www.cetys.mx\/noticias\/","name":"CETYS","description":"","potentialAction":[{"@type":"SearchAction","target":{"@type":"EntryPoint","urlTemplate":"https:\/\/www.cetys.mx\/noticias\/?s={search_term_string}"},"query-input":{"@type":"PropertyValueSpecification","valueRequired":true,"valueName":"search_term_string"}}],"inLanguage":"es"},{"@type":"Person","@id":"https:\/\/www.cetys.mx\/noticias\/#\/schema\/person\/79a95c4ac185f3705cf1b9c9340a5f70","name":"Campus Mexicali","url":"https:\/\/www.cetys.mx\/noticias\/author\/campusmexicali\/"}]}},"_links":{"self":[{"href":"https:\/\/www.cetys.mx\/noticias\/wp-json\/wp\/v2\/posts\/151164","targetHints":{"allow":["GET"]}}],"collection":[{"href":"https:\/\/www.cetys.mx\/noticias\/wp-json\/wp\/v2\/posts"}],"about":[{"href":"https:\/\/www.cetys.mx\/noticias\/wp-json\/wp\/v2\/types\/post"}],"author":[{"embeddable":true,"href":"https:\/\/www.cetys.mx\/noticias\/wp-json\/wp\/v2\/users\/20"}],"replies":[{"embeddable":true,"href":"https:\/\/www.cetys.mx\/noticias\/wp-json\/wp\/v2\/comments?post=151164"}],"version-history":[{"count":4,"href":"https:\/\/www.cetys.mx\/noticias\/wp-json\/wp\/v2\/posts\/151164\/revisions"}],"predecessor-version":[{"id":151169,"href":"https:\/\/www.cetys.mx\/noticias\/wp-json\/wp\/v2\/posts\/151164\/revisions\/151169"}],"wp:featuredmedia":[{"embeddable":true,"href":"https:\/\/www.cetys.mx\/noticias\/wp-json\/wp\/v2\/media\/151165"}],"wp:attachment":[{"href":"https:\/\/www.cetys.mx\/noticias\/wp-json\/wp\/v2\/media?parent=151164"}],"wp:term":[{"taxonomy":"category","embeddable":true,"href":"https:\/\/www.cetys.mx\/noticias\/wp-json\/wp\/v2\/categories?post=151164"},{"taxonomy":"post_tag","embeddable":true,"href":"https:\/\/www.cetys.mx\/noticias\/wp-json\/wp\/v2\/tags?post=151164"}],"curies":[{"name":"wp","href":"https:\/\/api.w.org\/{rel}","templated":true}]}}