{"id":151112,"date":"2020-11-27T17:27:13","date_gmt":"2020-11-28T01:27:13","guid":{"rendered":"https:\/\/www.cetys.mx\/noticias\/?p=151112"},"modified":"2020-11-27T17:36:41","modified_gmt":"2020-11-28T01:36:41","slug":"compresion-y-solucion-de-problemas-laborales-claves-en-la-ensenanza-de-cetys-carlos-christlieb","status":"publish","type":"post","link":"https:\/\/www.cetys.mx\/noticias\/compresion-y-solucion-de-problemas-laborales-claves-en-la-ensenanza-de-cetys-carlos-christlieb\/","title":{"rendered":"Comprensi\u00f3n y soluci\u00f3n de problemas laborales, claves en la ense\u00f1anza de CETYS: Carlos Christlieb"},"content":{"rendered":"<p style=\"text-align: justify;\"><span style=\"font-weight: 400;\">C<\/span><span style=\"font-weight: 400;\">arlos Esteban Christlieb Ferro es un CETYS Alumni dedicado a la fabricaci\u00f3n de envases met\u00e1licos para la industria de alimentos y bebidas en una importante empresa en el puerto de Ensenada, lugar que le ha permitido desarrollarse como Ingeniero Mec\u00e1nico.<\/span><\/p>\n<p style=\"text-align: justify;\"><span style=\"font-weight: 400;\">El egresado se reconoce como <\/span><span style=\"font-weight: 400;\">una persona disciplinada, confiable y honesta, caracter\u00edsticas que lo han llevado a superar retos importantes en los que ha \u201cechado mano\u201d de su aprendizaje en las aulas de <\/span><a href=\"https:\/\/www.cetys.mx\/campus-ensenada\/\"><span style=\"font-weight: 400;\">CETYS Universidad Campus Internacional Ensenada<\/span><\/a><span style=\"font-weight: 400;\">.<\/span><\/p>\n<p style=\"text-align: justify;\"><span style=\"font-weight: 400;\">El CETYS Alumni<\/span><span style=\"font-weight: 400;\"> forma parte de la primera generaci\u00f3n de Ingenier\u00eda Mec\u00e1nica,algo que lo llena de orgullo y satisfacci\u00f3n, pues su experiencia le ha permitido solucionar problemas de productividad, ha participado en mejoras de proceso, en cambios de cultura de trabajo y proyectos de actualizaci\u00f3n tecnol\u00f3gica dentro de la empresa donde ha laborado.<\/span><\/p>\n<blockquote>\n<p style=\"text-align: justify;\"><span style=\"font-weight: 400;\">\u201cE<\/span><span style=\"font-weight: 400;\">l conocimiento obtenido <\/span><span style=\"font-weight: 400;\">durante mis a\u00f1os de estudio en CETYS<\/span><span style=\"font-weight: 400;\"> me dio total seguridad para iniciar mi vida profesional, porque me brindaron todo lo necesario para desarrollar mi potencial en la industria; tambi\u00e9n es importante destacar que el egresar de una Instituci\u00f3n reconocida da mucha credibilidad a los empleadores\u201d, destac\u00f3.<\/span><\/p>\n<\/blockquote>\n<p style=\"text-align: justify;\"><span style=\"font-weight: 400;\">El compa\u00f1erismo, la perseverancia y esfuerzo, as\u00ed como la comunicaci\u00f3n y la soluci\u00f3n de problemas han sido la clave para el desempe\u00f1o de las diferentes responsabilidades en la vida laboral de C<\/span><span style=\"font-weight: 400;\">arlos Christlieb, fortalezas que, a decir de \u00e9l, desarroll\u00f3 en la Instituci\u00f3n bajacaliforniana.<\/span><\/p>\n<blockquote>\n<p style=\"text-align: justify;\"><span style=\"font-weight: 400;\">\u201cDisfrut\u00e9 mucho ser estudiante de <\/span><a href=\"http:\/\/www.cetys.mx\"><span style=\"font-weight: 400;\">CETYS<\/span><\/a><span style=\"font-weight: 400;\">, agradezco el asesoramiento y empuje por parte de mis maestros porque ya en el campo laboral conforme se me presentaron diferentes retos y necesidades me di cuenta de que me brindaron una formaci\u00f3n integral que me permite comprender los procesos de fabricaci\u00f3n y funcionamientos de los equipos, y tambi\u00e9n dar soluci\u00f3n a conflictos, trabajar en equipo. Nos preparan en todos los sentidos\u201d.<\/span><\/p>\n<\/blockquote>\n<p style=\"text-align: justify;\"><span style=\"font-weight: 400;\">Finalmente, dentro de sus planes a futuro se encuentran: <\/span><span style=\"font-weight: 400;\">buscar dar los resultados que tiene comprometidos su espacio laboral en Ensenada y buscar las estrategias para mejorar notablemente en corto y mediano plazo, as\u00ed como la participaci\u00f3n en proyectos relevantes que le permitan continuar creciendo en la organizaci\u00f3n.<\/span><\/p>\n","protected":false},"excerpt":{"rendered":"<p>Carlos Esteban Christlieb Ferro es un CETYS Alumni dedicado a la fabricaci\u00f3n de envases met\u00e1licos para la industria de alimentos y bebidas&#8230;<\/p>\n","protected":false},"author":23,"featured_media":151113,"comment_status":"open","ping_status":"closed","sticky":false,"template":"","format":"standard","meta":{"footnotes":""},"categories":[107,132],"tags":[],"class_list":["post-151112","post","type-post","status-publish","format-standard","has-post-thumbnail","hentry","category-alumni","category-campus-ensenada"],"yoast_head":"<!-- This site is optimized with the Yoast SEO plugin v27.4 - https:\/\/yoast.com\/product\/yoast-seo-wordpress\/ -->\n<title>Comprensi\u00f3n y soluci\u00f3n de problemas laborales, claves en la ense\u00f1anza de CETYS: Carlos Christlieb - CETYS<\/title>\n<meta name=\"description\" content=\"Articulo sobre Comprensi\u00f3n y soluci\u00f3n de problemas laborales, claves en la ense\u00f1anza de CETYS: Carlos Christlieb\" \/>\n<meta name=\"robots\" content=\"index, follow, max-snippet:-1, max-image-preview:large, max-video-preview:-1\" \/>\n<link rel=\"canonical\" href=\"https:\/\/www.cetys.mx\/noticias\/compresion-y-solucion-de-problemas-laborales-claves-en-la-ensenanza-de-cetys-carlos-christlieb\/\" \/>\n<meta property=\"og:locale\" content=\"es_MX\" \/>\n<meta property=\"og:type\" content=\"article\" \/>\n<meta property=\"og:title\" content=\"Comprensi\u00f3n y soluci\u00f3n de problemas laborales, claves en la ense\u00f1anza de CETYS: Carlos Christlieb - CETYS\" \/>\n<meta property=\"og:description\" content=\"Articulo sobre Comprensi\u00f3n y soluci\u00f3n de problemas laborales, claves en la ense\u00f1anza de CETYS: Carlos Christlieb\" \/>\n<meta property=\"og:url\" content=\"https:\/\/www.cetys.mx\/noticias\/compresion-y-solucion-de-problemas-laborales-claves-en-la-ensenanza-de-cetys-carlos-christlieb\/\" \/>\n<meta property=\"og:site_name\" content=\"CETYS\" \/>\n<meta property=\"article:publisher\" content=\"https:\/\/www.facebook.com\/cetysuniversidadmxl\/\" \/>\n<meta property=\"article:published_time\" content=\"2020-11-28T01:27:13+00:00\" \/>\n<meta property=\"article:modified_time\" content=\"2020-11-28T01:36:41+00:00\" \/>\n<meta property=\"og:image\" content=\"https:\/\/www.cetys.mx\/noticias\/wp-content\/uploads\/2020\/11\/F1.jpg\" \/>\n\t<meta property=\"og:image:width\" content=\"850\" \/>\n\t<meta property=\"og:image:height\" content=\"552\" \/>\n\t<meta property=\"og:image:type\" content=\"image\/jpeg\" \/>\n<meta name=\"author\" content=\"Campus Ensenada\" \/>\n<meta name=\"twitter:card\" content=\"summary_large_image\" \/>\n<meta name=\"twitter:creator\" content=\"@cetysuni\" \/>\n<meta name=\"twitter:site\" content=\"@cetysuni\" \/>\n<meta name=\"twitter:label1\" content=\"Escrito por\" \/>\n\t<meta name=\"twitter:data1\" content=\"Campus Ensenada\" \/>\n\t<meta name=\"twitter:label2\" content=\"Tiempo de lectura\" \/>\n\t<meta name=\"twitter:data2\" content=\"2 minutos\" \/>\n<script type=\"application\/ld+json\" class=\"yoast-schema-graph\">{\"@context\":\"https:\\\/\\\/schema.org\",\"@graph\":[{\"@type\":\"Article\",\"@id\":\"https:\\\/\\\/www.cetys.mx\\\/noticias\\\/compresion-y-solucion-de-problemas-laborales-claves-en-la-ensenanza-de-cetys-carlos-christlieb\\\/#article\",\"isPartOf\":{\"@id\":\"https:\\\/\\\/www.cetys.mx\\\/noticias\\\/compresion-y-solucion-de-problemas-laborales-claves-en-la-ensenanza-de-cetys-carlos-christlieb\\\/\"},\"author\":{\"name\":\"Campus Ensenada\",\"@id\":\"https:\\\/\\\/www.cetys.mx\\\/noticias\\\/#\\\/schema\\\/person\\\/1a1a88c0b6586e66a2e9e88e07afc712\"},\"headline\":\"Comprensi\u00f3n y soluci\u00f3n de problemas laborales, claves en la ense\u00f1anza de CETYS: Carlos Christlieb\",\"datePublished\":\"2020-11-28T01:27:13+00:00\",\"dateModified\":\"2020-11-28T01:36:41+00:00\",\"mainEntityOfPage\":{\"@id\":\"https:\\\/\\\/www.cetys.mx\\\/noticias\\\/compresion-y-solucion-de-problemas-laborales-claves-en-la-ensenanza-de-cetys-carlos-christlieb\\\/\"},\"wordCount\":386,\"commentCount\":0,\"image\":{\"@id\":\"https:\\\/\\\/www.cetys.mx\\\/noticias\\\/compresion-y-solucion-de-problemas-laborales-claves-en-la-ensenanza-de-cetys-carlos-christlieb\\\/#primaryimage\"},\"thumbnailUrl\":\"https:\\\/\\\/www.cetys.mx\\\/noticias\\\/wp-content\\\/uploads\\\/2020\\\/11\\\/F1.jpg\",\"articleSection\":[\"Alumni\",\"Campus Ensenada\"],\"inLanguage\":\"es\",\"potentialAction\":[{\"@type\":\"CommentAction\",\"name\":\"Comment\",\"target\":[\"https:\\\/\\\/www.cetys.mx\\\/noticias\\\/compresion-y-solucion-de-problemas-laborales-claves-en-la-ensenanza-de-cetys-carlos-christlieb\\\/#respond\"]}]},{\"@type\":\"WebPage\",\"@id\":\"https:\\\/\\\/www.cetys.mx\\\/noticias\\\/compresion-y-solucion-de-problemas-laborales-claves-en-la-ensenanza-de-cetys-carlos-christlieb\\\/\",\"url\":\"https:\\\/\\\/www.cetys.mx\\\/noticias\\\/compresion-y-solucion-de-problemas-laborales-claves-en-la-ensenanza-de-cetys-carlos-christlieb\\\/\",\"name\":\"Comprensi\u00f3n y soluci\u00f3n de problemas laborales, claves en la ense\u00f1anza de CETYS: Carlos Christlieb - CETYS\",\"isPartOf\":{\"@id\":\"https:\\\/\\\/www.cetys.mx\\\/noticias\\\/#website\"},\"primaryImageOfPage\":{\"@id\":\"https:\\\/\\\/www.cetys.mx\\\/noticias\\\/compresion-y-solucion-de-problemas-laborales-claves-en-la-ensenanza-de-cetys-carlos-christlieb\\\/#primaryimage\"},\"image\":{\"@id\":\"https:\\\/\\\/www.cetys.mx\\\/noticias\\\/compresion-y-solucion-de-problemas-laborales-claves-en-la-ensenanza-de-cetys-carlos-christlieb\\\/#primaryimage\"},\"thumbnailUrl\":\"https:\\\/\\\/www.cetys.mx\\\/noticias\\\/wp-content\\\/uploads\\\/2020\\\/11\\\/F1.jpg\",\"datePublished\":\"2020-11-28T01:27:13+00:00\",\"dateModified\":\"2020-11-28T01:36:41+00:00\",\"author\":{\"@id\":\"https:\\\/\\\/www.cetys.mx\\\/noticias\\\/#\\\/schema\\\/person\\\/1a1a88c0b6586e66a2e9e88e07afc712\"},\"description\":\"Articulo sobre Comprensi\u00f3n y soluci\u00f3n de problemas laborales, claves en la ense\u00f1anza de CETYS: Carlos Christlieb\",\"breadcrumb\":{\"@id\":\"https:\\\/\\\/www.cetys.mx\\\/noticias\\\/compresion-y-solucion-de-problemas-laborales-claves-en-la-ensenanza-de-cetys-carlos-christlieb\\\/#breadcrumb\"},\"inLanguage\":\"es\",\"potentialAction\":[{\"@type\":\"ReadAction\",\"target\":[\"https:\\\/\\\/www.cetys.mx\\\/noticias\\\/compresion-y-solucion-de-problemas-laborales-claves-en-la-ensenanza-de-cetys-carlos-christlieb\\\/\"]}]},{\"@type\":\"ImageObject\",\"inLanguage\":\"es\",\"@id\":\"https:\\\/\\\/www.cetys.mx\\\/noticias\\\/compresion-y-solucion-de-problemas-laborales-claves-en-la-ensenanza-de-cetys-carlos-christlieb\\\/#primaryimage\",\"url\":\"https:\\\/\\\/www.cetys.mx\\\/noticias\\\/wp-content\\\/uploads\\\/2020\\\/11\\\/F1.jpg\",\"contentUrl\":\"https:\\\/\\\/www.cetys.mx\\\/noticias\\\/wp-content\\\/uploads\\\/2020\\\/11\\\/F1.jpg\",\"width\":850,\"height\":552,\"caption\":\"CETYS Alumni Carlos Esteban Christlieb Ferro.\"},{\"@type\":\"BreadcrumbList\",\"@id\":\"https:\\\/\\\/www.cetys.mx\\\/noticias\\\/compresion-y-solucion-de-problemas-laborales-claves-en-la-ensenanza-de-cetys-carlos-christlieb\\\/#breadcrumb\",\"itemListElement\":[{\"@type\":\"ListItem\",\"position\":1,\"name\":\"Inicio\",\"item\":\"https:\\\/\\\/www.cetys.mx\\\/noticias\\\/\"},{\"@type\":\"ListItem\",\"position\":2,\"name\":\"Comprensi\u00f3n y soluci\u00f3n de problemas laborales, claves en la ense\u00f1anza de CETYS: Carlos Christlieb\"}]},{\"@type\":\"WebSite\",\"@id\":\"https:\\\/\\\/www.cetys.mx\\\/noticias\\\/#website\",\"url\":\"https:\\\/\\\/www.cetys.mx\\\/noticias\\\/\",\"name\":\"CETYS\",\"description\":\"\",\"potentialAction\":[{\"@type\":\"SearchAction\",\"target\":{\"@type\":\"EntryPoint\",\"urlTemplate\":\"https:\\\/\\\/www.cetys.mx\\\/noticias\\\/?s={search_term_string}\"},\"query-input\":{\"@type\":\"PropertyValueSpecification\",\"valueRequired\":true,\"valueName\":\"search_term_string\"}}],\"inLanguage\":\"es\"},{\"@type\":\"Person\",\"@id\":\"https:\\\/\\\/www.cetys.mx\\\/noticias\\\/#\\\/schema\\\/person\\\/1a1a88c0b6586e66a2e9e88e07afc712\",\"name\":\"Campus Ensenada\",\"url\":\"https:\\\/\\\/www.cetys.mx\\\/noticias\\\/author\\\/campusensenada\\\/\"}]}<\/script>\n<!-- \/ Yoast SEO plugin. -->","yoast_head_json":{"title":"Comprensi\u00f3n y soluci\u00f3n de problemas laborales, claves en la ense\u00f1anza de CETYS: Carlos Christlieb - CETYS","description":"Articulo sobre Comprensi\u00f3n y soluci\u00f3n de problemas laborales, claves en la ense\u00f1anza de CETYS: Carlos Christlieb","robots":{"index":"index","follow":"follow","max-snippet":"max-snippet:-1","max-image-preview":"max-image-preview:large","max-video-preview":"max-video-preview:-1"},"canonical":"https:\/\/www.cetys.mx\/noticias\/compresion-y-solucion-de-problemas-laborales-claves-en-la-ensenanza-de-cetys-carlos-christlieb\/","og_locale":"es_MX","og_type":"article","og_title":"Comprensi\u00f3n y soluci\u00f3n de problemas laborales, claves en la ense\u00f1anza de CETYS: Carlos Christlieb - CETYS","og_description":"Articulo sobre Comprensi\u00f3n y soluci\u00f3n de problemas laborales, claves en la ense\u00f1anza de CETYS: Carlos Christlieb","og_url":"https:\/\/www.cetys.mx\/noticias\/compresion-y-solucion-de-problemas-laborales-claves-en-la-ensenanza-de-cetys-carlos-christlieb\/","og_site_name":"CETYS","article_publisher":"https:\/\/www.facebook.com\/cetysuniversidadmxl\/","article_published_time":"2020-11-28T01:27:13+00:00","article_modified_time":"2020-11-28T01:36:41+00:00","og_image":[{"width":850,"height":552,"url":"https:\/\/www.cetys.mx\/noticias\/wp-content\/uploads\/2020\/11\/F1.jpg","type":"image\/jpeg"}],"author":"Campus Ensenada","twitter_card":"summary_large_image","twitter_creator":"@cetysuni","twitter_site":"@cetysuni","twitter_misc":{"Escrito por":"Campus Ensenada","Tiempo de lectura":"2 minutos"},"schema":{"@context":"https:\/\/schema.org","@graph":[{"@type":"Article","@id":"https:\/\/www.cetys.mx\/noticias\/compresion-y-solucion-de-problemas-laborales-claves-en-la-ensenanza-de-cetys-carlos-christlieb\/#article","isPartOf":{"@id":"https:\/\/www.cetys.mx\/noticias\/compresion-y-solucion-de-problemas-laborales-claves-en-la-ensenanza-de-cetys-carlos-christlieb\/"},"author":{"name":"Campus Ensenada","@id":"https:\/\/www.cetys.mx\/noticias\/#\/schema\/person\/1a1a88c0b6586e66a2e9e88e07afc712"},"headline":"Comprensi\u00f3n y soluci\u00f3n de problemas laborales, claves en la ense\u00f1anza de CETYS: Carlos Christlieb","datePublished":"2020-11-28T01:27:13+00:00","dateModified":"2020-11-28T01:36:41+00:00","mainEntityOfPage":{"@id":"https:\/\/www.cetys.mx\/noticias\/compresion-y-solucion-de-problemas-laborales-claves-en-la-ensenanza-de-cetys-carlos-christlieb\/"},"wordCount":386,"commentCount":0,"image":{"@id":"https:\/\/www.cetys.mx\/noticias\/compresion-y-solucion-de-problemas-laborales-claves-en-la-ensenanza-de-cetys-carlos-christlieb\/#primaryimage"},"thumbnailUrl":"https:\/\/www.cetys.mx\/noticias\/wp-content\/uploads\/2020\/11\/F1.jpg","articleSection":["Alumni","Campus Ensenada"],"inLanguage":"es","potentialAction":[{"@type":"CommentAction","name":"Comment","target":["https:\/\/www.cetys.mx\/noticias\/compresion-y-solucion-de-problemas-laborales-claves-en-la-ensenanza-de-cetys-carlos-christlieb\/#respond"]}]},{"@type":"WebPage","@id":"https:\/\/www.cetys.mx\/noticias\/compresion-y-solucion-de-problemas-laborales-claves-en-la-ensenanza-de-cetys-carlos-christlieb\/","url":"https:\/\/www.cetys.mx\/noticias\/compresion-y-solucion-de-problemas-laborales-claves-en-la-ensenanza-de-cetys-carlos-christlieb\/","name":"Comprensi\u00f3n y soluci\u00f3n de problemas laborales, claves en la ense\u00f1anza de CETYS: Carlos Christlieb - CETYS","isPartOf":{"@id":"https:\/\/www.cetys.mx\/noticias\/#website"},"primaryImageOfPage":{"@id":"https:\/\/www.cetys.mx\/noticias\/compresion-y-solucion-de-problemas-laborales-claves-en-la-ensenanza-de-cetys-carlos-christlieb\/#primaryimage"},"image":{"@id":"https:\/\/www.cetys.mx\/noticias\/compresion-y-solucion-de-problemas-laborales-claves-en-la-ensenanza-de-cetys-carlos-christlieb\/#primaryimage"},"thumbnailUrl":"https:\/\/www.cetys.mx\/noticias\/wp-content\/uploads\/2020\/11\/F1.jpg","datePublished":"2020-11-28T01:27:13+00:00","dateModified":"2020-11-28T01:36:41+00:00","author":{"@id":"https:\/\/www.cetys.mx\/noticias\/#\/schema\/person\/1a1a88c0b6586e66a2e9e88e07afc712"},"description":"Articulo sobre Comprensi\u00f3n y soluci\u00f3n de problemas laborales, claves en la ense\u00f1anza de CETYS: Carlos Christlieb","breadcrumb":{"@id":"https:\/\/www.cetys.mx\/noticias\/compresion-y-solucion-de-problemas-laborales-claves-en-la-ensenanza-de-cetys-carlos-christlieb\/#breadcrumb"},"inLanguage":"es","potentialAction":[{"@type":"ReadAction","target":["https:\/\/www.cetys.mx\/noticias\/compresion-y-solucion-de-problemas-laborales-claves-en-la-ensenanza-de-cetys-carlos-christlieb\/"]}]},{"@type":"ImageObject","inLanguage":"es","@id":"https:\/\/www.cetys.mx\/noticias\/compresion-y-solucion-de-problemas-laborales-claves-en-la-ensenanza-de-cetys-carlos-christlieb\/#primaryimage","url":"https:\/\/www.cetys.mx\/noticias\/wp-content\/uploads\/2020\/11\/F1.jpg","contentUrl":"https:\/\/www.cetys.mx\/noticias\/wp-content\/uploads\/2020\/11\/F1.jpg","width":850,"height":552,"caption":"CETYS Alumni Carlos Esteban Christlieb Ferro."},{"@type":"BreadcrumbList","@id":"https:\/\/www.cetys.mx\/noticias\/compresion-y-solucion-de-problemas-laborales-claves-en-la-ensenanza-de-cetys-carlos-christlieb\/#breadcrumb","itemListElement":[{"@type":"ListItem","position":1,"name":"Inicio","item":"https:\/\/www.cetys.mx\/noticias\/"},{"@type":"ListItem","position":2,"name":"Comprensi\u00f3n y soluci\u00f3n de problemas laborales, claves en la ense\u00f1anza de CETYS: Carlos Christlieb"}]},{"@type":"WebSite","@id":"https:\/\/www.cetys.mx\/noticias\/#website","url":"https:\/\/www.cetys.mx\/noticias\/","name":"CETYS","description":"","potentialAction":[{"@type":"SearchAction","target":{"@type":"EntryPoint","urlTemplate":"https:\/\/www.cetys.mx\/noticias\/?s={search_term_string}"},"query-input":{"@type":"PropertyValueSpecification","valueRequired":true,"valueName":"search_term_string"}}],"inLanguage":"es"},{"@type":"Person","@id":"https:\/\/www.cetys.mx\/noticias\/#\/schema\/person\/1a1a88c0b6586e66a2e9e88e07afc712","name":"Campus Ensenada","url":"https:\/\/www.cetys.mx\/noticias\/author\/campusensenada\/"}]}},"_links":{"self":[{"href":"https:\/\/www.cetys.mx\/noticias\/wp-json\/wp\/v2\/posts\/151112","targetHints":{"allow":["GET"]}}],"collection":[{"href":"https:\/\/www.cetys.mx\/noticias\/wp-json\/wp\/v2\/posts"}],"about":[{"href":"https:\/\/www.cetys.mx\/noticias\/wp-json\/wp\/v2\/types\/post"}],"author":[{"embeddable":true,"href":"https:\/\/www.cetys.mx\/noticias\/wp-json\/wp\/v2\/users\/23"}],"replies":[{"embeddable":true,"href":"https:\/\/www.cetys.mx\/noticias\/wp-json\/wp\/v2\/comments?post=151112"}],"version-history":[{"count":2,"href":"https:\/\/www.cetys.mx\/noticias\/wp-json\/wp\/v2\/posts\/151112\/revisions"}],"predecessor-version":[{"id":151118,"href":"https:\/\/www.cetys.mx\/noticias\/wp-json\/wp\/v2\/posts\/151112\/revisions\/151118"}],"wp:featuredmedia":[{"embeddable":true,"href":"https:\/\/www.cetys.mx\/noticias\/wp-json\/wp\/v2\/media\/151113"}],"wp:attachment":[{"href":"https:\/\/www.cetys.mx\/noticias\/wp-json\/wp\/v2\/media?parent=151112"}],"wp:term":[{"taxonomy":"category","embeddable":true,"href":"https:\/\/www.cetys.mx\/noticias\/wp-json\/wp\/v2\/categories?post=151112"},{"taxonomy":"post_tag","embeddable":true,"href":"https:\/\/www.cetys.mx\/noticias\/wp-json\/wp\/v2\/tags?post=151112"}],"curies":[{"name":"wp","href":"https:\/\/api.w.org\/{rel}","templated":true}]}}