{"id":150228,"date":"2020-10-30T15:29:15","date_gmt":"2020-10-30T22:29:15","guid":{"rendered":"https:\/\/www.cetys.mx\/noticias\/?p=150228"},"modified":"2020-10-30T20:16:11","modified_gmt":"2020-10-31T03:16:11","slug":"reconocen-la-labor-solidaria-de-los-egresados-con-impactocetysalumni","status":"publish","type":"post","link":"https:\/\/www.cetys.mx\/noticias\/reconocen-la-labor-solidaria-de-los-egresados-con-impactocetysalumni\/","title":{"rendered":"Reconocen la labor solidaria de los egresados con #ImpactoCETYSAlumni"},"content":{"rendered":"<p style=\"text-align: justify;\"><span style=\"font-weight: 400;\">Por segundo a\u00f1o consecutivo se llev\u00f3 a cabo <strong>#ImpactoCETYSAlumni<\/strong>, proyecto que tiene como intenci\u00f3n promover las acciones que de impacto positivos de los egresados en su comunudad, con un enfoque de solidaridad y apoyo.<\/span><\/p>\n<p style=\"text-align: justify;\"><span style=\"font-weight: 400;\">Este 2020, <strong>#ImpactoCETYSAlumni<\/strong> se llev\u00f3 a cabo en el marco del <a href=\"https:\/\/www.cetys.mx\/noticias\/esto-fue-el-59-aniversario-de-cetys-universidad\/\">59 aniversario de CETYS Universidad<\/a>, contando con la participaci\u00f3n de m\u00e1s de 100 egresados. En promedio, <strong>los CETYS Alumni dedican 557 horas al a\u00f1o a realizar acciones voluntarias en\u00a0 diversos rubros, como:<\/strong><\/span><\/p>\n<ul style=\"text-align: justify;\">\n<li style=\"font-weight: 400;\"><span style=\"font-weight: 400;\">\u00a0<\/span><span style=\"font-weight: 400;\">Atenci\u00f3n a ni\u00f1os, ni\u00f1as y adolescentes<\/span><\/li>\n<li style=\"font-weight: 400;\"><span style=\"font-weight: 400;\">Medio ambiente<\/span><\/li>\n<li style=\"font-weight: 400;\"><span style=\"font-weight: 400;\">Salud<\/span><\/li>\n<li style=\"font-weight: 400;\"><span style=\"font-weight: 400;\">Emprendimiento social<\/span><\/li>\n<li style=\"font-weight: 400;\"><span style=\"font-weight: 400;\">\u00a0<\/span><span style=\"font-weight: 400;\">Mujeres en situaci\u00f3n vulnerable<\/span><\/li>\n<li style=\"font-weight: 400;\"><span style=\"font-weight: 400;\">Adultos mayores<\/span><\/li>\n<li style=\"font-weight: 400;\"><span style=\"font-weight: 400;\">\u00a0<\/span><span style=\"font-weight: 400;\">Personas en situaci\u00f3n de calle<\/span><\/li>\n<li style=\"font-weight: 400;\"><span style=\"font-weight: 400;\">\u00a0<\/span><span style=\"font-weight: 400;\">Educaci\u00f3n<\/span><\/li>\n<\/ul>\n<p style=\"text-align: justify;\"><span style=\"font-weight: 400;\">En palabras de la <strong>Mtra. Gisel Jim\u00e9nez, Directora de Alumni del Sistema CETYS Universidad,<\/strong>\u00a0se busca seguir reconociendo el voluntariado de los egresados en su comunidad, ya que m\u00e1s que nunca el voluntariado se ha vuelto un elemento muy importante en M\u00e9xico debido a la actual crisis de salud que se atraviesa a nivel mundial.<\/span><\/p>\n<blockquote><p><span style=\"font-weight: 400;\">\u201cNuestros egresados en el 2020 siguen apoyando, y apoyan a\u00fan m\u00e1s, sobre todo en esta pandemia, surgieron asociaciones y voluntarios para los m\u00e9dicos, enfermeras y personal de salud. Reconocemos esto y el cumplimiento de nuestra misi\u00f3n como egresados de CETYS hacia la sociedad&#8221;.<\/span><\/p><\/blockquote>\n<p style=\"text-align: justify;\"><span style=\"font-weight: 400;\">Para <strong>Andrea Magdalena Pineda<\/strong>, egresada de Lic. en Negocios Internacionales de Campus Mexicali, la campa\u00f1a <\/span><span style=\"font-weight: 400;\">es una oportunidad para aprender de diferentes actividades que se desarrollan y proporcionan un impacto positivo en la sociedad. Asimismo se puede crear inspiraci\u00f3n para acercarse a estas actividades o participar iniciando con ideas propias que creen soluciones en distintas \u00e1reas que nuestra comunidad necesite.<\/span><\/p>\n<blockquote><p><span style=\"font-weight: 400;\">\u201c<\/span><span style=\"font-weight: 400;\">Soy miembro activo de una asociaci\u00f3n civil que promueve la tenencia responsable de las mascotas y ayudamos a rescatistas independientes de animales en situaci\u00f3n de calle. Tenemos campa\u00f1as de vacunaciones y esterilizaciones, recolectas de comidas entre otras actividades para ayudar con nuestra misi\u00f3n\u201d coment\u00f3 la CETYS Alumni.<\/span><\/p><\/blockquote>\n<p style=\"text-align: justify;\"><span style=\"font-weight: 400;\">Cabe destacar que, en 2019, el proyecto <\/span><span style=\"font-weight: 400;\">#ImpactoCETYSAlumni recibi\u00f3 el premio por <a href=\"https:\/\/www.cetys.mx\/noticias\/recibe-cetys-alumni-premio-america-latina-platinum-awards-2020-de-case\/\">&#8220;Mejores Pr\u00e1cticas en Vinculaci\u00f3n con Egresados&#8221;<\/a> en Am\u00e9rica Latina y fue finalista en los Global Platinum Awards 2020, otorgado por CASE (Council for Advancement and Support of Education).<\/span><\/p>\n<p>&nbsp;<\/p>\n<p>&nbsp;<\/p>\n<p><iframe loading=\"lazy\" src=\"https:\/\/www.youtube.com\/embed\/jLP7eJrhTGc\" width=\"560\" height=\"315\" frameborder=\"0\" allowfullscreen=\"allowfullscreen\"><\/iframe><\/p>\n","protected":false},"excerpt":{"rendered":"<p>Por segundo a\u00f1o consecutivo se llev\u00f3 a cabo #ImpactoCETYSAlumni, proyecto que tiene como intenci\u00f3n promover las acciones que de impacto positivos de&#8230;<\/p>\n","protected":false},"author":26,"featured_media":150229,"comment_status":"open","ping_status":"closed","sticky":false,"template":"","format":"standard","meta":{"footnotes":""},"categories":[107,125],"tags":[4833],"class_list":["post-150228","post","type-post","status-publish","format-standard","has-post-thumbnail","hentry","category-alumni","category-portada","tag-impacto-cetys-alumni"],"yoast_head":"<!-- This site is optimized with the Yoast SEO plugin v27.4 - https:\/\/yoast.com\/product\/yoast-seo-wordpress\/ -->\n<title>Reconocen la labor solidaria de los egresados con #ImpactoCETYSAlumni - CETYS<\/title>\n<meta name=\"description\" content=\"Articulo sobre Reconocen la labor solidaria de los egresados con #ImpactoCETYSAlumni\" \/>\n<meta name=\"robots\" content=\"index, follow, max-snippet:-1, max-image-preview:large, max-video-preview:-1\" \/>\n<link rel=\"canonical\" href=\"https:\/\/www.cetys.mx\/noticias\/reconocen-la-labor-solidaria-de-los-egresados-con-impactocetysalumni\/\" \/>\n<meta property=\"og:locale\" content=\"es_MX\" \/>\n<meta property=\"og:type\" content=\"article\" \/>\n<meta property=\"og:title\" content=\"Reconocen la labor solidaria de los egresados con #ImpactoCETYSAlumni - CETYS\" \/>\n<meta property=\"og:description\" content=\"Articulo sobre Reconocen la labor solidaria de los egresados con #ImpactoCETYSAlumni\" \/>\n<meta property=\"og:url\" content=\"https:\/\/www.cetys.mx\/noticias\/reconocen-la-labor-solidaria-de-los-egresados-con-impactocetysalumni\/\" \/>\n<meta property=\"og:site_name\" content=\"CETYS\" \/>\n<meta property=\"article:publisher\" content=\"https:\/\/www.facebook.com\/cetysuniversidadmxl\/\" \/>\n<meta property=\"article:published_time\" content=\"2020-10-30T22:29:15+00:00\" \/>\n<meta property=\"article:modified_time\" content=\"2020-10-31T03:16:11+00:00\" \/>\n<meta property=\"og:image\" content=\"https:\/\/www.cetys.mx\/noticias\/wp-content\/uploads\/2020\/10\/Portada-Impacto.png\" \/>\n\t<meta property=\"og:image:width\" content=\"958\" \/>\n\t<meta property=\"og:image:height\" content=\"637\" \/>\n\t<meta property=\"og:image:type\" content=\"image\/png\" \/>\n<meta name=\"author\" content=\"CETYS Institucional\" \/>\n<meta name=\"twitter:card\" content=\"summary_large_image\" \/>\n<meta name=\"twitter:creator\" content=\"@cetysuni\" \/>\n<meta name=\"twitter:site\" content=\"@cetysuni\" \/>\n<meta name=\"twitter:label1\" content=\"Escrito por\" \/>\n\t<meta name=\"twitter:data1\" content=\"CETYS Institucional\" \/>\n\t<meta name=\"twitter:label2\" content=\"Tiempo de lectura\" \/>\n\t<meta name=\"twitter:data2\" content=\"2 minutos\" \/>\n<script type=\"application\/ld+json\" class=\"yoast-schema-graph\">{\"@context\":\"https:\\\/\\\/schema.org\",\"@graph\":[{\"@type\":\"Article\",\"@id\":\"https:\\\/\\\/www.cetys.mx\\\/noticias\\\/reconocen-la-labor-solidaria-de-los-egresados-con-impactocetysalumni\\\/#article\",\"isPartOf\":{\"@id\":\"https:\\\/\\\/www.cetys.mx\\\/noticias\\\/reconocen-la-labor-solidaria-de-los-egresados-con-impactocetysalumni\\\/\"},\"author\":{\"name\":\"CETYS Institucional\",\"@id\":\"https:\\\/\\\/www.cetys.mx\\\/noticias\\\/#\\\/schema\\\/person\\\/e9d2b35265b64aa454df57a2828eb2ac\"},\"headline\":\"Reconocen la labor solidaria de los egresados con #ImpactoCETYSAlumni\",\"datePublished\":\"2020-10-30T22:29:15+00:00\",\"dateModified\":\"2020-10-31T03:16:11+00:00\",\"mainEntityOfPage\":{\"@id\":\"https:\\\/\\\/www.cetys.mx\\\/noticias\\\/reconocen-la-labor-solidaria-de-los-egresados-con-impactocetysalumni\\\/\"},\"wordCount\":376,\"commentCount\":0,\"image\":{\"@id\":\"https:\\\/\\\/www.cetys.mx\\\/noticias\\\/reconocen-la-labor-solidaria-de-los-egresados-con-impactocetysalumni\\\/#primaryimage\"},\"thumbnailUrl\":\"https:\\\/\\\/www.cetys.mx\\\/noticias\\\/wp-content\\\/uploads\\\/2020\\\/10\\\/Portada-Impacto.png\",\"keywords\":[\"Impacto cetys alumni\"],\"articleSection\":[\"Alumni\",\"Portada\"],\"inLanguage\":\"es\",\"potentialAction\":[{\"@type\":\"CommentAction\",\"name\":\"Comment\",\"target\":[\"https:\\\/\\\/www.cetys.mx\\\/noticias\\\/reconocen-la-labor-solidaria-de-los-egresados-con-impactocetysalumni\\\/#respond\"]}]},{\"@type\":\"WebPage\",\"@id\":\"https:\\\/\\\/www.cetys.mx\\\/noticias\\\/reconocen-la-labor-solidaria-de-los-egresados-con-impactocetysalumni\\\/\",\"url\":\"https:\\\/\\\/www.cetys.mx\\\/noticias\\\/reconocen-la-labor-solidaria-de-los-egresados-con-impactocetysalumni\\\/\",\"name\":\"Reconocen la labor solidaria de los egresados con #ImpactoCETYSAlumni - CETYS\",\"isPartOf\":{\"@id\":\"https:\\\/\\\/www.cetys.mx\\\/noticias\\\/#website\"},\"primaryImageOfPage\":{\"@id\":\"https:\\\/\\\/www.cetys.mx\\\/noticias\\\/reconocen-la-labor-solidaria-de-los-egresados-con-impactocetysalumni\\\/#primaryimage\"},\"image\":{\"@id\":\"https:\\\/\\\/www.cetys.mx\\\/noticias\\\/reconocen-la-labor-solidaria-de-los-egresados-con-impactocetysalumni\\\/#primaryimage\"},\"thumbnailUrl\":\"https:\\\/\\\/www.cetys.mx\\\/noticias\\\/wp-content\\\/uploads\\\/2020\\\/10\\\/Portada-Impacto.png\",\"datePublished\":\"2020-10-30T22:29:15+00:00\",\"dateModified\":\"2020-10-31T03:16:11+00:00\",\"author\":{\"@id\":\"https:\\\/\\\/www.cetys.mx\\\/noticias\\\/#\\\/schema\\\/person\\\/e9d2b35265b64aa454df57a2828eb2ac\"},\"description\":\"Articulo sobre Reconocen la labor solidaria de los egresados con #ImpactoCETYSAlumni\",\"breadcrumb\":{\"@id\":\"https:\\\/\\\/www.cetys.mx\\\/noticias\\\/reconocen-la-labor-solidaria-de-los-egresados-con-impactocetysalumni\\\/#breadcrumb\"},\"inLanguage\":\"es\",\"potentialAction\":[{\"@type\":\"ReadAction\",\"target\":[\"https:\\\/\\\/www.cetys.mx\\\/noticias\\\/reconocen-la-labor-solidaria-de-los-egresados-con-impactocetysalumni\\\/\"]}]},{\"@type\":\"ImageObject\",\"inLanguage\":\"es\",\"@id\":\"https:\\\/\\\/www.cetys.mx\\\/noticias\\\/reconocen-la-labor-solidaria-de-los-egresados-con-impactocetysalumni\\\/#primaryimage\",\"url\":\"https:\\\/\\\/www.cetys.mx\\\/noticias\\\/wp-content\\\/uploads\\\/2020\\\/10\\\/Portada-Impacto.png\",\"contentUrl\":\"https:\\\/\\\/www.cetys.mx\\\/noticias\\\/wp-content\\\/uploads\\\/2020\\\/10\\\/Portada-Impacto.png\",\"width\":958,\"height\":637},{\"@type\":\"BreadcrumbList\",\"@id\":\"https:\\\/\\\/www.cetys.mx\\\/noticias\\\/reconocen-la-labor-solidaria-de-los-egresados-con-impactocetysalumni\\\/#breadcrumb\",\"itemListElement\":[{\"@type\":\"ListItem\",\"position\":1,\"name\":\"Inicio\",\"item\":\"https:\\\/\\\/www.cetys.mx\\\/noticias\\\/\"},{\"@type\":\"ListItem\",\"position\":2,\"name\":\"Reconocen la labor solidaria de los egresados con #ImpactoCETYSAlumni\"}]},{\"@type\":\"WebSite\",\"@id\":\"https:\\\/\\\/www.cetys.mx\\\/noticias\\\/#website\",\"url\":\"https:\\\/\\\/www.cetys.mx\\\/noticias\\\/\",\"name\":\"CETYS\",\"description\":\"\",\"potentialAction\":[{\"@type\":\"SearchAction\",\"target\":{\"@type\":\"EntryPoint\",\"urlTemplate\":\"https:\\\/\\\/www.cetys.mx\\\/noticias\\\/?s={search_term_string}\"},\"query-input\":{\"@type\":\"PropertyValueSpecification\",\"valueRequired\":true,\"valueName\":\"search_term_string\"}}],\"inLanguage\":\"es\"},{\"@type\":\"Person\",\"@id\":\"https:\\\/\\\/www.cetys.mx\\\/noticias\\\/#\\\/schema\\\/person\\\/e9d2b35265b64aa454df57a2828eb2ac\",\"name\":\"CETYS Institucional\",\"url\":\"https:\\\/\\\/www.cetys.mx\\\/noticias\\\/author\\\/cetysinstitucional\\\/\"}]}<\/script>\n<!-- \/ Yoast SEO plugin. -->","yoast_head_json":{"title":"Reconocen la labor solidaria de los egresados con #ImpactoCETYSAlumni - CETYS","description":"Articulo sobre Reconocen la labor solidaria de los egresados con #ImpactoCETYSAlumni","robots":{"index":"index","follow":"follow","max-snippet":"max-snippet:-1","max-image-preview":"max-image-preview:large","max-video-preview":"max-video-preview:-1"},"canonical":"https:\/\/www.cetys.mx\/noticias\/reconocen-la-labor-solidaria-de-los-egresados-con-impactocetysalumni\/","og_locale":"es_MX","og_type":"article","og_title":"Reconocen la labor solidaria de los egresados con #ImpactoCETYSAlumni - CETYS","og_description":"Articulo sobre Reconocen la labor solidaria de los egresados con #ImpactoCETYSAlumni","og_url":"https:\/\/www.cetys.mx\/noticias\/reconocen-la-labor-solidaria-de-los-egresados-con-impactocetysalumni\/","og_site_name":"CETYS","article_publisher":"https:\/\/www.facebook.com\/cetysuniversidadmxl\/","article_published_time":"2020-10-30T22:29:15+00:00","article_modified_time":"2020-10-31T03:16:11+00:00","og_image":[{"width":958,"height":637,"url":"https:\/\/www.cetys.mx\/noticias\/wp-content\/uploads\/2020\/10\/Portada-Impacto.png","type":"image\/png"}],"author":"CETYS Institucional","twitter_card":"summary_large_image","twitter_creator":"@cetysuni","twitter_site":"@cetysuni","twitter_misc":{"Escrito por":"CETYS Institucional","Tiempo de lectura":"2 minutos"},"schema":{"@context":"https:\/\/schema.org","@graph":[{"@type":"Article","@id":"https:\/\/www.cetys.mx\/noticias\/reconocen-la-labor-solidaria-de-los-egresados-con-impactocetysalumni\/#article","isPartOf":{"@id":"https:\/\/www.cetys.mx\/noticias\/reconocen-la-labor-solidaria-de-los-egresados-con-impactocetysalumni\/"},"author":{"name":"CETYS Institucional","@id":"https:\/\/www.cetys.mx\/noticias\/#\/schema\/person\/e9d2b35265b64aa454df57a2828eb2ac"},"headline":"Reconocen la labor solidaria de los egresados con #ImpactoCETYSAlumni","datePublished":"2020-10-30T22:29:15+00:00","dateModified":"2020-10-31T03:16:11+00:00","mainEntityOfPage":{"@id":"https:\/\/www.cetys.mx\/noticias\/reconocen-la-labor-solidaria-de-los-egresados-con-impactocetysalumni\/"},"wordCount":376,"commentCount":0,"image":{"@id":"https:\/\/www.cetys.mx\/noticias\/reconocen-la-labor-solidaria-de-los-egresados-con-impactocetysalumni\/#primaryimage"},"thumbnailUrl":"https:\/\/www.cetys.mx\/noticias\/wp-content\/uploads\/2020\/10\/Portada-Impacto.png","keywords":["Impacto cetys alumni"],"articleSection":["Alumni","Portada"],"inLanguage":"es","potentialAction":[{"@type":"CommentAction","name":"Comment","target":["https:\/\/www.cetys.mx\/noticias\/reconocen-la-labor-solidaria-de-los-egresados-con-impactocetysalumni\/#respond"]}]},{"@type":"WebPage","@id":"https:\/\/www.cetys.mx\/noticias\/reconocen-la-labor-solidaria-de-los-egresados-con-impactocetysalumni\/","url":"https:\/\/www.cetys.mx\/noticias\/reconocen-la-labor-solidaria-de-los-egresados-con-impactocetysalumni\/","name":"Reconocen la labor solidaria de los egresados con #ImpactoCETYSAlumni - CETYS","isPartOf":{"@id":"https:\/\/www.cetys.mx\/noticias\/#website"},"primaryImageOfPage":{"@id":"https:\/\/www.cetys.mx\/noticias\/reconocen-la-labor-solidaria-de-los-egresados-con-impactocetysalumni\/#primaryimage"},"image":{"@id":"https:\/\/www.cetys.mx\/noticias\/reconocen-la-labor-solidaria-de-los-egresados-con-impactocetysalumni\/#primaryimage"},"thumbnailUrl":"https:\/\/www.cetys.mx\/noticias\/wp-content\/uploads\/2020\/10\/Portada-Impacto.png","datePublished":"2020-10-30T22:29:15+00:00","dateModified":"2020-10-31T03:16:11+00:00","author":{"@id":"https:\/\/www.cetys.mx\/noticias\/#\/schema\/person\/e9d2b35265b64aa454df57a2828eb2ac"},"description":"Articulo sobre Reconocen la labor solidaria de los egresados con #ImpactoCETYSAlumni","breadcrumb":{"@id":"https:\/\/www.cetys.mx\/noticias\/reconocen-la-labor-solidaria-de-los-egresados-con-impactocetysalumni\/#breadcrumb"},"inLanguage":"es","potentialAction":[{"@type":"ReadAction","target":["https:\/\/www.cetys.mx\/noticias\/reconocen-la-labor-solidaria-de-los-egresados-con-impactocetysalumni\/"]}]},{"@type":"ImageObject","inLanguage":"es","@id":"https:\/\/www.cetys.mx\/noticias\/reconocen-la-labor-solidaria-de-los-egresados-con-impactocetysalumni\/#primaryimage","url":"https:\/\/www.cetys.mx\/noticias\/wp-content\/uploads\/2020\/10\/Portada-Impacto.png","contentUrl":"https:\/\/www.cetys.mx\/noticias\/wp-content\/uploads\/2020\/10\/Portada-Impacto.png","width":958,"height":637},{"@type":"BreadcrumbList","@id":"https:\/\/www.cetys.mx\/noticias\/reconocen-la-labor-solidaria-de-los-egresados-con-impactocetysalumni\/#breadcrumb","itemListElement":[{"@type":"ListItem","position":1,"name":"Inicio","item":"https:\/\/www.cetys.mx\/noticias\/"},{"@type":"ListItem","position":2,"name":"Reconocen la labor solidaria de los egresados con #ImpactoCETYSAlumni"}]},{"@type":"WebSite","@id":"https:\/\/www.cetys.mx\/noticias\/#website","url":"https:\/\/www.cetys.mx\/noticias\/","name":"CETYS","description":"","potentialAction":[{"@type":"SearchAction","target":{"@type":"EntryPoint","urlTemplate":"https:\/\/www.cetys.mx\/noticias\/?s={search_term_string}"},"query-input":{"@type":"PropertyValueSpecification","valueRequired":true,"valueName":"search_term_string"}}],"inLanguage":"es"},{"@type":"Person","@id":"https:\/\/www.cetys.mx\/noticias\/#\/schema\/person\/e9d2b35265b64aa454df57a2828eb2ac","name":"CETYS Institucional","url":"https:\/\/www.cetys.mx\/noticias\/author\/cetysinstitucional\/"}]}},"_links":{"self":[{"href":"https:\/\/www.cetys.mx\/noticias\/wp-json\/wp\/v2\/posts\/150228","targetHints":{"allow":["GET"]}}],"collection":[{"href":"https:\/\/www.cetys.mx\/noticias\/wp-json\/wp\/v2\/posts"}],"about":[{"href":"https:\/\/www.cetys.mx\/noticias\/wp-json\/wp\/v2\/types\/post"}],"author":[{"embeddable":true,"href":"https:\/\/www.cetys.mx\/noticias\/wp-json\/wp\/v2\/users\/26"}],"replies":[{"embeddable":true,"href":"https:\/\/www.cetys.mx\/noticias\/wp-json\/wp\/v2\/comments?post=150228"}],"version-history":[{"count":3,"href":"https:\/\/www.cetys.mx\/noticias\/wp-json\/wp\/v2\/posts\/150228\/revisions"}],"predecessor-version":[{"id":150269,"href":"https:\/\/www.cetys.mx\/noticias\/wp-json\/wp\/v2\/posts\/150228\/revisions\/150269"}],"wp:featuredmedia":[{"embeddable":true,"href":"https:\/\/www.cetys.mx\/noticias\/wp-json\/wp\/v2\/media\/150229"}],"wp:attachment":[{"href":"https:\/\/www.cetys.mx\/noticias\/wp-json\/wp\/v2\/media?parent=150228"}],"wp:term":[{"taxonomy":"category","embeddable":true,"href":"https:\/\/www.cetys.mx\/noticias\/wp-json\/wp\/v2\/categories?post=150228"},{"taxonomy":"post_tag","embeddable":true,"href":"https:\/\/www.cetys.mx\/noticias\/wp-json\/wp\/v2\/tags?post=150228"}],"curies":[{"name":"wp","href":"https:\/\/api.w.org\/{rel}","templated":true}]}}