{"id":149913,"date":"2020-10-20T10:21:37","date_gmt":"2020-10-20T17:21:37","guid":{"rendered":"https:\/\/www.cetys.mx\/noticias\/?p=149913"},"modified":"2020-10-20T10:28:52","modified_gmt":"2020-10-20T17:28:52","slug":"organizaciones-sin-fines-de-lucro-en-mexico-atencion-al-paquete-economico-2021","status":"publish","type":"post","link":"https:\/\/www.cetys.mx\/noticias\/organizaciones-sin-fines-de-lucro-en-mexico-atencion-al-paquete-economico-2021\/","title":{"rendered":"Organizaciones sin fines de lucro en Mexico, atenci\u00f3n al paquete econ\u00f3mico 2021"},"content":{"rendered":"<p align=\"justify\">Las organizaciones sin fines de lucro o Asociaciones Civiles deben poner atenci\u00f3n al Paquete Econ\u00f3mico 2021 que est\u00e1 por aprobarse, ya que trae modificaciones en la Ley del Impuesto Sobre la Renta a las cuales ponerle atenci\u00f3n, esto adem\u00e1s de la Ley de Ingresos, que deber\u00e1 aprobarse hasta el 31 de octubre, y el Proyecto de Egresos que debe aprobarse hasta el 15 de noviembre.<\/p>\n<p align=\"justify\">El <strong>Mtro. Jorge Guzm\u00e1n<\/strong>, <em>Docente de la <a href=\"https:\/\/www.cetys.mx\/oferta-educativa\/profesional\/licenciatura-en-contador-publico-internacional\/\">Licenciatura en Contador P\u00fablico Internacional<\/a> de <strong>CETYS Universidad Campus Tijuana<\/strong><\/em>, explic\u00f3 que algunas Asociaciones Civiles deber\u00e1n contar con autorizaci\u00f3n para recibir donativos, adem\u00e1s, si m\u00e1s del 50% de los ingresos de todas las donatarias autorizadas del art\u00edculo 79 de la LISR no corresponden a su objeto social, pueden perder su autorizaci\u00f3n para recibir donativos.<\/p>\n<blockquote>\n<p align=\"justify\">\u201cNo todas requieren de este permiso, algunas que s\u00ed necesitan son organizaciones que se dedican a dar becas, que se dedican a la investigaci\u00f3n en temas cient\u00edficos, que trabajan en la preservaci\u00f3n de flora y fauna, por mencionar algunas (fracciones XI, XVII, XIX y XX del art\u00edculo 79 de la LISR). Algunas organizaciones que no pagan Impuesto Sobre la Renta, con esta iniciativa de reforma, si su objeto social est\u00e1 destinado para un fin espec\u00edficamente y recibe ingresos (m\u00e1s del 50%) de otra actividad que no forma parte de su naturaleza jur\u00eddica, puede ser causal para perder la autorizaci\u00f3n de recibir donativos. La finalidad es evitar que estas entidades realicen actividades tendientes a obtener un lucro. Claro que conservan el derecho a defenderse del supuesto\u201d, coment\u00f3.<\/p>\n<\/blockquote>\n<p align=\"justify\">En ese sentido, el <strong>Experto CETYS<\/strong> detall\u00f3 que si se detecta que la Organizaci\u00f3n es encontrada en alguna situaci\u00f3n con empresas que emiten facturas simuladas, se les revocar\u00eda la autorizaci\u00f3n para recibir donativos.<\/p>\n<p align=\"justify\">\u201cEn estricto sentido la reforma dice que nada m\u00e1s vas a perder la autorizaci\u00f3n para recibir donativos, sin embargo, en algunos casos las donatarias deber\u00e1n destinar la totalidad de su patrimonio a otra donataria\u00a8 aclar\u00f3 el acad\u00e9mico.<\/p>\n<p align=\"justify\"><strong>OTROS DATOS DEL PAQUETE ECON\u00d3MICO<\/strong><\/p>\n<p align=\"justify\">El presupuesto de egresos para este <strong>2021<\/strong>, de ser aprobado, ser\u00eda de 6<strong>.25 billones de pesos<\/strong>, mientras que la Ley de Ingresos ser\u00eda de 5.53 billones de pesos, solo 3% menos comparado con el ejercicio fiscal actual.<\/p>\n<p align=\"justify\">El crecimiento econ\u00f3mico estimado para el final de 2020 es de -8%, para este 2021 la estimaci\u00f3n es de 4.6%. La inflaci\u00f3n pasar\u00eda de 3.5 a 3.0, mientras que la tasa de inter\u00e9s permanecer\u00e1 en 4 puntos.<\/p>\n<p><iframe loading=\"lazy\" title=\"Videocolumna Expertos CETYS: Las organizaciones de la sociedad civil y el paquete econ\u00f3mico 2021\" width=\"500\" height=\"281\" src=\"https:\/\/www.youtube.com\/embed\/aEmZ2KLztO4?feature=oembed\" frameborder=\"0\" allow=\"accelerometer; autoplay; clipboard-write; encrypted-media; gyroscope; picture-in-picture; web-share\" referrerpolicy=\"strict-origin-when-cross-origin\" allowfullscreen><\/iframe><\/p>\n<p>VIdeo<\/p>\n<p align=\"justify\">\n<p align=\"justify\">\n","protected":false},"excerpt":{"rendered":"<p>Las organizaciones sin fines de lucro o Asociaciones Civiles deben poner atenci\u00f3n al Paquete Econ\u00f3mico 2021 que est\u00e1 por aprobarse, ya que&#8230;<\/p>\n","protected":false},"author":24,"featured_media":149914,"comment_status":"open","ping_status":"closed","sticky":false,"template":"","format":"standard","meta":{"footnotes":""},"categories":[134,4579,114,125,313],"tags":[4319,1684,2611,3784],"class_list":["post-149913","post","type-post","status-publish","format-standard","has-post-thumbnail","hentry","category-campus-tijuana","category-expertos-cetys","category-opinion","category-portada","category-vocetys-2","tag-expertocetys","tag-cetys-tijuana","tag-contador-publico-internacional","tag-videocolumna"],"yoast_head":"<!-- This site is optimized with the Yoast SEO plugin v27.4 - https:\/\/yoast.com\/product\/yoast-seo-wordpress\/ -->\n<title>Organizaciones sin fines de lucro en Mexico, atenci\u00f3n al paquete econ\u00f3mico 2021<\/title>\n<meta name=\"description\" content=\"De aprobarse, tendr\u00edan nuevas disposiciones que les quitar\u00eda la posibilidad de recibir donativos y empezar a pagar ISR de estos ingresos.\" \/>\n<meta name=\"robots\" content=\"index, follow, max-snippet:-1, max-image-preview:large, max-video-preview:-1\" \/>\n<link rel=\"canonical\" href=\"https:\/\/www.cetys.mx\/noticias\/organizaciones-sin-fines-de-lucro-en-mexico-atencion-al-paquete-economico-2021\/\" \/>\n<meta property=\"og:locale\" content=\"es_MX\" \/>\n<meta property=\"og:type\" content=\"article\" \/>\n<meta property=\"og:title\" content=\"Organizaciones sin fines de lucro en Mexico, atenci\u00f3n al paquete econ\u00f3mico 2021\" \/>\n<meta property=\"og:description\" content=\"De aprobarse, tendr\u00edan nuevas disposiciones que les quitar\u00eda la posibilidad de recibir donativos y empezar a pagar ISR de estos ingresos.\" \/>\n<meta property=\"og:url\" content=\"https:\/\/www.cetys.mx\/noticias\/organizaciones-sin-fines-de-lucro-en-mexico-atencion-al-paquete-economico-2021\/\" \/>\n<meta property=\"og:site_name\" content=\"CETYS\" \/>\n<meta property=\"article:publisher\" content=\"https:\/\/www.facebook.com\/cetysuniversidadmxl\/\" \/>\n<meta property=\"article:published_time\" content=\"2020-10-20T17:21:37+00:00\" \/>\n<meta property=\"article:modified_time\" content=\"2020-10-20T17:28:52+00:00\" \/>\n<meta property=\"og:image\" content=\"https:\/\/www.cetys.mx\/noticias\/wp-content\/uploads\/2020\/10\/mtro-jorge-guzman.png\" \/>\n\t<meta property=\"og:image:width\" content=\"958\" \/>\n\t<meta property=\"og:image:height\" content=\"637\" \/>\n\t<meta property=\"og:image:type\" content=\"image\/png\" \/>\n<meta name=\"author\" content=\"Campus Tijuana\" \/>\n<meta name=\"twitter:card\" content=\"summary_large_image\" \/>\n<meta name=\"twitter:creator\" content=\"@cetysuni\" \/>\n<meta name=\"twitter:site\" content=\"@cetysuni\" \/>\n<meta name=\"twitter:label1\" content=\"Escrito por\" \/>\n\t<meta name=\"twitter:data1\" content=\"Campus Tijuana\" \/>\n\t<meta name=\"twitter:label2\" content=\"Tiempo de lectura\" \/>\n\t<meta name=\"twitter:data2\" content=\"2 minutos\" \/>\n<script type=\"application\/ld+json\" class=\"yoast-schema-graph\">{\"@context\":\"https:\\\/\\\/schema.org\",\"@graph\":[{\"@type\":\"Article\",\"@id\":\"https:\\\/\\\/www.cetys.mx\\\/noticias\\\/organizaciones-sin-fines-de-lucro-en-mexico-atencion-al-paquete-economico-2021\\\/#article\",\"isPartOf\":{\"@id\":\"https:\\\/\\\/www.cetys.mx\\\/noticias\\\/organizaciones-sin-fines-de-lucro-en-mexico-atencion-al-paquete-economico-2021\\\/\"},\"author\":{\"name\":\"Campus Tijuana\",\"@id\":\"https:\\\/\\\/www.cetys.mx\\\/noticias\\\/#\\\/schema\\\/person\\\/e790051ce60e18ae47cfa87011c8653f\"},\"headline\":\"Organizaciones sin fines de lucro en Mexico, atenci\u00f3n al paquete econ\u00f3mico 2021\",\"datePublished\":\"2020-10-20T17:21:37+00:00\",\"dateModified\":\"2020-10-20T17:28:52+00:00\",\"mainEntityOfPage\":{\"@id\":\"https:\\\/\\\/www.cetys.mx\\\/noticias\\\/organizaciones-sin-fines-de-lucro-en-mexico-atencion-al-paquete-economico-2021\\\/\"},\"wordCount\":441,\"commentCount\":0,\"image\":{\"@id\":\"https:\\\/\\\/www.cetys.mx\\\/noticias\\\/organizaciones-sin-fines-de-lucro-en-mexico-atencion-al-paquete-economico-2021\\\/#primaryimage\"},\"thumbnailUrl\":\"https:\\\/\\\/www.cetys.mx\\\/noticias\\\/wp-content\\\/uploads\\\/2020\\\/10\\\/mtro-jorge-guzman.png\",\"keywords\":[\"#ExpertoCETYS\",\"CETYS Tijuana\",\"Contador P\u00fablico Internacional\",\"Videocolumna\"],\"articleSection\":[\"Campus Tijuana\",\"Expertos CETYS\",\"Opini\u00f3n\",\"Portada\",\"VoCETYS\"],\"inLanguage\":\"es\",\"potentialAction\":[{\"@type\":\"CommentAction\",\"name\":\"Comment\",\"target\":[\"https:\\\/\\\/www.cetys.mx\\\/noticias\\\/organizaciones-sin-fines-de-lucro-en-mexico-atencion-al-paquete-economico-2021\\\/#respond\"]}]},{\"@type\":\"WebPage\",\"@id\":\"https:\\\/\\\/www.cetys.mx\\\/noticias\\\/organizaciones-sin-fines-de-lucro-en-mexico-atencion-al-paquete-economico-2021\\\/\",\"url\":\"https:\\\/\\\/www.cetys.mx\\\/noticias\\\/organizaciones-sin-fines-de-lucro-en-mexico-atencion-al-paquete-economico-2021\\\/\",\"name\":\"Organizaciones sin fines de lucro en Mexico, atenci\u00f3n al paquete econ\u00f3mico 2021\",\"isPartOf\":{\"@id\":\"https:\\\/\\\/www.cetys.mx\\\/noticias\\\/#website\"},\"primaryImageOfPage\":{\"@id\":\"https:\\\/\\\/www.cetys.mx\\\/noticias\\\/organizaciones-sin-fines-de-lucro-en-mexico-atencion-al-paquete-economico-2021\\\/#primaryimage\"},\"image\":{\"@id\":\"https:\\\/\\\/www.cetys.mx\\\/noticias\\\/organizaciones-sin-fines-de-lucro-en-mexico-atencion-al-paquete-economico-2021\\\/#primaryimage\"},\"thumbnailUrl\":\"https:\\\/\\\/www.cetys.mx\\\/noticias\\\/wp-content\\\/uploads\\\/2020\\\/10\\\/mtro-jorge-guzman.png\",\"datePublished\":\"2020-10-20T17:21:37+00:00\",\"dateModified\":\"2020-10-20T17:28:52+00:00\",\"author\":{\"@id\":\"https:\\\/\\\/www.cetys.mx\\\/noticias\\\/#\\\/schema\\\/person\\\/e790051ce60e18ae47cfa87011c8653f\"},\"description\":\"De aprobarse, tendr\u00edan nuevas disposiciones que les quitar\u00eda la posibilidad de recibir donativos y empezar a pagar ISR de estos ingresos.\",\"breadcrumb\":{\"@id\":\"https:\\\/\\\/www.cetys.mx\\\/noticias\\\/organizaciones-sin-fines-de-lucro-en-mexico-atencion-al-paquete-economico-2021\\\/#breadcrumb\"},\"inLanguage\":\"es\",\"potentialAction\":[{\"@type\":\"ReadAction\",\"target\":[\"https:\\\/\\\/www.cetys.mx\\\/noticias\\\/organizaciones-sin-fines-de-lucro-en-mexico-atencion-al-paquete-economico-2021\\\/\"]}]},{\"@type\":\"ImageObject\",\"inLanguage\":\"es\",\"@id\":\"https:\\\/\\\/www.cetys.mx\\\/noticias\\\/organizaciones-sin-fines-de-lucro-en-mexico-atencion-al-paquete-economico-2021\\\/#primaryimage\",\"url\":\"https:\\\/\\\/www.cetys.mx\\\/noticias\\\/wp-content\\\/uploads\\\/2020\\\/10\\\/mtro-jorge-guzman.png\",\"contentUrl\":\"https:\\\/\\\/www.cetys.mx\\\/noticias\\\/wp-content\\\/uploads\\\/2020\\\/10\\\/mtro-jorge-guzman.png\",\"width\":958,\"height\":637,\"caption\":\"El Mtro. Jorge Guzm\u00e1n es docente de la Licenciatura en Contador P\u00fablico Internacional\"},{\"@type\":\"BreadcrumbList\",\"@id\":\"https:\\\/\\\/www.cetys.mx\\\/noticias\\\/organizaciones-sin-fines-de-lucro-en-mexico-atencion-al-paquete-economico-2021\\\/#breadcrumb\",\"itemListElement\":[{\"@type\":\"ListItem\",\"position\":1,\"name\":\"Inicio\",\"item\":\"https:\\\/\\\/www.cetys.mx\\\/noticias\\\/\"},{\"@type\":\"ListItem\",\"position\":2,\"name\":\"Organizaciones sin fines de lucro en Mexico, atenci\u00f3n al paquete econ\u00f3mico 2021\"}]},{\"@type\":\"WebSite\",\"@id\":\"https:\\\/\\\/www.cetys.mx\\\/noticias\\\/#website\",\"url\":\"https:\\\/\\\/www.cetys.mx\\\/noticias\\\/\",\"name\":\"CETYS\",\"description\":\"\",\"potentialAction\":[{\"@type\":\"SearchAction\",\"target\":{\"@type\":\"EntryPoint\",\"urlTemplate\":\"https:\\\/\\\/www.cetys.mx\\\/noticias\\\/?s={search_term_string}\"},\"query-input\":{\"@type\":\"PropertyValueSpecification\",\"valueRequired\":true,\"valueName\":\"search_term_string\"}}],\"inLanguage\":\"es\"},{\"@type\":\"Person\",\"@id\":\"https:\\\/\\\/www.cetys.mx\\\/noticias\\\/#\\\/schema\\\/person\\\/e790051ce60e18ae47cfa87011c8653f\",\"name\":\"Campus Tijuana\",\"url\":\"https:\\\/\\\/www.cetys.mx\\\/noticias\\\/author\\\/campustijuana\\\/\"}]}<\/script>\n<!-- \/ Yoast SEO plugin. -->","yoast_head_json":{"title":"Organizaciones sin fines de lucro en Mexico, atenci\u00f3n al paquete econ\u00f3mico 2021","description":"De aprobarse, tendr\u00edan nuevas disposiciones que les quitar\u00eda la posibilidad de recibir donativos y empezar a pagar ISR de estos ingresos.","robots":{"index":"index","follow":"follow","max-snippet":"max-snippet:-1","max-image-preview":"max-image-preview:large","max-video-preview":"max-video-preview:-1"},"canonical":"https:\/\/www.cetys.mx\/noticias\/organizaciones-sin-fines-de-lucro-en-mexico-atencion-al-paquete-economico-2021\/","og_locale":"es_MX","og_type":"article","og_title":"Organizaciones sin fines de lucro en Mexico, atenci\u00f3n al paquete econ\u00f3mico 2021","og_description":"De aprobarse, tendr\u00edan nuevas disposiciones que les quitar\u00eda la posibilidad de recibir donativos y empezar a pagar ISR de estos ingresos.","og_url":"https:\/\/www.cetys.mx\/noticias\/organizaciones-sin-fines-de-lucro-en-mexico-atencion-al-paquete-economico-2021\/","og_site_name":"CETYS","article_publisher":"https:\/\/www.facebook.com\/cetysuniversidadmxl\/","article_published_time":"2020-10-20T17:21:37+00:00","article_modified_time":"2020-10-20T17:28:52+00:00","og_image":[{"width":958,"height":637,"url":"https:\/\/www.cetys.mx\/noticias\/wp-content\/uploads\/2020\/10\/mtro-jorge-guzman.png","type":"image\/png"}],"author":"Campus Tijuana","twitter_card":"summary_large_image","twitter_creator":"@cetysuni","twitter_site":"@cetysuni","twitter_misc":{"Escrito por":"Campus Tijuana","Tiempo de lectura":"2 minutos"},"schema":{"@context":"https:\/\/schema.org","@graph":[{"@type":"Article","@id":"https:\/\/www.cetys.mx\/noticias\/organizaciones-sin-fines-de-lucro-en-mexico-atencion-al-paquete-economico-2021\/#article","isPartOf":{"@id":"https:\/\/www.cetys.mx\/noticias\/organizaciones-sin-fines-de-lucro-en-mexico-atencion-al-paquete-economico-2021\/"},"author":{"name":"Campus Tijuana","@id":"https:\/\/www.cetys.mx\/noticias\/#\/schema\/person\/e790051ce60e18ae47cfa87011c8653f"},"headline":"Organizaciones sin fines de lucro en Mexico, atenci\u00f3n al paquete econ\u00f3mico 2021","datePublished":"2020-10-20T17:21:37+00:00","dateModified":"2020-10-20T17:28:52+00:00","mainEntityOfPage":{"@id":"https:\/\/www.cetys.mx\/noticias\/organizaciones-sin-fines-de-lucro-en-mexico-atencion-al-paquete-economico-2021\/"},"wordCount":441,"commentCount":0,"image":{"@id":"https:\/\/www.cetys.mx\/noticias\/organizaciones-sin-fines-de-lucro-en-mexico-atencion-al-paquete-economico-2021\/#primaryimage"},"thumbnailUrl":"https:\/\/www.cetys.mx\/noticias\/wp-content\/uploads\/2020\/10\/mtro-jorge-guzman.png","keywords":["#ExpertoCETYS","CETYS Tijuana","Contador P\u00fablico Internacional","Videocolumna"],"articleSection":["Campus Tijuana","Expertos CETYS","Opini\u00f3n","Portada","VoCETYS"],"inLanguage":"es","potentialAction":[{"@type":"CommentAction","name":"Comment","target":["https:\/\/www.cetys.mx\/noticias\/organizaciones-sin-fines-de-lucro-en-mexico-atencion-al-paquete-economico-2021\/#respond"]}]},{"@type":"WebPage","@id":"https:\/\/www.cetys.mx\/noticias\/organizaciones-sin-fines-de-lucro-en-mexico-atencion-al-paquete-economico-2021\/","url":"https:\/\/www.cetys.mx\/noticias\/organizaciones-sin-fines-de-lucro-en-mexico-atencion-al-paquete-economico-2021\/","name":"Organizaciones sin fines de lucro en Mexico, atenci\u00f3n al paquete econ\u00f3mico 2021","isPartOf":{"@id":"https:\/\/www.cetys.mx\/noticias\/#website"},"primaryImageOfPage":{"@id":"https:\/\/www.cetys.mx\/noticias\/organizaciones-sin-fines-de-lucro-en-mexico-atencion-al-paquete-economico-2021\/#primaryimage"},"image":{"@id":"https:\/\/www.cetys.mx\/noticias\/organizaciones-sin-fines-de-lucro-en-mexico-atencion-al-paquete-economico-2021\/#primaryimage"},"thumbnailUrl":"https:\/\/www.cetys.mx\/noticias\/wp-content\/uploads\/2020\/10\/mtro-jorge-guzman.png","datePublished":"2020-10-20T17:21:37+00:00","dateModified":"2020-10-20T17:28:52+00:00","author":{"@id":"https:\/\/www.cetys.mx\/noticias\/#\/schema\/person\/e790051ce60e18ae47cfa87011c8653f"},"description":"De aprobarse, tendr\u00edan nuevas disposiciones que les quitar\u00eda la posibilidad de recibir donativos y empezar a pagar ISR de estos ingresos.","breadcrumb":{"@id":"https:\/\/www.cetys.mx\/noticias\/organizaciones-sin-fines-de-lucro-en-mexico-atencion-al-paquete-economico-2021\/#breadcrumb"},"inLanguage":"es","potentialAction":[{"@type":"ReadAction","target":["https:\/\/www.cetys.mx\/noticias\/organizaciones-sin-fines-de-lucro-en-mexico-atencion-al-paquete-economico-2021\/"]}]},{"@type":"ImageObject","inLanguage":"es","@id":"https:\/\/www.cetys.mx\/noticias\/organizaciones-sin-fines-de-lucro-en-mexico-atencion-al-paquete-economico-2021\/#primaryimage","url":"https:\/\/www.cetys.mx\/noticias\/wp-content\/uploads\/2020\/10\/mtro-jorge-guzman.png","contentUrl":"https:\/\/www.cetys.mx\/noticias\/wp-content\/uploads\/2020\/10\/mtro-jorge-guzman.png","width":958,"height":637,"caption":"El Mtro. Jorge Guzm\u00e1n es docente de la Licenciatura en Contador P\u00fablico Internacional"},{"@type":"BreadcrumbList","@id":"https:\/\/www.cetys.mx\/noticias\/organizaciones-sin-fines-de-lucro-en-mexico-atencion-al-paquete-economico-2021\/#breadcrumb","itemListElement":[{"@type":"ListItem","position":1,"name":"Inicio","item":"https:\/\/www.cetys.mx\/noticias\/"},{"@type":"ListItem","position":2,"name":"Organizaciones sin fines de lucro en Mexico, atenci\u00f3n al paquete econ\u00f3mico 2021"}]},{"@type":"WebSite","@id":"https:\/\/www.cetys.mx\/noticias\/#website","url":"https:\/\/www.cetys.mx\/noticias\/","name":"CETYS","description":"","potentialAction":[{"@type":"SearchAction","target":{"@type":"EntryPoint","urlTemplate":"https:\/\/www.cetys.mx\/noticias\/?s={search_term_string}"},"query-input":{"@type":"PropertyValueSpecification","valueRequired":true,"valueName":"search_term_string"}}],"inLanguage":"es"},{"@type":"Person","@id":"https:\/\/www.cetys.mx\/noticias\/#\/schema\/person\/e790051ce60e18ae47cfa87011c8653f","name":"Campus Tijuana","url":"https:\/\/www.cetys.mx\/noticias\/author\/campustijuana\/"}]}},"_links":{"self":[{"href":"https:\/\/www.cetys.mx\/noticias\/wp-json\/wp\/v2\/posts\/149913","targetHints":{"allow":["GET"]}}],"collection":[{"href":"https:\/\/www.cetys.mx\/noticias\/wp-json\/wp\/v2\/posts"}],"about":[{"href":"https:\/\/www.cetys.mx\/noticias\/wp-json\/wp\/v2\/types\/post"}],"author":[{"embeddable":true,"href":"https:\/\/www.cetys.mx\/noticias\/wp-json\/wp\/v2\/users\/24"}],"replies":[{"embeddable":true,"href":"https:\/\/www.cetys.mx\/noticias\/wp-json\/wp\/v2\/comments?post=149913"}],"version-history":[{"count":3,"href":"https:\/\/www.cetys.mx\/noticias\/wp-json\/wp\/v2\/posts\/149913\/revisions"}],"predecessor-version":[{"id":149918,"href":"https:\/\/www.cetys.mx\/noticias\/wp-json\/wp\/v2\/posts\/149913\/revisions\/149918"}],"wp:featuredmedia":[{"embeddable":true,"href":"https:\/\/www.cetys.mx\/noticias\/wp-json\/wp\/v2\/media\/149914"}],"wp:attachment":[{"href":"https:\/\/www.cetys.mx\/noticias\/wp-json\/wp\/v2\/media?parent=149913"}],"wp:term":[{"taxonomy":"category","embeddable":true,"href":"https:\/\/www.cetys.mx\/noticias\/wp-json\/wp\/v2\/categories?post=149913"},{"taxonomy":"post_tag","embeddable":true,"href":"https:\/\/www.cetys.mx\/noticias\/wp-json\/wp\/v2\/tags?post=149913"}],"curies":[{"name":"wp","href":"https:\/\/api.w.org\/{rel}","templated":true}]}}