{"id":149675,"date":"2020-10-13T02:50:29","date_gmt":"2020-10-13T09:50:29","guid":{"rendered":"https:\/\/www.cetys.mx\/noticias\/?p=149675"},"modified":"2020-10-13T12:19:39","modified_gmt":"2020-10-13T19:19:39","slug":"voleibol-cetys-seleccionada-nacional","status":"publish","type":"post","link":"https:\/\/www.cetys.mx\/noticias\/voleibol-cetys-seleccionada-nacional\/","title":{"rendered":"Voleibolistas de CETYS charlaron con seleccionada nacional"},"content":{"rendered":"<p>Los equipos de voleibol (ambas ramas) de <strong>CETYS Universidad<\/strong> tuvieron una interesante charla motivacional con <strong>Lizette L\u00f3pez Robles<\/strong>, l\u00edbero de la Selecci\u00f3n Nacional Femenil; fue aproximadamente una hora de compartir experiencias y an\u00e9cdotas como estudiante-deportista.<\/p>\n<p>Con la supervisi\u00f3n de los entrenadores <strong>\u00d3scar Licea<\/strong> y <strong>Eduardo Murgu\u00eda<\/strong>, jugadores de ambas escuadras representativas pusieron atenci\u00f3n a la exposici\u00f3n de quien ha representado a M\u00e9xico en Campeonatos Mundiales FIVB durante varios a\u00f1os. Principalmente se centr\u00f3 en c\u00f3mo evitar pensamientos negativos.<\/p>\n<p><em>&#8220;\u00bfVoy a estar cuatro o cinco a\u00f1os preocup\u00e1ndome por las cosas que no tengo?<\/em> -cit\u00f3 <strong>L\u00f3pez<\/strong>&#8211; <em>Pienso que no. As\u00ed que, en vez de pensar en cosas negativas, mejor pensar en que tengo compa\u00f1eras en el equipo y una carrera por cursar. La satisfacci\u00f3n m\u00e1s grande llega cuando logras algo que te cost\u00f3 mucho esfuerzo&#8221;.<\/em><\/p>\n<div id=\"attachment_149678\" style=\"width: 966px\" class=\"wp-caption alignnone\"><img loading=\"lazy\" decoding=\"async\" aria-describedby=\"caption-attachment-149678\" class=\"size-full wp-image-149678\" src=\"https:\/\/www.cetys.mx\/noticias\/wp-content\/uploads\/2020\/10\/LizetteLopezreceives-e1602582582273.jpg\" alt=\"\" width=\"956\" height=\"637\" \/><p id=\"caption-attachment-149678\" class=\"wp-caption-text\">Fuente: FIVB.<\/p><\/div>\n<p>Psic\u00f3loga por profesi\u00f3n, L\u00f3pez recomend\u00f3 a los voleibolistas presentes que una de las mayores amenazas a un estudiante-deportista es el miedo a fracasar. Sin embargo, esto es evitable si se adquiere madurez desde temprana edad y con el apoyo de las personas indicadas.<\/p>\n<p><em>&#8220;No puedo pedir a mis compa\u00f1eras una actitud positiva, si tampoco soy positiva. No enfocarse, en ese momento importante, en lo que no funciona; mejor emprender en lo que s\u00ed funciona. Poco a poco se logra salir de una crisis, no hay porqu\u00e9 desesperarse; cuesti\u00f3n de paciencia, disciplina y esfuerzo. Darlo y dejarlo todo frente a la red&#8221;, agreg\u00f3.<\/em><\/p>\n<p><strong>L\u00f3pez Robles<\/strong> naci\u00f3 en Baja California, estudi\u00f3 carrera universitaria en Nuevo Le\u00f3n y actualmente ejerce profesi\u00f3n en Tijuana. Fue mundialista mayor en &#8220;Jap\u00f3n 2018&#8221;.<\/p>\n<div id=\"attachment_149677\" style=\"width: 966px\" class=\"wp-caption alignnone\"><img loading=\"lazy\" decoding=\"async\" aria-describedby=\"caption-attachment-149677\" class=\"wp-image-149677 size-full\" src=\"https:\/\/www.cetys.mx\/noticias\/wp-content\/uploads\/2020\/10\/LizetteLopezMEXreceives-e1602582317192.jpg\" alt=\"\" width=\"956\" height=\"637\" \/><p id=\"caption-attachment-149677\" class=\"wp-caption-text\">Fuente: FIVB.<\/p><\/div>\n","protected":false},"excerpt":{"rendered":"<p>Los equipos de voleibol (ambas ramas) de CETYS Universidad tuvieron una interesante charla motivacional con Lizette L\u00f3pez Robles, l\u00edbero de la Selecci\u00f3n&#8230;<\/p>\n","protected":false},"author":26,"featured_media":149676,"comment_status":"open","ping_status":"closed","sticky":false,"template":"","format":"standard","meta":{"footnotes":""},"categories":[312,209,125,313],"tags":[233,179,4801,658],"class_list":["post-149675","post","type-post","status-publish","format-standard","has-post-thumbnail","hentry","category-deportes","category-institucional","category-portada","category-vocetys-2","tag-deportes","tag-psicologia","tag-vocetys-2020-10-13","tag-voleibol","univesidades-cetys"],"yoast_head":"<!-- This site is optimized with the Yoast SEO plugin v27.4 - https:\/\/yoast.com\/product\/yoast-seo-wordpress\/ -->\n<title>Voleibolistas de CETYS charlaron con seleccionada nacional - CETYS<\/title>\n<meta name=\"description\" content=\"Articulo sobre Voleibolistas de CETYS charlaron con seleccionada nacional\" \/>\n<meta name=\"robots\" content=\"index, follow, max-snippet:-1, max-image-preview:large, max-video-preview:-1\" \/>\n<link rel=\"canonical\" href=\"https:\/\/www.cetys.mx\/noticias\/voleibol-cetys-seleccionada-nacional\/\" \/>\n<meta property=\"og:locale\" content=\"es_MX\" \/>\n<meta property=\"og:type\" content=\"article\" \/>\n<meta property=\"og:title\" content=\"Voleibolistas de CETYS charlaron con seleccionada nacional - CETYS\" \/>\n<meta property=\"og:description\" content=\"Articulo sobre Voleibolistas de CETYS charlaron con seleccionada nacional\" \/>\n<meta property=\"og:url\" content=\"https:\/\/www.cetys.mx\/noticias\/voleibol-cetys-seleccionada-nacional\/\" \/>\n<meta property=\"og:site_name\" content=\"CETYS\" \/>\n<meta property=\"article:publisher\" content=\"https:\/\/www.facebook.com\/cetysuniversidadmxl\/\" \/>\n<meta property=\"article:published_time\" content=\"2020-10-13T09:50:29+00:00\" \/>\n<meta property=\"article:modified_time\" content=\"2020-10-13T19:19:39+00:00\" \/>\n<meta property=\"og:image\" content=\"https:\/\/www.cetys.mx\/noticias\/wp-content\/uploads\/2020\/10\/vole7-e1602582223402.jpg\" \/>\n\t<meta property=\"og:image:width\" content=\"956\" \/>\n\t<meta property=\"og:image:height\" content=\"637\" \/>\n\t<meta property=\"og:image:type\" content=\"image\/jpeg\" \/>\n<meta name=\"author\" content=\"CETYS Institucional\" \/>\n<meta name=\"twitter:card\" content=\"summary_large_image\" \/>\n<meta name=\"twitter:creator\" content=\"@cetysuni\" \/>\n<meta name=\"twitter:site\" content=\"@cetysuni\" \/>\n<meta name=\"twitter:label1\" content=\"Escrito por\" \/>\n\t<meta name=\"twitter:data1\" content=\"CETYS Institucional\" \/>\n\t<meta name=\"twitter:label2\" content=\"Tiempo de lectura\" \/>\n\t<meta name=\"twitter:data2\" content=\"2 minutos\" \/>\n<script type=\"application\/ld+json\" class=\"yoast-schema-graph\">{\"@context\":\"https:\\\/\\\/schema.org\",\"@graph\":[{\"@type\":\"Article\",\"@id\":\"https:\\\/\\\/www.cetys.mx\\\/noticias\\\/voleibol-cetys-seleccionada-nacional\\\/#article\",\"isPartOf\":{\"@id\":\"https:\\\/\\\/www.cetys.mx\\\/noticias\\\/voleibol-cetys-seleccionada-nacional\\\/\"},\"author\":{\"name\":\"CETYS Institucional\",\"@id\":\"https:\\\/\\\/www.cetys.mx\\\/noticias\\\/#\\\/schema\\\/person\\\/e9d2b35265b64aa454df57a2828eb2ac\"},\"headline\":\"Voleibolistas de CETYS charlaron con seleccionada nacional\",\"datePublished\":\"2020-10-13T09:50:29+00:00\",\"dateModified\":\"2020-10-13T19:19:39+00:00\",\"mainEntityOfPage\":{\"@id\":\"https:\\\/\\\/www.cetys.mx\\\/noticias\\\/voleibol-cetys-seleccionada-nacional\\\/\"},\"wordCount\":308,\"commentCount\":0,\"image\":{\"@id\":\"https:\\\/\\\/www.cetys.mx\\\/noticias\\\/voleibol-cetys-seleccionada-nacional\\\/#primaryimage\"},\"thumbnailUrl\":\"https:\\\/\\\/www.cetys.mx\\\/noticias\\\/wp-content\\\/uploads\\\/2020\\\/10\\\/vole7-e1602582223402.jpg\",\"keywords\":[\"Deportes\",\"psicolog\u00eda\",\"vocetys-2020-10-13\",\"voleibol\"],\"articleSection\":[\"Deportes\",\"Institucional\",\"Portada\",\"VoCETYS\"],\"inLanguage\":\"es\",\"potentialAction\":[{\"@type\":\"CommentAction\",\"name\":\"Comment\",\"target\":[\"https:\\\/\\\/www.cetys.mx\\\/noticias\\\/voleibol-cetys-seleccionada-nacional\\\/#respond\"]}]},{\"@type\":\"WebPage\",\"@id\":\"https:\\\/\\\/www.cetys.mx\\\/noticias\\\/voleibol-cetys-seleccionada-nacional\\\/\",\"url\":\"https:\\\/\\\/www.cetys.mx\\\/noticias\\\/voleibol-cetys-seleccionada-nacional\\\/\",\"name\":\"Voleibolistas de CETYS charlaron con seleccionada nacional - CETYS\",\"isPartOf\":{\"@id\":\"https:\\\/\\\/www.cetys.mx\\\/noticias\\\/#website\"},\"primaryImageOfPage\":{\"@id\":\"https:\\\/\\\/www.cetys.mx\\\/noticias\\\/voleibol-cetys-seleccionada-nacional\\\/#primaryimage\"},\"image\":{\"@id\":\"https:\\\/\\\/www.cetys.mx\\\/noticias\\\/voleibol-cetys-seleccionada-nacional\\\/#primaryimage\"},\"thumbnailUrl\":\"https:\\\/\\\/www.cetys.mx\\\/noticias\\\/wp-content\\\/uploads\\\/2020\\\/10\\\/vole7-e1602582223402.jpg\",\"datePublished\":\"2020-10-13T09:50:29+00:00\",\"dateModified\":\"2020-10-13T19:19:39+00:00\",\"author\":{\"@id\":\"https:\\\/\\\/www.cetys.mx\\\/noticias\\\/#\\\/schema\\\/person\\\/e9d2b35265b64aa454df57a2828eb2ac\"},\"description\":\"Articulo sobre Voleibolistas de CETYS charlaron con seleccionada nacional\",\"breadcrumb\":{\"@id\":\"https:\\\/\\\/www.cetys.mx\\\/noticias\\\/voleibol-cetys-seleccionada-nacional\\\/#breadcrumb\"},\"inLanguage\":\"es\",\"potentialAction\":[{\"@type\":\"ReadAction\",\"target\":[\"https:\\\/\\\/www.cetys.mx\\\/noticias\\\/voleibol-cetys-seleccionada-nacional\\\/\"]}]},{\"@type\":\"ImageObject\",\"inLanguage\":\"es\",\"@id\":\"https:\\\/\\\/www.cetys.mx\\\/noticias\\\/voleibol-cetys-seleccionada-nacional\\\/#primaryimage\",\"url\":\"https:\\\/\\\/www.cetys.mx\\\/noticias\\\/wp-content\\\/uploads\\\/2020\\\/10\\\/vole7-e1602582223402.jpg\",\"contentUrl\":\"https:\\\/\\\/www.cetys.mx\\\/noticias\\\/wp-content\\\/uploads\\\/2020\\\/10\\\/vole7-e1602582223402.jpg\",\"width\":956,\"height\":637,\"caption\":\"CETYS Universidad - Voleibol\"},{\"@type\":\"BreadcrumbList\",\"@id\":\"https:\\\/\\\/www.cetys.mx\\\/noticias\\\/voleibol-cetys-seleccionada-nacional\\\/#breadcrumb\",\"itemListElement\":[{\"@type\":\"ListItem\",\"position\":1,\"name\":\"Inicio\",\"item\":\"https:\\\/\\\/www.cetys.mx\\\/noticias\\\/\"},{\"@type\":\"ListItem\",\"position\":2,\"name\":\"Voleibolistas de CETYS charlaron con seleccionada nacional\"}]},{\"@type\":\"WebSite\",\"@id\":\"https:\\\/\\\/www.cetys.mx\\\/noticias\\\/#website\",\"url\":\"https:\\\/\\\/www.cetys.mx\\\/noticias\\\/\",\"name\":\"CETYS\",\"description\":\"\",\"potentialAction\":[{\"@type\":\"SearchAction\",\"target\":{\"@type\":\"EntryPoint\",\"urlTemplate\":\"https:\\\/\\\/www.cetys.mx\\\/noticias\\\/?s={search_term_string}\"},\"query-input\":{\"@type\":\"PropertyValueSpecification\",\"valueRequired\":true,\"valueName\":\"search_term_string\"}}],\"inLanguage\":\"es\"},{\"@type\":\"Person\",\"@id\":\"https:\\\/\\\/www.cetys.mx\\\/noticias\\\/#\\\/schema\\\/person\\\/e9d2b35265b64aa454df57a2828eb2ac\",\"name\":\"CETYS Institucional\",\"url\":\"https:\\\/\\\/www.cetys.mx\\\/noticias\\\/author\\\/cetysinstitucional\\\/\"}]}<\/script>\n<!-- \/ Yoast SEO plugin. -->","yoast_head_json":{"title":"Voleibolistas de CETYS charlaron con seleccionada nacional - CETYS","description":"Articulo sobre Voleibolistas de CETYS charlaron con seleccionada nacional","robots":{"index":"index","follow":"follow","max-snippet":"max-snippet:-1","max-image-preview":"max-image-preview:large","max-video-preview":"max-video-preview:-1"},"canonical":"https:\/\/www.cetys.mx\/noticias\/voleibol-cetys-seleccionada-nacional\/","og_locale":"es_MX","og_type":"article","og_title":"Voleibolistas de CETYS charlaron con seleccionada nacional - CETYS","og_description":"Articulo sobre Voleibolistas de CETYS charlaron con seleccionada nacional","og_url":"https:\/\/www.cetys.mx\/noticias\/voleibol-cetys-seleccionada-nacional\/","og_site_name":"CETYS","article_publisher":"https:\/\/www.facebook.com\/cetysuniversidadmxl\/","article_published_time":"2020-10-13T09:50:29+00:00","article_modified_time":"2020-10-13T19:19:39+00:00","og_image":[{"width":956,"height":637,"url":"https:\/\/www.cetys.mx\/noticias\/wp-content\/uploads\/2020\/10\/vole7-e1602582223402.jpg","type":"image\/jpeg"}],"author":"CETYS Institucional","twitter_card":"summary_large_image","twitter_creator":"@cetysuni","twitter_site":"@cetysuni","twitter_misc":{"Escrito por":"CETYS Institucional","Tiempo de lectura":"2 minutos"},"schema":{"@context":"https:\/\/schema.org","@graph":[{"@type":"Article","@id":"https:\/\/www.cetys.mx\/noticias\/voleibol-cetys-seleccionada-nacional\/#article","isPartOf":{"@id":"https:\/\/www.cetys.mx\/noticias\/voleibol-cetys-seleccionada-nacional\/"},"author":{"name":"CETYS Institucional","@id":"https:\/\/www.cetys.mx\/noticias\/#\/schema\/person\/e9d2b35265b64aa454df57a2828eb2ac"},"headline":"Voleibolistas de CETYS charlaron con seleccionada nacional","datePublished":"2020-10-13T09:50:29+00:00","dateModified":"2020-10-13T19:19:39+00:00","mainEntityOfPage":{"@id":"https:\/\/www.cetys.mx\/noticias\/voleibol-cetys-seleccionada-nacional\/"},"wordCount":308,"commentCount":0,"image":{"@id":"https:\/\/www.cetys.mx\/noticias\/voleibol-cetys-seleccionada-nacional\/#primaryimage"},"thumbnailUrl":"https:\/\/www.cetys.mx\/noticias\/wp-content\/uploads\/2020\/10\/vole7-e1602582223402.jpg","keywords":["Deportes","psicolog\u00eda","vocetys-2020-10-13","voleibol"],"articleSection":["Deportes","Institucional","Portada","VoCETYS"],"inLanguage":"es","potentialAction":[{"@type":"CommentAction","name":"Comment","target":["https:\/\/www.cetys.mx\/noticias\/voleibol-cetys-seleccionada-nacional\/#respond"]}]},{"@type":"WebPage","@id":"https:\/\/www.cetys.mx\/noticias\/voleibol-cetys-seleccionada-nacional\/","url":"https:\/\/www.cetys.mx\/noticias\/voleibol-cetys-seleccionada-nacional\/","name":"Voleibolistas de CETYS charlaron con seleccionada nacional - CETYS","isPartOf":{"@id":"https:\/\/www.cetys.mx\/noticias\/#website"},"primaryImageOfPage":{"@id":"https:\/\/www.cetys.mx\/noticias\/voleibol-cetys-seleccionada-nacional\/#primaryimage"},"image":{"@id":"https:\/\/www.cetys.mx\/noticias\/voleibol-cetys-seleccionada-nacional\/#primaryimage"},"thumbnailUrl":"https:\/\/www.cetys.mx\/noticias\/wp-content\/uploads\/2020\/10\/vole7-e1602582223402.jpg","datePublished":"2020-10-13T09:50:29+00:00","dateModified":"2020-10-13T19:19:39+00:00","author":{"@id":"https:\/\/www.cetys.mx\/noticias\/#\/schema\/person\/e9d2b35265b64aa454df57a2828eb2ac"},"description":"Articulo sobre Voleibolistas de CETYS charlaron con seleccionada nacional","breadcrumb":{"@id":"https:\/\/www.cetys.mx\/noticias\/voleibol-cetys-seleccionada-nacional\/#breadcrumb"},"inLanguage":"es","potentialAction":[{"@type":"ReadAction","target":["https:\/\/www.cetys.mx\/noticias\/voleibol-cetys-seleccionada-nacional\/"]}]},{"@type":"ImageObject","inLanguage":"es","@id":"https:\/\/www.cetys.mx\/noticias\/voleibol-cetys-seleccionada-nacional\/#primaryimage","url":"https:\/\/www.cetys.mx\/noticias\/wp-content\/uploads\/2020\/10\/vole7-e1602582223402.jpg","contentUrl":"https:\/\/www.cetys.mx\/noticias\/wp-content\/uploads\/2020\/10\/vole7-e1602582223402.jpg","width":956,"height":637,"caption":"CETYS Universidad - Voleibol"},{"@type":"BreadcrumbList","@id":"https:\/\/www.cetys.mx\/noticias\/voleibol-cetys-seleccionada-nacional\/#breadcrumb","itemListElement":[{"@type":"ListItem","position":1,"name":"Inicio","item":"https:\/\/www.cetys.mx\/noticias\/"},{"@type":"ListItem","position":2,"name":"Voleibolistas de CETYS charlaron con seleccionada nacional"}]},{"@type":"WebSite","@id":"https:\/\/www.cetys.mx\/noticias\/#website","url":"https:\/\/www.cetys.mx\/noticias\/","name":"CETYS","description":"","potentialAction":[{"@type":"SearchAction","target":{"@type":"EntryPoint","urlTemplate":"https:\/\/www.cetys.mx\/noticias\/?s={search_term_string}"},"query-input":{"@type":"PropertyValueSpecification","valueRequired":true,"valueName":"search_term_string"}}],"inLanguage":"es"},{"@type":"Person","@id":"https:\/\/www.cetys.mx\/noticias\/#\/schema\/person\/e9d2b35265b64aa454df57a2828eb2ac","name":"CETYS Institucional","url":"https:\/\/www.cetys.mx\/noticias\/author\/cetysinstitucional\/"}]}},"_links":{"self":[{"href":"https:\/\/www.cetys.mx\/noticias\/wp-json\/wp\/v2\/posts\/149675","targetHints":{"allow":["GET"]}}],"collection":[{"href":"https:\/\/www.cetys.mx\/noticias\/wp-json\/wp\/v2\/posts"}],"about":[{"href":"https:\/\/www.cetys.mx\/noticias\/wp-json\/wp\/v2\/types\/post"}],"author":[{"embeddable":true,"href":"https:\/\/www.cetys.mx\/noticias\/wp-json\/wp\/v2\/users\/26"}],"replies":[{"embeddable":true,"href":"https:\/\/www.cetys.mx\/noticias\/wp-json\/wp\/v2\/comments?post=149675"}],"version-history":[{"count":2,"href":"https:\/\/www.cetys.mx\/noticias\/wp-json\/wp\/v2\/posts\/149675\/revisions"}],"predecessor-version":[{"id":149724,"href":"https:\/\/www.cetys.mx\/noticias\/wp-json\/wp\/v2\/posts\/149675\/revisions\/149724"}],"wp:featuredmedia":[{"embeddable":true,"href":"https:\/\/www.cetys.mx\/noticias\/wp-json\/wp\/v2\/media\/149676"}],"wp:attachment":[{"href":"https:\/\/www.cetys.mx\/noticias\/wp-json\/wp\/v2\/media?parent=149675"}],"wp:term":[{"taxonomy":"category","embeddable":true,"href":"https:\/\/www.cetys.mx\/noticias\/wp-json\/wp\/v2\/categories?post=149675"},{"taxonomy":"post_tag","embeddable":true,"href":"https:\/\/www.cetys.mx\/noticias\/wp-json\/wp\/v2\/tags?post=149675"}],"curies":[{"name":"wp","href":"https:\/\/api.w.org\/{rel}","templated":true}]}}