{"id":149611,"date":"2020-10-08T09:44:52","date_gmt":"2020-10-08T16:44:52","guid":{"rendered":"https:\/\/www.cetys.mx\/noticias\/?p=149611"},"modified":"2020-10-13T09:12:24","modified_gmt":"2020-10-13T16:12:24","slug":"jovenes-viven-y-difunden-la-cultura-china","status":"publish","type":"post","link":"https:\/\/www.cetys.mx\/noticias\/jovenes-viven-y-difunden-la-cultura-china\/","title":{"rendered":"J\u00f3venes viven y difunden la cultura china"},"content":{"rendered":"<p style=\"text-align: center;\"><strong>En el marco de las celebraciones por el nuevo a\u00f1o y medio oto\u00f1o en China, estudiantes de CETYS Universidad llevaron a cabo diferentes actividades para difundir la riqueza cultural de Asia Oriente.<\/strong><\/p>\n<p><span style=\"font-weight: 400;\">Orgullosos de sus ra\u00edces y descendencias orientales, un grupo de universitarios se han destacado en la comunidad estudiantil de <a href=\"http:\/\/www.cetys.mx\">CETYS Universidad<\/a> por sus trabajos en pro de la difusi\u00f3n de la multiculturalidad que existe en la capital de Baja California.<\/span><\/p>\n<p>&nbsp;<\/p>\n<p><span style=\"font-weight: 400;\">Se trata de los estudiantes que conforman la <a href=\"https:\/\/www.cetys.mx\/noticias\/solidaridad-y-liderazgo-comunidad-de-estudiantes-chinos-de-cetys-se-unen-para-enviar-apoyo-a-china\/\">Sociedad de Alumnos CETYS- China (SACC)<\/a>, para quienes en medio de la pandemia de COVID-19, la barrera del espacio f\u00edsico no ha sido impedimento para continuar apoyando a quien m\u00e1s lo necesita, al mismo tiempo que difunden gran parte de las costumbres, tradiciones y cultura oriental.\u00a0<\/span><\/p>\n<p>&nbsp;<\/p>\n<p><span style=\"font-weight: 400;\">Recientemente en el marco de las celebraciones por el A\u00f1o Nuevo, el inicio del Medio Oto\u00f1o Chino, as\u00ed como el <strong>Festival de la Luna<\/strong>, los integrantes de la SACC, con ayuda de la tecnolog\u00eda llevaron la esencia de las festividades hasta la <strong>Casa Hogar Betesda<\/strong>, ubicada en Mexicali.<\/span><\/p>\n<p>&nbsp;<\/p>\n<p><span style=\"font-weight: 400;\">A pesar de la distancia f\u00edsica, los j\u00f3venes se hicieron presentes con los infantes y adolescentes que viven en Betesda, envi\u00e1ndoles v\u00edveres y el end\u00e9mico pastel de la luna, elaborado por los propios estudiantes as\u00ed como sobres de bendiciones en color rojo. Estos inclu\u00edan una papeleta con el nombre del due\u00f1o en ar\u00e1bigo y en chino mandar\u00edn as\u00ed como un yuan, que simboliza <\/span><span style=\"font-weight: 400;\">la lucha continua por cumplir sus sue\u00f1os y metas.<\/span><\/p>\n<p><span style=\"font-weight: 400;\">Durante estos meses de confinamiento, lo prioritario ha sido mantener la salud y en medida de lo posible conectados con nuestro entorno, explic\u00f3 Lingling Su, Presidenta de la SACC y estudiante de la <a href=\"https:\/\/www.cetys.mx\/oferta-educativa\/profesional\/licenciatura-en-negocios-internacionales\/\">Licenciatura en Negocios Internacionales<\/a> en CETYS Universidad, Campus Mexicali.\u00a0<\/span><\/p>\n<p><img loading=\"lazy\" decoding=\"async\" class=\"alignnone size-full wp-image-140298\" src=\"https:\/\/www.cetys.mx\/noticias\/wp-content\/uploads\/2020\/02\/SACC1.jpg\" alt=\"Sociedad de Alumnos\" width=\"958\" height=\"637\" srcset=\"https:\/\/www.cetys.mx\/noticias\/wp-content\/uploads\/2020\/02\/SACC1.jpg 958w, https:\/\/www.cetys.mx\/noticias\/wp-content\/uploads\/2020\/02\/SACC1-768x511.jpg 768w\" sizes=\"auto, (max-width: 958px) 100vw, 958px\" \/><\/p>\n<blockquote><p><span style=\"font-weight: 400;\">\u201cEs muy gratificante utilizar las herramientas que tenemos al alcance para impactar positivamente a los dem\u00e1s, es algo que en CETYS nos caracteriza\u201d.<\/span><\/p><\/blockquote>\n<p>&nbsp;<\/p>\n<p><span style=\"font-weight: 400;\">Durante el desarrollo de la actividad, los menores participantes mostraron gran alegr\u00eda y entusiasmo, participando en las din\u00e1micas propuestas por los miembros de la SACC. Tambi\u00e9n demostraron inter\u00e9s por conocer m\u00e1s de la historia de esta ciudad, que posee gran tradici\u00f3n china.<\/span><\/p>\n<p>&nbsp;<\/p>\n<p><span style=\"font-weight: 400;\">Al respecto la Mtra. Alma Gurrola, Coordinadora de Liderazgo Estudiantil en CETYS Universidad Campus Mexicali y gu\u00eda de la SACC, enfatiz\u00f3 que estas actividades son el reflejo de la misi\u00f3n de la Instituci\u00f3n educativa que consiste en forjar l\u00edderes integrales conscientes y sensibles con su comunidad.<\/span><\/p>\n<p>&nbsp;<\/p>\n","protected":false},"excerpt":{"rendered":"<p>En el marco de las celebraciones por el nuevo a\u00f1o y medio oto\u00f1o en China, estudiantes de CETYS Universidad llevaron a cabo&#8230;<\/p>\n","protected":false},"author":20,"featured_media":149612,"comment_status":"open","ping_status":"closed","sticky":false,"template":"","format":"standard","meta":{"footnotes":""},"categories":[133,3031,125,313],"tags":[285,174,4381,4798,4801],"class_list":["post-149611","post","type-post","status-publish","format-standard","has-post-thumbnail","hentry","category-campus-mexicali","category-liderazgo","category-portada","category-vocetys-2","tag-alumnos","tag-betesda","tag-cetys-solidario","tag-sacc","tag-vocetys-2020-10-13"],"yoast_head":"<!-- This site is optimized with the Yoast SEO plugin v27.4 - https:\/\/yoast.com\/product\/yoast-seo-wordpress\/ -->\n<title>J\u00f3venes viven y difunden la cultura china - CETYS<\/title>\n<meta name=\"description\" content=\"Articulo sobre J\u00f3venes viven y difunden la cultura china\" \/>\n<meta name=\"robots\" content=\"index, follow, max-snippet:-1, max-image-preview:large, max-video-preview:-1\" \/>\n<link rel=\"canonical\" href=\"https:\/\/www.cetys.mx\/noticias\/jovenes-viven-y-difunden-la-cultura-china\/\" \/>\n<meta property=\"og:locale\" content=\"es_MX\" \/>\n<meta property=\"og:type\" content=\"article\" \/>\n<meta property=\"og:title\" content=\"J\u00f3venes viven y difunden la cultura china - CETYS\" \/>\n<meta property=\"og:description\" content=\"Articulo sobre J\u00f3venes viven y difunden la cultura china\" \/>\n<meta property=\"og:url\" content=\"https:\/\/www.cetys.mx\/noticias\/jovenes-viven-y-difunden-la-cultura-china\/\" \/>\n<meta property=\"og:site_name\" content=\"CETYS\" \/>\n<meta property=\"article:publisher\" content=\"https:\/\/www.facebook.com\/cetysuniversidadmxl\/\" \/>\n<meta property=\"article:published_time\" content=\"2020-10-08T16:44:52+00:00\" \/>\n<meta property=\"article:modified_time\" content=\"2020-10-13T16:12:24+00:00\" \/>\n<meta property=\"og:image\" content=\"https:\/\/www.cetys.mx\/noticias\/wp-content\/uploads\/2020\/10\/SACC-FestivalDeLaLuna.png\" \/>\n\t<meta property=\"og:image:width\" content=\"958\" \/>\n\t<meta property=\"og:image:height\" content=\"637\" \/>\n\t<meta property=\"og:image:type\" content=\"image\/png\" \/>\n<meta name=\"author\" content=\"Campus Mexicali\" \/>\n<meta name=\"twitter:card\" content=\"summary_large_image\" \/>\n<meta name=\"twitter:creator\" content=\"@cetysuni\" \/>\n<meta name=\"twitter:site\" content=\"@cetysuni\" \/>\n<meta name=\"twitter:label1\" content=\"Escrito por\" \/>\n\t<meta name=\"twitter:data1\" content=\"Campus Mexicali\" \/>\n\t<meta name=\"twitter:label2\" content=\"Tiempo de lectura\" \/>\n\t<meta name=\"twitter:data2\" content=\"2 minutos\" \/>\n<script type=\"application\/ld+json\" class=\"yoast-schema-graph\">{\"@context\":\"https:\\\/\\\/schema.org\",\"@graph\":[{\"@type\":\"Article\",\"@id\":\"https:\\\/\\\/www.cetys.mx\\\/noticias\\\/jovenes-viven-y-difunden-la-cultura-china\\\/#article\",\"isPartOf\":{\"@id\":\"https:\\\/\\\/www.cetys.mx\\\/noticias\\\/jovenes-viven-y-difunden-la-cultura-china\\\/\"},\"author\":{\"name\":\"Campus Mexicali\",\"@id\":\"https:\\\/\\\/www.cetys.mx\\\/noticias\\\/#\\\/schema\\\/person\\\/79a95c4ac185f3705cf1b9c9340a5f70\"},\"headline\":\"J\u00f3venes viven y difunden la cultura china\",\"datePublished\":\"2020-10-08T16:44:52+00:00\",\"dateModified\":\"2020-10-13T16:12:24+00:00\",\"mainEntityOfPage\":{\"@id\":\"https:\\\/\\\/www.cetys.mx\\\/noticias\\\/jovenes-viven-y-difunden-la-cultura-china\\\/\"},\"wordCount\":443,\"commentCount\":0,\"image\":{\"@id\":\"https:\\\/\\\/www.cetys.mx\\\/noticias\\\/jovenes-viven-y-difunden-la-cultura-china\\\/#primaryimage\"},\"thumbnailUrl\":\"https:\\\/\\\/www.cetys.mx\\\/noticias\\\/wp-content\\\/uploads\\\/2020\\\/10\\\/SACC-FestivalDeLaLuna.png\",\"keywords\":[\"Alumnos\",\"Betesda\",\"CETYS Solidario\",\"SACC\",\"vocetys-2020-10-13\"],\"articleSection\":[\"Campus Mexicali\",\"Liderazgo\",\"Portada\",\"VoCETYS\"],\"inLanguage\":\"es\",\"potentialAction\":[{\"@type\":\"CommentAction\",\"name\":\"Comment\",\"target\":[\"https:\\\/\\\/www.cetys.mx\\\/noticias\\\/jovenes-viven-y-difunden-la-cultura-china\\\/#respond\"]}]},{\"@type\":\"WebPage\",\"@id\":\"https:\\\/\\\/www.cetys.mx\\\/noticias\\\/jovenes-viven-y-difunden-la-cultura-china\\\/\",\"url\":\"https:\\\/\\\/www.cetys.mx\\\/noticias\\\/jovenes-viven-y-difunden-la-cultura-china\\\/\",\"name\":\"J\u00f3venes viven y difunden la cultura china - CETYS\",\"isPartOf\":{\"@id\":\"https:\\\/\\\/www.cetys.mx\\\/noticias\\\/#website\"},\"primaryImageOfPage\":{\"@id\":\"https:\\\/\\\/www.cetys.mx\\\/noticias\\\/jovenes-viven-y-difunden-la-cultura-china\\\/#primaryimage\"},\"image\":{\"@id\":\"https:\\\/\\\/www.cetys.mx\\\/noticias\\\/jovenes-viven-y-difunden-la-cultura-china\\\/#primaryimage\"},\"thumbnailUrl\":\"https:\\\/\\\/www.cetys.mx\\\/noticias\\\/wp-content\\\/uploads\\\/2020\\\/10\\\/SACC-FestivalDeLaLuna.png\",\"datePublished\":\"2020-10-08T16:44:52+00:00\",\"dateModified\":\"2020-10-13T16:12:24+00:00\",\"author\":{\"@id\":\"https:\\\/\\\/www.cetys.mx\\\/noticias\\\/#\\\/schema\\\/person\\\/79a95c4ac185f3705cf1b9c9340a5f70\"},\"description\":\"Articulo sobre J\u00f3venes viven y difunden la cultura china\",\"breadcrumb\":{\"@id\":\"https:\\\/\\\/www.cetys.mx\\\/noticias\\\/jovenes-viven-y-difunden-la-cultura-china\\\/#breadcrumb\"},\"inLanguage\":\"es\",\"potentialAction\":[{\"@type\":\"ReadAction\",\"target\":[\"https:\\\/\\\/www.cetys.mx\\\/noticias\\\/jovenes-viven-y-difunden-la-cultura-china\\\/\"]}]},{\"@type\":\"ImageObject\",\"inLanguage\":\"es\",\"@id\":\"https:\\\/\\\/www.cetys.mx\\\/noticias\\\/jovenes-viven-y-difunden-la-cultura-china\\\/#primaryimage\",\"url\":\"https:\\\/\\\/www.cetys.mx\\\/noticias\\\/wp-content\\\/uploads\\\/2020\\\/10\\\/SACC-FestivalDeLaLuna.png\",\"contentUrl\":\"https:\\\/\\\/www.cetys.mx\\\/noticias\\\/wp-content\\\/uploads\\\/2020\\\/10\\\/SACC-FestivalDeLaLuna.png\",\"width\":958,\"height\":637,\"caption\":\"Integrantes de la Sociedad de Alumnos CETYS-China en foto del recuerdo\"},{\"@type\":\"BreadcrumbList\",\"@id\":\"https:\\\/\\\/www.cetys.mx\\\/noticias\\\/jovenes-viven-y-difunden-la-cultura-china\\\/#breadcrumb\",\"itemListElement\":[{\"@type\":\"ListItem\",\"position\":1,\"name\":\"Inicio\",\"item\":\"https:\\\/\\\/www.cetys.mx\\\/noticias\\\/\"},{\"@type\":\"ListItem\",\"position\":2,\"name\":\"J\u00f3venes viven y difunden la cultura china\"}]},{\"@type\":\"WebSite\",\"@id\":\"https:\\\/\\\/www.cetys.mx\\\/noticias\\\/#website\",\"url\":\"https:\\\/\\\/www.cetys.mx\\\/noticias\\\/\",\"name\":\"CETYS\",\"description\":\"\",\"potentialAction\":[{\"@type\":\"SearchAction\",\"target\":{\"@type\":\"EntryPoint\",\"urlTemplate\":\"https:\\\/\\\/www.cetys.mx\\\/noticias\\\/?s={search_term_string}\"},\"query-input\":{\"@type\":\"PropertyValueSpecification\",\"valueRequired\":true,\"valueName\":\"search_term_string\"}}],\"inLanguage\":\"es\"},{\"@type\":\"Person\",\"@id\":\"https:\\\/\\\/www.cetys.mx\\\/noticias\\\/#\\\/schema\\\/person\\\/79a95c4ac185f3705cf1b9c9340a5f70\",\"name\":\"Campus Mexicali\",\"url\":\"https:\\\/\\\/www.cetys.mx\\\/noticias\\\/author\\\/campusmexicali\\\/\"}]}<\/script>\n<!-- \/ Yoast SEO plugin. -->","yoast_head_json":{"title":"J\u00f3venes viven y difunden la cultura china - CETYS","description":"Articulo sobre J\u00f3venes viven y difunden la cultura china","robots":{"index":"index","follow":"follow","max-snippet":"max-snippet:-1","max-image-preview":"max-image-preview:large","max-video-preview":"max-video-preview:-1"},"canonical":"https:\/\/www.cetys.mx\/noticias\/jovenes-viven-y-difunden-la-cultura-china\/","og_locale":"es_MX","og_type":"article","og_title":"J\u00f3venes viven y difunden la cultura china - CETYS","og_description":"Articulo sobre J\u00f3venes viven y difunden la cultura china","og_url":"https:\/\/www.cetys.mx\/noticias\/jovenes-viven-y-difunden-la-cultura-china\/","og_site_name":"CETYS","article_publisher":"https:\/\/www.facebook.com\/cetysuniversidadmxl\/","article_published_time":"2020-10-08T16:44:52+00:00","article_modified_time":"2020-10-13T16:12:24+00:00","og_image":[{"width":958,"height":637,"url":"https:\/\/www.cetys.mx\/noticias\/wp-content\/uploads\/2020\/10\/SACC-FestivalDeLaLuna.png","type":"image\/png"}],"author":"Campus Mexicali","twitter_card":"summary_large_image","twitter_creator":"@cetysuni","twitter_site":"@cetysuni","twitter_misc":{"Escrito por":"Campus Mexicali","Tiempo de lectura":"2 minutos"},"schema":{"@context":"https:\/\/schema.org","@graph":[{"@type":"Article","@id":"https:\/\/www.cetys.mx\/noticias\/jovenes-viven-y-difunden-la-cultura-china\/#article","isPartOf":{"@id":"https:\/\/www.cetys.mx\/noticias\/jovenes-viven-y-difunden-la-cultura-china\/"},"author":{"name":"Campus Mexicali","@id":"https:\/\/www.cetys.mx\/noticias\/#\/schema\/person\/79a95c4ac185f3705cf1b9c9340a5f70"},"headline":"J\u00f3venes viven y difunden la cultura china","datePublished":"2020-10-08T16:44:52+00:00","dateModified":"2020-10-13T16:12:24+00:00","mainEntityOfPage":{"@id":"https:\/\/www.cetys.mx\/noticias\/jovenes-viven-y-difunden-la-cultura-china\/"},"wordCount":443,"commentCount":0,"image":{"@id":"https:\/\/www.cetys.mx\/noticias\/jovenes-viven-y-difunden-la-cultura-china\/#primaryimage"},"thumbnailUrl":"https:\/\/www.cetys.mx\/noticias\/wp-content\/uploads\/2020\/10\/SACC-FestivalDeLaLuna.png","keywords":["Alumnos","Betesda","CETYS Solidario","SACC","vocetys-2020-10-13"],"articleSection":["Campus Mexicali","Liderazgo","Portada","VoCETYS"],"inLanguage":"es","potentialAction":[{"@type":"CommentAction","name":"Comment","target":["https:\/\/www.cetys.mx\/noticias\/jovenes-viven-y-difunden-la-cultura-china\/#respond"]}]},{"@type":"WebPage","@id":"https:\/\/www.cetys.mx\/noticias\/jovenes-viven-y-difunden-la-cultura-china\/","url":"https:\/\/www.cetys.mx\/noticias\/jovenes-viven-y-difunden-la-cultura-china\/","name":"J\u00f3venes viven y difunden la cultura china - CETYS","isPartOf":{"@id":"https:\/\/www.cetys.mx\/noticias\/#website"},"primaryImageOfPage":{"@id":"https:\/\/www.cetys.mx\/noticias\/jovenes-viven-y-difunden-la-cultura-china\/#primaryimage"},"image":{"@id":"https:\/\/www.cetys.mx\/noticias\/jovenes-viven-y-difunden-la-cultura-china\/#primaryimage"},"thumbnailUrl":"https:\/\/www.cetys.mx\/noticias\/wp-content\/uploads\/2020\/10\/SACC-FestivalDeLaLuna.png","datePublished":"2020-10-08T16:44:52+00:00","dateModified":"2020-10-13T16:12:24+00:00","author":{"@id":"https:\/\/www.cetys.mx\/noticias\/#\/schema\/person\/79a95c4ac185f3705cf1b9c9340a5f70"},"description":"Articulo sobre J\u00f3venes viven y difunden la cultura china","breadcrumb":{"@id":"https:\/\/www.cetys.mx\/noticias\/jovenes-viven-y-difunden-la-cultura-china\/#breadcrumb"},"inLanguage":"es","potentialAction":[{"@type":"ReadAction","target":["https:\/\/www.cetys.mx\/noticias\/jovenes-viven-y-difunden-la-cultura-china\/"]}]},{"@type":"ImageObject","inLanguage":"es","@id":"https:\/\/www.cetys.mx\/noticias\/jovenes-viven-y-difunden-la-cultura-china\/#primaryimage","url":"https:\/\/www.cetys.mx\/noticias\/wp-content\/uploads\/2020\/10\/SACC-FestivalDeLaLuna.png","contentUrl":"https:\/\/www.cetys.mx\/noticias\/wp-content\/uploads\/2020\/10\/SACC-FestivalDeLaLuna.png","width":958,"height":637,"caption":"Integrantes de la Sociedad de Alumnos CETYS-China en foto del recuerdo"},{"@type":"BreadcrumbList","@id":"https:\/\/www.cetys.mx\/noticias\/jovenes-viven-y-difunden-la-cultura-china\/#breadcrumb","itemListElement":[{"@type":"ListItem","position":1,"name":"Inicio","item":"https:\/\/www.cetys.mx\/noticias\/"},{"@type":"ListItem","position":2,"name":"J\u00f3venes viven y difunden la cultura china"}]},{"@type":"WebSite","@id":"https:\/\/www.cetys.mx\/noticias\/#website","url":"https:\/\/www.cetys.mx\/noticias\/","name":"CETYS","description":"","potentialAction":[{"@type":"SearchAction","target":{"@type":"EntryPoint","urlTemplate":"https:\/\/www.cetys.mx\/noticias\/?s={search_term_string}"},"query-input":{"@type":"PropertyValueSpecification","valueRequired":true,"valueName":"search_term_string"}}],"inLanguage":"es"},{"@type":"Person","@id":"https:\/\/www.cetys.mx\/noticias\/#\/schema\/person\/79a95c4ac185f3705cf1b9c9340a5f70","name":"Campus Mexicali","url":"https:\/\/www.cetys.mx\/noticias\/author\/campusmexicali\/"}]}},"_links":{"self":[{"href":"https:\/\/www.cetys.mx\/noticias\/wp-json\/wp\/v2\/posts\/149611","targetHints":{"allow":["GET"]}}],"collection":[{"href":"https:\/\/www.cetys.mx\/noticias\/wp-json\/wp\/v2\/posts"}],"about":[{"href":"https:\/\/www.cetys.mx\/noticias\/wp-json\/wp\/v2\/types\/post"}],"author":[{"embeddable":true,"href":"https:\/\/www.cetys.mx\/noticias\/wp-json\/wp\/v2\/users\/20"}],"replies":[{"embeddable":true,"href":"https:\/\/www.cetys.mx\/noticias\/wp-json\/wp\/v2\/comments?post=149611"}],"version-history":[{"count":2,"href":"https:\/\/www.cetys.mx\/noticias\/wp-json\/wp\/v2\/posts\/149611\/revisions"}],"predecessor-version":[{"id":149621,"href":"https:\/\/www.cetys.mx\/noticias\/wp-json\/wp\/v2\/posts\/149611\/revisions\/149621"}],"wp:featuredmedia":[{"embeddable":true,"href":"https:\/\/www.cetys.mx\/noticias\/wp-json\/wp\/v2\/media\/149612"}],"wp:attachment":[{"href":"https:\/\/www.cetys.mx\/noticias\/wp-json\/wp\/v2\/media?parent=149611"}],"wp:term":[{"taxonomy":"category","embeddable":true,"href":"https:\/\/www.cetys.mx\/noticias\/wp-json\/wp\/v2\/categories?post=149611"},{"taxonomy":"post_tag","embeddable":true,"href":"https:\/\/www.cetys.mx\/noticias\/wp-json\/wp\/v2\/tags?post=149611"}],"curies":[{"name":"wp","href":"https:\/\/api.w.org\/{rel}","templated":true}]}}