{"id":149568,"date":"2020-10-06T17:28:53","date_gmt":"2020-10-07T00:28:53","guid":{"rendered":"https:\/\/www.cetys.mx\/noticias\/?p=149568"},"modified":"2020-10-06T17:28:53","modified_gmt":"2020-10-07T00:28:53","slug":"congreso-e-cian-por-primera-vez-sera-en-modalidad-virtual-make-it-possible","status":"publish","type":"post","link":"https:\/\/www.cetys.mx\/noticias\/congreso-e-cian-por-primera-vez-sera-en-modalidad-virtual-make-it-possible\/","title":{"rendered":"Congreso E-CIAN por primera vez ser\u00e1 en modalidad virtual, \u201cMake it possible\u201d"},"content":{"rendered":"<p style=\"text-align: justify;\">Con el tema \u201cMake it possible\u201d, los d\u00edas 8 y 9 de octubre se realizar\u00e1 el <a href=\"http:\/\/www.cian.org.mx\">Congreso Internacional de Administraci\u00f3n y Negocios<\/a> (CIAN), por primera vez en modalidad virtual a causa del confinamiento generado por la pandemia por el COVID-19. En rueda de prensa virtual, los organizadores dan los pormenores de uno de los Congresos m\u00e1s grandes de Baja California.<\/p>\n<p style=\"text-align: justify;\">Se trata de la 19.\u00aa edici\u00f3n del congreso, organizado por estudiantes de la Escuela de Administraci\u00f3n y Negocios de <a href=\"http:\/\/www.cetys.mx\/isp\/\">CETYS Universidad Campus Internacional Ensenada<\/a> \u00a0con temas de emprendimiento, liderazgo y sustentabilidad a cargo de conferencistas nacionales e internacionales.<\/p>\n<p style=\"text-align: justify;\">De acuerdo con la Mtra. Janeth Murillo Avi\u00f1a, Directora de la Escuela de Administraci\u00f3n y Negocios de CETYS Ensenada, el CIAN tiene como objetivo fomentar la participaci\u00f3n e interacci\u00f3n entre asistentes y conferencistas, con la \u00fanica meta de aumentar los conocimientos y oportunidades tanto para j\u00f3venes como para adultos de todos los \u00e1mbitos, motivando a la innovaci\u00f3n y a la acci\u00f3n.<\/p>\n<p style=\"text-align: justify;\">La Mtra. Cecilia Castro, Coordinadora del CIAN, destac\u00f3 que bajo la tem\u00e1tica \u201cMake it possible\u201d, esta edici\u00f3n contar\u00e1 con la participaci\u00f3n de ocho conferencistas destacados a nivel nacional e internacional, entre ellos Marisol Rumayor, abogada y emprendedora, creadora de la primera Red Digital de Apoyo al Emprendedor y el Programa de Incubaci\u00f3n en L\u00ednea, as\u00ed\u0301 como el dise\u00f1o y coordinaci\u00f3n de la Semana Nacional del Emprendedor del 2013 al 2016, alcanzando Re\u0301cords Guinness como el evento de negocios m\u00e1s grande del mundo.<\/p>\n<p style=\"text-align: justify;\">Tambi\u00e9n participar\u00e1 Lina Holtzman, quien destaca en la industria editorial con las revistas Glow! y Black; hace radio, tiene un podcast y un canal de YouTube. Adem\u00e1s, Franciso Su\u00e1rez, egresado de CETYS quien ha destacado como directivo en Grupo FEMSA y es experto en temas de sustentabilidad. Ricardo Cucamonga, quien ha desarrollado personajes como &#8220;Cindy la Regia&#8221;, c\u00f3mic recientemente llevado a la pantalla grande, por mencionar algunos.<\/p>\n<p style=\"text-align: justify;\">El presidente del CIAN, el alumno Juan Flores, enfatiz\u00f3 que la pandemia no ha sido un obst\u00e1culo para que el CIAN se lleve a cabo. \u201cDecidimos seguir adelante y aprovechar las tecnolog\u00edas para tener m\u00e1s alcance y poder llegar a todos los rincones del mundo, por eso Make it posible. Contaremos con cuatro conferencias por d\u00eda y con transmisiones en vivo desde el Campus Ensenada; tendremos un acto inaugural y un cierre, as\u00ed como diversas actividades de interacci\u00f3n con nuestros participantes\u201d.<\/p>\n<div id=\"attachment_149571\" style=\"width: 778px\" class=\"wp-caption aligncenter\"><img loading=\"lazy\" decoding=\"async\" aria-describedby=\"caption-attachment-149571\" class=\" wp-image-149571\" src=\"https:\/\/www.cetys.mx\/noticias\/wp-content\/uploads\/2020\/10\/Programa-CIAN-1-3.png\" alt=\"\" width=\"768\" height=\"616\" srcset=\"https:\/\/www.cetys.mx\/noticias\/wp-content\/uploads\/2020\/10\/Programa-CIAN-1-3.png 1055w, https:\/\/www.cetys.mx\/noticias\/wp-content\/uploads\/2020\/10\/Programa-CIAN-1-3-768x616.png 768w\" sizes=\"auto, (max-width: 768px) 100vw, 768px\" \/><p id=\"caption-attachment-149571\" class=\"wp-caption-text\">Programa CIAN.<\/p><\/div>\n<p style=\"text-align: justify;\"><strong>E-CIAN con causa, ligado a la iniciativa CETYS Solidario<\/strong><\/p>\n<p style=\"text-align: justify;\">Durante la rueda de prensa ofrecida a medios de comunicaci\u00f3n, \u00c1lvaro Ricardez, Vicepresidente del E-CIAN, dio a conocer que esta edici\u00f3n del Congreso est\u00e1 ligada a la iniciativa <a href=\"https:\/\/www.cetys.mx\/solidario\/\">CETYS Solidario<\/a> en apoyo a todos los estudiantes de la Instituci\u00f3n que se vieron afectados econ\u00f3micamente poniendo en riesgo la continuidad de sus estudios profesionales.<\/p>\n<blockquote>\n<p style=\"text-align: justify;\">\u201cLas personas que quieran participar en el Congreso tendr\u00e1n la opci\u00f3n o no de donar a partir de cien pesos o lo que deseen a esta causa, a trav\u00e9s de la p\u00e1gina <a href=\"https:\/\/www.cian.org.mx\/\">cian.org.mx<\/a>. Nosotros como estudiantes, adem\u00e1s de innovar con esta modalidad y seguir adelante, nos unimos a este esfuerzo en apoyo de nuestros compa\u00f1eros\u201d.<\/p>\n<\/blockquote>\n<p style=\"text-align: justify;\"><strong>M\u00e1s sobre CETYS Solidario<\/strong><\/p>\n<p style=\"text-align: justify;\">En un esfuerzo filantr\u00f3pico ante la actual crisis presentada por el COVID-19.\u00a0La campa\u00f1a \u201cCETYS Solidario\u201d est\u00e1 encaminada a dos importantes acciones: sumar recursos para un fondo especial dedicado a estudiantes afectados econ\u00f3micamente por el Covid-19 y, a su vez, incentivar la participaci\u00f3n de sus directivos, acad\u00e9micos, estudiantes, egresados, colaboradores y de toda la comunidad CETYS en hechos solidarios para el bienestar social ante la situaci\u00f3n actual de salud.<\/p>\n<p style=\"text-align: justify;\">El E-CIAN se llevar\u00e1 a cabo este 8 y 9 de octubre; la inauguraci\u00f3n ser\u00e1 a las 9:00 a.m. Para mayor informaci\u00f3n de los conferencistas, visitar la p\u00e1gina de Facebook <a href=\"https:\/\/www.facebook.com\/Congreso-CIAN-279370098792348\/\">Congreso CIAN<\/a>. Y para registrarse, entrar a\u00a0 <a href=\"https:\/\/www.cian.org.mx\/\">cian.org.mx<\/a>.<\/p>\n<p>Ver <a href=\"https:\/\/drive.google.com\/drive\/folders\/11HQ8AO-jWWd7EAPVXAF8S6ix78--5q97?usp=sharing\">video de la rueda de prensa aqu\u00ed.<\/a><\/p>\n<p>&nbsp;<\/p>\n","protected":false},"excerpt":{"rendered":"<p>Con el tema \u201cMake it possible\u201d, los d\u00edas 8 y 9 de octubre se realizar\u00e1 el Congreso Internacional de Administraci\u00f3n y Negocios&#8230;<\/p>\n","protected":false},"author":23,"featured_media":149570,"comment_status":"open","ping_status":"closed","sticky":false,"template":"","format":"standard","meta":{"footnotes":""},"categories":[132,125,306,313],"tags":[4195,4795,284,738],"class_list":["post-149568","post","type-post","status-publish","format-standard","has-post-thumbnail","hentry","category-campus-ensenada","category-portada","category-profesional","category-vocetys-2","tag-4195","tag-e-cian","tag-emprendimiento","tag-sustentabilidad"],"yoast_head":"<!-- This site is optimized with the Yoast SEO plugin v27.4 - https:\/\/yoast.com\/product\/yoast-seo-wordpress\/ -->\n<title>Congreso E-CIAN por primera vez ser\u00e1 en modalidad virtual, \u201cMake it possible\u201d - CETYS<\/title>\n<meta name=\"description\" content=\"Articulo sobre Congreso E-CIAN por primera vez ser\u00e1 en modalidad virtual, \u201cMake it possible\u201d\" \/>\n<meta name=\"robots\" content=\"index, follow, max-snippet:-1, max-image-preview:large, max-video-preview:-1\" \/>\n<link rel=\"canonical\" href=\"https:\/\/www.cetys.mx\/noticias\/congreso-e-cian-por-primera-vez-sera-en-modalidad-virtual-make-it-possible\/\" \/>\n<meta property=\"og:locale\" content=\"es_MX\" \/>\n<meta property=\"og:type\" content=\"article\" \/>\n<meta property=\"og:title\" content=\"Congreso E-CIAN por primera vez ser\u00e1 en modalidad virtual, \u201cMake it possible\u201d - CETYS\" \/>\n<meta property=\"og:description\" content=\"Articulo sobre Congreso E-CIAN por primera vez ser\u00e1 en modalidad virtual, \u201cMake it possible\u201d\" \/>\n<meta property=\"og:url\" content=\"https:\/\/www.cetys.mx\/noticias\/congreso-e-cian-por-primera-vez-sera-en-modalidad-virtual-make-it-possible\/\" \/>\n<meta property=\"og:site_name\" content=\"CETYS\" \/>\n<meta property=\"article:publisher\" content=\"https:\/\/www.facebook.com\/cetysuniversidadmxl\/\" \/>\n<meta property=\"article:published_time\" content=\"2020-10-07T00:28:53+00:00\" \/>\n<meta property=\"og:image\" content=\"https:\/\/www.cetys.mx\/noticias\/wp-content\/uploads\/2020\/10\/Foto-rueda-de-prensa.jpg\" \/>\n\t<meta property=\"og:image:width\" content=\"958\" \/>\n\t<meta property=\"og:image:height\" content=\"637\" \/>\n\t<meta property=\"og:image:type\" content=\"image\/jpeg\" \/>\n<meta name=\"author\" content=\"Campus Ensenada\" \/>\n<meta name=\"twitter:card\" content=\"summary_large_image\" \/>\n<meta name=\"twitter:creator\" content=\"@cetysuni\" \/>\n<meta name=\"twitter:site\" content=\"@cetysuni\" \/>\n<meta name=\"twitter:label1\" content=\"Escrito por\" \/>\n\t<meta name=\"twitter:data1\" content=\"Campus Ensenada\" \/>\n\t<meta name=\"twitter:label2\" content=\"Tiempo de lectura\" \/>\n\t<meta name=\"twitter:data2\" content=\"3 minutos\" \/>\n<script type=\"application\/ld+json\" class=\"yoast-schema-graph\">{\"@context\":\"https:\\\/\\\/schema.org\",\"@graph\":[{\"@type\":\"Article\",\"@id\":\"https:\\\/\\\/www.cetys.mx\\\/noticias\\\/congreso-e-cian-por-primera-vez-sera-en-modalidad-virtual-make-it-possible\\\/#article\",\"isPartOf\":{\"@id\":\"https:\\\/\\\/www.cetys.mx\\\/noticias\\\/congreso-e-cian-por-primera-vez-sera-en-modalidad-virtual-make-it-possible\\\/\"},\"author\":{\"name\":\"Campus Ensenada\",\"@id\":\"https:\\\/\\\/www.cetys.mx\\\/noticias\\\/#\\\/schema\\\/person\\\/1a1a88c0b6586e66a2e9e88e07afc712\"},\"headline\":\"Congreso E-CIAN por primera vez ser\u00e1 en modalidad virtual, \u201cMake it possible\u201d\",\"datePublished\":\"2020-10-07T00:28:53+00:00\",\"mainEntityOfPage\":{\"@id\":\"https:\\\/\\\/www.cetys.mx\\\/noticias\\\/congreso-e-cian-por-primera-vez-sera-en-modalidad-virtual-make-it-possible\\\/\"},\"wordCount\":694,\"commentCount\":0,\"image\":{\"@id\":\"https:\\\/\\\/www.cetys.mx\\\/noticias\\\/congreso-e-cian-por-primera-vez-sera-en-modalidad-virtual-make-it-possible\\\/#primaryimage\"},\"thumbnailUrl\":\"https:\\\/\\\/www.cetys.mx\\\/noticias\\\/wp-content\\\/uploads\\\/2020\\\/10\\\/Foto-rueda-de-prensa.jpg\",\"keywords\":[\"2020\",\"E-CIAN\",\"Emprendimiento\",\"Sustentabilidad\"],\"articleSection\":[\"Campus Ensenada\",\"Portada\",\"Profesional\",\"VoCETYS\"],\"inLanguage\":\"es\",\"potentialAction\":[{\"@type\":\"CommentAction\",\"name\":\"Comment\",\"target\":[\"https:\\\/\\\/www.cetys.mx\\\/noticias\\\/congreso-e-cian-por-primera-vez-sera-en-modalidad-virtual-make-it-possible\\\/#respond\"]}]},{\"@type\":\"WebPage\",\"@id\":\"https:\\\/\\\/www.cetys.mx\\\/noticias\\\/congreso-e-cian-por-primera-vez-sera-en-modalidad-virtual-make-it-possible\\\/\",\"url\":\"https:\\\/\\\/www.cetys.mx\\\/noticias\\\/congreso-e-cian-por-primera-vez-sera-en-modalidad-virtual-make-it-possible\\\/\",\"name\":\"Congreso E-CIAN por primera vez ser\u00e1 en modalidad virtual, \u201cMake it possible\u201d - CETYS\",\"isPartOf\":{\"@id\":\"https:\\\/\\\/www.cetys.mx\\\/noticias\\\/#website\"},\"primaryImageOfPage\":{\"@id\":\"https:\\\/\\\/www.cetys.mx\\\/noticias\\\/congreso-e-cian-por-primera-vez-sera-en-modalidad-virtual-make-it-possible\\\/#primaryimage\"},\"image\":{\"@id\":\"https:\\\/\\\/www.cetys.mx\\\/noticias\\\/congreso-e-cian-por-primera-vez-sera-en-modalidad-virtual-make-it-possible\\\/#primaryimage\"},\"thumbnailUrl\":\"https:\\\/\\\/www.cetys.mx\\\/noticias\\\/wp-content\\\/uploads\\\/2020\\\/10\\\/Foto-rueda-de-prensa.jpg\",\"datePublished\":\"2020-10-07T00:28:53+00:00\",\"author\":{\"@id\":\"https:\\\/\\\/www.cetys.mx\\\/noticias\\\/#\\\/schema\\\/person\\\/1a1a88c0b6586e66a2e9e88e07afc712\"},\"description\":\"Articulo sobre Congreso E-CIAN por primera vez ser\u00e1 en modalidad virtual, \u201cMake it possible\u201d\",\"breadcrumb\":{\"@id\":\"https:\\\/\\\/www.cetys.mx\\\/noticias\\\/congreso-e-cian-por-primera-vez-sera-en-modalidad-virtual-make-it-possible\\\/#breadcrumb\"},\"inLanguage\":\"es\",\"potentialAction\":[{\"@type\":\"ReadAction\",\"target\":[\"https:\\\/\\\/www.cetys.mx\\\/noticias\\\/congreso-e-cian-por-primera-vez-sera-en-modalidad-virtual-make-it-possible\\\/\"]}]},{\"@type\":\"ImageObject\",\"inLanguage\":\"es\",\"@id\":\"https:\\\/\\\/www.cetys.mx\\\/noticias\\\/congreso-e-cian-por-primera-vez-sera-en-modalidad-virtual-make-it-possible\\\/#primaryimage\",\"url\":\"https:\\\/\\\/www.cetys.mx\\\/noticias\\\/wp-content\\\/uploads\\\/2020\\\/10\\\/Foto-rueda-de-prensa.jpg\",\"contentUrl\":\"https:\\\/\\\/www.cetys.mx\\\/noticias\\\/wp-content\\\/uploads\\\/2020\\\/10\\\/Foto-rueda-de-prensa.jpg\",\"width\":958,\"height\":637},{\"@type\":\"BreadcrumbList\",\"@id\":\"https:\\\/\\\/www.cetys.mx\\\/noticias\\\/congreso-e-cian-por-primera-vez-sera-en-modalidad-virtual-make-it-possible\\\/#breadcrumb\",\"itemListElement\":[{\"@type\":\"ListItem\",\"position\":1,\"name\":\"Inicio\",\"item\":\"https:\\\/\\\/www.cetys.mx\\\/noticias\\\/\"},{\"@type\":\"ListItem\",\"position\":2,\"name\":\"Congreso E-CIAN por primera vez ser\u00e1 en modalidad virtual, \u201cMake it possible\u201d\"}]},{\"@type\":\"WebSite\",\"@id\":\"https:\\\/\\\/www.cetys.mx\\\/noticias\\\/#website\",\"url\":\"https:\\\/\\\/www.cetys.mx\\\/noticias\\\/\",\"name\":\"CETYS\",\"description\":\"\",\"potentialAction\":[{\"@type\":\"SearchAction\",\"target\":{\"@type\":\"EntryPoint\",\"urlTemplate\":\"https:\\\/\\\/www.cetys.mx\\\/noticias\\\/?s={search_term_string}\"},\"query-input\":{\"@type\":\"PropertyValueSpecification\",\"valueRequired\":true,\"valueName\":\"search_term_string\"}}],\"inLanguage\":\"es\"},{\"@type\":\"Person\",\"@id\":\"https:\\\/\\\/www.cetys.mx\\\/noticias\\\/#\\\/schema\\\/person\\\/1a1a88c0b6586e66a2e9e88e07afc712\",\"name\":\"Campus Ensenada\",\"url\":\"https:\\\/\\\/www.cetys.mx\\\/noticias\\\/author\\\/campusensenada\\\/\"}]}<\/script>\n<!-- \/ Yoast SEO plugin. -->","yoast_head_json":{"title":"Congreso E-CIAN por primera vez ser\u00e1 en modalidad virtual, \u201cMake it possible\u201d - CETYS","description":"Articulo sobre Congreso E-CIAN por primera vez ser\u00e1 en modalidad virtual, \u201cMake it possible\u201d","robots":{"index":"index","follow":"follow","max-snippet":"max-snippet:-1","max-image-preview":"max-image-preview:large","max-video-preview":"max-video-preview:-1"},"canonical":"https:\/\/www.cetys.mx\/noticias\/congreso-e-cian-por-primera-vez-sera-en-modalidad-virtual-make-it-possible\/","og_locale":"es_MX","og_type":"article","og_title":"Congreso E-CIAN por primera vez ser\u00e1 en modalidad virtual, \u201cMake it possible\u201d - CETYS","og_description":"Articulo sobre Congreso E-CIAN por primera vez ser\u00e1 en modalidad virtual, \u201cMake it possible\u201d","og_url":"https:\/\/www.cetys.mx\/noticias\/congreso-e-cian-por-primera-vez-sera-en-modalidad-virtual-make-it-possible\/","og_site_name":"CETYS","article_publisher":"https:\/\/www.facebook.com\/cetysuniversidadmxl\/","article_published_time":"2020-10-07T00:28:53+00:00","og_image":[{"width":958,"height":637,"url":"https:\/\/www.cetys.mx\/noticias\/wp-content\/uploads\/2020\/10\/Foto-rueda-de-prensa.jpg","type":"image\/jpeg"}],"author":"Campus Ensenada","twitter_card":"summary_large_image","twitter_creator":"@cetysuni","twitter_site":"@cetysuni","twitter_misc":{"Escrito por":"Campus Ensenada","Tiempo de lectura":"3 minutos"},"schema":{"@context":"https:\/\/schema.org","@graph":[{"@type":"Article","@id":"https:\/\/www.cetys.mx\/noticias\/congreso-e-cian-por-primera-vez-sera-en-modalidad-virtual-make-it-possible\/#article","isPartOf":{"@id":"https:\/\/www.cetys.mx\/noticias\/congreso-e-cian-por-primera-vez-sera-en-modalidad-virtual-make-it-possible\/"},"author":{"name":"Campus Ensenada","@id":"https:\/\/www.cetys.mx\/noticias\/#\/schema\/person\/1a1a88c0b6586e66a2e9e88e07afc712"},"headline":"Congreso E-CIAN por primera vez ser\u00e1 en modalidad virtual, \u201cMake it possible\u201d","datePublished":"2020-10-07T00:28:53+00:00","mainEntityOfPage":{"@id":"https:\/\/www.cetys.mx\/noticias\/congreso-e-cian-por-primera-vez-sera-en-modalidad-virtual-make-it-possible\/"},"wordCount":694,"commentCount":0,"image":{"@id":"https:\/\/www.cetys.mx\/noticias\/congreso-e-cian-por-primera-vez-sera-en-modalidad-virtual-make-it-possible\/#primaryimage"},"thumbnailUrl":"https:\/\/www.cetys.mx\/noticias\/wp-content\/uploads\/2020\/10\/Foto-rueda-de-prensa.jpg","keywords":["2020","E-CIAN","Emprendimiento","Sustentabilidad"],"articleSection":["Campus Ensenada","Portada","Profesional","VoCETYS"],"inLanguage":"es","potentialAction":[{"@type":"CommentAction","name":"Comment","target":["https:\/\/www.cetys.mx\/noticias\/congreso-e-cian-por-primera-vez-sera-en-modalidad-virtual-make-it-possible\/#respond"]}]},{"@type":"WebPage","@id":"https:\/\/www.cetys.mx\/noticias\/congreso-e-cian-por-primera-vez-sera-en-modalidad-virtual-make-it-possible\/","url":"https:\/\/www.cetys.mx\/noticias\/congreso-e-cian-por-primera-vez-sera-en-modalidad-virtual-make-it-possible\/","name":"Congreso E-CIAN por primera vez ser\u00e1 en modalidad virtual, \u201cMake it possible\u201d - CETYS","isPartOf":{"@id":"https:\/\/www.cetys.mx\/noticias\/#website"},"primaryImageOfPage":{"@id":"https:\/\/www.cetys.mx\/noticias\/congreso-e-cian-por-primera-vez-sera-en-modalidad-virtual-make-it-possible\/#primaryimage"},"image":{"@id":"https:\/\/www.cetys.mx\/noticias\/congreso-e-cian-por-primera-vez-sera-en-modalidad-virtual-make-it-possible\/#primaryimage"},"thumbnailUrl":"https:\/\/www.cetys.mx\/noticias\/wp-content\/uploads\/2020\/10\/Foto-rueda-de-prensa.jpg","datePublished":"2020-10-07T00:28:53+00:00","author":{"@id":"https:\/\/www.cetys.mx\/noticias\/#\/schema\/person\/1a1a88c0b6586e66a2e9e88e07afc712"},"description":"Articulo sobre Congreso E-CIAN por primera vez ser\u00e1 en modalidad virtual, \u201cMake it possible\u201d","breadcrumb":{"@id":"https:\/\/www.cetys.mx\/noticias\/congreso-e-cian-por-primera-vez-sera-en-modalidad-virtual-make-it-possible\/#breadcrumb"},"inLanguage":"es","potentialAction":[{"@type":"ReadAction","target":["https:\/\/www.cetys.mx\/noticias\/congreso-e-cian-por-primera-vez-sera-en-modalidad-virtual-make-it-possible\/"]}]},{"@type":"ImageObject","inLanguage":"es","@id":"https:\/\/www.cetys.mx\/noticias\/congreso-e-cian-por-primera-vez-sera-en-modalidad-virtual-make-it-possible\/#primaryimage","url":"https:\/\/www.cetys.mx\/noticias\/wp-content\/uploads\/2020\/10\/Foto-rueda-de-prensa.jpg","contentUrl":"https:\/\/www.cetys.mx\/noticias\/wp-content\/uploads\/2020\/10\/Foto-rueda-de-prensa.jpg","width":958,"height":637},{"@type":"BreadcrumbList","@id":"https:\/\/www.cetys.mx\/noticias\/congreso-e-cian-por-primera-vez-sera-en-modalidad-virtual-make-it-possible\/#breadcrumb","itemListElement":[{"@type":"ListItem","position":1,"name":"Inicio","item":"https:\/\/www.cetys.mx\/noticias\/"},{"@type":"ListItem","position":2,"name":"Congreso E-CIAN por primera vez ser\u00e1 en modalidad virtual, \u201cMake it possible\u201d"}]},{"@type":"WebSite","@id":"https:\/\/www.cetys.mx\/noticias\/#website","url":"https:\/\/www.cetys.mx\/noticias\/","name":"CETYS","description":"","potentialAction":[{"@type":"SearchAction","target":{"@type":"EntryPoint","urlTemplate":"https:\/\/www.cetys.mx\/noticias\/?s={search_term_string}"},"query-input":{"@type":"PropertyValueSpecification","valueRequired":true,"valueName":"search_term_string"}}],"inLanguage":"es"},{"@type":"Person","@id":"https:\/\/www.cetys.mx\/noticias\/#\/schema\/person\/1a1a88c0b6586e66a2e9e88e07afc712","name":"Campus Ensenada","url":"https:\/\/www.cetys.mx\/noticias\/author\/campusensenada\/"}]}},"_links":{"self":[{"href":"https:\/\/www.cetys.mx\/noticias\/wp-json\/wp\/v2\/posts\/149568","targetHints":{"allow":["GET"]}}],"collection":[{"href":"https:\/\/www.cetys.mx\/noticias\/wp-json\/wp\/v2\/posts"}],"about":[{"href":"https:\/\/www.cetys.mx\/noticias\/wp-json\/wp\/v2\/types\/post"}],"author":[{"embeddable":true,"href":"https:\/\/www.cetys.mx\/noticias\/wp-json\/wp\/v2\/users\/23"}],"replies":[{"embeddable":true,"href":"https:\/\/www.cetys.mx\/noticias\/wp-json\/wp\/v2\/comments?post=149568"}],"version-history":[{"count":1,"href":"https:\/\/www.cetys.mx\/noticias\/wp-json\/wp\/v2\/posts\/149568\/revisions"}],"predecessor-version":[{"id":149572,"href":"https:\/\/www.cetys.mx\/noticias\/wp-json\/wp\/v2\/posts\/149568\/revisions\/149572"}],"wp:featuredmedia":[{"embeddable":true,"href":"https:\/\/www.cetys.mx\/noticias\/wp-json\/wp\/v2\/media\/149570"}],"wp:attachment":[{"href":"https:\/\/www.cetys.mx\/noticias\/wp-json\/wp\/v2\/media?parent=149568"}],"wp:term":[{"taxonomy":"category","embeddable":true,"href":"https:\/\/www.cetys.mx\/noticias\/wp-json\/wp\/v2\/categories?post=149568"},{"taxonomy":"post_tag","embeddable":true,"href":"https:\/\/www.cetys.mx\/noticias\/wp-json\/wp\/v2\/tags?post=149568"}],"curies":[{"name":"wp","href":"https:\/\/api.w.org\/{rel}","templated":true}]}}