{"id":148978,"date":"2020-09-17T22:21:28","date_gmt":"2020-09-18T05:21:28","guid":{"rendered":"https:\/\/www.cetys.mx\/noticias\/?p=148978"},"modified":"2020-09-22T16:27:56","modified_gmt":"2020-09-22T23:27:56","slug":"cetys-dia-intl-deporte-uni","status":"publish","type":"post","link":"https:\/\/www.cetys.mx\/noticias\/cetys-dia-intl-deporte-uni\/","title":{"rendered":"CETYS celebra el D\u00eda Internacional del Deporte Universitario"},"content":{"rendered":"<p>En 2015 la Conferencia General de la <strong>UNESCO<\/strong> (<em>Organizaci\u00f3n de las Naciones Unidas para la Educaci\u00f3n, la Ciencia y la Cultura<\/em>) decret\u00f3 el 20 de septiembre como <em>&#8220;D\u00eda Internacional del Deporte Universitario&#8221;<\/em> (IDUS) por iniciativa de cinco consejos nacionales: China, Italia, Nigeria, Pakist\u00e1n y Rusia.<\/p>\n<p>Este hecho tiene suma relevancia pues es un reconocimiento al trabajo ejercido por instituciones de Nivel Profesional con sus respectivos Programas Deportivos, abriendo una educaci\u00f3n integral con sus alumnos y sus entrenadores.<\/p>\n<blockquote><p><em>&#8220;El objetivo de la proclamaci\u00f3n es garantizar y preservar, para estudiantes y ciudadanos, la igualdad entre hombres y mujeres, la inclusi\u00f3n social y as\u00ed garantizar una educaci\u00f3n f\u00edsica de calidad&#8221;<\/em>, public\u00f3 <strong>UNESCO<\/strong> en un apartado de su plataforma digital.<\/p><\/blockquote>\n<p>Para algunos alumnos de <strong>CETYS Universidad<\/strong>, ser un deportista universitario tiene un significado muy importante en sus respectivas carreras. Buenas o malas, pero todas las experiencias cuentan.<\/p>\n<p><img loading=\"lazy\" decoding=\"async\" class=\"alignnone wp-image-148985 size-full\" src=\"https:\/\/www.cetys.mx\/noticias\/wp-content\/uploads\/2020\/09\/DSC_0114-e1600406241135.jpg\" alt=\"\" width=\"955\" height=\"637\" \/><\/p>\n<p><em>&#8220;Significa algo muy grande para m\u00ed<\/em>\u00a0-coment\u00f3 <strong>Andrea Rosales<\/strong> (baloncesto)-. <em>Mi rutina diaria consiste en escuela, deporte y trabajo. No es f\u00e1cil, pero me gusta y ya estoy acostumbrada. Es algo satisfactorio\u00a0porque me ha permitido tener amigas como compa\u00f1eras y un entrenador que te motiva. Crecemos el doble como seres humanos&#8221;.<\/em><\/p>\n<p><strong>Alberto Vel\u00e1zquez<\/strong>, practicante de atletismo, agreg\u00f3: <em>&#8220;Para m\u00ed significa representar, de la mejor manera, a la instituci\u00f3n que siempre te apoya; sea en eventos locales, nacionales o internacionales. Sacrificas momentos personales, pero vale la pena cuando obtienes una medalla en el podio&#8221;.\u00a0\u00a0<\/em><\/p>\n<p>Esta efem\u00e9ride es tambi\u00e9n la oportunidad para fortalecer campa\u00f1as de buena salud y disciplina, ahora que la presencia en las aulas es nula por efectos de la cuarentena extendida.<\/p>\n<p><img loading=\"lazy\" decoding=\"async\" class=\"alignnone size-full wp-image-148984\" src=\"https:\/\/www.cetys.mx\/noticias\/wp-content\/uploads\/2020\/09\/DSC_0470-e1600406044720.jpg\" alt=\"\" width=\"955\" height=\"637\" \/><\/p>\n<p><em>&#8220;Estamos en un momento clave para conocernos mejor, madurar en todos los sentidos<\/em> -a\u00f1adi\u00f3 <strong>Rebeca M\u00e1rquez<\/strong> (tiro con arco)-. <em>Debemos estar conscientes de lo que ocurre alrededor, pues hasta se puede disfrutar la vida en medio de una crisis. Ser estudiante deportista conlleva tambi\u00e9n cumplir con clases y tareas, pero nos hace mejores profesionistas&#8221;.\u00a0<\/em><\/p>\n<p><strong>FISU<\/strong> (<em>Federaci\u00f3n Internacional de Deportes Universitarios<\/em>) emprende con sus afiliados nacionales una campa\u00f1a para que estudiantes y p\u00fablico celebren este 20 de septiembre practicando alguna disciplina; sea en compa\u00f1\u00eda de familiares, amigos o colaborando con alg\u00fan proyecto.<\/p>\n<p><strong>Zorros<\/strong> han cumplido esta tarea a trav\u00e9s del <strong>Modelo CETYS Flex 360\u00b0<\/strong>.<\/p>\n<p><img loading=\"lazy\" decoding=\"async\" class=\"alignnone size-full wp-image-148983\" src=\"https:\/\/www.cetys.mx\/noticias\/wp-content\/uploads\/2020\/09\/DSC_0938-e1600405892604.jpg\" alt=\"\" width=\"955\" height=\"637\" \/><\/p>\n","protected":false},"excerpt":{"rendered":"<p>En 2015 la Conferencia General de la UNESCO (Organizaci\u00f3n de las Naciones Unidas para la Educaci\u00f3n, la Ciencia y la Cultura) decret\u00f3&#8230;<\/p>\n","protected":false},"author":26,"featured_media":148982,"comment_status":"open","ping_status":"closed","sticky":false,"template":"","format":"standard","meta":{"footnotes":""},"categories":[312,125,313],"tags":[327,233,3092,4773],"class_list":["post-148978","post","type-post","status-publish","format-standard","has-post-thumbnail","hentry","category-deportes","category-portada","category-vocetys-2","tag-condde","tag-deportes","tag-fisu","tag-vocetys-2020-09-22","univesidades-cetys"],"yoast_head":"<!-- This site is optimized with the Yoast SEO plugin v27.4 - https:\/\/yoast.com\/product\/yoast-seo-wordpress\/ -->\n<title>CETYS celebra el D\u00eda Internacional del Deporte Universitario - CETYS<\/title>\n<meta name=\"description\" content=\"Articulo sobre CETYS celebra el D\u00eda Internacional del Deporte Universitario\" \/>\n<meta name=\"robots\" content=\"index, follow, max-snippet:-1, max-image-preview:large, max-video-preview:-1\" \/>\n<link rel=\"canonical\" href=\"https:\/\/www.cetys.mx\/noticias\/cetys-dia-intl-deporte-uni\/\" \/>\n<meta property=\"og:locale\" content=\"es_MX\" \/>\n<meta property=\"og:type\" content=\"article\" \/>\n<meta property=\"og:title\" content=\"CETYS celebra el D\u00eda Internacional del Deporte Universitario - CETYS\" \/>\n<meta property=\"og:description\" content=\"Articulo sobre CETYS celebra el D\u00eda Internacional del Deporte Universitario\" \/>\n<meta property=\"og:url\" content=\"https:\/\/www.cetys.mx\/noticias\/cetys-dia-intl-deporte-uni\/\" \/>\n<meta property=\"og:site_name\" content=\"CETYS\" \/>\n<meta property=\"article:publisher\" content=\"https:\/\/www.facebook.com\/cetysuniversidadmxl\/\" \/>\n<meta property=\"article:published_time\" content=\"2020-09-18T05:21:28+00:00\" \/>\n<meta property=\"article:modified_time\" content=\"2020-09-22T23:27:56+00:00\" \/>\n<meta property=\"og:image\" content=\"https:\/\/www.cetys.mx\/noticias\/wp-content\/uploads\/2020\/09\/MG_0127-e1600405709532.jpg\" \/>\n\t<meta property=\"og:image:width\" content=\"956\" \/>\n\t<meta property=\"og:image:height\" content=\"637\" \/>\n\t<meta property=\"og:image:type\" content=\"image\/jpeg\" \/>\n<meta name=\"author\" content=\"CETYS Institucional\" \/>\n<meta name=\"twitter:card\" content=\"summary_large_image\" \/>\n<meta name=\"twitter:creator\" content=\"@cetysuni\" \/>\n<meta name=\"twitter:site\" content=\"@cetysuni\" \/>\n<meta name=\"twitter:label1\" content=\"Escrito por\" \/>\n\t<meta name=\"twitter:data1\" content=\"CETYS Institucional\" \/>\n\t<meta name=\"twitter:label2\" content=\"Tiempo de lectura\" \/>\n\t<meta name=\"twitter:data2\" content=\"2 minutos\" \/>\n<script type=\"application\/ld+json\" class=\"yoast-schema-graph\">{\"@context\":\"https:\\\/\\\/schema.org\",\"@graph\":[{\"@type\":\"Article\",\"@id\":\"https:\\\/\\\/www.cetys.mx\\\/noticias\\\/cetys-dia-intl-deporte-uni\\\/#article\",\"isPartOf\":{\"@id\":\"https:\\\/\\\/www.cetys.mx\\\/noticias\\\/cetys-dia-intl-deporte-uni\\\/\"},\"author\":{\"name\":\"CETYS Institucional\",\"@id\":\"https:\\\/\\\/www.cetys.mx\\\/noticias\\\/#\\\/schema\\\/person\\\/e9d2b35265b64aa454df57a2828eb2ac\"},\"headline\":\"CETYS celebra el D\u00eda Internacional del Deporte Universitario\",\"datePublished\":\"2020-09-18T05:21:28+00:00\",\"dateModified\":\"2020-09-22T23:27:56+00:00\",\"mainEntityOfPage\":{\"@id\":\"https:\\\/\\\/www.cetys.mx\\\/noticias\\\/cetys-dia-intl-deporte-uni\\\/\"},\"wordCount\":401,\"commentCount\":0,\"image\":{\"@id\":\"https:\\\/\\\/www.cetys.mx\\\/noticias\\\/cetys-dia-intl-deporte-uni\\\/#primaryimage\"},\"thumbnailUrl\":\"https:\\\/\\\/www.cetys.mx\\\/noticias\\\/wp-content\\\/uploads\\\/2020\\\/09\\\/MG_0127-e1600405709532.jpg\",\"keywords\":[\"condde\",\"Deportes\",\"FISU\",\"vocetys-2020-09-22\"],\"articleSection\":[\"Deportes\",\"Portada\",\"VoCETYS\"],\"inLanguage\":\"es\",\"potentialAction\":[{\"@type\":\"CommentAction\",\"name\":\"Comment\",\"target\":[\"https:\\\/\\\/www.cetys.mx\\\/noticias\\\/cetys-dia-intl-deporte-uni\\\/#respond\"]}]},{\"@type\":\"WebPage\",\"@id\":\"https:\\\/\\\/www.cetys.mx\\\/noticias\\\/cetys-dia-intl-deporte-uni\\\/\",\"url\":\"https:\\\/\\\/www.cetys.mx\\\/noticias\\\/cetys-dia-intl-deporte-uni\\\/\",\"name\":\"CETYS celebra el D\u00eda Internacional del Deporte Universitario - CETYS\",\"isPartOf\":{\"@id\":\"https:\\\/\\\/www.cetys.mx\\\/noticias\\\/#website\"},\"primaryImageOfPage\":{\"@id\":\"https:\\\/\\\/www.cetys.mx\\\/noticias\\\/cetys-dia-intl-deporte-uni\\\/#primaryimage\"},\"image\":{\"@id\":\"https:\\\/\\\/www.cetys.mx\\\/noticias\\\/cetys-dia-intl-deporte-uni\\\/#primaryimage\"},\"thumbnailUrl\":\"https:\\\/\\\/www.cetys.mx\\\/noticias\\\/wp-content\\\/uploads\\\/2020\\\/09\\\/MG_0127-e1600405709532.jpg\",\"datePublished\":\"2020-09-18T05:21:28+00:00\",\"dateModified\":\"2020-09-22T23:27:56+00:00\",\"author\":{\"@id\":\"https:\\\/\\\/www.cetys.mx\\\/noticias\\\/#\\\/schema\\\/person\\\/e9d2b35265b64aa454df57a2828eb2ac\"},\"description\":\"Articulo sobre CETYS celebra el D\u00eda Internacional del Deporte Universitario\",\"breadcrumb\":{\"@id\":\"https:\\\/\\\/www.cetys.mx\\\/noticias\\\/cetys-dia-intl-deporte-uni\\\/#breadcrumb\"},\"inLanguage\":\"es\",\"potentialAction\":[{\"@type\":\"ReadAction\",\"target\":[\"https:\\\/\\\/www.cetys.mx\\\/noticias\\\/cetys-dia-intl-deporte-uni\\\/\"]}]},{\"@type\":\"ImageObject\",\"inLanguage\":\"es\",\"@id\":\"https:\\\/\\\/www.cetys.mx\\\/noticias\\\/cetys-dia-intl-deporte-uni\\\/#primaryimage\",\"url\":\"https:\\\/\\\/www.cetys.mx\\\/noticias\\\/wp-content\\\/uploads\\\/2020\\\/09\\\/MG_0127-e1600405709532.jpg\",\"contentUrl\":\"https:\\\/\\\/www.cetys.mx\\\/noticias\\\/wp-content\\\/uploads\\\/2020\\\/09\\\/MG_0127-e1600405709532.jpg\",\"width\":956,\"height\":637,\"caption\":\"CETYS Universidad - Deportes\"},{\"@type\":\"BreadcrumbList\",\"@id\":\"https:\\\/\\\/www.cetys.mx\\\/noticias\\\/cetys-dia-intl-deporte-uni\\\/#breadcrumb\",\"itemListElement\":[{\"@type\":\"ListItem\",\"position\":1,\"name\":\"Inicio\",\"item\":\"https:\\\/\\\/www.cetys.mx\\\/noticias\\\/\"},{\"@type\":\"ListItem\",\"position\":2,\"name\":\"CETYS celebra el D\u00eda Internacional del Deporte Universitario\"}]},{\"@type\":\"WebSite\",\"@id\":\"https:\\\/\\\/www.cetys.mx\\\/noticias\\\/#website\",\"url\":\"https:\\\/\\\/www.cetys.mx\\\/noticias\\\/\",\"name\":\"CETYS\",\"description\":\"\",\"potentialAction\":[{\"@type\":\"SearchAction\",\"target\":{\"@type\":\"EntryPoint\",\"urlTemplate\":\"https:\\\/\\\/www.cetys.mx\\\/noticias\\\/?s={search_term_string}\"},\"query-input\":{\"@type\":\"PropertyValueSpecification\",\"valueRequired\":true,\"valueName\":\"search_term_string\"}}],\"inLanguage\":\"es\"},{\"@type\":\"Person\",\"@id\":\"https:\\\/\\\/www.cetys.mx\\\/noticias\\\/#\\\/schema\\\/person\\\/e9d2b35265b64aa454df57a2828eb2ac\",\"name\":\"CETYS Institucional\",\"url\":\"https:\\\/\\\/www.cetys.mx\\\/noticias\\\/author\\\/cetysinstitucional\\\/\"}]}<\/script>\n<!-- \/ Yoast SEO plugin. -->","yoast_head_json":{"title":"CETYS celebra el D\u00eda Internacional del Deporte Universitario - CETYS","description":"Articulo sobre CETYS celebra el D\u00eda Internacional del Deporte Universitario","robots":{"index":"index","follow":"follow","max-snippet":"max-snippet:-1","max-image-preview":"max-image-preview:large","max-video-preview":"max-video-preview:-1"},"canonical":"https:\/\/www.cetys.mx\/noticias\/cetys-dia-intl-deporte-uni\/","og_locale":"es_MX","og_type":"article","og_title":"CETYS celebra el D\u00eda Internacional del Deporte Universitario - CETYS","og_description":"Articulo sobre CETYS celebra el D\u00eda Internacional del Deporte Universitario","og_url":"https:\/\/www.cetys.mx\/noticias\/cetys-dia-intl-deporte-uni\/","og_site_name":"CETYS","article_publisher":"https:\/\/www.facebook.com\/cetysuniversidadmxl\/","article_published_time":"2020-09-18T05:21:28+00:00","article_modified_time":"2020-09-22T23:27:56+00:00","og_image":[{"width":956,"height":637,"url":"https:\/\/www.cetys.mx\/noticias\/wp-content\/uploads\/2020\/09\/MG_0127-e1600405709532.jpg","type":"image\/jpeg"}],"author":"CETYS Institucional","twitter_card":"summary_large_image","twitter_creator":"@cetysuni","twitter_site":"@cetysuni","twitter_misc":{"Escrito por":"CETYS Institucional","Tiempo de lectura":"2 minutos"},"schema":{"@context":"https:\/\/schema.org","@graph":[{"@type":"Article","@id":"https:\/\/www.cetys.mx\/noticias\/cetys-dia-intl-deporte-uni\/#article","isPartOf":{"@id":"https:\/\/www.cetys.mx\/noticias\/cetys-dia-intl-deporte-uni\/"},"author":{"name":"CETYS Institucional","@id":"https:\/\/www.cetys.mx\/noticias\/#\/schema\/person\/e9d2b35265b64aa454df57a2828eb2ac"},"headline":"CETYS celebra el D\u00eda Internacional del Deporte Universitario","datePublished":"2020-09-18T05:21:28+00:00","dateModified":"2020-09-22T23:27:56+00:00","mainEntityOfPage":{"@id":"https:\/\/www.cetys.mx\/noticias\/cetys-dia-intl-deporte-uni\/"},"wordCount":401,"commentCount":0,"image":{"@id":"https:\/\/www.cetys.mx\/noticias\/cetys-dia-intl-deporte-uni\/#primaryimage"},"thumbnailUrl":"https:\/\/www.cetys.mx\/noticias\/wp-content\/uploads\/2020\/09\/MG_0127-e1600405709532.jpg","keywords":["condde","Deportes","FISU","vocetys-2020-09-22"],"articleSection":["Deportes","Portada","VoCETYS"],"inLanguage":"es","potentialAction":[{"@type":"CommentAction","name":"Comment","target":["https:\/\/www.cetys.mx\/noticias\/cetys-dia-intl-deporte-uni\/#respond"]}]},{"@type":"WebPage","@id":"https:\/\/www.cetys.mx\/noticias\/cetys-dia-intl-deporte-uni\/","url":"https:\/\/www.cetys.mx\/noticias\/cetys-dia-intl-deporte-uni\/","name":"CETYS celebra el D\u00eda Internacional del Deporte Universitario - CETYS","isPartOf":{"@id":"https:\/\/www.cetys.mx\/noticias\/#website"},"primaryImageOfPage":{"@id":"https:\/\/www.cetys.mx\/noticias\/cetys-dia-intl-deporte-uni\/#primaryimage"},"image":{"@id":"https:\/\/www.cetys.mx\/noticias\/cetys-dia-intl-deporte-uni\/#primaryimage"},"thumbnailUrl":"https:\/\/www.cetys.mx\/noticias\/wp-content\/uploads\/2020\/09\/MG_0127-e1600405709532.jpg","datePublished":"2020-09-18T05:21:28+00:00","dateModified":"2020-09-22T23:27:56+00:00","author":{"@id":"https:\/\/www.cetys.mx\/noticias\/#\/schema\/person\/e9d2b35265b64aa454df57a2828eb2ac"},"description":"Articulo sobre CETYS celebra el D\u00eda Internacional del Deporte Universitario","breadcrumb":{"@id":"https:\/\/www.cetys.mx\/noticias\/cetys-dia-intl-deporte-uni\/#breadcrumb"},"inLanguage":"es","potentialAction":[{"@type":"ReadAction","target":["https:\/\/www.cetys.mx\/noticias\/cetys-dia-intl-deporte-uni\/"]}]},{"@type":"ImageObject","inLanguage":"es","@id":"https:\/\/www.cetys.mx\/noticias\/cetys-dia-intl-deporte-uni\/#primaryimage","url":"https:\/\/www.cetys.mx\/noticias\/wp-content\/uploads\/2020\/09\/MG_0127-e1600405709532.jpg","contentUrl":"https:\/\/www.cetys.mx\/noticias\/wp-content\/uploads\/2020\/09\/MG_0127-e1600405709532.jpg","width":956,"height":637,"caption":"CETYS Universidad - Deportes"},{"@type":"BreadcrumbList","@id":"https:\/\/www.cetys.mx\/noticias\/cetys-dia-intl-deporte-uni\/#breadcrumb","itemListElement":[{"@type":"ListItem","position":1,"name":"Inicio","item":"https:\/\/www.cetys.mx\/noticias\/"},{"@type":"ListItem","position":2,"name":"CETYS celebra el D\u00eda Internacional del Deporte Universitario"}]},{"@type":"WebSite","@id":"https:\/\/www.cetys.mx\/noticias\/#website","url":"https:\/\/www.cetys.mx\/noticias\/","name":"CETYS","description":"","potentialAction":[{"@type":"SearchAction","target":{"@type":"EntryPoint","urlTemplate":"https:\/\/www.cetys.mx\/noticias\/?s={search_term_string}"},"query-input":{"@type":"PropertyValueSpecification","valueRequired":true,"valueName":"search_term_string"}}],"inLanguage":"es"},{"@type":"Person","@id":"https:\/\/www.cetys.mx\/noticias\/#\/schema\/person\/e9d2b35265b64aa454df57a2828eb2ac","name":"CETYS Institucional","url":"https:\/\/www.cetys.mx\/noticias\/author\/cetysinstitucional\/"}]}},"_links":{"self":[{"href":"https:\/\/www.cetys.mx\/noticias\/wp-json\/wp\/v2\/posts\/148978","targetHints":{"allow":["GET"]}}],"collection":[{"href":"https:\/\/www.cetys.mx\/noticias\/wp-json\/wp\/v2\/posts"}],"about":[{"href":"https:\/\/www.cetys.mx\/noticias\/wp-json\/wp\/v2\/types\/post"}],"author":[{"embeddable":true,"href":"https:\/\/www.cetys.mx\/noticias\/wp-json\/wp\/v2\/users\/26"}],"replies":[{"embeddable":true,"href":"https:\/\/www.cetys.mx\/noticias\/wp-json\/wp\/v2\/comments?post=148978"}],"version-history":[{"count":4,"href":"https:\/\/www.cetys.mx\/noticias\/wp-json\/wp\/v2\/posts\/148978\/revisions"}],"predecessor-version":[{"id":148989,"href":"https:\/\/www.cetys.mx\/noticias\/wp-json\/wp\/v2\/posts\/148978\/revisions\/148989"}],"wp:featuredmedia":[{"embeddable":true,"href":"https:\/\/www.cetys.mx\/noticias\/wp-json\/wp\/v2\/media\/148982"}],"wp:attachment":[{"href":"https:\/\/www.cetys.mx\/noticias\/wp-json\/wp\/v2\/media?parent=148978"}],"wp:term":[{"taxonomy":"category","embeddable":true,"href":"https:\/\/www.cetys.mx\/noticias\/wp-json\/wp\/v2\/categories?post=148978"},{"taxonomy":"post_tag","embeddable":true,"href":"https:\/\/www.cetys.mx\/noticias\/wp-json\/wp\/v2\/tags?post=148978"}],"curies":[{"name":"wp","href":"https:\/\/api.w.org\/{rel}","templated":true}]}}