{"id":148639,"date":"2020-09-01T15:55:33","date_gmt":"2020-09-01T22:55:33","guid":{"rendered":"https:\/\/www.cetys.mx\/noticias\/?p=148639"},"modified":"2020-09-11T16:29:21","modified_gmt":"2020-09-11T23:29:21","slug":"esto-nos-dice-la-atencion-psicologica-a-afectados-por-confinamiento-del-covid-19","status":"publish","type":"post","link":"https:\/\/www.cetys.mx\/noticias\/esto-nos-dice-la-atencion-psicologica-a-afectados-por-confinamiento-del-covid-19\/","title":{"rendered":"Esto nos dice la atencion psicol\u00f3gica a afectados por confinamiento del COVID-19"},"content":{"rendered":"<p align=\"justify\">Con el confinamiento que se vive globalmente, problemas como ansiedad y estr\u00e9s se hacen m\u00e1s presentes en las personas y con ello se ve afectada su vida laboral, social y personal. La <strong>Mtra. Elizabeth Aguilar<\/strong>, <em>Coordinadora del Centro de Apoyo y Orientaci\u00f3n Psicol\u00f3gica (CAOP)<\/em> de <strong>CETYS Universidad Campus Tijuana<\/strong>, describi\u00f3 algunas particularidades de la poblaci\u00f3n que busc\u00f3 ayuda.<\/p>\n<p align=\"justify\">A trav\u00e9s del programa \u201c<em>CAOP te acompa\u00f1a\u201d<\/em>, psic\u00f3logos capacitados ofrecen teleterapia o terapia online al p\u00fablico en general afectada por el COVID-19, esto desde abril de 2020 a la fecha. Las edades de los atendidos oscilan entre los 30 y 60 a\u00f1os de edad. De los casos se distinguen dos grupos: pacientes diagnosticados con COVID-19 y parientes o personas cercanas a los casos confirmados.<\/p>\n<blockquote>\n<p align=\"justify\">\u201cEl COVID-19 nos record\u00f3 la importancia de nuestro estado an\u00edmico, de nuestra estabilidad, de una higiene de sue\u00f1o, de buscar formas de relajarse y afrontar las situaciones. Fue claro que el miedo, la angustia e incertidumbre afect\u00f3 sus \u00e1mbitos laborales y sus relaciones interpersonales\u201d, apunt\u00f3 la docente.<\/p>\n<\/blockquote>\n<p align=\"justify\">Estos problemas producto de la ansiedad y el estr\u00e9s se manifestaban en sus vidas a trav\u00e9s de intolerancia, irritabilidad, actitud defensiva y una mala higiene del sue\u00f1o, tanto en sus trabajos bajando su rendimiento laboral, como problemas de convivencia en el hogar o en la distancia con los cercanos.<\/p>\n<div id=\"attachment_134041\" style=\"width: 524px\" class=\"wp-caption aligncenter\"><img loading=\"lazy\" decoding=\"async\" aria-describedby=\"caption-attachment-134041\" class=\" wp-image-134041\" src=\"https:\/\/www.cetys.mx\/noticias\/wp-content\/uploads\/2019\/09\/elizabeth-aguilar.jpg\" alt=\"\" width=\"514\" height=\"341\" srcset=\"https:\/\/www.cetys.mx\/noticias\/wp-content\/uploads\/2019\/09\/elizabeth-aguilar.jpg 958w, https:\/\/www.cetys.mx\/noticias\/wp-content\/uploads\/2019\/09\/elizabeth-aguilar-768x511.jpg 768w\" sizes=\"auto, (max-width: 514px) 100vw, 514px\" \/><p id=\"caption-attachment-134041\" class=\"wp-caption-text\">En la foto, la Mtra. Elizabeth Aguilar, Coordinadora del CAOP en CETYS Campus Tijuana.<\/p><\/div>\n<blockquote>\n<p align=\"justify\">\u201cSu d\u00eda a d\u00eda estaba alterado porque no dorm\u00edan bien, ya estaban ansiosos desde que empiezan, permanece la incertidumbre de la situaci\u00f3n global. Podemos hacer mucho si atendemos la higiene del sue\u00f1o\u201d, dijo.<\/p>\n<\/blockquote>\n<p align=\"justify\"><strong id=\"m_-1506283731624640323docs-internal-guid-afd01c2e-7fff-b798-1e77-98351e7bcee0\">POCA ATENCI\u00d3N MASCULINA<\/strong><\/p>\n<p align=\"justify\">La <em>Coordinadora del CAOP en Tijuana,<\/em> acentu\u00f3 que nueve de cada diez pacientes son mujeres, por lo que invita a los hombres a que se atiendan ya que no est\u00e1n exentos de padecer ansiedad y estr\u00e9s. <em>\u201cLas mujeres no son las \u00fanicas afectadas por este diagn\u00f3stico, los hombres tambi\u00e9n pasan por esta situaci\u00f3n, pero el grupo femenino parece ser que tiene mayor confianza en atenderse psicol\u00f3gicamente\u201d.<\/em><\/p>\n<p align=\"justify\">Por \u00faltimo, la <strong>Mtra. Aguilar<\/strong> record\u00f3 a la poblaci\u00f3n que puede pedir apoyo online o teleterapia en CAOP, para ello puede solicitar su cita a trav\u00e9s del correo:\u00a0<a href=\"mailto:contacto.caop@cetys.mx\" target=\"_blank\" rel=\"noopener\">contacto.caop@cetys.mx<\/a>\u00a0o llamar al tel\u00e9fono (664) 903-1800 ext. 2630 de lunes a viernes de 8:00 a.m. a 3:00 p.m. Las citas se agendan para martes y jueves.<\/p>\n","protected":false},"excerpt":{"rendered":"<p>Con el confinamiento que se vive globalmente, problemas como ansiedad y estr\u00e9s se hacen m\u00e1s presentes en las personas y con ello&#8230;<\/p>\n","protected":false},"author":109,"featured_media":142780,"comment_status":"open","ping_status":"closed","sticky":false,"template":"","format":"standard","meta":{"footnotes":""},"categories":[134,125,313],"tags":[1285,1684,4308,4759],"class_list":["post-148639","post","type-post","status-publish","format-standard","has-post-thumbnail","hentry","category-campus-tijuana","category-portada","category-vocetys-2","tag-caop","tag-cetys-tijuana","tag-covid-19","tag-vocetys-2020-09-11"],"yoast_head":"<!-- This site is optimized with the Yoast SEO plugin v27.4 - https:\/\/yoast.com\/product\/yoast-seo-wordpress\/ -->\n<title>Esto nos dice la atencion psicol\u00f3gica a afectados por confinamiento del COVID-19 - CETYS<\/title>\n<meta name=\"description\" content=\"CAOP Tijuana vuelve a abrir sus espacios para brindar atenci\u00f3n psicol\u00f3gica por teleterapia y por expertos capacitados con estas herramientas.\" \/>\n<meta name=\"robots\" content=\"index, follow, max-snippet:-1, max-image-preview:large, max-video-preview:-1\" \/>\n<link rel=\"canonical\" href=\"https:\/\/www.cetys.mx\/noticias\/esto-nos-dice-la-atencion-psicologica-a-afectados-por-confinamiento-del-covid-19\/\" \/>\n<meta property=\"og:locale\" content=\"es_MX\" \/>\n<meta property=\"og:type\" content=\"article\" \/>\n<meta property=\"og:title\" content=\"Esto nos dice la atencion psicol\u00f3gica a afectados por confinamiento del COVID-19 - CETYS\" \/>\n<meta property=\"og:description\" content=\"CAOP Tijuana vuelve a abrir sus espacios para brindar atenci\u00f3n psicol\u00f3gica por teleterapia y por expertos capacitados con estas herramientas.\" \/>\n<meta property=\"og:url\" content=\"https:\/\/www.cetys.mx\/noticias\/esto-nos-dice-la-atencion-psicologica-a-afectados-por-confinamiento-del-covid-19\/\" \/>\n<meta property=\"og:site_name\" content=\"CETYS\" \/>\n<meta property=\"article:publisher\" content=\"https:\/\/www.facebook.com\/cetysuniversidadmxl\/\" \/>\n<meta property=\"article:published_time\" content=\"2020-09-01T22:55:33+00:00\" \/>\n<meta property=\"article:modified_time\" content=\"2020-09-11T23:29:21+00:00\" \/>\n<meta property=\"og:image\" content=\"https:\/\/www.cetys.mx\/noticias\/wp-content\/uploads\/2020\/04\/Terapia-en-Li\u0301nea-CAOP-1.png\" \/>\n\t<meta property=\"og:image:width\" content=\"958\" \/>\n\t<meta property=\"og:image:height\" content=\"637\" \/>\n\t<meta property=\"og:image:type\" content=\"image\/png\" \/>\n<meta name=\"author\" content=\"Esteban Merlo\" \/>\n<meta name=\"twitter:card\" content=\"summary_large_image\" \/>\n<meta name=\"twitter:creator\" content=\"@cetysuni\" \/>\n<meta name=\"twitter:site\" content=\"@cetysuni\" \/>\n<meta name=\"twitter:label1\" content=\"Escrito por\" \/>\n\t<meta name=\"twitter:data1\" content=\"Esteban Merlo\" \/>\n\t<meta name=\"twitter:label2\" content=\"Tiempo de lectura\" \/>\n\t<meta name=\"twitter:data2\" content=\"2 minutos\" \/>\n<script type=\"application\/ld+json\" class=\"yoast-schema-graph\">{\"@context\":\"https:\\\/\\\/schema.org\",\"@graph\":[{\"@type\":\"Article\",\"@id\":\"https:\\\/\\\/www.cetys.mx\\\/noticias\\\/esto-nos-dice-la-atencion-psicologica-a-afectados-por-confinamiento-del-covid-19\\\/#article\",\"isPartOf\":{\"@id\":\"https:\\\/\\\/www.cetys.mx\\\/noticias\\\/esto-nos-dice-la-atencion-psicologica-a-afectados-por-confinamiento-del-covid-19\\\/\"},\"author\":{\"name\":\"Esteban Merlo\",\"@id\":\"https:\\\/\\\/www.cetys.mx\\\/noticias\\\/#\\\/schema\\\/person\\\/23d4ea78bce828b446aa45741e50aa03\"},\"headline\":\"Esto nos dice la atencion psicol\u00f3gica a afectados por confinamiento del COVID-19\",\"datePublished\":\"2020-09-01T22:55:33+00:00\",\"dateModified\":\"2020-09-11T23:29:21+00:00\",\"mainEntityOfPage\":{\"@id\":\"https:\\\/\\\/www.cetys.mx\\\/noticias\\\/esto-nos-dice-la-atencion-psicologica-a-afectados-por-confinamiento-del-covid-19\\\/\"},\"wordCount\":437,\"commentCount\":0,\"image\":{\"@id\":\"https:\\\/\\\/www.cetys.mx\\\/noticias\\\/esto-nos-dice-la-atencion-psicologica-a-afectados-por-confinamiento-del-covid-19\\\/#primaryimage\"},\"thumbnailUrl\":\"https:\\\/\\\/www.cetys.mx\\\/noticias\\\/wp-content\\\/uploads\\\/2020\\\/04\\\/Terapia-en-Li\u0301nea-CAOP-1.png\",\"keywords\":[\"CAOP\",\"CETYS Tijuana\",\"COVID-19\",\"vocetys-2020-09-11\"],\"articleSection\":[\"Campus Tijuana\",\"Portada\",\"VoCETYS\"],\"inLanguage\":\"es\",\"potentialAction\":[{\"@type\":\"CommentAction\",\"name\":\"Comment\",\"target\":[\"https:\\\/\\\/www.cetys.mx\\\/noticias\\\/esto-nos-dice-la-atencion-psicologica-a-afectados-por-confinamiento-del-covid-19\\\/#respond\"]}]},{\"@type\":\"WebPage\",\"@id\":\"https:\\\/\\\/www.cetys.mx\\\/noticias\\\/esto-nos-dice-la-atencion-psicologica-a-afectados-por-confinamiento-del-covid-19\\\/\",\"url\":\"https:\\\/\\\/www.cetys.mx\\\/noticias\\\/esto-nos-dice-la-atencion-psicologica-a-afectados-por-confinamiento-del-covid-19\\\/\",\"name\":\"Esto nos dice la atencion psicol\u00f3gica a afectados por confinamiento del COVID-19 - CETYS\",\"isPartOf\":{\"@id\":\"https:\\\/\\\/www.cetys.mx\\\/noticias\\\/#website\"},\"primaryImageOfPage\":{\"@id\":\"https:\\\/\\\/www.cetys.mx\\\/noticias\\\/esto-nos-dice-la-atencion-psicologica-a-afectados-por-confinamiento-del-covid-19\\\/#primaryimage\"},\"image\":{\"@id\":\"https:\\\/\\\/www.cetys.mx\\\/noticias\\\/esto-nos-dice-la-atencion-psicologica-a-afectados-por-confinamiento-del-covid-19\\\/#primaryimage\"},\"thumbnailUrl\":\"https:\\\/\\\/www.cetys.mx\\\/noticias\\\/wp-content\\\/uploads\\\/2020\\\/04\\\/Terapia-en-Li\u0301nea-CAOP-1.png\",\"datePublished\":\"2020-09-01T22:55:33+00:00\",\"dateModified\":\"2020-09-11T23:29:21+00:00\",\"author\":{\"@id\":\"https:\\\/\\\/www.cetys.mx\\\/noticias\\\/#\\\/schema\\\/person\\\/23d4ea78bce828b446aa45741e50aa03\"},\"description\":\"CAOP Tijuana vuelve a abrir sus espacios para brindar atenci\u00f3n psicol\u00f3gica por teleterapia y por expertos capacitados con estas herramientas.\",\"breadcrumb\":{\"@id\":\"https:\\\/\\\/www.cetys.mx\\\/noticias\\\/esto-nos-dice-la-atencion-psicologica-a-afectados-por-confinamiento-del-covid-19\\\/#breadcrumb\"},\"inLanguage\":\"es\",\"potentialAction\":[{\"@type\":\"ReadAction\",\"target\":[\"https:\\\/\\\/www.cetys.mx\\\/noticias\\\/esto-nos-dice-la-atencion-psicologica-a-afectados-por-confinamiento-del-covid-19\\\/\"]}]},{\"@type\":\"ImageObject\",\"inLanguage\":\"es\",\"@id\":\"https:\\\/\\\/www.cetys.mx\\\/noticias\\\/esto-nos-dice-la-atencion-psicologica-a-afectados-por-confinamiento-del-covid-19\\\/#primaryimage\",\"url\":\"https:\\\/\\\/www.cetys.mx\\\/noticias\\\/wp-content\\\/uploads\\\/2020\\\/04\\\/Terapia-en-Li\u0301nea-CAOP-1.png\",\"contentUrl\":\"https:\\\/\\\/www.cetys.mx\\\/noticias\\\/wp-content\\\/uploads\\\/2020\\\/04\\\/Terapia-en-Li\u0301nea-CAOP-1.png\",\"width\":958,\"height\":637},{\"@type\":\"BreadcrumbList\",\"@id\":\"https:\\\/\\\/www.cetys.mx\\\/noticias\\\/esto-nos-dice-la-atencion-psicologica-a-afectados-por-confinamiento-del-covid-19\\\/#breadcrumb\",\"itemListElement\":[{\"@type\":\"ListItem\",\"position\":1,\"name\":\"Inicio\",\"item\":\"https:\\\/\\\/www.cetys.mx\\\/noticias\\\/\"},{\"@type\":\"ListItem\",\"position\":2,\"name\":\"Esto nos dice la atencion psicol\u00f3gica a afectados por confinamiento del COVID-19\"}]},{\"@type\":\"WebSite\",\"@id\":\"https:\\\/\\\/www.cetys.mx\\\/noticias\\\/#website\",\"url\":\"https:\\\/\\\/www.cetys.mx\\\/noticias\\\/\",\"name\":\"CETYS\",\"description\":\"\",\"potentialAction\":[{\"@type\":\"SearchAction\",\"target\":{\"@type\":\"EntryPoint\",\"urlTemplate\":\"https:\\\/\\\/www.cetys.mx\\\/noticias\\\/?s={search_term_string}\"},\"query-input\":{\"@type\":\"PropertyValueSpecification\",\"valueRequired\":true,\"valueName\":\"search_term_string\"}}],\"inLanguage\":\"es\"},{\"@type\":\"Person\",\"@id\":\"https:\\\/\\\/www.cetys.mx\\\/noticias\\\/#\\\/schema\\\/person\\\/23d4ea78bce828b446aa45741e50aa03\",\"name\":\"Esteban Merlo\",\"url\":\"https:\\\/\\\/www.cetys.mx\\\/noticias\\\/author\\\/esteban-merlo\\\/\"}]}<\/script>\n<!-- \/ Yoast SEO plugin. -->","yoast_head_json":{"title":"Esto nos dice la atencion psicol\u00f3gica a afectados por confinamiento del COVID-19 - CETYS","description":"CAOP Tijuana vuelve a abrir sus espacios para brindar atenci\u00f3n psicol\u00f3gica por teleterapia y por expertos capacitados con estas herramientas.","robots":{"index":"index","follow":"follow","max-snippet":"max-snippet:-1","max-image-preview":"max-image-preview:large","max-video-preview":"max-video-preview:-1"},"canonical":"https:\/\/www.cetys.mx\/noticias\/esto-nos-dice-la-atencion-psicologica-a-afectados-por-confinamiento-del-covid-19\/","og_locale":"es_MX","og_type":"article","og_title":"Esto nos dice la atencion psicol\u00f3gica a afectados por confinamiento del COVID-19 - CETYS","og_description":"CAOP Tijuana vuelve a abrir sus espacios para brindar atenci\u00f3n psicol\u00f3gica por teleterapia y por expertos capacitados con estas herramientas.","og_url":"https:\/\/www.cetys.mx\/noticias\/esto-nos-dice-la-atencion-psicologica-a-afectados-por-confinamiento-del-covid-19\/","og_site_name":"CETYS","article_publisher":"https:\/\/www.facebook.com\/cetysuniversidadmxl\/","article_published_time":"2020-09-01T22:55:33+00:00","article_modified_time":"2020-09-11T23:29:21+00:00","og_image":[{"width":958,"height":637,"url":"https:\/\/www.cetys.mx\/noticias\/wp-content\/uploads\/2020\/04\/Terapia-en-Li\u0301nea-CAOP-1.png","type":"image\/png"}],"author":"Esteban Merlo","twitter_card":"summary_large_image","twitter_creator":"@cetysuni","twitter_site":"@cetysuni","twitter_misc":{"Escrito por":"Esteban Merlo","Tiempo de lectura":"2 minutos"},"schema":{"@context":"https:\/\/schema.org","@graph":[{"@type":"Article","@id":"https:\/\/www.cetys.mx\/noticias\/esto-nos-dice-la-atencion-psicologica-a-afectados-por-confinamiento-del-covid-19\/#article","isPartOf":{"@id":"https:\/\/www.cetys.mx\/noticias\/esto-nos-dice-la-atencion-psicologica-a-afectados-por-confinamiento-del-covid-19\/"},"author":{"name":"Esteban Merlo","@id":"https:\/\/www.cetys.mx\/noticias\/#\/schema\/person\/23d4ea78bce828b446aa45741e50aa03"},"headline":"Esto nos dice la atencion psicol\u00f3gica a afectados por confinamiento del COVID-19","datePublished":"2020-09-01T22:55:33+00:00","dateModified":"2020-09-11T23:29:21+00:00","mainEntityOfPage":{"@id":"https:\/\/www.cetys.mx\/noticias\/esto-nos-dice-la-atencion-psicologica-a-afectados-por-confinamiento-del-covid-19\/"},"wordCount":437,"commentCount":0,"image":{"@id":"https:\/\/www.cetys.mx\/noticias\/esto-nos-dice-la-atencion-psicologica-a-afectados-por-confinamiento-del-covid-19\/#primaryimage"},"thumbnailUrl":"https:\/\/www.cetys.mx\/noticias\/wp-content\/uploads\/2020\/04\/Terapia-en-Li\u0301nea-CAOP-1.png","keywords":["CAOP","CETYS Tijuana","COVID-19","vocetys-2020-09-11"],"articleSection":["Campus Tijuana","Portada","VoCETYS"],"inLanguage":"es","potentialAction":[{"@type":"CommentAction","name":"Comment","target":["https:\/\/www.cetys.mx\/noticias\/esto-nos-dice-la-atencion-psicologica-a-afectados-por-confinamiento-del-covid-19\/#respond"]}]},{"@type":"WebPage","@id":"https:\/\/www.cetys.mx\/noticias\/esto-nos-dice-la-atencion-psicologica-a-afectados-por-confinamiento-del-covid-19\/","url":"https:\/\/www.cetys.mx\/noticias\/esto-nos-dice-la-atencion-psicologica-a-afectados-por-confinamiento-del-covid-19\/","name":"Esto nos dice la atencion psicol\u00f3gica a afectados por confinamiento del COVID-19 - CETYS","isPartOf":{"@id":"https:\/\/www.cetys.mx\/noticias\/#website"},"primaryImageOfPage":{"@id":"https:\/\/www.cetys.mx\/noticias\/esto-nos-dice-la-atencion-psicologica-a-afectados-por-confinamiento-del-covid-19\/#primaryimage"},"image":{"@id":"https:\/\/www.cetys.mx\/noticias\/esto-nos-dice-la-atencion-psicologica-a-afectados-por-confinamiento-del-covid-19\/#primaryimage"},"thumbnailUrl":"https:\/\/www.cetys.mx\/noticias\/wp-content\/uploads\/2020\/04\/Terapia-en-Li\u0301nea-CAOP-1.png","datePublished":"2020-09-01T22:55:33+00:00","dateModified":"2020-09-11T23:29:21+00:00","author":{"@id":"https:\/\/www.cetys.mx\/noticias\/#\/schema\/person\/23d4ea78bce828b446aa45741e50aa03"},"description":"CAOP Tijuana vuelve a abrir sus espacios para brindar atenci\u00f3n psicol\u00f3gica por teleterapia y por expertos capacitados con estas herramientas.","breadcrumb":{"@id":"https:\/\/www.cetys.mx\/noticias\/esto-nos-dice-la-atencion-psicologica-a-afectados-por-confinamiento-del-covid-19\/#breadcrumb"},"inLanguage":"es","potentialAction":[{"@type":"ReadAction","target":["https:\/\/www.cetys.mx\/noticias\/esto-nos-dice-la-atencion-psicologica-a-afectados-por-confinamiento-del-covid-19\/"]}]},{"@type":"ImageObject","inLanguage":"es","@id":"https:\/\/www.cetys.mx\/noticias\/esto-nos-dice-la-atencion-psicologica-a-afectados-por-confinamiento-del-covid-19\/#primaryimage","url":"https:\/\/www.cetys.mx\/noticias\/wp-content\/uploads\/2020\/04\/Terapia-en-Li\u0301nea-CAOP-1.png","contentUrl":"https:\/\/www.cetys.mx\/noticias\/wp-content\/uploads\/2020\/04\/Terapia-en-Li\u0301nea-CAOP-1.png","width":958,"height":637},{"@type":"BreadcrumbList","@id":"https:\/\/www.cetys.mx\/noticias\/esto-nos-dice-la-atencion-psicologica-a-afectados-por-confinamiento-del-covid-19\/#breadcrumb","itemListElement":[{"@type":"ListItem","position":1,"name":"Inicio","item":"https:\/\/www.cetys.mx\/noticias\/"},{"@type":"ListItem","position":2,"name":"Esto nos dice la atencion psicol\u00f3gica a afectados por confinamiento del COVID-19"}]},{"@type":"WebSite","@id":"https:\/\/www.cetys.mx\/noticias\/#website","url":"https:\/\/www.cetys.mx\/noticias\/","name":"CETYS","description":"","potentialAction":[{"@type":"SearchAction","target":{"@type":"EntryPoint","urlTemplate":"https:\/\/www.cetys.mx\/noticias\/?s={search_term_string}"},"query-input":{"@type":"PropertyValueSpecification","valueRequired":true,"valueName":"search_term_string"}}],"inLanguage":"es"},{"@type":"Person","@id":"https:\/\/www.cetys.mx\/noticias\/#\/schema\/person\/23d4ea78bce828b446aa45741e50aa03","name":"Esteban Merlo","url":"https:\/\/www.cetys.mx\/noticias\/author\/esteban-merlo\/"}]}},"_links":{"self":[{"href":"https:\/\/www.cetys.mx\/noticias\/wp-json\/wp\/v2\/posts\/148639","targetHints":{"allow":["GET"]}}],"collection":[{"href":"https:\/\/www.cetys.mx\/noticias\/wp-json\/wp\/v2\/posts"}],"about":[{"href":"https:\/\/www.cetys.mx\/noticias\/wp-json\/wp\/v2\/types\/post"}],"author":[{"embeddable":true,"href":"https:\/\/www.cetys.mx\/noticias\/wp-json\/wp\/v2\/users\/109"}],"replies":[{"embeddable":true,"href":"https:\/\/www.cetys.mx\/noticias\/wp-json\/wp\/v2\/comments?post=148639"}],"version-history":[{"count":1,"href":"https:\/\/www.cetys.mx\/noticias\/wp-json\/wp\/v2\/posts\/148639\/revisions"}],"predecessor-version":[{"id":148640,"href":"https:\/\/www.cetys.mx\/noticias\/wp-json\/wp\/v2\/posts\/148639\/revisions\/148640"}],"wp:featuredmedia":[{"embeddable":true,"href":"https:\/\/www.cetys.mx\/noticias\/wp-json\/wp\/v2\/media\/142780"}],"wp:attachment":[{"href":"https:\/\/www.cetys.mx\/noticias\/wp-json\/wp\/v2\/media?parent=148639"}],"wp:term":[{"taxonomy":"category","embeddable":true,"href":"https:\/\/www.cetys.mx\/noticias\/wp-json\/wp\/v2\/categories?post=148639"},{"taxonomy":"post_tag","embeddable":true,"href":"https:\/\/www.cetys.mx\/noticias\/wp-json\/wp\/v2\/tags?post=148639"}],"curies":[{"name":"wp","href":"https:\/\/api.w.org\/{rel}","templated":true}]}}