{"id":148532,"date":"2020-08-31T08:57:47","date_gmt":"2020-08-31T15:57:47","guid":{"rendered":"https:\/\/www.cetys.mx\/noticias\/?p=148532"},"modified":"2020-09-07T14:00:35","modified_gmt":"2020-09-07T21:00:35","slug":"el-futuro-de-la-industria-aeroespacial-que-sigue-de-la-mision-demo-2-de-spacex","status":"publish","type":"post","link":"https:\/\/www.cetys.mx\/noticias\/el-futuro-de-la-industria-aeroespacial-que-sigue-de-la-mision-demo-2-de-spacex\/","title":{"rendered":"El futuro de la industria aeroespacial \u00bfqu\u00e9 sigue de la misi\u00f3n Demo-2 de SpaceX?"},"content":{"rendered":"<p><span style=\"font-weight: 400;\">En los albores de las misiones espaciales de una nueva d\u00e9cada, empresas privadas ahora forman parte de la carrera del hombre por conquistar el cosmos, como lo fue la misi\u00f3n Demo-2 de la empresa SpaceX y la NASA, que mantuvo en hilo al mundo entero y que termin\u00f3 coron\u00e1ndose como el primer viaje en \u00f3rbita en un veh\u00edculo de propiedad privada.<\/span><\/p>\n<p><span style=\"font-weight: 400;\">No es sorpresa que el desarrollo de esta industria sea uno de los motores de impulso para el futuro de la econom\u00eda, y que las instituciones de educaci\u00f3n superior busquen espacios de di\u00e1logo y oportunidad sobre esta rama en M\u00e9xico.\u00a0<\/span><\/p>\n<p><span style=\"font-weight: 400;\">Es as\u00ed que CETYS Universidad realiz\u00f3 el panel virtual: <a href=\"https:\/\/youtu.be\/PAM6LNPHfpQ\">Qu\u00e9 nos deja la misi\u00f3n Demo-2 SpaceX: El futuro de la industria aeroespacial<\/a>, con la participaci\u00f3n del <strong>Dr. Jos\u00e9 Hern\u00e1ndez, Astronauta y C\u00e1tedra Distinguida PIMSA-CETYS; Dra. Ver\u00f3nica Rojas y Dr. Luis Carlos B\u00e1saca, Profesores Investigadores del Colegio de Ingenier\u00eda de CETYS y Dr. Jorge Sosa, Director del Colegio de Ingenier\u00eda de CETYS.<\/strong><\/span><\/p>\n<p><span style=\"font-weight: 400;\">De acuerdo con el Dr. Hern\u00e1ndez, el potencial de M\u00e9xico es muy amplio en esta industria, ya que cuenta con el capital humano de instituciones de educaci\u00f3n superior preparadas para embarcarse en los retos que demanda, siendo Baja California una regi\u00f3n estrat\u00e9gica para el desarrollo aeroespacial.<\/span><\/p>\n<blockquote><p><span style=\"font-weight: 400;\">\u201cPara establecer una industria tiene que existir una colaboraci\u00f3n entre varias entidades: el sector educativo, para la capacidad intelectual del capital humano; el gubernamental para que permita concesiones econ\u00f3micas que atraigan una industria al pa\u00eds, y el sector privado debe de identificar los lugares estrat\u00e9gicos de crecimiento, donde geogr\u00e1ficamente le favorezca. El sector de Baja California es \u00f3ptimo pues es cercano al cliente m\u00e1s potente, los Estados Unidos\u201d.<\/span><\/p><\/blockquote>\n<p><span style=\"font-weight: 400;\">Consider\u00f3 necesario que la industria crezca con grandes empresas ancla en la regi\u00f3n de Baja California, que actuen como catalizadoras para integrar empresas m\u00e1s peque\u00f1as que permitan el desarrollo en todo sentido.<\/span><\/p>\n<p><span style=\"font-weight: 400;\">Por su parte, la Dra. Rojas habl\u00f3 del crecimiento de la rama aeroespacial en M\u00e9xico, con un aumento del 15% en los \u00faltimos dos a\u00f1os y presencia en 18 estados, siendo Baja California en el que se concentran la mayor cantidad de empresas. A\u00fan as\u00ed, coment\u00f3 que la industria se ha visto mermada por la actual contingencia, con una reducci\u00f3n de hasta el 40%. Ante el panorama actual, la Dra. Rojas ve necesario que se oriente la visi\u00f3n no solo al \u00e1rea comercial de aviones, sino al espacio.<\/span><\/p>\n<blockquote><p><span style=\"font-weight: 400;\">\u201cDebemos orientar nuestra visi\u00f3n y no s\u00f3lo limitarnos y asociar la tecnolog\u00eda e industria aeroespacial en M\u00e9xico en aviones. Debemos expandir el conocimiento al espacio y una de las formas de salir de esta crisis es ser punta de lanza y fortalecer nuestra capital humano en el \u00e1rea de construcci\u00f3n de sat\u00e9lites peque\u00f1os\u201d.<\/span><\/p><\/blockquote>\n<p><span style=\"font-weight: 400;\">Respecto a esto, el Dr. B\u00e1saca coment\u00f3 que las instituciones de educaci\u00f3n superior, han comenzado a innovar en la creaci\u00f3n de peque\u00f1os sat\u00e9lites metereol\u00f3gicos, como en CETYS Universidad, a trav\u00e9s de un proyecto que cuenta con la asesor\u00eda del astronauta Dr. Jos\u00e9 Hern\u00e1ndez: \u201cGrupo de Tecnolog\u00eda Aeroespacial y Tecnolog\u00edas Avanzadas\u201d, con alumnos y docentes de los campus de Mexicali, Tijuana y Ensenada de CETYS.<\/span><\/p>\n<p><span style=\"font-weight: 400;\">Asimismo, coment\u00f3 que la industria aeroespacial requiere un amplio conocimiento, que abarca pr\u00e1cticamente todas las ingenier\u00edas, as\u00ed como habilidades duras, blandas y una formaci\u00f3n integral para permitir la comunicaci\u00f3n y liderazgo en equipos.<\/span><\/p>\n<p><span style=\"font-weight: 400;\">Finalmente, el Dr. Sosa record\u00f3 la importancia de que exista una sinergia entre industria, academia, sociedad y gobierno, para que el desarrollo aeroespacial en M\u00e9xico y la regi\u00f3n, pueda seguir siendo punta de lanza y de oportunidades tanto para los j\u00f3venes que egresan de las ingenier\u00edas, como para el sector empresarial.<\/span><\/p>\n<p>&nbsp;<\/p>\n<p><iframe loading=\"lazy\" src=\"https:\/\/www.youtube.com\/embed\/PAM6LNPHfpQ\" width=\"560\" height=\"315\" frameborder=\"0\" allowfullscreen=\"allowfullscreen\"><\/iframe><\/p>\n","protected":false},"excerpt":{"rendered":"<p>En los albores de las misiones espaciales de una nueva d\u00e9cada, empresas privadas ahora forman parte de la carrera del hombre por&#8230;<\/p>\n","protected":false},"author":26,"featured_media":148542,"comment_status":"open","ping_status":"closed","sticky":false,"template":"","format":"standard","meta":{"footnotes":""},"categories":[110,1850,1766,125],"tags":[1604,4733,338,4732,4748,4731],"class_list":["post-148532","post","type-post","status-publish","format-standard","has-post-thumbnail","hentry","category-academia","category-ingenieria","category-innovacion","category-portada","tag-aeroespacial","tag-astronauta-jose-hernandez","tag-ingenieria","tag-spacex","tag-vocetys-2020-09-07","tag-webinar"],"yoast_head":"<!-- This site is optimized with the Yoast SEO plugin v27.4 - https:\/\/yoast.com\/product\/yoast-seo-wordpress\/ -->\n<title>El futuro de la industria aeroespacial \u00bfqu\u00e9 sigue de la misi\u00f3n Demo-2 de SpaceX? - CETYS<\/title>\n<meta name=\"description\" content=\"CETYS Universidad realiz\u00f3 el panel virtual: Qu\u00e9 nos deja la misi\u00f3n Demo-2 SpaceX: El futuro de la industria aeroespacial, con la participaci\u00f3n del Dr. Jos\u00e9 Hern\u00e1ndez, Astronauta y C\u00e1tedra Distinguida PIMSA-CETYS; Dra. Ver\u00f3nica Rojas y Dr. Luis Carlos B\u00e1saca, Profesores Investigadores del Colegio de Ingenier\u00eda de CETYS y Dr. Jorge Sosa, Director del Colegio de Ingenier\u00eda de CETYS.\" \/>\n<meta name=\"robots\" content=\"index, follow, max-snippet:-1, max-image-preview:large, max-video-preview:-1\" \/>\n<link rel=\"canonical\" href=\"https:\/\/www.cetys.mx\/noticias\/el-futuro-de-la-industria-aeroespacial-que-sigue-de-la-mision-demo-2-de-spacex\/\" \/>\n<meta property=\"og:locale\" content=\"es_MX\" \/>\n<meta property=\"og:type\" content=\"article\" \/>\n<meta property=\"og:title\" content=\"El futuro de la industria aeroespacial \u00bfqu\u00e9 sigue de la misi\u00f3n Demo-2 de SpaceX? - CETYS\" \/>\n<meta property=\"og:description\" content=\"CETYS Universidad realiz\u00f3 el panel virtual: Qu\u00e9 nos deja la misi\u00f3n Demo-2 SpaceX: El futuro de la industria aeroespacial, con la participaci\u00f3n del Dr. Jos\u00e9 Hern\u00e1ndez, Astronauta y C\u00e1tedra Distinguida PIMSA-CETYS; Dra. Ver\u00f3nica Rojas y Dr. Luis Carlos B\u00e1saca, Profesores Investigadores del Colegio de Ingenier\u00eda de CETYS y Dr. Jorge Sosa, Director del Colegio de Ingenier\u00eda de CETYS.\" \/>\n<meta property=\"og:url\" content=\"https:\/\/www.cetys.mx\/noticias\/el-futuro-de-la-industria-aeroespacial-que-sigue-de-la-mision-demo-2-de-spacex\/\" \/>\n<meta property=\"og:site_name\" content=\"CETYS\" \/>\n<meta property=\"article:publisher\" content=\"https:\/\/www.facebook.com\/cetysuniversidadmxl\/\" \/>\n<meta property=\"article:published_time\" content=\"2020-08-31T15:57:47+00:00\" \/>\n<meta property=\"article:modified_time\" content=\"2020-09-07T21:00:35+00:00\" \/>\n<meta property=\"og:image\" content=\"https:\/\/www.cetys.mx\/noticias\/wp-content\/uploads\/2020\/08\/CETYS_SpaceX-Nota_Portal2.png\" \/>\n\t<meta property=\"og:image:width\" content=\"958\" \/>\n\t<meta property=\"og:image:height\" content=\"637\" \/>\n\t<meta property=\"og:image:type\" content=\"image\/png\" \/>\n<meta name=\"author\" content=\"CETYS Institucional\" \/>\n<meta name=\"twitter:card\" content=\"summary_large_image\" \/>\n<meta name=\"twitter:creator\" content=\"@cetysuni\" \/>\n<meta name=\"twitter:site\" content=\"@cetysuni\" \/>\n<meta name=\"twitter:label1\" content=\"Escrito por\" \/>\n\t<meta name=\"twitter:data1\" content=\"CETYS Institucional\" \/>\n\t<meta name=\"twitter:label2\" content=\"Tiempo de lectura\" \/>\n\t<meta name=\"twitter:data2\" content=\"3 minutos\" \/>\n<script type=\"application\/ld+json\" class=\"yoast-schema-graph\">{\"@context\":\"https:\\\/\\\/schema.org\",\"@graph\":[{\"@type\":\"Article\",\"@id\":\"https:\\\/\\\/www.cetys.mx\\\/noticias\\\/el-futuro-de-la-industria-aeroespacial-que-sigue-de-la-mision-demo-2-de-spacex\\\/#article\",\"isPartOf\":{\"@id\":\"https:\\\/\\\/www.cetys.mx\\\/noticias\\\/el-futuro-de-la-industria-aeroespacial-que-sigue-de-la-mision-demo-2-de-spacex\\\/\"},\"author\":{\"name\":\"CETYS Institucional\",\"@id\":\"https:\\\/\\\/www.cetys.mx\\\/noticias\\\/#\\\/schema\\\/person\\\/e9d2b35265b64aa454df57a2828eb2ac\"},\"headline\":\"El futuro de la industria aeroespacial \u00bfqu\u00e9 sigue de la misi\u00f3n Demo-2 de SpaceX?\",\"datePublished\":\"2020-08-31T15:57:47+00:00\",\"dateModified\":\"2020-09-07T21:00:35+00:00\",\"mainEntityOfPage\":{\"@id\":\"https:\\\/\\\/www.cetys.mx\\\/noticias\\\/el-futuro-de-la-industria-aeroespacial-que-sigue-de-la-mision-demo-2-de-spacex\\\/\"},\"wordCount\":671,\"commentCount\":0,\"image\":{\"@id\":\"https:\\\/\\\/www.cetys.mx\\\/noticias\\\/el-futuro-de-la-industria-aeroespacial-que-sigue-de-la-mision-demo-2-de-spacex\\\/#primaryimage\"},\"thumbnailUrl\":\"https:\\\/\\\/www.cetys.mx\\\/noticias\\\/wp-content\\\/uploads\\\/2020\\\/08\\\/CETYS_SpaceX-Nota_Portal2.png\",\"keywords\":[\"aeroespacial\",\"Astronauta Jos\u00e9 Hern\u00e1ndez\",\"Ingenier\u00eda\",\"SpaceX\",\"vocetys-2020-09-07\",\"Webinar\"],\"articleSection\":[\"Academia\",\"Ingenier\u00eda\",\"Innovaci\u00f3n\",\"Portada\"],\"inLanguage\":\"es\",\"potentialAction\":[{\"@type\":\"CommentAction\",\"name\":\"Comment\",\"target\":[\"https:\\\/\\\/www.cetys.mx\\\/noticias\\\/el-futuro-de-la-industria-aeroespacial-que-sigue-de-la-mision-demo-2-de-spacex\\\/#respond\"]}]},{\"@type\":\"WebPage\",\"@id\":\"https:\\\/\\\/www.cetys.mx\\\/noticias\\\/el-futuro-de-la-industria-aeroespacial-que-sigue-de-la-mision-demo-2-de-spacex\\\/\",\"url\":\"https:\\\/\\\/www.cetys.mx\\\/noticias\\\/el-futuro-de-la-industria-aeroespacial-que-sigue-de-la-mision-demo-2-de-spacex\\\/\",\"name\":\"El futuro de la industria aeroespacial \u00bfqu\u00e9 sigue de la misi\u00f3n Demo-2 de SpaceX? - CETYS\",\"isPartOf\":{\"@id\":\"https:\\\/\\\/www.cetys.mx\\\/noticias\\\/#website\"},\"primaryImageOfPage\":{\"@id\":\"https:\\\/\\\/www.cetys.mx\\\/noticias\\\/el-futuro-de-la-industria-aeroespacial-que-sigue-de-la-mision-demo-2-de-spacex\\\/#primaryimage\"},\"image\":{\"@id\":\"https:\\\/\\\/www.cetys.mx\\\/noticias\\\/el-futuro-de-la-industria-aeroespacial-que-sigue-de-la-mision-demo-2-de-spacex\\\/#primaryimage\"},\"thumbnailUrl\":\"https:\\\/\\\/www.cetys.mx\\\/noticias\\\/wp-content\\\/uploads\\\/2020\\\/08\\\/CETYS_SpaceX-Nota_Portal2.png\",\"datePublished\":\"2020-08-31T15:57:47+00:00\",\"dateModified\":\"2020-09-07T21:00:35+00:00\",\"author\":{\"@id\":\"https:\\\/\\\/www.cetys.mx\\\/noticias\\\/#\\\/schema\\\/person\\\/e9d2b35265b64aa454df57a2828eb2ac\"},\"description\":\"CETYS Universidad realiz\u00f3 el panel virtual: Qu\u00e9 nos deja la misi\u00f3n Demo-2 SpaceX: El futuro de la industria aeroespacial, con la participaci\u00f3n del Dr. Jos\u00e9 Hern\u00e1ndez, Astronauta y C\u00e1tedra Distinguida PIMSA-CETYS; Dra. Ver\u00f3nica Rojas y Dr. Luis Carlos B\u00e1saca, Profesores Investigadores del Colegio de Ingenier\u00eda de CETYS y Dr. Jorge Sosa, Director del Colegio de Ingenier\u00eda de CETYS.\",\"breadcrumb\":{\"@id\":\"https:\\\/\\\/www.cetys.mx\\\/noticias\\\/el-futuro-de-la-industria-aeroespacial-que-sigue-de-la-mision-demo-2-de-spacex\\\/#breadcrumb\"},\"inLanguage\":\"es\",\"potentialAction\":[{\"@type\":\"ReadAction\",\"target\":[\"https:\\\/\\\/www.cetys.mx\\\/noticias\\\/el-futuro-de-la-industria-aeroespacial-que-sigue-de-la-mision-demo-2-de-spacex\\\/\"]}]},{\"@type\":\"ImageObject\",\"inLanguage\":\"es\",\"@id\":\"https:\\\/\\\/www.cetys.mx\\\/noticias\\\/el-futuro-de-la-industria-aeroespacial-que-sigue-de-la-mision-demo-2-de-spacex\\\/#primaryimage\",\"url\":\"https:\\\/\\\/www.cetys.mx\\\/noticias\\\/wp-content\\\/uploads\\\/2020\\\/08\\\/CETYS_SpaceX-Nota_Portal2.png\",\"contentUrl\":\"https:\\\/\\\/www.cetys.mx\\\/noticias\\\/wp-content\\\/uploads\\\/2020\\\/08\\\/CETYS_SpaceX-Nota_Portal2.png\",\"width\":958,\"height\":637},{\"@type\":\"BreadcrumbList\",\"@id\":\"https:\\\/\\\/www.cetys.mx\\\/noticias\\\/el-futuro-de-la-industria-aeroespacial-que-sigue-de-la-mision-demo-2-de-spacex\\\/#breadcrumb\",\"itemListElement\":[{\"@type\":\"ListItem\",\"position\":1,\"name\":\"Inicio\",\"item\":\"https:\\\/\\\/www.cetys.mx\\\/noticias\\\/\"},{\"@type\":\"ListItem\",\"position\":2,\"name\":\"El futuro de la industria aeroespacial \u00bfqu\u00e9 sigue de la misi\u00f3n Demo-2 de SpaceX?\"}]},{\"@type\":\"WebSite\",\"@id\":\"https:\\\/\\\/www.cetys.mx\\\/noticias\\\/#website\",\"url\":\"https:\\\/\\\/www.cetys.mx\\\/noticias\\\/\",\"name\":\"CETYS\",\"description\":\"\",\"potentialAction\":[{\"@type\":\"SearchAction\",\"target\":{\"@type\":\"EntryPoint\",\"urlTemplate\":\"https:\\\/\\\/www.cetys.mx\\\/noticias\\\/?s={search_term_string}\"},\"query-input\":{\"@type\":\"PropertyValueSpecification\",\"valueRequired\":true,\"valueName\":\"search_term_string\"}}],\"inLanguage\":\"es\"},{\"@type\":\"Person\",\"@id\":\"https:\\\/\\\/www.cetys.mx\\\/noticias\\\/#\\\/schema\\\/person\\\/e9d2b35265b64aa454df57a2828eb2ac\",\"name\":\"CETYS Institucional\",\"url\":\"https:\\\/\\\/www.cetys.mx\\\/noticias\\\/author\\\/cetysinstitucional\\\/\"}]}<\/script>\n<!-- \/ Yoast SEO plugin. -->","yoast_head_json":{"title":"El futuro de la industria aeroespacial \u00bfqu\u00e9 sigue de la misi\u00f3n Demo-2 de SpaceX? - CETYS","description":"CETYS Universidad realiz\u00f3 el panel virtual: Qu\u00e9 nos deja la misi\u00f3n Demo-2 SpaceX: El futuro de la industria aeroespacial, con la participaci\u00f3n del Dr. Jos\u00e9 Hern\u00e1ndez, Astronauta y C\u00e1tedra Distinguida PIMSA-CETYS; Dra. Ver\u00f3nica Rojas y Dr. Luis Carlos B\u00e1saca, Profesores Investigadores del Colegio de Ingenier\u00eda de CETYS y Dr. Jorge Sosa, Director del Colegio de Ingenier\u00eda de CETYS.","robots":{"index":"index","follow":"follow","max-snippet":"max-snippet:-1","max-image-preview":"max-image-preview:large","max-video-preview":"max-video-preview:-1"},"canonical":"https:\/\/www.cetys.mx\/noticias\/el-futuro-de-la-industria-aeroespacial-que-sigue-de-la-mision-demo-2-de-spacex\/","og_locale":"es_MX","og_type":"article","og_title":"El futuro de la industria aeroespacial \u00bfqu\u00e9 sigue de la misi\u00f3n Demo-2 de SpaceX? - CETYS","og_description":"CETYS Universidad realiz\u00f3 el panel virtual: Qu\u00e9 nos deja la misi\u00f3n Demo-2 SpaceX: El futuro de la industria aeroespacial, con la participaci\u00f3n del Dr. Jos\u00e9 Hern\u00e1ndez, Astronauta y C\u00e1tedra Distinguida PIMSA-CETYS; Dra. Ver\u00f3nica Rojas y Dr. Luis Carlos B\u00e1saca, Profesores Investigadores del Colegio de Ingenier\u00eda de CETYS y Dr. Jorge Sosa, Director del Colegio de Ingenier\u00eda de CETYS.","og_url":"https:\/\/www.cetys.mx\/noticias\/el-futuro-de-la-industria-aeroespacial-que-sigue-de-la-mision-demo-2-de-spacex\/","og_site_name":"CETYS","article_publisher":"https:\/\/www.facebook.com\/cetysuniversidadmxl\/","article_published_time":"2020-08-31T15:57:47+00:00","article_modified_time":"2020-09-07T21:00:35+00:00","og_image":[{"width":958,"height":637,"url":"https:\/\/www.cetys.mx\/noticias\/wp-content\/uploads\/2020\/08\/CETYS_SpaceX-Nota_Portal2.png","type":"image\/png"}],"author":"CETYS Institucional","twitter_card":"summary_large_image","twitter_creator":"@cetysuni","twitter_site":"@cetysuni","twitter_misc":{"Escrito por":"CETYS Institucional","Tiempo de lectura":"3 minutos"},"schema":{"@context":"https:\/\/schema.org","@graph":[{"@type":"Article","@id":"https:\/\/www.cetys.mx\/noticias\/el-futuro-de-la-industria-aeroespacial-que-sigue-de-la-mision-demo-2-de-spacex\/#article","isPartOf":{"@id":"https:\/\/www.cetys.mx\/noticias\/el-futuro-de-la-industria-aeroespacial-que-sigue-de-la-mision-demo-2-de-spacex\/"},"author":{"name":"CETYS Institucional","@id":"https:\/\/www.cetys.mx\/noticias\/#\/schema\/person\/e9d2b35265b64aa454df57a2828eb2ac"},"headline":"El futuro de la industria aeroespacial \u00bfqu\u00e9 sigue de la misi\u00f3n Demo-2 de SpaceX?","datePublished":"2020-08-31T15:57:47+00:00","dateModified":"2020-09-07T21:00:35+00:00","mainEntityOfPage":{"@id":"https:\/\/www.cetys.mx\/noticias\/el-futuro-de-la-industria-aeroespacial-que-sigue-de-la-mision-demo-2-de-spacex\/"},"wordCount":671,"commentCount":0,"image":{"@id":"https:\/\/www.cetys.mx\/noticias\/el-futuro-de-la-industria-aeroespacial-que-sigue-de-la-mision-demo-2-de-spacex\/#primaryimage"},"thumbnailUrl":"https:\/\/www.cetys.mx\/noticias\/wp-content\/uploads\/2020\/08\/CETYS_SpaceX-Nota_Portal2.png","keywords":["aeroespacial","Astronauta Jos\u00e9 Hern\u00e1ndez","Ingenier\u00eda","SpaceX","vocetys-2020-09-07","Webinar"],"articleSection":["Academia","Ingenier\u00eda","Innovaci\u00f3n","Portada"],"inLanguage":"es","potentialAction":[{"@type":"CommentAction","name":"Comment","target":["https:\/\/www.cetys.mx\/noticias\/el-futuro-de-la-industria-aeroespacial-que-sigue-de-la-mision-demo-2-de-spacex\/#respond"]}]},{"@type":"WebPage","@id":"https:\/\/www.cetys.mx\/noticias\/el-futuro-de-la-industria-aeroespacial-que-sigue-de-la-mision-demo-2-de-spacex\/","url":"https:\/\/www.cetys.mx\/noticias\/el-futuro-de-la-industria-aeroespacial-que-sigue-de-la-mision-demo-2-de-spacex\/","name":"El futuro de la industria aeroespacial \u00bfqu\u00e9 sigue de la misi\u00f3n Demo-2 de SpaceX? - CETYS","isPartOf":{"@id":"https:\/\/www.cetys.mx\/noticias\/#website"},"primaryImageOfPage":{"@id":"https:\/\/www.cetys.mx\/noticias\/el-futuro-de-la-industria-aeroespacial-que-sigue-de-la-mision-demo-2-de-spacex\/#primaryimage"},"image":{"@id":"https:\/\/www.cetys.mx\/noticias\/el-futuro-de-la-industria-aeroespacial-que-sigue-de-la-mision-demo-2-de-spacex\/#primaryimage"},"thumbnailUrl":"https:\/\/www.cetys.mx\/noticias\/wp-content\/uploads\/2020\/08\/CETYS_SpaceX-Nota_Portal2.png","datePublished":"2020-08-31T15:57:47+00:00","dateModified":"2020-09-07T21:00:35+00:00","author":{"@id":"https:\/\/www.cetys.mx\/noticias\/#\/schema\/person\/e9d2b35265b64aa454df57a2828eb2ac"},"description":"CETYS Universidad realiz\u00f3 el panel virtual: Qu\u00e9 nos deja la misi\u00f3n Demo-2 SpaceX: El futuro de la industria aeroespacial, con la participaci\u00f3n del Dr. Jos\u00e9 Hern\u00e1ndez, Astronauta y C\u00e1tedra Distinguida PIMSA-CETYS; Dra. Ver\u00f3nica Rojas y Dr. Luis Carlos B\u00e1saca, Profesores Investigadores del Colegio de Ingenier\u00eda de CETYS y Dr. Jorge Sosa, Director del Colegio de Ingenier\u00eda de CETYS.","breadcrumb":{"@id":"https:\/\/www.cetys.mx\/noticias\/el-futuro-de-la-industria-aeroespacial-que-sigue-de-la-mision-demo-2-de-spacex\/#breadcrumb"},"inLanguage":"es","potentialAction":[{"@type":"ReadAction","target":["https:\/\/www.cetys.mx\/noticias\/el-futuro-de-la-industria-aeroespacial-que-sigue-de-la-mision-demo-2-de-spacex\/"]}]},{"@type":"ImageObject","inLanguage":"es","@id":"https:\/\/www.cetys.mx\/noticias\/el-futuro-de-la-industria-aeroespacial-que-sigue-de-la-mision-demo-2-de-spacex\/#primaryimage","url":"https:\/\/www.cetys.mx\/noticias\/wp-content\/uploads\/2020\/08\/CETYS_SpaceX-Nota_Portal2.png","contentUrl":"https:\/\/www.cetys.mx\/noticias\/wp-content\/uploads\/2020\/08\/CETYS_SpaceX-Nota_Portal2.png","width":958,"height":637},{"@type":"BreadcrumbList","@id":"https:\/\/www.cetys.mx\/noticias\/el-futuro-de-la-industria-aeroespacial-que-sigue-de-la-mision-demo-2-de-spacex\/#breadcrumb","itemListElement":[{"@type":"ListItem","position":1,"name":"Inicio","item":"https:\/\/www.cetys.mx\/noticias\/"},{"@type":"ListItem","position":2,"name":"El futuro de la industria aeroespacial \u00bfqu\u00e9 sigue de la misi\u00f3n Demo-2 de SpaceX?"}]},{"@type":"WebSite","@id":"https:\/\/www.cetys.mx\/noticias\/#website","url":"https:\/\/www.cetys.mx\/noticias\/","name":"CETYS","description":"","potentialAction":[{"@type":"SearchAction","target":{"@type":"EntryPoint","urlTemplate":"https:\/\/www.cetys.mx\/noticias\/?s={search_term_string}"},"query-input":{"@type":"PropertyValueSpecification","valueRequired":true,"valueName":"search_term_string"}}],"inLanguage":"es"},{"@type":"Person","@id":"https:\/\/www.cetys.mx\/noticias\/#\/schema\/person\/e9d2b35265b64aa454df57a2828eb2ac","name":"CETYS Institucional","url":"https:\/\/www.cetys.mx\/noticias\/author\/cetysinstitucional\/"}]}},"_links":{"self":[{"href":"https:\/\/www.cetys.mx\/noticias\/wp-json\/wp\/v2\/posts\/148532","targetHints":{"allow":["GET"]}}],"collection":[{"href":"https:\/\/www.cetys.mx\/noticias\/wp-json\/wp\/v2\/posts"}],"about":[{"href":"https:\/\/www.cetys.mx\/noticias\/wp-json\/wp\/v2\/types\/post"}],"author":[{"embeddable":true,"href":"https:\/\/www.cetys.mx\/noticias\/wp-json\/wp\/v2\/users\/26"}],"replies":[{"embeddable":true,"href":"https:\/\/www.cetys.mx\/noticias\/wp-json\/wp\/v2\/comments?post=148532"}],"version-history":[{"count":2,"href":"https:\/\/www.cetys.mx\/noticias\/wp-json\/wp\/v2\/posts\/148532\/revisions"}],"predecessor-version":[{"id":148593,"href":"https:\/\/www.cetys.mx\/noticias\/wp-json\/wp\/v2\/posts\/148532\/revisions\/148593"}],"wp:featuredmedia":[{"embeddable":true,"href":"https:\/\/www.cetys.mx\/noticias\/wp-json\/wp\/v2\/media\/148542"}],"wp:attachment":[{"href":"https:\/\/www.cetys.mx\/noticias\/wp-json\/wp\/v2\/media?parent=148532"}],"wp:term":[{"taxonomy":"category","embeddable":true,"href":"https:\/\/www.cetys.mx\/noticias\/wp-json\/wp\/v2\/categories?post=148532"},{"taxonomy":"post_tag","embeddable":true,"href":"https:\/\/www.cetys.mx\/noticias\/wp-json\/wp\/v2\/tags?post=148532"}],"curies":[{"name":"wp","href":"https:\/\/api.w.org\/{rel}","templated":true}]}}