{"id":147749,"date":"2020-08-05T18:14:47","date_gmt":"2020-08-06T01:14:47","guid":{"rendered":"https:\/\/www.cetys.mx\/noticias\/?p=147749"},"modified":"2020-08-06T13:12:03","modified_gmt":"2020-08-06T20:12:03","slug":"inicia-exitosamente-laboratorio-binacional-de-ciencia-y-tecnologia-para-jovenes-organizado-por-el-instituto-de-las-americas-de-eua-y-cetys","status":"publish","type":"post","link":"https:\/\/www.cetys.mx\/noticias\/inicia-exitosamente-laboratorio-binacional-de-ciencia-y-tecnologia-para-jovenes-organizado-por-el-instituto-de-las-americas-de-eua-y-cetys\/","title":{"rendered":"Inicia exitosamente laboratorio binacional de ciencia y tecnolog\u00eda para j\u00f3venes organizado por el Instituto de las Am\u00e9ricas de EUA y CETYS"},"content":{"rendered":"<p style=\"text-align: justify;\">Este martes arranc\u00f3 el <strong>Laboratorio Virtual: Explorando STEAM<\/strong> (Ciencia, Tecnolog\u00eda, Ingenier\u00eda, Arte y Matem\u00e1ticas por sus siglas en ingl\u00e9s), organizado por el <strong>Instituto de las Am\u00e9ricas<\/strong>, con sede en San Diego, California (EUA) en conjunto con <a href=\"http:\/\/www.cetys.mx\">CETYS Universidad<\/a>, con la participaci\u00f3n de 50 estudiantes procedentes de 16 escuelas secundarias de Tijuana y Ensenada.<\/p>\n<p style=\"text-align: justify;\">El Laboratorio Virtual: Explorando STEAM es un programa binacional virtual donde los participantes aprender\u00e1n m\u00e1s sobre las materias STEAM y carreras profesionales dentro de las ramas de la ciencia y la tecnolog\u00eda, esto a trav\u00e9s de sesiones de qu\u00edmica, rob\u00f3tica y matem\u00e1ticas, as\u00ed lo dio a conocer la Mtra. Jessica Ibarra Ramonet, Directora Zona Costa de CETYS Universidad.<\/p>\n<blockquote>\n<p style=\"text-align: justify;\">\u201cHoy arrancamos con esta gran experiencia vinculadora binacional, misma que en un principio ser\u00eda presencial, pero por la contingencia se concret\u00f3 en modalidad virtual con muy buena respuesta por parte de la comunidad y de las escuelas que participan\u201d, comparti\u00f3.<\/p>\n<\/blockquote>\n<p style=\"text-align: justify;\">Asimismo, la Directora Zona Costa destac\u00f3 que este Laboratorio Virtual es altamente interactivo, ya que los profesores que imparten las sesiones estar\u00e1n utilizando t\u00e9cnicas de aprendizaje basadas en proyectos comprobados para involucrar mejor a los estudiantes en las materias de STEAM.<\/p>\n<p style=\"text-align: justify;\">Por su parte, la Mtra. Rebecca Hern\u00e1ndez, Directora Asistente del Programa STEAM en el Instituto de Las Am\u00e9ricas, destac\u00f3 el entusiasmo de los j\u00f3venes a partir de que se les invit\u00f3 a participar en el programa y en el inicio de \u00e9ste.<\/p>\n<div id=\"attachment_147751\" style=\"width: 659px\" class=\"wp-caption aligncenter\"><img loading=\"lazy\" decoding=\"async\" aria-describedby=\"caption-attachment-147751\" class=\" wp-image-147751\" src=\"https:\/\/www.cetys.mx\/noticias\/wp-content\/uploads\/2020\/08\/Foto-2-1.jpg\" alt=\"\" width=\"649\" height=\"432\" srcset=\"https:\/\/www.cetys.mx\/noticias\/wp-content\/uploads\/2020\/08\/Foto-2-1.jpg 958w, https:\/\/www.cetys.mx\/noticias\/wp-content\/uploads\/2020\/08\/Foto-2-1-768x511.jpg 768w\" sizes=\"auto, (max-width: 649px) 100vw, 649px\" \/><p id=\"caption-attachment-147751\" class=\"wp-caption-text\">Inicia Laboratorio Virtual STEAM.<\/p><\/div>\n<blockquote>\n<p style=\"text-align: justify;\">\u201cSe nota mucho el entusiasmo de los estudiantes, pues ha habido mucha participaci\u00f3n en las din\u00e1micas de trabajo haciendo uso de su &#8216;kit de STEAM&#8217; que cada uno recibi\u00f3 previamente con todos los materiales para cada una de las sesiones, creo que esto ha agregado un componente de interacci\u00f3n muy importante. Con este Laboratorio esperamos motivarlos a que contin\u00faen aprendiendo m\u00e1s y eventualmente opten por una carrera en STEAM, si as\u00ed lo desean\u201d, destac\u00f3.<\/p>\n<\/blockquote>\n<p style=\"text-align: justify;\">El programa no tuvo costo alguno, incluye sesiones de Qu\u00edmica a cargo de la Mtra. Rebecca Hern\u00e1ndez, quien es Licenciada en Biolog\u00eda con subconcentraci\u00f3n en Qu\u00edmica y Maestra en Biolog\u00eda Marina; la sesi\u00f3n de Matem\u00e1ticas es dirigida por la Dra. Perla Myers, Doctora en Matem\u00e1ticas; y la sesi\u00f3n de Rob\u00f3tica ser\u00e1 impartida por la Mtra. Nataly Medina Rodr\u00edguez, Ingeniera en Cibern\u00e9tica Electr\u00f3nica, carrera que coordina actualmente en el Campus Tijuana de CETYS Universidad.<\/p>\n<p style=\"text-align: justify;\">Los participantes ser\u00e1n guiados por estudiantes del Club de Ciencias y el equipo Zorrobots de la Preparatoria CETYS bajo el liderazgo de los Maestros Arturo Medina y Francisco Ocampo. Finalmente, tambi\u00e9n tendr\u00e1n la oportunidad de platicar con tres egresados de CETYS que actualmente trabajan en los campos de STEAM, quienes les compartir\u00e1n sus experiencias como estudiantes y como profesionistas, buscando alentarlos a involucrarse en el estudio de estas materias.<\/p>\n<p style=\"text-align: justify;\">Por parte de Ensenada, participan 19 estudiantes de 7 escuelas: Colegio Grecia, Colegio Pearson, Colegio Argentino Los Pibes, Colegio Firenze, Secundaria Imanti y Colegio M\u00e9xico.<\/p>\n<p style=\"text-align: justify;\">Y, por parte de Tijuana participan 31 alumnos de las escuelas: Colegio Biling\u00fce Anglo Espa\u00f1ol, Colegio Cumbres de Villafloresta, Secundaria T\u00e9cnica #36, Colegio Familia, Escuela Secundaria Federal #2 &#8220;Leyes de Reforma&#8221;, Leona Vicario, Colegio Baja California, Instituto Colinas y Secundaria T\u00e9cnica #29.<\/p>\n","protected":false},"excerpt":{"rendered":"<p>Este martes arranc\u00f3 el Laboratorio Virtual: Explorando STEAM (Ciencia, Tecnolog\u00eda, Ingenier\u00eda, Arte y Matem\u00e1ticas por sus siglas en ingl\u00e9s), organizado por el&#8230;<\/p>\n","protected":false},"author":23,"featured_media":147750,"comment_status":"open","ping_status":"closed","sticky":false,"template":"","format":"standard","meta":{"footnotes":""},"categories":[132,134,125,109,313],"tags":[4673,4672,4679],"class_list":["post-147749","post","type-post","status-publish","format-standard","has-post-thumbnail","hentry","category-campus-ensenada","category-campus-tijuana","category-portada","category-vinculacion","category-vocetys-2","tag-laboratorio-virtual","tag-steam","tag-vocetys-2020-08-06"],"yoast_head":"<!-- This site is optimized with the Yoast SEO plugin v27.4 - https:\/\/yoast.com\/product\/yoast-seo-wordpress\/ -->\n<title>Inicia exitosamente laboratorio binacional de ciencia y tecnolog\u00eda para j\u00f3venes organizado por el Instituto de las Am\u00e9ricas de EUA y CETYS - CETYS<\/title>\n<meta name=\"description\" content=\"Articulo sobre Inicia exitosamente laboratorio binacional de ciencia y tecnolog\u00eda para j\u00f3venes organizado por el Instituto de las Am\u00e9ricas de EUA y CETYS\" \/>\n<meta name=\"robots\" content=\"index, follow, max-snippet:-1, max-image-preview:large, max-video-preview:-1\" \/>\n<link rel=\"canonical\" href=\"https:\/\/www.cetys.mx\/noticias\/inicia-exitosamente-laboratorio-binacional-de-ciencia-y-tecnologia-para-jovenes-organizado-por-el-instituto-de-las-americas-de-eua-y-cetys\/\" \/>\n<meta property=\"og:locale\" content=\"es_MX\" \/>\n<meta property=\"og:type\" content=\"article\" \/>\n<meta property=\"og:title\" content=\"Inicia exitosamente laboratorio binacional de ciencia y tecnolog\u00eda para j\u00f3venes organizado por el Instituto de las Am\u00e9ricas de EUA y CETYS - CETYS\" \/>\n<meta property=\"og:description\" content=\"Articulo sobre Inicia exitosamente laboratorio binacional de ciencia y tecnolog\u00eda para j\u00f3venes organizado por el Instituto de las Am\u00e9ricas de EUA y CETYS\" \/>\n<meta property=\"og:url\" content=\"https:\/\/www.cetys.mx\/noticias\/inicia-exitosamente-laboratorio-binacional-de-ciencia-y-tecnologia-para-jovenes-organizado-por-el-instituto-de-las-americas-de-eua-y-cetys\/\" \/>\n<meta property=\"og:site_name\" content=\"CETYS\" \/>\n<meta property=\"article:publisher\" content=\"https:\/\/www.facebook.com\/cetysuniversidadmxl\/\" \/>\n<meta property=\"article:published_time\" content=\"2020-08-06T01:14:47+00:00\" \/>\n<meta property=\"article:modified_time\" content=\"2020-08-06T20:12:03+00:00\" \/>\n<meta property=\"og:image\" content=\"https:\/\/www.cetys.mx\/noticias\/wp-content\/uploads\/2020\/08\/Foto-1-1.jpg\" \/>\n\t<meta property=\"og:image:width\" content=\"958\" \/>\n\t<meta property=\"og:image:height\" content=\"637\" \/>\n\t<meta property=\"og:image:type\" content=\"image\/jpeg\" \/>\n<meta name=\"author\" content=\"Campus Ensenada\" \/>\n<meta name=\"twitter:card\" content=\"summary_large_image\" \/>\n<meta name=\"twitter:creator\" content=\"@cetysuni\" \/>\n<meta name=\"twitter:site\" content=\"@cetysuni\" \/>\n<meta name=\"twitter:label1\" content=\"Escrito por\" \/>\n\t<meta name=\"twitter:data1\" content=\"Campus Ensenada\" \/>\n\t<meta name=\"twitter:label2\" content=\"Tiempo de lectura\" \/>\n\t<meta name=\"twitter:data2\" content=\"3 minutos\" \/>\n<script type=\"application\/ld+json\" class=\"yoast-schema-graph\">{\"@context\":\"https:\\\/\\\/schema.org\",\"@graph\":[{\"@type\":\"Article\",\"@id\":\"https:\\\/\\\/www.cetys.mx\\\/noticias\\\/inicia-exitosamente-laboratorio-binacional-de-ciencia-y-tecnologia-para-jovenes-organizado-por-el-instituto-de-las-americas-de-eua-y-cetys\\\/#article\",\"isPartOf\":{\"@id\":\"https:\\\/\\\/www.cetys.mx\\\/noticias\\\/inicia-exitosamente-laboratorio-binacional-de-ciencia-y-tecnologia-para-jovenes-organizado-por-el-instituto-de-las-americas-de-eua-y-cetys\\\/\"},\"author\":{\"name\":\"Campus Ensenada\",\"@id\":\"https:\\\/\\\/www.cetys.mx\\\/noticias\\\/#\\\/schema\\\/person\\\/1a1a88c0b6586e66a2e9e88e07afc712\"},\"headline\":\"Inicia exitosamente laboratorio binacional de ciencia y tecnolog\u00eda para j\u00f3venes organizado por el Instituto de las Am\u00e9ricas de EUA y CETYS\",\"datePublished\":\"2020-08-06T01:14:47+00:00\",\"dateModified\":\"2020-08-06T20:12:03+00:00\",\"mainEntityOfPage\":{\"@id\":\"https:\\\/\\\/www.cetys.mx\\\/noticias\\\/inicia-exitosamente-laboratorio-binacional-de-ciencia-y-tecnologia-para-jovenes-organizado-por-el-instituto-de-las-americas-de-eua-y-cetys\\\/\"},\"wordCount\":591,\"commentCount\":0,\"image\":{\"@id\":\"https:\\\/\\\/www.cetys.mx\\\/noticias\\\/inicia-exitosamente-laboratorio-binacional-de-ciencia-y-tecnologia-para-jovenes-organizado-por-el-instituto-de-las-americas-de-eua-y-cetys\\\/#primaryimage\"},\"thumbnailUrl\":\"https:\\\/\\\/www.cetys.mx\\\/noticias\\\/wp-content\\\/uploads\\\/2020\\\/08\\\/Foto-1-1.jpg\",\"keywords\":[\"Laboratorio Virtual\",\"STEAM\",\"vocetys-2020-08-06\"],\"articleSection\":[\"Campus Ensenada\",\"Campus Tijuana\",\"Portada\",\"Vinculaci\u00f3n\",\"VoCETYS\"],\"inLanguage\":\"es\",\"potentialAction\":[{\"@type\":\"CommentAction\",\"name\":\"Comment\",\"target\":[\"https:\\\/\\\/www.cetys.mx\\\/noticias\\\/inicia-exitosamente-laboratorio-binacional-de-ciencia-y-tecnologia-para-jovenes-organizado-por-el-instituto-de-las-americas-de-eua-y-cetys\\\/#respond\"]}]},{\"@type\":\"WebPage\",\"@id\":\"https:\\\/\\\/www.cetys.mx\\\/noticias\\\/inicia-exitosamente-laboratorio-binacional-de-ciencia-y-tecnologia-para-jovenes-organizado-por-el-instituto-de-las-americas-de-eua-y-cetys\\\/\",\"url\":\"https:\\\/\\\/www.cetys.mx\\\/noticias\\\/inicia-exitosamente-laboratorio-binacional-de-ciencia-y-tecnologia-para-jovenes-organizado-por-el-instituto-de-las-americas-de-eua-y-cetys\\\/\",\"name\":\"Inicia exitosamente laboratorio binacional de ciencia y tecnolog\u00eda para j\u00f3venes organizado por el Instituto de las Am\u00e9ricas de EUA y CETYS - CETYS\",\"isPartOf\":{\"@id\":\"https:\\\/\\\/www.cetys.mx\\\/noticias\\\/#website\"},\"primaryImageOfPage\":{\"@id\":\"https:\\\/\\\/www.cetys.mx\\\/noticias\\\/inicia-exitosamente-laboratorio-binacional-de-ciencia-y-tecnologia-para-jovenes-organizado-por-el-instituto-de-las-americas-de-eua-y-cetys\\\/#primaryimage\"},\"image\":{\"@id\":\"https:\\\/\\\/www.cetys.mx\\\/noticias\\\/inicia-exitosamente-laboratorio-binacional-de-ciencia-y-tecnologia-para-jovenes-organizado-por-el-instituto-de-las-americas-de-eua-y-cetys\\\/#primaryimage\"},\"thumbnailUrl\":\"https:\\\/\\\/www.cetys.mx\\\/noticias\\\/wp-content\\\/uploads\\\/2020\\\/08\\\/Foto-1-1.jpg\",\"datePublished\":\"2020-08-06T01:14:47+00:00\",\"dateModified\":\"2020-08-06T20:12:03+00:00\",\"author\":{\"@id\":\"https:\\\/\\\/www.cetys.mx\\\/noticias\\\/#\\\/schema\\\/person\\\/1a1a88c0b6586e66a2e9e88e07afc712\"},\"description\":\"Articulo sobre Inicia exitosamente laboratorio binacional de ciencia y tecnolog\u00eda para j\u00f3venes organizado por el Instituto de las Am\u00e9ricas de EUA y CETYS\",\"breadcrumb\":{\"@id\":\"https:\\\/\\\/www.cetys.mx\\\/noticias\\\/inicia-exitosamente-laboratorio-binacional-de-ciencia-y-tecnologia-para-jovenes-organizado-por-el-instituto-de-las-americas-de-eua-y-cetys\\\/#breadcrumb\"},\"inLanguage\":\"es\",\"potentialAction\":[{\"@type\":\"ReadAction\",\"target\":[\"https:\\\/\\\/www.cetys.mx\\\/noticias\\\/inicia-exitosamente-laboratorio-binacional-de-ciencia-y-tecnologia-para-jovenes-organizado-por-el-instituto-de-las-americas-de-eua-y-cetys\\\/\"]}]},{\"@type\":\"ImageObject\",\"inLanguage\":\"es\",\"@id\":\"https:\\\/\\\/www.cetys.mx\\\/noticias\\\/inicia-exitosamente-laboratorio-binacional-de-ciencia-y-tecnologia-para-jovenes-organizado-por-el-instituto-de-las-americas-de-eua-y-cetys\\\/#primaryimage\",\"url\":\"https:\\\/\\\/www.cetys.mx\\\/noticias\\\/wp-content\\\/uploads\\\/2020\\\/08\\\/Foto-1-1.jpg\",\"contentUrl\":\"https:\\\/\\\/www.cetys.mx\\\/noticias\\\/wp-content\\\/uploads\\\/2020\\\/08\\\/Foto-1-1.jpg\",\"width\":958,\"height\":637,\"caption\":\"Laboratorio Virtual.\"},{\"@type\":\"BreadcrumbList\",\"@id\":\"https:\\\/\\\/www.cetys.mx\\\/noticias\\\/inicia-exitosamente-laboratorio-binacional-de-ciencia-y-tecnologia-para-jovenes-organizado-por-el-instituto-de-las-americas-de-eua-y-cetys\\\/#breadcrumb\",\"itemListElement\":[{\"@type\":\"ListItem\",\"position\":1,\"name\":\"Inicio\",\"item\":\"https:\\\/\\\/www.cetys.mx\\\/noticias\\\/\"},{\"@type\":\"ListItem\",\"position\":2,\"name\":\"Inicia exitosamente laboratorio binacional de ciencia y tecnolog\u00eda para j\u00f3venes organizado por el Instituto de las Am\u00e9ricas de EUA y CETYS\"}]},{\"@type\":\"WebSite\",\"@id\":\"https:\\\/\\\/www.cetys.mx\\\/noticias\\\/#website\",\"url\":\"https:\\\/\\\/www.cetys.mx\\\/noticias\\\/\",\"name\":\"CETYS\",\"description\":\"\",\"potentialAction\":[{\"@type\":\"SearchAction\",\"target\":{\"@type\":\"EntryPoint\",\"urlTemplate\":\"https:\\\/\\\/www.cetys.mx\\\/noticias\\\/?s={search_term_string}\"},\"query-input\":{\"@type\":\"PropertyValueSpecification\",\"valueRequired\":true,\"valueName\":\"search_term_string\"}}],\"inLanguage\":\"es\"},{\"@type\":\"Person\",\"@id\":\"https:\\\/\\\/www.cetys.mx\\\/noticias\\\/#\\\/schema\\\/person\\\/1a1a88c0b6586e66a2e9e88e07afc712\",\"name\":\"Campus Ensenada\",\"url\":\"https:\\\/\\\/www.cetys.mx\\\/noticias\\\/author\\\/campusensenada\\\/\"}]}<\/script>\n<!-- \/ Yoast SEO plugin. -->","yoast_head_json":{"title":"Inicia exitosamente laboratorio binacional de ciencia y tecnolog\u00eda para j\u00f3venes organizado por el Instituto de las Am\u00e9ricas de EUA y CETYS - CETYS","description":"Articulo sobre Inicia exitosamente laboratorio binacional de ciencia y tecnolog\u00eda para j\u00f3venes organizado por el Instituto de las Am\u00e9ricas de EUA y CETYS","robots":{"index":"index","follow":"follow","max-snippet":"max-snippet:-1","max-image-preview":"max-image-preview:large","max-video-preview":"max-video-preview:-1"},"canonical":"https:\/\/www.cetys.mx\/noticias\/inicia-exitosamente-laboratorio-binacional-de-ciencia-y-tecnologia-para-jovenes-organizado-por-el-instituto-de-las-americas-de-eua-y-cetys\/","og_locale":"es_MX","og_type":"article","og_title":"Inicia exitosamente laboratorio binacional de ciencia y tecnolog\u00eda para j\u00f3venes organizado por el Instituto de las Am\u00e9ricas de EUA y CETYS - CETYS","og_description":"Articulo sobre Inicia exitosamente laboratorio binacional de ciencia y tecnolog\u00eda para j\u00f3venes organizado por el Instituto de las Am\u00e9ricas de EUA y CETYS","og_url":"https:\/\/www.cetys.mx\/noticias\/inicia-exitosamente-laboratorio-binacional-de-ciencia-y-tecnologia-para-jovenes-organizado-por-el-instituto-de-las-americas-de-eua-y-cetys\/","og_site_name":"CETYS","article_publisher":"https:\/\/www.facebook.com\/cetysuniversidadmxl\/","article_published_time":"2020-08-06T01:14:47+00:00","article_modified_time":"2020-08-06T20:12:03+00:00","og_image":[{"width":958,"height":637,"url":"https:\/\/www.cetys.mx\/noticias\/wp-content\/uploads\/2020\/08\/Foto-1-1.jpg","type":"image\/jpeg"}],"author":"Campus Ensenada","twitter_card":"summary_large_image","twitter_creator":"@cetysuni","twitter_site":"@cetysuni","twitter_misc":{"Escrito por":"Campus Ensenada","Tiempo de lectura":"3 minutos"},"schema":{"@context":"https:\/\/schema.org","@graph":[{"@type":"Article","@id":"https:\/\/www.cetys.mx\/noticias\/inicia-exitosamente-laboratorio-binacional-de-ciencia-y-tecnologia-para-jovenes-organizado-por-el-instituto-de-las-americas-de-eua-y-cetys\/#article","isPartOf":{"@id":"https:\/\/www.cetys.mx\/noticias\/inicia-exitosamente-laboratorio-binacional-de-ciencia-y-tecnologia-para-jovenes-organizado-por-el-instituto-de-las-americas-de-eua-y-cetys\/"},"author":{"name":"Campus Ensenada","@id":"https:\/\/www.cetys.mx\/noticias\/#\/schema\/person\/1a1a88c0b6586e66a2e9e88e07afc712"},"headline":"Inicia exitosamente laboratorio binacional de ciencia y tecnolog\u00eda para j\u00f3venes organizado por el Instituto de las Am\u00e9ricas de EUA y CETYS","datePublished":"2020-08-06T01:14:47+00:00","dateModified":"2020-08-06T20:12:03+00:00","mainEntityOfPage":{"@id":"https:\/\/www.cetys.mx\/noticias\/inicia-exitosamente-laboratorio-binacional-de-ciencia-y-tecnologia-para-jovenes-organizado-por-el-instituto-de-las-americas-de-eua-y-cetys\/"},"wordCount":591,"commentCount":0,"image":{"@id":"https:\/\/www.cetys.mx\/noticias\/inicia-exitosamente-laboratorio-binacional-de-ciencia-y-tecnologia-para-jovenes-organizado-por-el-instituto-de-las-americas-de-eua-y-cetys\/#primaryimage"},"thumbnailUrl":"https:\/\/www.cetys.mx\/noticias\/wp-content\/uploads\/2020\/08\/Foto-1-1.jpg","keywords":["Laboratorio Virtual","STEAM","vocetys-2020-08-06"],"articleSection":["Campus Ensenada","Campus Tijuana","Portada","Vinculaci\u00f3n","VoCETYS"],"inLanguage":"es","potentialAction":[{"@type":"CommentAction","name":"Comment","target":["https:\/\/www.cetys.mx\/noticias\/inicia-exitosamente-laboratorio-binacional-de-ciencia-y-tecnologia-para-jovenes-organizado-por-el-instituto-de-las-americas-de-eua-y-cetys\/#respond"]}]},{"@type":"WebPage","@id":"https:\/\/www.cetys.mx\/noticias\/inicia-exitosamente-laboratorio-binacional-de-ciencia-y-tecnologia-para-jovenes-organizado-por-el-instituto-de-las-americas-de-eua-y-cetys\/","url":"https:\/\/www.cetys.mx\/noticias\/inicia-exitosamente-laboratorio-binacional-de-ciencia-y-tecnologia-para-jovenes-organizado-por-el-instituto-de-las-americas-de-eua-y-cetys\/","name":"Inicia exitosamente laboratorio binacional de ciencia y tecnolog\u00eda para j\u00f3venes organizado por el Instituto de las Am\u00e9ricas de EUA y CETYS - CETYS","isPartOf":{"@id":"https:\/\/www.cetys.mx\/noticias\/#website"},"primaryImageOfPage":{"@id":"https:\/\/www.cetys.mx\/noticias\/inicia-exitosamente-laboratorio-binacional-de-ciencia-y-tecnologia-para-jovenes-organizado-por-el-instituto-de-las-americas-de-eua-y-cetys\/#primaryimage"},"image":{"@id":"https:\/\/www.cetys.mx\/noticias\/inicia-exitosamente-laboratorio-binacional-de-ciencia-y-tecnologia-para-jovenes-organizado-por-el-instituto-de-las-americas-de-eua-y-cetys\/#primaryimage"},"thumbnailUrl":"https:\/\/www.cetys.mx\/noticias\/wp-content\/uploads\/2020\/08\/Foto-1-1.jpg","datePublished":"2020-08-06T01:14:47+00:00","dateModified":"2020-08-06T20:12:03+00:00","author":{"@id":"https:\/\/www.cetys.mx\/noticias\/#\/schema\/person\/1a1a88c0b6586e66a2e9e88e07afc712"},"description":"Articulo sobre Inicia exitosamente laboratorio binacional de ciencia y tecnolog\u00eda para j\u00f3venes organizado por el Instituto de las Am\u00e9ricas de EUA y CETYS","breadcrumb":{"@id":"https:\/\/www.cetys.mx\/noticias\/inicia-exitosamente-laboratorio-binacional-de-ciencia-y-tecnologia-para-jovenes-organizado-por-el-instituto-de-las-americas-de-eua-y-cetys\/#breadcrumb"},"inLanguage":"es","potentialAction":[{"@type":"ReadAction","target":["https:\/\/www.cetys.mx\/noticias\/inicia-exitosamente-laboratorio-binacional-de-ciencia-y-tecnologia-para-jovenes-organizado-por-el-instituto-de-las-americas-de-eua-y-cetys\/"]}]},{"@type":"ImageObject","inLanguage":"es","@id":"https:\/\/www.cetys.mx\/noticias\/inicia-exitosamente-laboratorio-binacional-de-ciencia-y-tecnologia-para-jovenes-organizado-por-el-instituto-de-las-americas-de-eua-y-cetys\/#primaryimage","url":"https:\/\/www.cetys.mx\/noticias\/wp-content\/uploads\/2020\/08\/Foto-1-1.jpg","contentUrl":"https:\/\/www.cetys.mx\/noticias\/wp-content\/uploads\/2020\/08\/Foto-1-1.jpg","width":958,"height":637,"caption":"Laboratorio Virtual."},{"@type":"BreadcrumbList","@id":"https:\/\/www.cetys.mx\/noticias\/inicia-exitosamente-laboratorio-binacional-de-ciencia-y-tecnologia-para-jovenes-organizado-por-el-instituto-de-las-americas-de-eua-y-cetys\/#breadcrumb","itemListElement":[{"@type":"ListItem","position":1,"name":"Inicio","item":"https:\/\/www.cetys.mx\/noticias\/"},{"@type":"ListItem","position":2,"name":"Inicia exitosamente laboratorio binacional de ciencia y tecnolog\u00eda para j\u00f3venes organizado por el Instituto de las Am\u00e9ricas de EUA y CETYS"}]},{"@type":"WebSite","@id":"https:\/\/www.cetys.mx\/noticias\/#website","url":"https:\/\/www.cetys.mx\/noticias\/","name":"CETYS","description":"","potentialAction":[{"@type":"SearchAction","target":{"@type":"EntryPoint","urlTemplate":"https:\/\/www.cetys.mx\/noticias\/?s={search_term_string}"},"query-input":{"@type":"PropertyValueSpecification","valueRequired":true,"valueName":"search_term_string"}}],"inLanguage":"es"},{"@type":"Person","@id":"https:\/\/www.cetys.mx\/noticias\/#\/schema\/person\/1a1a88c0b6586e66a2e9e88e07afc712","name":"Campus Ensenada","url":"https:\/\/www.cetys.mx\/noticias\/author\/campusensenada\/"}]}},"_links":{"self":[{"href":"https:\/\/www.cetys.mx\/noticias\/wp-json\/wp\/v2\/posts\/147749","targetHints":{"allow":["GET"]}}],"collection":[{"href":"https:\/\/www.cetys.mx\/noticias\/wp-json\/wp\/v2\/posts"}],"about":[{"href":"https:\/\/www.cetys.mx\/noticias\/wp-json\/wp\/v2\/types\/post"}],"author":[{"embeddable":true,"href":"https:\/\/www.cetys.mx\/noticias\/wp-json\/wp\/v2\/users\/23"}],"replies":[{"embeddable":true,"href":"https:\/\/www.cetys.mx\/noticias\/wp-json\/wp\/v2\/comments?post=147749"}],"version-history":[{"count":2,"href":"https:\/\/www.cetys.mx\/noticias\/wp-json\/wp\/v2\/posts\/147749\/revisions"}],"predecessor-version":[{"id":147753,"href":"https:\/\/www.cetys.mx\/noticias\/wp-json\/wp\/v2\/posts\/147749\/revisions\/147753"}],"wp:featuredmedia":[{"embeddable":true,"href":"https:\/\/www.cetys.mx\/noticias\/wp-json\/wp\/v2\/media\/147750"}],"wp:attachment":[{"href":"https:\/\/www.cetys.mx\/noticias\/wp-json\/wp\/v2\/media?parent=147749"}],"wp:term":[{"taxonomy":"category","embeddable":true,"href":"https:\/\/www.cetys.mx\/noticias\/wp-json\/wp\/v2\/categories?post=147749"},{"taxonomy":"post_tag","embeddable":true,"href":"https:\/\/www.cetys.mx\/noticias\/wp-json\/wp\/v2\/tags?post=147749"}],"curies":[{"name":"wp","href":"https:\/\/api.w.org\/{rel}","templated":true}]}}