{"id":147745,"date":"2020-08-05T18:03:07","date_gmt":"2020-08-06T01:03:07","guid":{"rendered":"https:\/\/www.cetys.mx\/noticias\/?p=147745"},"modified":"2020-08-14T14:28:01","modified_gmt":"2020-08-14T21:28:01","slug":"estudiante-de-posgrado-recibe-mencion-honorifica-en-certamen-nacional","status":"publish","type":"post","link":"https:\/\/www.cetys.mx\/noticias\/estudiante-de-posgrado-recibe-mencion-honorifica-en-certamen-nacional\/","title":{"rendered":"Estudiante de posgrado recibe menci\u00f3n honor\u00edfica en certamen nacional"},"content":{"rendered":"<p style=\"text-align: justify;\"><strong>Teresa Lizbeth Prado Padilla, estudiante de la Maestr\u00eda en Educaci\u00f3n<\/strong> de <a href=\"https:\/\/www.cetys.mx\/campus-ensenada\/\">CETYS Universidad Campus Internacional Ensenada<\/a>, fue reconocida con Menci\u00f3n Honor\u00edfica en la categor\u00eda difusi\u00f3n del aprendizaje de primaria en el certamen nacional Experiencias Educativas Innovadoras con Tecnolog\u00eda en el Marco del COVID-19, convocado por UNETE, asociaci\u00f3n que busca mejorar la calidad y equidad de la educaci\u00f3n\u00a0a trav\u00e9s de la integraci\u00f3n de la tecnolog\u00eda en los procesos de ense\u00f1anza aprendizaje en M\u00e9xico.<\/p>\n<p style=\"text-align: justify;\">De acuerdo con la ONU, en M\u00e9xico hay alrededor 40 millones de menores de 14 a\u00f1os, siendo el 35% de la poblaci\u00f3n en el pa\u00eds, es decir, m\u00e1s de una tercera parte de la poblaci\u00f3n se est\u00e1 viendo afectada por la pandemia provocada por el COVID-19 en diferentes \u00e1mbitos.<\/p>\n<p style=\"text-align: justify;\">Uno de ellos es el educativo, seg\u00fan el Instituto Nacional para la Evaluaci\u00f3n de la Educaci\u00f3n, en M\u00e9xico aproximadamente hay 25.5 millones menores registrados en educaci\u00f3n b\u00e1sica, de los cuales, el 90% esta\u0301 registrado en escuelas p\u00fablicas siendo severamente afectados desde que el pasado mes de marzo se viera interrumpido el ciclo escolar llev\u00e1ndolos a todos a la educaci\u00f3n a distancia a trav\u00e9s del uso de internet y de Tecnolog\u00edas de la Informaci\u00f3n y la Comunicaci\u00f3n.<\/p>\n<p style=\"text-align: justify;\">Este escenario afecta no s\u00f3lo a los estudiantes, tambi\u00e9n a los docentes que han tenido que hacerle frente a esta situaci\u00f3n replanteando y redefiniendo las filosof\u00edas educativas, adem\u00e1s de atender los vac\u00edos en la formaci\u00f3n pedag\u00f3gica y en el sistema educativo, se\u00f1ala Teresa Prado Padilla.<\/p>\n<div id=\"attachment_147747\" style=\"width: 581px\" class=\"wp-caption aligncenter\"><img loading=\"lazy\" decoding=\"async\" aria-describedby=\"caption-attachment-147747\" class=\" wp-image-147747\" src=\"https:\/\/www.cetys.mx\/noticias\/wp-content\/uploads\/2020\/08\/Foto-1.jpg\" alt=\"\" width=\"571\" height=\"380\" srcset=\"https:\/\/www.cetys.mx\/noticias\/wp-content\/uploads\/2020\/08\/Foto-1.jpg 958w, https:\/\/www.cetys.mx\/noticias\/wp-content\/uploads\/2020\/08\/Foto-1-768x511.jpg 768w\" sizes=\"auto, (max-width: 571px) 100vw, 571px\" \/><p id=\"caption-attachment-147747\" class=\"wp-caption-text\">Menci\u00f3n honor\u00edfica.<\/p><\/div>\n<blockquote>\n<p style=\"text-align: justify;\">\u201cDesde antes y ahora m\u00e1s que nunca debemos prepararnos y actualizarnos en lo referente a las tecnolog\u00edas educativas, y fue en este tenor que decid\u00ed participar en la convocatoria del certamen nacional Experiencias Educativas Innovadoras con Tecnolog\u00eda en el Marco del COVID-19, haciendo uso de todo lo que la Maestr\u00eda en Educaci\u00f3n me ha aportado en cuanto a conocimiento y poni\u00e9ndolo en pr\u00e1ctica\u201d.<\/p>\n<\/blockquote>\n<p style=\"text-align: justify;\">El proyecto presentado por Teresa Prado, que la hizo acreedora a la Menci\u00f3n Honor\u00edfica, consiste en un video explicativo de la lecci\u00f3n 99 del libro de matem\u00e1ticas, donde se pide al estudiante hacer c\u00e1lculos de calor\u00edas de frutas y verduras en porciones para una ensalada haci\u00e9ndose valer de c\u00e1lculos matem\u00e1ticos\u00a0de cuarto grado de primaria.<\/p>\n<blockquote>\n<p style=\"text-align: justify;\">\u201cEl video Aliment\u00e1ndome con las Matem\u00e1ticas lo visualic\u00e9 previamente como un material de apoyo y como una estrategia de educaci\u00f3n a distancia por la contingencia generada por el COVID-19, siendo una forma de apoyar a los alumnos y sus familias, vincul\u00e1ndolo con el plato del buen comer, fomentando h\u00e1bitos saludables y haciendo conciencia de la importancia de una buena alimentaci\u00f3n\u201d.<\/p>\n<\/blockquote>\n<p style=\"text-align: justify;\">Para Teresa Prado se trata de algo muy significativo principalmente por su rol y compromiso con sus estudiantes en nivel b\u00e1sico, tambi\u00e9n porque propone el desarrollo de un aprendizaje significativo y porque pudo poner en pr\u00e1ctica lo aprendido en la asignatura de Aprendizaje Mediado por Tecnolog\u00eda de la Maestr\u00eda en Educaci\u00f3n de CETYS.<\/p>\n<blockquote>\n<p style=\"text-align: justify;\">\u201cDesde luego todas las asignaturas cursadas dieron pauta para ello.\u00a0Estudiar la Maestr\u00eda en Educaci\u00f3n me ha permitido desarrollar mi pr\u00e1ctica docente de una manera m\u00e1s \u00f3ptima con recursos ideales para lograr aprendizajes, sobretodo en esta \u00e9poca de pandemia, donde los docentes tenemos grandes retos que afrontar\u201d, puntualiz\u00f3.<\/p>\n<\/blockquote>\n<p style=\"text-align: justify;\"><strong>M\u00e1s sobre UNETE <\/strong><\/p>\n<p style=\"text-align: justify;\">Se trata de una asociaci\u00f3n civil que tiene como objetivo mejorar la calidad y equidad de la educaci\u00f3n\u00a0a trav\u00e9s de la integraci\u00f3n de la tecnolog\u00eda en los procesos de ense\u00f1anza aprendizaje desarrollando las habilidades del siglo XXI en ni\u00f1os y ni\u00f1as de escuelas p\u00fablicas de M\u00e9xico, a trav\u00e9s del empoderamiento de los docentes para que puedan integrar la tecnolog\u00eda en sus clases.<\/p>\n<p style=\"text-align: justify;\">Ve el video <a href=\"https:\/\/youtu.be\/lm-scF78j6E\">Aliment\u00e1ndome con las Matem\u00e1ticas<\/a>.<\/p>\n","protected":false},"excerpt":{"rendered":"<p>Teresa Lizbeth Prado Padilla, estudiante de la Maestr\u00eda en Educaci\u00f3n de CETYS Universidad Campus Internacional Ensenada, fue reconocida con Menci\u00f3n Honor\u00edfica en&#8230;<\/p>\n","protected":false},"author":23,"featured_media":147746,"comment_status":"open","ping_status":"closed","sticky":false,"template":"","format":"standard","meta":{"footnotes":""},"categories":[132,309,313],"tags":[961,415,4671,574,364,4704],"class_list":["post-147745","post","type-post","status-publish","format-standard","has-post-thumbnail","hentry","category-campus-ensenada","category-posgrado","category-vocetys-2","tag-aprendizaje","tag-docencia","tag-ensenanza","tag-med","tag-tecnologia","tag-vocetys-2020-08-14"],"yoast_head":"<!-- This site is optimized with the Yoast SEO plugin v27.4 - https:\/\/yoast.com\/product\/yoast-seo-wordpress\/ -->\n<title>Estudiante de posgrado recibe menci\u00f3n honor\u00edfica en certamen nacional - CETYS<\/title>\n<meta name=\"description\" content=\"Articulo sobre Estudiante de posgrado recibe menci\u00f3n honor\u00edfica en certamen nacional\" \/>\n<meta name=\"robots\" content=\"index, follow, max-snippet:-1, max-image-preview:large, max-video-preview:-1\" \/>\n<link rel=\"canonical\" href=\"https:\/\/www.cetys.mx\/noticias\/estudiante-de-posgrado-recibe-mencion-honorifica-en-certamen-nacional\/\" \/>\n<meta property=\"og:locale\" content=\"es_MX\" \/>\n<meta property=\"og:type\" content=\"article\" \/>\n<meta property=\"og:title\" content=\"Estudiante de posgrado recibe menci\u00f3n honor\u00edfica en certamen nacional - CETYS\" \/>\n<meta property=\"og:description\" content=\"Articulo sobre Estudiante de posgrado recibe menci\u00f3n honor\u00edfica en certamen nacional\" \/>\n<meta property=\"og:url\" content=\"https:\/\/www.cetys.mx\/noticias\/estudiante-de-posgrado-recibe-mencion-honorifica-en-certamen-nacional\/\" \/>\n<meta property=\"og:site_name\" content=\"CETYS\" \/>\n<meta property=\"article:publisher\" content=\"https:\/\/www.facebook.com\/cetysuniversidadmxl\/\" \/>\n<meta property=\"article:published_time\" content=\"2020-08-06T01:03:07+00:00\" \/>\n<meta property=\"article:modified_time\" content=\"2020-08-14T21:28:01+00:00\" \/>\n<meta property=\"og:image\" content=\"https:\/\/www.cetys.mx\/noticias\/wp-content\/uploads\/2020\/08\/Foto-2.jpg\" \/>\n\t<meta property=\"og:image:width\" content=\"958\" \/>\n\t<meta property=\"og:image:height\" content=\"637\" \/>\n\t<meta property=\"og:image:type\" content=\"image\/jpeg\" \/>\n<meta name=\"author\" content=\"Campus Ensenada\" \/>\n<meta name=\"twitter:card\" content=\"summary_large_image\" \/>\n<meta name=\"twitter:creator\" content=\"@cetysuni\" \/>\n<meta name=\"twitter:site\" content=\"@cetysuni\" \/>\n<meta name=\"twitter:label1\" content=\"Escrito por\" \/>\n\t<meta name=\"twitter:data1\" content=\"Campus Ensenada\" \/>\n\t<meta name=\"twitter:label2\" content=\"Tiempo de lectura\" \/>\n\t<meta name=\"twitter:data2\" content=\"3 minutos\" \/>\n<script type=\"application\/ld+json\" class=\"yoast-schema-graph\">{\"@context\":\"https:\\\/\\\/schema.org\",\"@graph\":[{\"@type\":\"Article\",\"@id\":\"https:\\\/\\\/www.cetys.mx\\\/noticias\\\/estudiante-de-posgrado-recibe-mencion-honorifica-en-certamen-nacional\\\/#article\",\"isPartOf\":{\"@id\":\"https:\\\/\\\/www.cetys.mx\\\/noticias\\\/estudiante-de-posgrado-recibe-mencion-honorifica-en-certamen-nacional\\\/\"},\"author\":{\"name\":\"Campus Ensenada\",\"@id\":\"https:\\\/\\\/www.cetys.mx\\\/noticias\\\/#\\\/schema\\\/person\\\/1a1a88c0b6586e66a2e9e88e07afc712\"},\"headline\":\"Estudiante de posgrado recibe menci\u00f3n honor\u00edfica en certamen nacional\",\"datePublished\":\"2020-08-06T01:03:07+00:00\",\"dateModified\":\"2020-08-14T21:28:01+00:00\",\"mainEntityOfPage\":{\"@id\":\"https:\\\/\\\/www.cetys.mx\\\/noticias\\\/estudiante-de-posgrado-recibe-mencion-honorifica-en-certamen-nacional\\\/\"},\"wordCount\":700,\"commentCount\":0,\"image\":{\"@id\":\"https:\\\/\\\/www.cetys.mx\\\/noticias\\\/estudiante-de-posgrado-recibe-mencion-honorifica-en-certamen-nacional\\\/#primaryimage\"},\"thumbnailUrl\":\"https:\\\/\\\/www.cetys.mx\\\/noticias\\\/wp-content\\\/uploads\\\/2020\\\/08\\\/Foto-2.jpg\",\"keywords\":[\"Aprendizaje\",\"Docencia\",\"Ense\u00f1anza\",\"MED\",\"tecnologia\",\"vocetys-2020-08-14\"],\"articleSection\":[\"Campus Ensenada\",\"Posgrado\",\"VoCETYS\"],\"inLanguage\":\"es\",\"potentialAction\":[{\"@type\":\"CommentAction\",\"name\":\"Comment\",\"target\":[\"https:\\\/\\\/www.cetys.mx\\\/noticias\\\/estudiante-de-posgrado-recibe-mencion-honorifica-en-certamen-nacional\\\/#respond\"]}]},{\"@type\":\"WebPage\",\"@id\":\"https:\\\/\\\/www.cetys.mx\\\/noticias\\\/estudiante-de-posgrado-recibe-mencion-honorifica-en-certamen-nacional\\\/\",\"url\":\"https:\\\/\\\/www.cetys.mx\\\/noticias\\\/estudiante-de-posgrado-recibe-mencion-honorifica-en-certamen-nacional\\\/\",\"name\":\"Estudiante de posgrado recibe menci\u00f3n honor\u00edfica en certamen nacional - CETYS\",\"isPartOf\":{\"@id\":\"https:\\\/\\\/www.cetys.mx\\\/noticias\\\/#website\"},\"primaryImageOfPage\":{\"@id\":\"https:\\\/\\\/www.cetys.mx\\\/noticias\\\/estudiante-de-posgrado-recibe-mencion-honorifica-en-certamen-nacional\\\/#primaryimage\"},\"image\":{\"@id\":\"https:\\\/\\\/www.cetys.mx\\\/noticias\\\/estudiante-de-posgrado-recibe-mencion-honorifica-en-certamen-nacional\\\/#primaryimage\"},\"thumbnailUrl\":\"https:\\\/\\\/www.cetys.mx\\\/noticias\\\/wp-content\\\/uploads\\\/2020\\\/08\\\/Foto-2.jpg\",\"datePublished\":\"2020-08-06T01:03:07+00:00\",\"dateModified\":\"2020-08-14T21:28:01+00:00\",\"author\":{\"@id\":\"https:\\\/\\\/www.cetys.mx\\\/noticias\\\/#\\\/schema\\\/person\\\/1a1a88c0b6586e66a2e9e88e07afc712\"},\"description\":\"Articulo sobre Estudiante de posgrado recibe menci\u00f3n honor\u00edfica en certamen nacional\",\"breadcrumb\":{\"@id\":\"https:\\\/\\\/www.cetys.mx\\\/noticias\\\/estudiante-de-posgrado-recibe-mencion-honorifica-en-certamen-nacional\\\/#breadcrumb\"},\"inLanguage\":\"es\",\"potentialAction\":[{\"@type\":\"ReadAction\",\"target\":[\"https:\\\/\\\/www.cetys.mx\\\/noticias\\\/estudiante-de-posgrado-recibe-mencion-honorifica-en-certamen-nacional\\\/\"]}]},{\"@type\":\"ImageObject\",\"inLanguage\":\"es\",\"@id\":\"https:\\\/\\\/www.cetys.mx\\\/noticias\\\/estudiante-de-posgrado-recibe-mencion-honorifica-en-certamen-nacional\\\/#primaryimage\",\"url\":\"https:\\\/\\\/www.cetys.mx\\\/noticias\\\/wp-content\\\/uploads\\\/2020\\\/08\\\/Foto-2.jpg\",\"contentUrl\":\"https:\\\/\\\/www.cetys.mx\\\/noticias\\\/wp-content\\\/uploads\\\/2020\\\/08\\\/Foto-2.jpg\",\"width\":958,\"height\":637,\"caption\":\"Estudiante de MED.\"},{\"@type\":\"BreadcrumbList\",\"@id\":\"https:\\\/\\\/www.cetys.mx\\\/noticias\\\/estudiante-de-posgrado-recibe-mencion-honorifica-en-certamen-nacional\\\/#breadcrumb\",\"itemListElement\":[{\"@type\":\"ListItem\",\"position\":1,\"name\":\"Inicio\",\"item\":\"https:\\\/\\\/www.cetys.mx\\\/noticias\\\/\"},{\"@type\":\"ListItem\",\"position\":2,\"name\":\"Estudiante de posgrado recibe menci\u00f3n honor\u00edfica en certamen nacional\"}]},{\"@type\":\"WebSite\",\"@id\":\"https:\\\/\\\/www.cetys.mx\\\/noticias\\\/#website\",\"url\":\"https:\\\/\\\/www.cetys.mx\\\/noticias\\\/\",\"name\":\"CETYS\",\"description\":\"\",\"potentialAction\":[{\"@type\":\"SearchAction\",\"target\":{\"@type\":\"EntryPoint\",\"urlTemplate\":\"https:\\\/\\\/www.cetys.mx\\\/noticias\\\/?s={search_term_string}\"},\"query-input\":{\"@type\":\"PropertyValueSpecification\",\"valueRequired\":true,\"valueName\":\"search_term_string\"}}],\"inLanguage\":\"es\"},{\"@type\":\"Person\",\"@id\":\"https:\\\/\\\/www.cetys.mx\\\/noticias\\\/#\\\/schema\\\/person\\\/1a1a88c0b6586e66a2e9e88e07afc712\",\"name\":\"Campus Ensenada\",\"url\":\"https:\\\/\\\/www.cetys.mx\\\/noticias\\\/author\\\/campusensenada\\\/\"}]}<\/script>\n<!-- \/ Yoast SEO plugin. -->","yoast_head_json":{"title":"Estudiante de posgrado recibe menci\u00f3n honor\u00edfica en certamen nacional - CETYS","description":"Articulo sobre Estudiante de posgrado recibe menci\u00f3n honor\u00edfica en certamen nacional","robots":{"index":"index","follow":"follow","max-snippet":"max-snippet:-1","max-image-preview":"max-image-preview:large","max-video-preview":"max-video-preview:-1"},"canonical":"https:\/\/www.cetys.mx\/noticias\/estudiante-de-posgrado-recibe-mencion-honorifica-en-certamen-nacional\/","og_locale":"es_MX","og_type":"article","og_title":"Estudiante de posgrado recibe menci\u00f3n honor\u00edfica en certamen nacional - CETYS","og_description":"Articulo sobre Estudiante de posgrado recibe menci\u00f3n honor\u00edfica en certamen nacional","og_url":"https:\/\/www.cetys.mx\/noticias\/estudiante-de-posgrado-recibe-mencion-honorifica-en-certamen-nacional\/","og_site_name":"CETYS","article_publisher":"https:\/\/www.facebook.com\/cetysuniversidadmxl\/","article_published_time":"2020-08-06T01:03:07+00:00","article_modified_time":"2020-08-14T21:28:01+00:00","og_image":[{"width":958,"height":637,"url":"https:\/\/www.cetys.mx\/noticias\/wp-content\/uploads\/2020\/08\/Foto-2.jpg","type":"image\/jpeg"}],"author":"Campus Ensenada","twitter_card":"summary_large_image","twitter_creator":"@cetysuni","twitter_site":"@cetysuni","twitter_misc":{"Escrito por":"Campus Ensenada","Tiempo de lectura":"3 minutos"},"schema":{"@context":"https:\/\/schema.org","@graph":[{"@type":"Article","@id":"https:\/\/www.cetys.mx\/noticias\/estudiante-de-posgrado-recibe-mencion-honorifica-en-certamen-nacional\/#article","isPartOf":{"@id":"https:\/\/www.cetys.mx\/noticias\/estudiante-de-posgrado-recibe-mencion-honorifica-en-certamen-nacional\/"},"author":{"name":"Campus Ensenada","@id":"https:\/\/www.cetys.mx\/noticias\/#\/schema\/person\/1a1a88c0b6586e66a2e9e88e07afc712"},"headline":"Estudiante de posgrado recibe menci\u00f3n honor\u00edfica en certamen nacional","datePublished":"2020-08-06T01:03:07+00:00","dateModified":"2020-08-14T21:28:01+00:00","mainEntityOfPage":{"@id":"https:\/\/www.cetys.mx\/noticias\/estudiante-de-posgrado-recibe-mencion-honorifica-en-certamen-nacional\/"},"wordCount":700,"commentCount":0,"image":{"@id":"https:\/\/www.cetys.mx\/noticias\/estudiante-de-posgrado-recibe-mencion-honorifica-en-certamen-nacional\/#primaryimage"},"thumbnailUrl":"https:\/\/www.cetys.mx\/noticias\/wp-content\/uploads\/2020\/08\/Foto-2.jpg","keywords":["Aprendizaje","Docencia","Ense\u00f1anza","MED","tecnologia","vocetys-2020-08-14"],"articleSection":["Campus Ensenada","Posgrado","VoCETYS"],"inLanguage":"es","potentialAction":[{"@type":"CommentAction","name":"Comment","target":["https:\/\/www.cetys.mx\/noticias\/estudiante-de-posgrado-recibe-mencion-honorifica-en-certamen-nacional\/#respond"]}]},{"@type":"WebPage","@id":"https:\/\/www.cetys.mx\/noticias\/estudiante-de-posgrado-recibe-mencion-honorifica-en-certamen-nacional\/","url":"https:\/\/www.cetys.mx\/noticias\/estudiante-de-posgrado-recibe-mencion-honorifica-en-certamen-nacional\/","name":"Estudiante de posgrado recibe menci\u00f3n honor\u00edfica en certamen nacional - CETYS","isPartOf":{"@id":"https:\/\/www.cetys.mx\/noticias\/#website"},"primaryImageOfPage":{"@id":"https:\/\/www.cetys.mx\/noticias\/estudiante-de-posgrado-recibe-mencion-honorifica-en-certamen-nacional\/#primaryimage"},"image":{"@id":"https:\/\/www.cetys.mx\/noticias\/estudiante-de-posgrado-recibe-mencion-honorifica-en-certamen-nacional\/#primaryimage"},"thumbnailUrl":"https:\/\/www.cetys.mx\/noticias\/wp-content\/uploads\/2020\/08\/Foto-2.jpg","datePublished":"2020-08-06T01:03:07+00:00","dateModified":"2020-08-14T21:28:01+00:00","author":{"@id":"https:\/\/www.cetys.mx\/noticias\/#\/schema\/person\/1a1a88c0b6586e66a2e9e88e07afc712"},"description":"Articulo sobre Estudiante de posgrado recibe menci\u00f3n honor\u00edfica en certamen nacional","breadcrumb":{"@id":"https:\/\/www.cetys.mx\/noticias\/estudiante-de-posgrado-recibe-mencion-honorifica-en-certamen-nacional\/#breadcrumb"},"inLanguage":"es","potentialAction":[{"@type":"ReadAction","target":["https:\/\/www.cetys.mx\/noticias\/estudiante-de-posgrado-recibe-mencion-honorifica-en-certamen-nacional\/"]}]},{"@type":"ImageObject","inLanguage":"es","@id":"https:\/\/www.cetys.mx\/noticias\/estudiante-de-posgrado-recibe-mencion-honorifica-en-certamen-nacional\/#primaryimage","url":"https:\/\/www.cetys.mx\/noticias\/wp-content\/uploads\/2020\/08\/Foto-2.jpg","contentUrl":"https:\/\/www.cetys.mx\/noticias\/wp-content\/uploads\/2020\/08\/Foto-2.jpg","width":958,"height":637,"caption":"Estudiante de MED."},{"@type":"BreadcrumbList","@id":"https:\/\/www.cetys.mx\/noticias\/estudiante-de-posgrado-recibe-mencion-honorifica-en-certamen-nacional\/#breadcrumb","itemListElement":[{"@type":"ListItem","position":1,"name":"Inicio","item":"https:\/\/www.cetys.mx\/noticias\/"},{"@type":"ListItem","position":2,"name":"Estudiante de posgrado recibe menci\u00f3n honor\u00edfica en certamen nacional"}]},{"@type":"WebSite","@id":"https:\/\/www.cetys.mx\/noticias\/#website","url":"https:\/\/www.cetys.mx\/noticias\/","name":"CETYS","description":"","potentialAction":[{"@type":"SearchAction","target":{"@type":"EntryPoint","urlTemplate":"https:\/\/www.cetys.mx\/noticias\/?s={search_term_string}"},"query-input":{"@type":"PropertyValueSpecification","valueRequired":true,"valueName":"search_term_string"}}],"inLanguage":"es"},{"@type":"Person","@id":"https:\/\/www.cetys.mx\/noticias\/#\/schema\/person\/1a1a88c0b6586e66a2e9e88e07afc712","name":"Campus Ensenada","url":"https:\/\/www.cetys.mx\/noticias\/author\/campusensenada\/"}]}},"_links":{"self":[{"href":"https:\/\/www.cetys.mx\/noticias\/wp-json\/wp\/v2\/posts\/147745","targetHints":{"allow":["GET"]}}],"collection":[{"href":"https:\/\/www.cetys.mx\/noticias\/wp-json\/wp\/v2\/posts"}],"about":[{"href":"https:\/\/www.cetys.mx\/noticias\/wp-json\/wp\/v2\/types\/post"}],"author":[{"embeddable":true,"href":"https:\/\/www.cetys.mx\/noticias\/wp-json\/wp\/v2\/users\/23"}],"replies":[{"embeddable":true,"href":"https:\/\/www.cetys.mx\/noticias\/wp-json\/wp\/v2\/comments?post=147745"}],"version-history":[{"count":1,"href":"https:\/\/www.cetys.mx\/noticias\/wp-json\/wp\/v2\/posts\/147745\/revisions"}],"predecessor-version":[{"id":147748,"href":"https:\/\/www.cetys.mx\/noticias\/wp-json\/wp\/v2\/posts\/147745\/revisions\/147748"}],"wp:featuredmedia":[{"embeddable":true,"href":"https:\/\/www.cetys.mx\/noticias\/wp-json\/wp\/v2\/media\/147746"}],"wp:attachment":[{"href":"https:\/\/www.cetys.mx\/noticias\/wp-json\/wp\/v2\/media?parent=147745"}],"wp:term":[{"taxonomy":"category","embeddable":true,"href":"https:\/\/www.cetys.mx\/noticias\/wp-json\/wp\/v2\/categories?post=147745"},{"taxonomy":"post_tag","embeddable":true,"href":"https:\/\/www.cetys.mx\/noticias\/wp-json\/wp\/v2\/tags?post=147745"}],"curies":[{"name":"wp","href":"https:\/\/api.w.org\/{rel}","templated":true}]}}