{"id":146788,"date":"2020-07-31T11:35:55","date_gmt":"2020-07-31T18:35:55","guid":{"rendered":"https:\/\/www.cetys.mx\/noticias\/?p=146788"},"modified":"2020-07-31T11:42:41","modified_gmt":"2020-07-31T18:42:41","slug":"el-prestigio-de-cetys-me-dio-el-plus-que-demanda-el-campo-laboral-diana-torres","status":"publish","type":"post","link":"https:\/\/www.cetys.mx\/noticias\/el-prestigio-de-cetys-me-dio-el-plus-que-demanda-el-campo-laboral-diana-torres\/","title":{"rendered":"El prestigio de CETYS me dio el plus que demanda el campo laboral: Diana Torres"},"content":{"rendered":"<p><span style=\"font-weight: 400;\"><strong>Diana Lizeth Torres Arauz<\/strong> se convirti\u00f3 en <\/span><a href=\"https:\/\/www.cetys.mx\/alumni\/\"><span style=\"font-weight: 400;\">CETYS Alumni<\/span><\/a><span style=\"font-weight: 400;\"> en 2015, habiendo estudiado la <\/span><a href=\"https:\/\/www.cetys.mx\/oferta-educativa\/profesional\/licenciatura-en-administracion-de-empresas\/\"><span style=\"font-weight: 400;\"><em>Licenciada en Administraci\u00f3n de Empresas<\/em><\/span><\/a><span style=\"font-weight: 400;\"> en <strong>CETYS Universidad Campus Tijuana<\/strong> y con Menci\u00f3n Honor\u00edfica. Actualmente es <\/span><span style=\"font-weight: 400;\">Gerente Comercial Sigma Alimentos en Mexicali, este cargo lo obtuvo, asegur\u00f3, gracias al prestigio de CETYS que dif\u00edcilmente encontrar\u00e1 en alguna otra universidad.<\/span><\/p>\n<p><span style=\"font-weight: 400;\">La Alumni, que actualmente cursa su <\/span><a href=\"https:\/\/www.facebook.com\/cetysgsb\/\"><span style=\"font-weight: 400;\">MBA<\/span><\/a><span style=\"font-weight: 400;\"> en la instituci\u00f3n, convers\u00f3 que tuvo que competir con varios candidatos para su puesto actual, pero una de las exigencias era haber egresado de una universidad de alto nivel, como <strong>CETYS Universidad.<\/strong><\/span><\/p>\n<blockquote><p><span style=\"font-weight: 400;\">\u201cEntre los valores que m\u00e1s me representan de <strong>CETYS<\/strong> se encuentra, el de la justicia, ya que no solo busco ser una gran profesionista, tambi\u00e9n busco ser una buena persona y usar mis capacidades para participar en la vida econ\u00f3mica del pa\u00eds con un sentido humano\u201d, recalc\u00f3 Diana.<\/span><\/p><\/blockquote>\n<p><span style=\"font-weight: 400;\">Si bien es verdad que la situaci\u00f3n del COVID-19 fue inesperada, dentro de los aprendizajes de <strong>CETYS<\/strong> siempre promovieron el que sean innovadores y capaces de adaptarse, es por ello que pudo llevar a cabo estrategias para que la empresa siguiera cumpliendo con sus objetivos y metas.<\/span><\/p>\n<blockquote><p><span style=\"font-weight: 400;\">\u201cSin duda CETYS me prepar\u00f3 de forma indirecta, en cuanto a ser estrat\u00e9gicos, en ser flexibles a los cambios, a fijar objetivos con base en ello y tomar los nuevos retos y entre m\u00e1s dispuestos estemos a adaptarnos m\u00e1s f\u00e1cil ser\u00e1 el estar listo a la nueva normalidad\u201d, mencion\u00f3.<\/span><\/p><\/blockquote>\n<p><span style=\"font-weight: 400;\">Como recomendaci\u00f3n a las nuevas generaciones de <strong>CETYS<\/strong>,<strong> Diana Torre<\/strong>s les motiv\u00f3 el aplicar m\u00e1s materias como finanzas para poder llevar a cabo an\u00e1lisis de inversi\u00f3n e implementar finanzas sanas. Asimismo, tomar mucho en cuenta las clases de comunicaci\u00f3n y todo aquel comentario que ayude a mejorar su expresi\u00f3n oral e imagen; tambi\u00e9n, actividades extracurriculares, sobre todo experiencias internacionales que les ampl\u00eden el panorama de la realidad que viven<\/span><\/p>\n<blockquote><p><span style=\"font-weight: 400;\">\u201cHay que tenerlo muy presente o desempolvar esos apuntes\u201d.<\/span><\/p><\/blockquote>\n","protected":false},"excerpt":{"rendered":"<p>Diana Lizeth Torres Arauz se convirti\u00f3 en CETYS Alumni en 2015, habiendo estudiado la Licenciada en Administraci\u00f3n de Empresas en CETYS Universidad&#8230;<\/p>\n","protected":false},"author":24,"featured_media":133108,"comment_status":"open","ping_status":"closed","sticky":false,"template":"","format":"standard","meta":{"footnotes":""},"categories":[107,134],"tags":[909],"class_list":["post-146788","post","type-post","status-publish","format-standard","has-post-thumbnail","hentry","category-alumni","category-campus-tijuana","tag-alumni"],"yoast_head":"<!-- This site is optimized with the Yoast SEO plugin v27.4 - https:\/\/yoast.com\/product\/yoast-seo-wordpress\/ -->\n<title>El prestigio de CETYS me dio el plus que demanda el campo laboral: Diana Torres - CETYS<\/title>\n<meta name=\"description\" content=\"Articulo sobre El prestigio de CETYS me dio el plus que demanda el campo laboral: Diana Torres\" \/>\n<meta name=\"robots\" content=\"index, follow, max-snippet:-1, max-image-preview:large, max-video-preview:-1\" \/>\n<link rel=\"canonical\" href=\"https:\/\/www.cetys.mx\/noticias\/el-prestigio-de-cetys-me-dio-el-plus-que-demanda-el-campo-laboral-diana-torres\/\" \/>\n<meta property=\"og:locale\" content=\"es_MX\" \/>\n<meta property=\"og:type\" content=\"article\" \/>\n<meta property=\"og:title\" content=\"El prestigio de CETYS me dio el plus que demanda el campo laboral: Diana Torres - CETYS\" \/>\n<meta property=\"og:description\" content=\"Articulo sobre El prestigio de CETYS me dio el plus que demanda el campo laboral: Diana Torres\" \/>\n<meta property=\"og:url\" content=\"https:\/\/www.cetys.mx\/noticias\/el-prestigio-de-cetys-me-dio-el-plus-que-demanda-el-campo-laboral-diana-torres\/\" \/>\n<meta property=\"og:site_name\" content=\"CETYS\" \/>\n<meta property=\"article:publisher\" content=\"https:\/\/www.facebook.com\/cetysuniversidadmxl\/\" \/>\n<meta property=\"article:published_time\" content=\"2020-07-31T18:35:55+00:00\" \/>\n<meta property=\"article:modified_time\" content=\"2020-07-31T18:42:41+00:00\" \/>\n<meta property=\"og:image\" content=\"https:\/\/www.cetys.mx\/noticias\/wp-content\/uploads\/2019\/08\/foto-cetys-alumni.jpg\" \/>\n\t<meta property=\"og:image:width\" content=\"958\" \/>\n\t<meta property=\"og:image:height\" content=\"637\" \/>\n\t<meta property=\"og:image:type\" content=\"image\/jpeg\" \/>\n<meta name=\"author\" content=\"Campus Tijuana\" \/>\n<meta name=\"twitter:card\" content=\"summary_large_image\" \/>\n<meta name=\"twitter:creator\" content=\"@cetysuni\" \/>\n<meta name=\"twitter:site\" content=\"@cetysuni\" \/>\n<meta name=\"twitter:label1\" content=\"Escrito por\" \/>\n\t<meta name=\"twitter:data1\" content=\"Campus Tijuana\" \/>\n\t<meta name=\"twitter:label2\" content=\"Tiempo de lectura\" \/>\n\t<meta name=\"twitter:data2\" content=\"2 minutos\" \/>\n<script type=\"application\/ld+json\" class=\"yoast-schema-graph\">{\"@context\":\"https:\\\/\\\/schema.org\",\"@graph\":[{\"@type\":\"Article\",\"@id\":\"https:\\\/\\\/www.cetys.mx\\\/noticias\\\/el-prestigio-de-cetys-me-dio-el-plus-que-demanda-el-campo-laboral-diana-torres\\\/#article\",\"isPartOf\":{\"@id\":\"https:\\\/\\\/www.cetys.mx\\\/noticias\\\/el-prestigio-de-cetys-me-dio-el-plus-que-demanda-el-campo-laboral-diana-torres\\\/\"},\"author\":{\"name\":\"Campus Tijuana\",\"@id\":\"https:\\\/\\\/www.cetys.mx\\\/noticias\\\/#\\\/schema\\\/person\\\/e790051ce60e18ae47cfa87011c8653f\"},\"headline\":\"El prestigio de CETYS me dio el plus que demanda el campo laboral: Diana Torres\",\"datePublished\":\"2020-07-31T18:35:55+00:00\",\"dateModified\":\"2020-07-31T18:42:41+00:00\",\"mainEntityOfPage\":{\"@id\":\"https:\\\/\\\/www.cetys.mx\\\/noticias\\\/el-prestigio-de-cetys-me-dio-el-plus-que-demanda-el-campo-laboral-diana-torres\\\/\"},\"wordCount\":350,\"commentCount\":0,\"image\":{\"@id\":\"https:\\\/\\\/www.cetys.mx\\\/noticias\\\/el-prestigio-de-cetys-me-dio-el-plus-que-demanda-el-campo-laboral-diana-torres\\\/#primaryimage\"},\"thumbnailUrl\":\"https:\\\/\\\/www.cetys.mx\\\/noticias\\\/wp-content\\\/uploads\\\/2019\\\/08\\\/foto-cetys-alumni.jpg\",\"keywords\":[\"Alumni\"],\"articleSection\":[\"Alumni\",\"Campus Tijuana\"],\"inLanguage\":\"es\",\"potentialAction\":[{\"@type\":\"CommentAction\",\"name\":\"Comment\",\"target\":[\"https:\\\/\\\/www.cetys.mx\\\/noticias\\\/el-prestigio-de-cetys-me-dio-el-plus-que-demanda-el-campo-laboral-diana-torres\\\/#respond\"]}]},{\"@type\":\"WebPage\",\"@id\":\"https:\\\/\\\/www.cetys.mx\\\/noticias\\\/el-prestigio-de-cetys-me-dio-el-plus-que-demanda-el-campo-laboral-diana-torres\\\/\",\"url\":\"https:\\\/\\\/www.cetys.mx\\\/noticias\\\/el-prestigio-de-cetys-me-dio-el-plus-que-demanda-el-campo-laboral-diana-torres\\\/\",\"name\":\"El prestigio de CETYS me dio el plus que demanda el campo laboral: Diana Torres - CETYS\",\"isPartOf\":{\"@id\":\"https:\\\/\\\/www.cetys.mx\\\/noticias\\\/#website\"},\"primaryImageOfPage\":{\"@id\":\"https:\\\/\\\/www.cetys.mx\\\/noticias\\\/el-prestigio-de-cetys-me-dio-el-plus-que-demanda-el-campo-laboral-diana-torres\\\/#primaryimage\"},\"image\":{\"@id\":\"https:\\\/\\\/www.cetys.mx\\\/noticias\\\/el-prestigio-de-cetys-me-dio-el-plus-que-demanda-el-campo-laboral-diana-torres\\\/#primaryimage\"},\"thumbnailUrl\":\"https:\\\/\\\/www.cetys.mx\\\/noticias\\\/wp-content\\\/uploads\\\/2019\\\/08\\\/foto-cetys-alumni.jpg\",\"datePublished\":\"2020-07-31T18:35:55+00:00\",\"dateModified\":\"2020-07-31T18:42:41+00:00\",\"author\":{\"@id\":\"https:\\\/\\\/www.cetys.mx\\\/noticias\\\/#\\\/schema\\\/person\\\/e790051ce60e18ae47cfa87011c8653f\"},\"description\":\"Articulo sobre El prestigio de CETYS me dio el plus que demanda el campo laboral: Diana Torres\",\"breadcrumb\":{\"@id\":\"https:\\\/\\\/www.cetys.mx\\\/noticias\\\/el-prestigio-de-cetys-me-dio-el-plus-que-demanda-el-campo-laboral-diana-torres\\\/#breadcrumb\"},\"inLanguage\":\"es\",\"potentialAction\":[{\"@type\":\"ReadAction\",\"target\":[\"https:\\\/\\\/www.cetys.mx\\\/noticias\\\/el-prestigio-de-cetys-me-dio-el-plus-que-demanda-el-campo-laboral-diana-torres\\\/\"]}]},{\"@type\":\"ImageObject\",\"inLanguage\":\"es\",\"@id\":\"https:\\\/\\\/www.cetys.mx\\\/noticias\\\/el-prestigio-de-cetys-me-dio-el-plus-que-demanda-el-campo-laboral-diana-torres\\\/#primaryimage\",\"url\":\"https:\\\/\\\/www.cetys.mx\\\/noticias\\\/wp-content\\\/uploads\\\/2019\\\/08\\\/foto-cetys-alumni.jpg\",\"contentUrl\":\"https:\\\/\\\/www.cetys.mx\\\/noticias\\\/wp-content\\\/uploads\\\/2019\\\/08\\\/foto-cetys-alumni.jpg\",\"width\":958,\"height\":637},{\"@type\":\"BreadcrumbList\",\"@id\":\"https:\\\/\\\/www.cetys.mx\\\/noticias\\\/el-prestigio-de-cetys-me-dio-el-plus-que-demanda-el-campo-laboral-diana-torres\\\/#breadcrumb\",\"itemListElement\":[{\"@type\":\"ListItem\",\"position\":1,\"name\":\"Inicio\",\"item\":\"https:\\\/\\\/www.cetys.mx\\\/noticias\\\/\"},{\"@type\":\"ListItem\",\"position\":2,\"name\":\"El prestigio de CETYS me dio el plus que demanda el campo laboral: Diana Torres\"}]},{\"@type\":\"WebSite\",\"@id\":\"https:\\\/\\\/www.cetys.mx\\\/noticias\\\/#website\",\"url\":\"https:\\\/\\\/www.cetys.mx\\\/noticias\\\/\",\"name\":\"CETYS\",\"description\":\"\",\"potentialAction\":[{\"@type\":\"SearchAction\",\"target\":{\"@type\":\"EntryPoint\",\"urlTemplate\":\"https:\\\/\\\/www.cetys.mx\\\/noticias\\\/?s={search_term_string}\"},\"query-input\":{\"@type\":\"PropertyValueSpecification\",\"valueRequired\":true,\"valueName\":\"search_term_string\"}}],\"inLanguage\":\"es\"},{\"@type\":\"Person\",\"@id\":\"https:\\\/\\\/www.cetys.mx\\\/noticias\\\/#\\\/schema\\\/person\\\/e790051ce60e18ae47cfa87011c8653f\",\"name\":\"Campus Tijuana\",\"url\":\"https:\\\/\\\/www.cetys.mx\\\/noticias\\\/author\\\/campustijuana\\\/\"}]}<\/script>\n<!-- \/ Yoast SEO plugin. -->","yoast_head_json":{"title":"El prestigio de CETYS me dio el plus que demanda el campo laboral: Diana Torres - CETYS","description":"Articulo sobre El prestigio de CETYS me dio el plus que demanda el campo laboral: Diana Torres","robots":{"index":"index","follow":"follow","max-snippet":"max-snippet:-1","max-image-preview":"max-image-preview:large","max-video-preview":"max-video-preview:-1"},"canonical":"https:\/\/www.cetys.mx\/noticias\/el-prestigio-de-cetys-me-dio-el-plus-que-demanda-el-campo-laboral-diana-torres\/","og_locale":"es_MX","og_type":"article","og_title":"El prestigio de CETYS me dio el plus que demanda el campo laboral: Diana Torres - CETYS","og_description":"Articulo sobre El prestigio de CETYS me dio el plus que demanda el campo laboral: Diana Torres","og_url":"https:\/\/www.cetys.mx\/noticias\/el-prestigio-de-cetys-me-dio-el-plus-que-demanda-el-campo-laboral-diana-torres\/","og_site_name":"CETYS","article_publisher":"https:\/\/www.facebook.com\/cetysuniversidadmxl\/","article_published_time":"2020-07-31T18:35:55+00:00","article_modified_time":"2020-07-31T18:42:41+00:00","og_image":[{"width":958,"height":637,"url":"https:\/\/www.cetys.mx\/noticias\/wp-content\/uploads\/2019\/08\/foto-cetys-alumni.jpg","type":"image\/jpeg"}],"author":"Campus Tijuana","twitter_card":"summary_large_image","twitter_creator":"@cetysuni","twitter_site":"@cetysuni","twitter_misc":{"Escrito por":"Campus Tijuana","Tiempo de lectura":"2 minutos"},"schema":{"@context":"https:\/\/schema.org","@graph":[{"@type":"Article","@id":"https:\/\/www.cetys.mx\/noticias\/el-prestigio-de-cetys-me-dio-el-plus-que-demanda-el-campo-laboral-diana-torres\/#article","isPartOf":{"@id":"https:\/\/www.cetys.mx\/noticias\/el-prestigio-de-cetys-me-dio-el-plus-que-demanda-el-campo-laboral-diana-torres\/"},"author":{"name":"Campus Tijuana","@id":"https:\/\/www.cetys.mx\/noticias\/#\/schema\/person\/e790051ce60e18ae47cfa87011c8653f"},"headline":"El prestigio de CETYS me dio el plus que demanda el campo laboral: Diana Torres","datePublished":"2020-07-31T18:35:55+00:00","dateModified":"2020-07-31T18:42:41+00:00","mainEntityOfPage":{"@id":"https:\/\/www.cetys.mx\/noticias\/el-prestigio-de-cetys-me-dio-el-plus-que-demanda-el-campo-laboral-diana-torres\/"},"wordCount":350,"commentCount":0,"image":{"@id":"https:\/\/www.cetys.mx\/noticias\/el-prestigio-de-cetys-me-dio-el-plus-que-demanda-el-campo-laboral-diana-torres\/#primaryimage"},"thumbnailUrl":"https:\/\/www.cetys.mx\/noticias\/wp-content\/uploads\/2019\/08\/foto-cetys-alumni.jpg","keywords":["Alumni"],"articleSection":["Alumni","Campus Tijuana"],"inLanguage":"es","potentialAction":[{"@type":"CommentAction","name":"Comment","target":["https:\/\/www.cetys.mx\/noticias\/el-prestigio-de-cetys-me-dio-el-plus-que-demanda-el-campo-laboral-diana-torres\/#respond"]}]},{"@type":"WebPage","@id":"https:\/\/www.cetys.mx\/noticias\/el-prestigio-de-cetys-me-dio-el-plus-que-demanda-el-campo-laboral-diana-torres\/","url":"https:\/\/www.cetys.mx\/noticias\/el-prestigio-de-cetys-me-dio-el-plus-que-demanda-el-campo-laboral-diana-torres\/","name":"El prestigio de CETYS me dio el plus que demanda el campo laboral: Diana Torres - CETYS","isPartOf":{"@id":"https:\/\/www.cetys.mx\/noticias\/#website"},"primaryImageOfPage":{"@id":"https:\/\/www.cetys.mx\/noticias\/el-prestigio-de-cetys-me-dio-el-plus-que-demanda-el-campo-laboral-diana-torres\/#primaryimage"},"image":{"@id":"https:\/\/www.cetys.mx\/noticias\/el-prestigio-de-cetys-me-dio-el-plus-que-demanda-el-campo-laboral-diana-torres\/#primaryimage"},"thumbnailUrl":"https:\/\/www.cetys.mx\/noticias\/wp-content\/uploads\/2019\/08\/foto-cetys-alumni.jpg","datePublished":"2020-07-31T18:35:55+00:00","dateModified":"2020-07-31T18:42:41+00:00","author":{"@id":"https:\/\/www.cetys.mx\/noticias\/#\/schema\/person\/e790051ce60e18ae47cfa87011c8653f"},"description":"Articulo sobre El prestigio de CETYS me dio el plus que demanda el campo laboral: Diana Torres","breadcrumb":{"@id":"https:\/\/www.cetys.mx\/noticias\/el-prestigio-de-cetys-me-dio-el-plus-que-demanda-el-campo-laboral-diana-torres\/#breadcrumb"},"inLanguage":"es","potentialAction":[{"@type":"ReadAction","target":["https:\/\/www.cetys.mx\/noticias\/el-prestigio-de-cetys-me-dio-el-plus-que-demanda-el-campo-laboral-diana-torres\/"]}]},{"@type":"ImageObject","inLanguage":"es","@id":"https:\/\/www.cetys.mx\/noticias\/el-prestigio-de-cetys-me-dio-el-plus-que-demanda-el-campo-laboral-diana-torres\/#primaryimage","url":"https:\/\/www.cetys.mx\/noticias\/wp-content\/uploads\/2019\/08\/foto-cetys-alumni.jpg","contentUrl":"https:\/\/www.cetys.mx\/noticias\/wp-content\/uploads\/2019\/08\/foto-cetys-alumni.jpg","width":958,"height":637},{"@type":"BreadcrumbList","@id":"https:\/\/www.cetys.mx\/noticias\/el-prestigio-de-cetys-me-dio-el-plus-que-demanda-el-campo-laboral-diana-torres\/#breadcrumb","itemListElement":[{"@type":"ListItem","position":1,"name":"Inicio","item":"https:\/\/www.cetys.mx\/noticias\/"},{"@type":"ListItem","position":2,"name":"El prestigio de CETYS me dio el plus que demanda el campo laboral: Diana Torres"}]},{"@type":"WebSite","@id":"https:\/\/www.cetys.mx\/noticias\/#website","url":"https:\/\/www.cetys.mx\/noticias\/","name":"CETYS","description":"","potentialAction":[{"@type":"SearchAction","target":{"@type":"EntryPoint","urlTemplate":"https:\/\/www.cetys.mx\/noticias\/?s={search_term_string}"},"query-input":{"@type":"PropertyValueSpecification","valueRequired":true,"valueName":"search_term_string"}}],"inLanguage":"es"},{"@type":"Person","@id":"https:\/\/www.cetys.mx\/noticias\/#\/schema\/person\/e790051ce60e18ae47cfa87011c8653f","name":"Campus Tijuana","url":"https:\/\/www.cetys.mx\/noticias\/author\/campustijuana\/"}]}},"_links":{"self":[{"href":"https:\/\/www.cetys.mx\/noticias\/wp-json\/wp\/v2\/posts\/146788","targetHints":{"allow":["GET"]}}],"collection":[{"href":"https:\/\/www.cetys.mx\/noticias\/wp-json\/wp\/v2\/posts"}],"about":[{"href":"https:\/\/www.cetys.mx\/noticias\/wp-json\/wp\/v2\/types\/post"}],"author":[{"embeddable":true,"href":"https:\/\/www.cetys.mx\/noticias\/wp-json\/wp\/v2\/users\/24"}],"replies":[{"embeddable":true,"href":"https:\/\/www.cetys.mx\/noticias\/wp-json\/wp\/v2\/comments?post=146788"}],"version-history":[{"count":2,"href":"https:\/\/www.cetys.mx\/noticias\/wp-json\/wp\/v2\/posts\/146788\/revisions"}],"predecessor-version":[{"id":146794,"href":"https:\/\/www.cetys.mx\/noticias\/wp-json\/wp\/v2\/posts\/146788\/revisions\/146794"}],"wp:featuredmedia":[{"embeddable":true,"href":"https:\/\/www.cetys.mx\/noticias\/wp-json\/wp\/v2\/media\/133108"}],"wp:attachment":[{"href":"https:\/\/www.cetys.mx\/noticias\/wp-json\/wp\/v2\/media?parent=146788"}],"wp:term":[{"taxonomy":"category","embeddable":true,"href":"https:\/\/www.cetys.mx\/noticias\/wp-json\/wp\/v2\/categories?post=146788"},{"taxonomy":"post_tag","embeddable":true,"href":"https:\/\/www.cetys.mx\/noticias\/wp-json\/wp\/v2\/tags?post=146788"}],"curies":[{"name":"wp","href":"https:\/\/api.w.org\/{rel}","templated":true}]}}