{"id":14643,"date":"2016-01-27T17:55:52","date_gmt":"2016-01-28T01:55:52","guid":{"rendered":"http:\/\/vocetys.mx\/?p=14643"},"modified":"2016-02-23T09:27:20","modified_gmt":"2016-02-23T17:27:20","slug":"listo-el-cetys-para-medio-maraton-2016","status":"publish","type":"post","link":"https:\/\/www.cetys.mx\/noticias\/listo-el-cetys-para-medio-maraton-2016\/","title":{"rendered":"Listo el CETYS para Medio Marat\u00f3n 2016"},"content":{"rendered":"<div id=\"attachment_14645\" style=\"width: 327px\" class=\"wp-caption alignright\"><a href=\"https:\/\/www.cetys.mx\/noticias\/wp-content\/uploads\/2016\/01\/maraton_cetys2.jpg\"><img loading=\"lazy\" decoding=\"async\" aria-describedby=\"caption-attachment-14645\" class=\" wp-image-14645\" src=\"https:\/\/www.cetys.mx\/noticias\/wp-content\/uploads\/2016\/01\/maraton_cetys2.jpg\" alt=\"maraton\" width=\"317\" height=\"476\" \/><\/a><p id=\"caption-attachment-14645\" class=\"wp-caption-text\">Habr\u00e1 categor\u00edas especiales en la carrera<\/p><\/div>\n<p style=\"text-align: justify;\">Con una bolsa en premios de m\u00e1s de 90 mil pesos, la edici\u00f3n 2016 del Medio Marat\u00f3n y Carrera de 10K organizada por CETYS se realizar\u00e1 el pr\u00f3ximo 14 de febrero en la ciudad y se espera un registro de m\u00e1s de 700 corredores locales, nacionales e internacionales.<\/p>\n<p style=\"text-align: justify;\">El 5 de febrero se realiz\u00f3 una rueda de prensa en Campus Mexicali en donde el Prof. Roberto Quintero M\u00e1rmol, Director de Deportes y su equipo de trabajo, dieron a conocer el recorrido de la carrera, el cual inicia y termina en la instituci\u00f3n, pasando por avenidas principales como Av. Col\u00f3n, Blvd. Benito Ju\u00e1rez y Justo Sierra, as\u00ed como Calz. Argentina, entre otras.<\/p>\n<p style=\"text-align: justify;\">Las autoidades dijeron tambi\u00e9n que la Familia CETYS podr\u00e1 participar en una carrera de s\u00f3lo 2K al interior del Campus, y que\u00a0el principal objetivo de esta actividad es fomentar el deporte en la ciudad, para el disfrute de los fan\u00e1ticos y corredores de la regi\u00f3n.<\/p>\n<p style=\"text-align: justify;\">\u201cHasta el momento llevamos m\u00e1s de 150 inscritos, lo cual es un claro ejemplo de que podremos superar los m\u00e1s de 600 corredores que tuvimos el a\u00f1o pasado, en donde los m\u00e1ximos ganadores fueron Jordan Chipangama y Dulce Mar\u00eda Rodr\u00edguez\u201d, destac\u00f3 por su parte el Ing. Jorge Barraza Avitia, Director de Asuntos Estudiantiles.<\/p>\n<h2 style=\"text-align: justify;\">Datos importantes del Marat\u00f3n<\/h2>\n<ul>\n<li style=\"text-align: justify;\">En el Medio Marat\u00f3n, cada uno de los participantes portar\u00e1 un chip en el que se rastrear\u00e1 su ruta y desempe\u00f1o, lo que optimizar\u00e1 el proceso de obtenci\u00f3n de resultados al t\u00e9rmino de la competencia.<\/li>\n<\/ul>\n<ul>\n<li style=\"text-align: justify;\">Las inscripciones ya est\u00e1n abiertas, los interesados pueden registrarse v\u00eda internet a trav\u00e9s de la p\u00e1gina <a href=\"https:\/\/www.cetys.mx\/mediomaratoncetys\/\">https:\/\/www.cetys.mx\/mediomaratoncetys\/<\/a>\u00a0con el costo de 200 pesos.<\/li>\n<\/ul>\n<ul>\n<li style=\"text-align: justify;\">Habr\u00e1 premios de 15, 10 y 5 mil pesos a los 3 primeros lugares generales en cada rama, as\u00ed como 7 mil 500 pesos al primer mexicalense en cruzar la meta en ambas ramas; en las categor\u00edas de sillas de ruedas y deportistas especiales ser\u00e1n 4, 3 y 2 mil pesos.<\/li>\n<\/ul>\n<ul>\n<li style=\"text-align: justify;\">Para mayores informes comunicarse al Departamento de Deportes de CETYS Universidad con Mois\u00e9s L\u00f3pez al correo electr\u00f3nico <a href=\"mailto:moises.lopez@cetys.mx\">moises.lopez@cetys.mx<\/a> y a los tel\u00e9fonos (686) 567 3712 y 1521.<\/li>\n<\/ul>\n","protected":false},"excerpt":{"rendered":"<p>Con una bolsa en premios de m\u00e1s de 90 mil pesos, la edici\u00f3n 2016 del Medio Marat\u00f3n y Carrera de 10K organizada&#8230;<\/p>\n","protected":false},"author":20,"featured_media":14644,"comment_status":"open","ping_status":"open","sticky":false,"template":"","format":"standard","meta":{"footnotes":""},"categories":[133],"tags":[255,138,233,254,256,202,261,210],"class_list":["post-14643","post","type-post","status-publish","format-standard","has-post-thumbnail","hentry","category-campus-mexicali","tag-carrera","tag-cetys","tag-deportes","tag-maraton","tag-roberto-quintero","tag-sports","tag-vocetys-2016-2-4","tag-vocetys-secc1"],"yoast_head":"<!-- This site is optimized with the Yoast SEO plugin v27.4 - https:\/\/yoast.com\/product\/yoast-seo-wordpress\/ -->\n<title>Listo el CETYS para Medio Marat\u00f3n 2016 - CETYS<\/title>\n<meta name=\"description\" content=\"Con una bolsa en premios de m\u00e1s de 90 mil pesos, la edici\u00f3n 2016 del Medio Marat\u00f3n y Carrera de 10K organizada por CETYS se realizar\u00e1 el 14 de febrero.\" \/>\n<meta name=\"robots\" content=\"index, follow, max-snippet:-1, max-image-preview:large, max-video-preview:-1\" \/>\n<link rel=\"canonical\" href=\"https:\/\/www.cetys.mx\/noticias\/listo-el-cetys-para-medio-maraton-2016\/\" \/>\n<meta property=\"og:locale\" content=\"es_MX\" \/>\n<meta property=\"og:type\" content=\"article\" \/>\n<meta property=\"og:title\" content=\"Listo el CETYS para Medio Marat\u00f3n 2016 - CETYS\" \/>\n<meta property=\"og:description\" content=\"Con una bolsa en premios de m\u00e1s de 90 mil pesos, la edici\u00f3n 2016 del Medio Marat\u00f3n y Carrera de 10K organizada por CETYS se realizar\u00e1 el 14 de febrero.\" \/>\n<meta property=\"og:url\" content=\"https:\/\/www.cetys.mx\/noticias\/listo-el-cetys-para-medio-maraton-2016\/\" \/>\n<meta property=\"og:site_name\" content=\"CETYS\" \/>\n<meta property=\"article:publisher\" content=\"https:\/\/www.facebook.com\/cetysuniversidadmxl\/\" \/>\n<meta property=\"article:published_time\" content=\"2016-01-28T01:55:52+00:00\" \/>\n<meta property=\"article:modified_time\" content=\"2016-02-23T17:27:20+00:00\" \/>\n<meta property=\"og:image\" content=\"https:\/\/www.cetys.mx\/noticias\/wp-content\/uploads\/2016\/01\/maraton_cetys.jpg\" \/>\n\t<meta property=\"og:image:width\" content=\"958\" \/>\n\t<meta property=\"og:image:height\" content=\"637\" \/>\n\t<meta property=\"og:image:type\" content=\"image\/jpeg\" \/>\n<meta name=\"author\" content=\"Campus Mexicali\" \/>\n<meta name=\"twitter:card\" content=\"summary_large_image\" \/>\n<meta name=\"twitter:creator\" content=\"@cetysuni\" \/>\n<meta name=\"twitter:site\" content=\"@cetysuni\" \/>\n<meta name=\"twitter:label1\" content=\"Escrito por\" \/>\n\t<meta name=\"twitter:data1\" content=\"Campus Mexicali\" \/>\n\t<meta name=\"twitter:label2\" content=\"Tiempo de lectura\" \/>\n\t<meta name=\"twitter:data2\" content=\"2 minutos\" \/>\n<script type=\"application\/ld+json\" class=\"yoast-schema-graph\">{\"@context\":\"https:\\\/\\\/schema.org\",\"@graph\":[{\"@type\":\"Article\",\"@id\":\"https:\\\/\\\/www.cetys.mx\\\/noticias\\\/listo-el-cetys-para-medio-maraton-2016\\\/#article\",\"isPartOf\":{\"@id\":\"https:\\\/\\\/www.cetys.mx\\\/noticias\\\/listo-el-cetys-para-medio-maraton-2016\\\/\"},\"author\":{\"name\":\"Campus Mexicali\",\"@id\":\"https:\\\/\\\/www.cetys.mx\\\/noticias\\\/#\\\/schema\\\/person\\\/79a95c4ac185f3705cf1b9c9340a5f70\"},\"headline\":\"Listo el CETYS para Medio Marat\u00f3n 2016\",\"datePublished\":\"2016-01-28T01:55:52+00:00\",\"dateModified\":\"2016-02-23T17:27:20+00:00\",\"mainEntityOfPage\":{\"@id\":\"https:\\\/\\\/www.cetys.mx\\\/noticias\\\/listo-el-cetys-para-medio-maraton-2016\\\/\"},\"wordCount\":391,\"commentCount\":0,\"image\":{\"@id\":\"https:\\\/\\\/www.cetys.mx\\\/noticias\\\/listo-el-cetys-para-medio-maraton-2016\\\/#primaryimage\"},\"thumbnailUrl\":\"https:\\\/\\\/www.cetys.mx\\\/noticias\\\/wp-content\\\/uploads\\\/2016\\\/01\\\/maraton_cetys.jpg\",\"keywords\":[\"carrera\",\"Cetys\",\"Deportes\",\"maraton\",\"Roberto Quintero\",\"sports\",\"Vocetys-2016-2-4\",\"vocetys-secc1\"],\"articleSection\":[\"Campus Mexicali\"],\"inLanguage\":\"es\",\"potentialAction\":[{\"@type\":\"CommentAction\",\"name\":\"Comment\",\"target\":[\"https:\\\/\\\/www.cetys.mx\\\/noticias\\\/listo-el-cetys-para-medio-maraton-2016\\\/#respond\"]}]},{\"@type\":\"WebPage\",\"@id\":\"https:\\\/\\\/www.cetys.mx\\\/noticias\\\/listo-el-cetys-para-medio-maraton-2016\\\/\",\"url\":\"https:\\\/\\\/www.cetys.mx\\\/noticias\\\/listo-el-cetys-para-medio-maraton-2016\\\/\",\"name\":\"Listo el CETYS para Medio Marat\u00f3n 2016 - CETYS\",\"isPartOf\":{\"@id\":\"https:\\\/\\\/www.cetys.mx\\\/noticias\\\/#website\"},\"primaryImageOfPage\":{\"@id\":\"https:\\\/\\\/www.cetys.mx\\\/noticias\\\/listo-el-cetys-para-medio-maraton-2016\\\/#primaryimage\"},\"image\":{\"@id\":\"https:\\\/\\\/www.cetys.mx\\\/noticias\\\/listo-el-cetys-para-medio-maraton-2016\\\/#primaryimage\"},\"thumbnailUrl\":\"https:\\\/\\\/www.cetys.mx\\\/noticias\\\/wp-content\\\/uploads\\\/2016\\\/01\\\/maraton_cetys.jpg\",\"datePublished\":\"2016-01-28T01:55:52+00:00\",\"dateModified\":\"2016-02-23T17:27:20+00:00\",\"author\":{\"@id\":\"https:\\\/\\\/www.cetys.mx\\\/noticias\\\/#\\\/schema\\\/person\\\/79a95c4ac185f3705cf1b9c9340a5f70\"},\"description\":\"Con una bolsa en premios de m\u00e1s de 90 mil pesos, la edici\u00f3n 2016 del Medio Marat\u00f3n y Carrera de 10K organizada por CETYS se realizar\u00e1 el 14 de febrero.\",\"breadcrumb\":{\"@id\":\"https:\\\/\\\/www.cetys.mx\\\/noticias\\\/listo-el-cetys-para-medio-maraton-2016\\\/#breadcrumb\"},\"inLanguage\":\"es\",\"potentialAction\":[{\"@type\":\"ReadAction\",\"target\":[\"https:\\\/\\\/www.cetys.mx\\\/noticias\\\/listo-el-cetys-para-medio-maraton-2016\\\/\"]}]},{\"@type\":\"ImageObject\",\"inLanguage\":\"es\",\"@id\":\"https:\\\/\\\/www.cetys.mx\\\/noticias\\\/listo-el-cetys-para-medio-maraton-2016\\\/#primaryimage\",\"url\":\"https:\\\/\\\/www.cetys.mx\\\/noticias\\\/wp-content\\\/uploads\\\/2016\\\/01\\\/maraton_cetys.jpg\",\"contentUrl\":\"https:\\\/\\\/www.cetys.mx\\\/noticias\\\/wp-content\\\/uploads\\\/2016\\\/01\\\/maraton_cetys.jpg\",\"width\":958,\"height\":637,\"caption\":\"Esperan a cerca de 700 corredores\"},{\"@type\":\"BreadcrumbList\",\"@id\":\"https:\\\/\\\/www.cetys.mx\\\/noticias\\\/listo-el-cetys-para-medio-maraton-2016\\\/#breadcrumb\",\"itemListElement\":[{\"@type\":\"ListItem\",\"position\":1,\"name\":\"Inicio\",\"item\":\"https:\\\/\\\/www.cetys.mx\\\/noticias\\\/\"},{\"@type\":\"ListItem\",\"position\":2,\"name\":\"Listo el CETYS para Medio Marat\u00f3n 2016\"}]},{\"@type\":\"WebSite\",\"@id\":\"https:\\\/\\\/www.cetys.mx\\\/noticias\\\/#website\",\"url\":\"https:\\\/\\\/www.cetys.mx\\\/noticias\\\/\",\"name\":\"CETYS\",\"description\":\"\",\"potentialAction\":[{\"@type\":\"SearchAction\",\"target\":{\"@type\":\"EntryPoint\",\"urlTemplate\":\"https:\\\/\\\/www.cetys.mx\\\/noticias\\\/?s={search_term_string}\"},\"query-input\":{\"@type\":\"PropertyValueSpecification\",\"valueRequired\":true,\"valueName\":\"search_term_string\"}}],\"inLanguage\":\"es\"},{\"@type\":\"Person\",\"@id\":\"https:\\\/\\\/www.cetys.mx\\\/noticias\\\/#\\\/schema\\\/person\\\/79a95c4ac185f3705cf1b9c9340a5f70\",\"name\":\"Campus Mexicali\",\"url\":\"https:\\\/\\\/www.cetys.mx\\\/noticias\\\/author\\\/campusmexicali\\\/\"}]}<\/script>\n<!-- \/ Yoast SEO plugin. -->","yoast_head_json":{"title":"Listo el CETYS para Medio Marat\u00f3n 2016 - CETYS","description":"Con una bolsa en premios de m\u00e1s de 90 mil pesos, la edici\u00f3n 2016 del Medio Marat\u00f3n y Carrera de 10K organizada por CETYS se realizar\u00e1 el 14 de febrero.","robots":{"index":"index","follow":"follow","max-snippet":"max-snippet:-1","max-image-preview":"max-image-preview:large","max-video-preview":"max-video-preview:-1"},"canonical":"https:\/\/www.cetys.mx\/noticias\/listo-el-cetys-para-medio-maraton-2016\/","og_locale":"es_MX","og_type":"article","og_title":"Listo el CETYS para Medio Marat\u00f3n 2016 - CETYS","og_description":"Con una bolsa en premios de m\u00e1s de 90 mil pesos, la edici\u00f3n 2016 del Medio Marat\u00f3n y Carrera de 10K organizada por CETYS se realizar\u00e1 el 14 de febrero.","og_url":"https:\/\/www.cetys.mx\/noticias\/listo-el-cetys-para-medio-maraton-2016\/","og_site_name":"CETYS","article_publisher":"https:\/\/www.facebook.com\/cetysuniversidadmxl\/","article_published_time":"2016-01-28T01:55:52+00:00","article_modified_time":"2016-02-23T17:27:20+00:00","og_image":[{"width":958,"height":637,"url":"https:\/\/www.cetys.mx\/noticias\/wp-content\/uploads\/2016\/01\/maraton_cetys.jpg","type":"image\/jpeg"}],"author":"Campus Mexicali","twitter_card":"summary_large_image","twitter_creator":"@cetysuni","twitter_site":"@cetysuni","twitter_misc":{"Escrito por":"Campus Mexicali","Tiempo de lectura":"2 minutos"},"schema":{"@context":"https:\/\/schema.org","@graph":[{"@type":"Article","@id":"https:\/\/www.cetys.mx\/noticias\/listo-el-cetys-para-medio-maraton-2016\/#article","isPartOf":{"@id":"https:\/\/www.cetys.mx\/noticias\/listo-el-cetys-para-medio-maraton-2016\/"},"author":{"name":"Campus Mexicali","@id":"https:\/\/www.cetys.mx\/noticias\/#\/schema\/person\/79a95c4ac185f3705cf1b9c9340a5f70"},"headline":"Listo el CETYS para Medio Marat\u00f3n 2016","datePublished":"2016-01-28T01:55:52+00:00","dateModified":"2016-02-23T17:27:20+00:00","mainEntityOfPage":{"@id":"https:\/\/www.cetys.mx\/noticias\/listo-el-cetys-para-medio-maraton-2016\/"},"wordCount":391,"commentCount":0,"image":{"@id":"https:\/\/www.cetys.mx\/noticias\/listo-el-cetys-para-medio-maraton-2016\/#primaryimage"},"thumbnailUrl":"https:\/\/www.cetys.mx\/noticias\/wp-content\/uploads\/2016\/01\/maraton_cetys.jpg","keywords":["carrera","Cetys","Deportes","maraton","Roberto Quintero","sports","Vocetys-2016-2-4","vocetys-secc1"],"articleSection":["Campus Mexicali"],"inLanguage":"es","potentialAction":[{"@type":"CommentAction","name":"Comment","target":["https:\/\/www.cetys.mx\/noticias\/listo-el-cetys-para-medio-maraton-2016\/#respond"]}]},{"@type":"WebPage","@id":"https:\/\/www.cetys.mx\/noticias\/listo-el-cetys-para-medio-maraton-2016\/","url":"https:\/\/www.cetys.mx\/noticias\/listo-el-cetys-para-medio-maraton-2016\/","name":"Listo el CETYS para Medio Marat\u00f3n 2016 - CETYS","isPartOf":{"@id":"https:\/\/www.cetys.mx\/noticias\/#website"},"primaryImageOfPage":{"@id":"https:\/\/www.cetys.mx\/noticias\/listo-el-cetys-para-medio-maraton-2016\/#primaryimage"},"image":{"@id":"https:\/\/www.cetys.mx\/noticias\/listo-el-cetys-para-medio-maraton-2016\/#primaryimage"},"thumbnailUrl":"https:\/\/www.cetys.mx\/noticias\/wp-content\/uploads\/2016\/01\/maraton_cetys.jpg","datePublished":"2016-01-28T01:55:52+00:00","dateModified":"2016-02-23T17:27:20+00:00","author":{"@id":"https:\/\/www.cetys.mx\/noticias\/#\/schema\/person\/79a95c4ac185f3705cf1b9c9340a5f70"},"description":"Con una bolsa en premios de m\u00e1s de 90 mil pesos, la edici\u00f3n 2016 del Medio Marat\u00f3n y Carrera de 10K organizada por CETYS se realizar\u00e1 el 14 de febrero.","breadcrumb":{"@id":"https:\/\/www.cetys.mx\/noticias\/listo-el-cetys-para-medio-maraton-2016\/#breadcrumb"},"inLanguage":"es","potentialAction":[{"@type":"ReadAction","target":["https:\/\/www.cetys.mx\/noticias\/listo-el-cetys-para-medio-maraton-2016\/"]}]},{"@type":"ImageObject","inLanguage":"es","@id":"https:\/\/www.cetys.mx\/noticias\/listo-el-cetys-para-medio-maraton-2016\/#primaryimage","url":"https:\/\/www.cetys.mx\/noticias\/wp-content\/uploads\/2016\/01\/maraton_cetys.jpg","contentUrl":"https:\/\/www.cetys.mx\/noticias\/wp-content\/uploads\/2016\/01\/maraton_cetys.jpg","width":958,"height":637,"caption":"Esperan a cerca de 700 corredores"},{"@type":"BreadcrumbList","@id":"https:\/\/www.cetys.mx\/noticias\/listo-el-cetys-para-medio-maraton-2016\/#breadcrumb","itemListElement":[{"@type":"ListItem","position":1,"name":"Inicio","item":"https:\/\/www.cetys.mx\/noticias\/"},{"@type":"ListItem","position":2,"name":"Listo el CETYS para Medio Marat\u00f3n 2016"}]},{"@type":"WebSite","@id":"https:\/\/www.cetys.mx\/noticias\/#website","url":"https:\/\/www.cetys.mx\/noticias\/","name":"CETYS","description":"","potentialAction":[{"@type":"SearchAction","target":{"@type":"EntryPoint","urlTemplate":"https:\/\/www.cetys.mx\/noticias\/?s={search_term_string}"},"query-input":{"@type":"PropertyValueSpecification","valueRequired":true,"valueName":"search_term_string"}}],"inLanguage":"es"},{"@type":"Person","@id":"https:\/\/www.cetys.mx\/noticias\/#\/schema\/person\/79a95c4ac185f3705cf1b9c9340a5f70","name":"Campus Mexicali","url":"https:\/\/www.cetys.mx\/noticias\/author\/campusmexicali\/"}]}},"_links":{"self":[{"href":"https:\/\/www.cetys.mx\/noticias\/wp-json\/wp\/v2\/posts\/14643","targetHints":{"allow":["GET"]}}],"collection":[{"href":"https:\/\/www.cetys.mx\/noticias\/wp-json\/wp\/v2\/posts"}],"about":[{"href":"https:\/\/www.cetys.mx\/noticias\/wp-json\/wp\/v2\/types\/post"}],"author":[{"embeddable":true,"href":"https:\/\/www.cetys.mx\/noticias\/wp-json\/wp\/v2\/users\/20"}],"replies":[{"embeddable":true,"href":"https:\/\/www.cetys.mx\/noticias\/wp-json\/wp\/v2\/comments?post=14643"}],"version-history":[{"count":0,"href":"https:\/\/www.cetys.mx\/noticias\/wp-json\/wp\/v2\/posts\/14643\/revisions"}],"wp:featuredmedia":[{"embeddable":true,"href":"https:\/\/www.cetys.mx\/noticias\/wp-json\/wp\/v2\/media\/14644"}],"wp:attachment":[{"href":"https:\/\/www.cetys.mx\/noticias\/wp-json\/wp\/v2\/media?parent=14643"}],"wp:term":[{"taxonomy":"category","embeddable":true,"href":"https:\/\/www.cetys.mx\/noticias\/wp-json\/wp\/v2\/categories?post=14643"},{"taxonomy":"post_tag","embeddable":true,"href":"https:\/\/www.cetys.mx\/noticias\/wp-json\/wp\/v2\/tags?post=14643"}],"curies":[{"name":"wp","href":"https:\/\/api.w.org\/{rel}","templated":true}]}}