{"id":146237,"date":"2020-07-24T17:36:23","date_gmt":"2020-07-25T00:36:23","guid":{"rendered":"https:\/\/www.cetys.mx\/noticias\/?p=146237"},"modified":"2020-07-28T10:14:07","modified_gmt":"2020-07-28T17:14:07","slug":"concluye-exitosamente-el-programa-internacional-de-verano-cetys-2020-edicion-virtual","status":"publish","type":"post","link":"https:\/\/www.cetys.mx\/noticias\/concluye-exitosamente-el-programa-internacional-de-verano-cetys-2020-edicion-virtual\/","title":{"rendered":"Concluye exitosamente el Programa Internacional de Verano CETYS 2020, edici\u00f3n virtual"},"content":{"rendered":"<p style=\"text-align: justify;\">Despu\u00e9s de tres semanas, los 162 estudiantes y 5 acad\u00e9micos provenientes de 19 pa\u00edses del mundo, culminaron exitosamente este viernes 24 de julio las actividades acad\u00e9micas del <a href=\"https:\/\/www.cetys.mx\/campusinternacional\/\">Programa Internacional de Verano<\/a> (ISP) 2020 de <a href=\"https:\/\/www.cetys.mx\/campus-ensenada\/\">CETYS Universidad Campus Internacional Ensenada<\/a>, llevado a cabo, por primera vez, en modalidad virtual.<\/p>\n<p style=\"text-align: justify;\">En la edici\u00f3n 2020 del ISP participaron 162 estudiantes; 67 de ellos extranjeros originarios de Austria, Brasil, Armenia, India, Colombia, Costa Rica, Rusia, Ucrania, Grecia, Rep\u00fablica Checa, Rep\u00fablica Dominicana, Bolivia, Estados Unidos, Reino Unido, Polonia, Italia y M\u00e9xico; 95 estudiantes de CETYS de los Campus Mexicali, Tijuana y Ensenada; as\u00ed como 5 maestros provenientes de Estados Unidos, Polonia, Malasia, Pa\u00edses Bajos y Grecia.<\/p>\n<p style=\"text-align: justify;\">El cierre de actividades fue a trav\u00e9s de una ceremonia presidida por el <strong>Dr. Fernando Le\u00f3n Garc\u00eda<\/strong>, Rector del Sistema CETYS Universidad, quien destac\u00f3 la importancia de que este evento insignia de la internacionalizaci\u00f3n en CETYS se haya llevado a cabo de manera exitosa desde el a\u00f1o 2013.<\/p>\n<blockquote>\n<p style=\"text-align: justify;\">\u201cReconozco la apertura, flexibilidad y adaptabilidad de los estudiantes para explorar esta alternativa que ofreci\u00f3 el ISP 2020 a trav\u00e9s del Campus Internacional Ensenada, as\u00ed como de los profesores que hicieron que este evento se efectuara a pesar del contexto global, espero hayan aprendido con las actividades planteadas en clase y disfrutado la experiencia, misma que les permitir\u00e1 ser mejores profesionistas y desarrollarse en cualquier parte del mundo\u201d, se\u00f1al\u00f3 el Dr. Fernando Le\u00f3n.<\/p>\n<\/blockquote>\n<p style=\"text-align: justify;\">El ISP 2020 ofreci\u00f3 a los participantes la oportunidad de desarrollar una perspectiva global al interactuar, de manera digital en esta edici\u00f3n, con compa\u00f1eros de clase y maestros internacionales, abordar problem\u00e1ticas o situaciones desde diferentes perspectivas, ampliar su red de contactos e identificar oportunidades de crecimiento y desarrollo en otros pa\u00edses.<\/p>\n<p style=\"text-align: justify;\">Para el docente internacional <strong>Alex Steenstra<\/strong> de <strong>Northern Arizona University<\/strong> y encargado de impartir el curso Sustentabilidad y Competitividad durante el ISP, esta experiencia signific\u00f3 ense\u00f1ar y aprender de todos los participantes y sus culturas, adem\u00e1s de crear conexiones y trabajar juntos por un bien com\u00fan.<\/p>\n<blockquote>\n<p style=\"text-align: justify;\">\u201cAs\u00ed fue este ISP, nos conoc\u00edamos m\u00e1s cada d\u00eda, compartimos experiencias, trabajamos juntos para hacernos m\u00e1s fuertes ante esta dif\u00edcil situaci\u00f3n por la que atraviesa el mundo para poder enfrentar los retos del futuro\u201d, comunic\u00f3 el docente internacional del ISP 2020.<\/p>\n<\/blockquote>\n<p style=\"text-align: justify;\">Para <strong>Kern Routley<\/strong>, estudiante de <strong>Nottingham Trent University<\/strong> en Reino Unido, el curso estuvo perfectamente dise\u00f1ado permitiendo la combinaci\u00f3n entre clases te\u00f3ricas y pr\u00e1cticas, as\u00ed como actividades grupales, facilitando la convivencia entre los participantes de diversas partes del mundo.<\/p>\n<blockquote>\n<p style=\"text-align: justify;\">\u201cEntre otras cosas aprend\u00ed sobre la importancia de respetar diferentes ideas y otras culturas, as\u00ed como habilidades comunicativas y para la gesti\u00f3n de proyectos que puedo implementar en mi \u00e1rea laboral\u201d, dijo el estudiante de Nottingham Trent University en Reino Unido .<\/p>\n<\/blockquote>\n<p style=\"text-align: justify;\"><strong>Katharina Larissa Dietl<\/strong>, de <strong>Johannes Kepler University<\/strong> en Austria, calific\u00f3 esta experiencia como una oportunidad \u00fanica que le permiti\u00f3 \u201caprender de profesores reconocidos, oradores invitados e incluso hacer amigos de por vida a pesar de la distancia\u201d.<\/p>\n<p style=\"text-align: justify;\">Por otro lado, <strong>Nicolle Eliana Pineda Luna<\/strong>, de la <strong>Universidad Aut\u00f3noma de Bucaramanga<\/strong>, Colombia, destac\u00f3 que participar en el ISP fue una experiencia maravillosa porque pudo conocer estudiantes de muchos pa\u00edses con los que convivi\u00f3 diariamente de manera virtual. \u201cAdem\u00e1s pude perfeccionar mi ingl\u00e9s, aprender muchas cosas que no sab\u00eda tanto de la parte acad\u00e9mica como de otras culturas\u201d.<\/p>\n<p style=\"text-align: justify;\">Para <strong>Andrea Garc\u00eda Inzunza<\/strong>, de la Licenciatura en Administraci\u00f3n de empresas del <a href=\"https:\/\/www.cetys.mx\/campus-mexicali\/\">Campus Mexicali<\/a>, participar en el ISP 2020 fue una experiencia muy enriquecedora: \u201cAl principio pens\u00e9 que ser\u00eda dif\u00edcil trabajar en modalidad virtual, pero todos en el grupo nos acoplamos muy bien; por medio de las redes sociales pudimos ponernos en contacto y conocernos m\u00e1s, algunas veces hasta realizamos videollamada durante los fines de semana para platicar, quedo muy satisfecha con el curso&#8221;.<\/p>\n<p style=\"text-align: justify;\"><strong>Marcela Arellano Vel\u00e1zquez<\/strong>, de la Licenciatura en Log\u00edstica Internacional de <a href=\"https:\/\/www.cetys.mx\/campus-tijuana\/\">Campus Tijuana<\/a>, se\u00f1al\u00f3 que el ISP 2020 le ayud\u00f3 a fortalecer diversas habilidades, \u201cpude establecer comunicaci\u00f3n con estudiantes de muchas partes del mundo, perfeccion\u00e9 mi ingl\u00e9s, conoc\u00ed m\u00e1s sobre otras culturas y forj\u00e9 nuevas y muy buenas amistades\u201d.<\/p>\n<p style=\"text-align: justify;\">Finalmente, para <strong>Rosella Reyes Raygoza<\/strong>, de Ingenier\u00eda Mecatr\u00f3nica de Campus Ensenada, el ISP 2020 fue una experiencia que la deja completamente satisfecha: \u201cinicialmente no cre\u00eda que en modalidad virtual se tuviera la oportunidad de realizar trabajos tan completos con compa\u00f1eros de otras partes del mundo, pero escucharlos y compartir con ellos todos los d\u00edas enriqueci\u00f3 mucho la clase, definitivamente recomiendo ampliamente la experiencia\u201d.<\/p>\n<p style=\"text-align: justify;\">En la ceremonia participaron, adem\u00e1s del Rector, el Dr. Fernando Le\u00f3n; la Mtra. Jessica Ibarra, Directora Zona Costa; la Dra. Diana Woolfolk, Subdirectora de Relaciones Internacionales del Sistema CETYS Universidad; los Directores Acad\u00e9micos de los Campus Ensenada, Mexicali y Tijuana, Mtra. Luc\u00eda Beltr\u00e1n, Dra. Mar\u00eda del Carmen Echeverr\u00eda, y el Mtro. Heberto Peterson, respectivamente; as\u00ed como los Directores de los Colegios de Administraci\u00f3n y Negocios, Ingenier\u00eda y Ciencias Sociales y Humanidades.<\/p>\n","protected":false},"excerpt":{"rendered":"<p>Despu\u00e9s de tres semanas, los 162 estudiantes y 5 acad\u00e9micos provenientes de 19 pa\u00edses del mundo, culminaron exitosamente este viernes 24 de&#8230;<\/p>\n","protected":false},"author":23,"featured_media":146238,"comment_status":"open","ping_status":"closed","sticky":false,"template":"","format":"standard","meta":{"footnotes":""},"categories":[132,133,209,319,125,313],"tags":[276,4604,4656,4661],"class_list":["post-146237","post","type-post","status-publish","format-standard","has-post-thumbnail","hentry","category-campus-ensenada","category-campus-mexicali","category-institucional","category-p-internacionales","category-portada","category-vocetys-2","tag-internacionalizacion","tag-isp-2020","tag-modalidad-virtual","tag-vocetys-2020-07-28"],"yoast_head":"<!-- This site is optimized with the Yoast SEO plugin v27.4 - https:\/\/yoast.com\/product\/yoast-seo-wordpress\/ -->\n<title>Concluye exitosamente el Programa Internacional de Verano CETYS 2020, edici\u00f3n virtual - CETYS<\/title>\n<meta name=\"description\" content=\"Articulo sobre Concluye exitosamente el Programa Internacional de Verano CETYS 2020, edici\u00f3n virtual\" \/>\n<meta name=\"robots\" content=\"index, follow, max-snippet:-1, max-image-preview:large, max-video-preview:-1\" \/>\n<link rel=\"canonical\" href=\"https:\/\/www.cetys.mx\/noticias\/concluye-exitosamente-el-programa-internacional-de-verano-cetys-2020-edicion-virtual\/\" \/>\n<meta property=\"og:locale\" content=\"es_MX\" \/>\n<meta property=\"og:type\" content=\"article\" \/>\n<meta property=\"og:title\" content=\"Concluye exitosamente el Programa Internacional de Verano CETYS 2020, edici\u00f3n virtual - CETYS\" \/>\n<meta property=\"og:description\" content=\"Articulo sobre Concluye exitosamente el Programa Internacional de Verano CETYS 2020, edici\u00f3n virtual\" \/>\n<meta property=\"og:url\" content=\"https:\/\/www.cetys.mx\/noticias\/concluye-exitosamente-el-programa-internacional-de-verano-cetys-2020-edicion-virtual\/\" \/>\n<meta property=\"og:site_name\" content=\"CETYS\" \/>\n<meta property=\"article:publisher\" content=\"https:\/\/www.facebook.com\/cetysuniversidadmxl\/\" \/>\n<meta property=\"article:published_time\" content=\"2020-07-25T00:36:23+00:00\" \/>\n<meta property=\"article:modified_time\" content=\"2020-07-28T17:14:07+00:00\" \/>\n<meta property=\"og:image\" content=\"https:\/\/www.cetys.mx\/noticias\/wp-content\/uploads\/2020\/07\/WhatsApp-Image-2020-07-24-at-1.29.18-PM.jpeg\" \/>\n\t<meta property=\"og:image:width\" content=\"959\" \/>\n\t<meta property=\"og:image:height\" content=\"638\" \/>\n\t<meta property=\"og:image:type\" content=\"image\/jpeg\" \/>\n<meta name=\"author\" content=\"Campus Ensenada\" \/>\n<meta name=\"twitter:card\" content=\"summary_large_image\" \/>\n<meta name=\"twitter:creator\" content=\"@cetysuni\" \/>\n<meta name=\"twitter:site\" content=\"@cetysuni\" \/>\n<meta name=\"twitter:label1\" content=\"Escrito por\" \/>\n\t<meta name=\"twitter:data1\" content=\"Campus Ensenada\" \/>\n\t<meta name=\"twitter:label2\" content=\"Tiempo de lectura\" \/>\n\t<meta name=\"twitter:data2\" content=\"4 minutos\" \/>\n<script type=\"application\/ld+json\" class=\"yoast-schema-graph\">{\"@context\":\"https:\\\/\\\/schema.org\",\"@graph\":[{\"@type\":\"Article\",\"@id\":\"https:\\\/\\\/www.cetys.mx\\\/noticias\\\/concluye-exitosamente-el-programa-internacional-de-verano-cetys-2020-edicion-virtual\\\/#article\",\"isPartOf\":{\"@id\":\"https:\\\/\\\/www.cetys.mx\\\/noticias\\\/concluye-exitosamente-el-programa-internacional-de-verano-cetys-2020-edicion-virtual\\\/\"},\"author\":{\"name\":\"Campus Ensenada\",\"@id\":\"https:\\\/\\\/www.cetys.mx\\\/noticias\\\/#\\\/schema\\\/person\\\/1a1a88c0b6586e66a2e9e88e07afc712\"},\"headline\":\"Concluye exitosamente el Programa Internacional de Verano CETYS 2020, edici\u00f3n virtual\",\"datePublished\":\"2020-07-25T00:36:23+00:00\",\"dateModified\":\"2020-07-28T17:14:07+00:00\",\"mainEntityOfPage\":{\"@id\":\"https:\\\/\\\/www.cetys.mx\\\/noticias\\\/concluye-exitosamente-el-programa-internacional-de-verano-cetys-2020-edicion-virtual\\\/\"},\"wordCount\":862,\"commentCount\":0,\"image\":{\"@id\":\"https:\\\/\\\/www.cetys.mx\\\/noticias\\\/concluye-exitosamente-el-programa-internacional-de-verano-cetys-2020-edicion-virtual\\\/#primaryimage\"},\"thumbnailUrl\":\"https:\\\/\\\/www.cetys.mx\\\/noticias\\\/wp-content\\\/uploads\\\/2020\\\/07\\\/WhatsApp-Image-2020-07-24-at-1.29.18-PM.jpeg\",\"keywords\":[\"internacionalizaci\u00f3n\",\"ISP 2020\",\"modalidad virtual\",\"vocetys-2020-07-28\"],\"articleSection\":[\"Campus Ensenada\",\"Campus Mexicali\",\"Institucional\",\"P. Internacionales\",\"Portada\",\"VoCETYS\"],\"inLanguage\":\"es\",\"potentialAction\":[{\"@type\":\"CommentAction\",\"name\":\"Comment\",\"target\":[\"https:\\\/\\\/www.cetys.mx\\\/noticias\\\/concluye-exitosamente-el-programa-internacional-de-verano-cetys-2020-edicion-virtual\\\/#respond\"]}]},{\"@type\":\"WebPage\",\"@id\":\"https:\\\/\\\/www.cetys.mx\\\/noticias\\\/concluye-exitosamente-el-programa-internacional-de-verano-cetys-2020-edicion-virtual\\\/\",\"url\":\"https:\\\/\\\/www.cetys.mx\\\/noticias\\\/concluye-exitosamente-el-programa-internacional-de-verano-cetys-2020-edicion-virtual\\\/\",\"name\":\"Concluye exitosamente el Programa Internacional de Verano CETYS 2020, edici\u00f3n virtual - CETYS\",\"isPartOf\":{\"@id\":\"https:\\\/\\\/www.cetys.mx\\\/noticias\\\/#website\"},\"primaryImageOfPage\":{\"@id\":\"https:\\\/\\\/www.cetys.mx\\\/noticias\\\/concluye-exitosamente-el-programa-internacional-de-verano-cetys-2020-edicion-virtual\\\/#primaryimage\"},\"image\":{\"@id\":\"https:\\\/\\\/www.cetys.mx\\\/noticias\\\/concluye-exitosamente-el-programa-internacional-de-verano-cetys-2020-edicion-virtual\\\/#primaryimage\"},\"thumbnailUrl\":\"https:\\\/\\\/www.cetys.mx\\\/noticias\\\/wp-content\\\/uploads\\\/2020\\\/07\\\/WhatsApp-Image-2020-07-24-at-1.29.18-PM.jpeg\",\"datePublished\":\"2020-07-25T00:36:23+00:00\",\"dateModified\":\"2020-07-28T17:14:07+00:00\",\"author\":{\"@id\":\"https:\\\/\\\/www.cetys.mx\\\/noticias\\\/#\\\/schema\\\/person\\\/1a1a88c0b6586e66a2e9e88e07afc712\"},\"description\":\"Articulo sobre Concluye exitosamente el Programa Internacional de Verano CETYS 2020, edici\u00f3n virtual\",\"breadcrumb\":{\"@id\":\"https:\\\/\\\/www.cetys.mx\\\/noticias\\\/concluye-exitosamente-el-programa-internacional-de-verano-cetys-2020-edicion-virtual\\\/#breadcrumb\"},\"inLanguage\":\"es\",\"potentialAction\":[{\"@type\":\"ReadAction\",\"target\":[\"https:\\\/\\\/www.cetys.mx\\\/noticias\\\/concluye-exitosamente-el-programa-internacional-de-verano-cetys-2020-edicion-virtual\\\/\"]}]},{\"@type\":\"ImageObject\",\"inLanguage\":\"es\",\"@id\":\"https:\\\/\\\/www.cetys.mx\\\/noticias\\\/concluye-exitosamente-el-programa-internacional-de-verano-cetys-2020-edicion-virtual\\\/#primaryimage\",\"url\":\"https:\\\/\\\/www.cetys.mx\\\/noticias\\\/wp-content\\\/uploads\\\/2020\\\/07\\\/WhatsApp-Image-2020-07-24-at-1.29.18-PM.jpeg\",\"contentUrl\":\"https:\\\/\\\/www.cetys.mx\\\/noticias\\\/wp-content\\\/uploads\\\/2020\\\/07\\\/WhatsApp-Image-2020-07-24-at-1.29.18-PM.jpeg\",\"width\":959,\"height\":638,\"caption\":\"ISP 2020.\"},{\"@type\":\"BreadcrumbList\",\"@id\":\"https:\\\/\\\/www.cetys.mx\\\/noticias\\\/concluye-exitosamente-el-programa-internacional-de-verano-cetys-2020-edicion-virtual\\\/#breadcrumb\",\"itemListElement\":[{\"@type\":\"ListItem\",\"position\":1,\"name\":\"Inicio\",\"item\":\"https:\\\/\\\/www.cetys.mx\\\/noticias\\\/\"},{\"@type\":\"ListItem\",\"position\":2,\"name\":\"Concluye exitosamente el Programa Internacional de Verano CETYS 2020, edici\u00f3n virtual\"}]},{\"@type\":\"WebSite\",\"@id\":\"https:\\\/\\\/www.cetys.mx\\\/noticias\\\/#website\",\"url\":\"https:\\\/\\\/www.cetys.mx\\\/noticias\\\/\",\"name\":\"CETYS\",\"description\":\"\",\"potentialAction\":[{\"@type\":\"SearchAction\",\"target\":{\"@type\":\"EntryPoint\",\"urlTemplate\":\"https:\\\/\\\/www.cetys.mx\\\/noticias\\\/?s={search_term_string}\"},\"query-input\":{\"@type\":\"PropertyValueSpecification\",\"valueRequired\":true,\"valueName\":\"search_term_string\"}}],\"inLanguage\":\"es\"},{\"@type\":\"Person\",\"@id\":\"https:\\\/\\\/www.cetys.mx\\\/noticias\\\/#\\\/schema\\\/person\\\/1a1a88c0b6586e66a2e9e88e07afc712\",\"name\":\"Campus Ensenada\",\"url\":\"https:\\\/\\\/www.cetys.mx\\\/noticias\\\/author\\\/campusensenada\\\/\"}]}<\/script>\n<!-- \/ Yoast SEO plugin. -->","yoast_head_json":{"title":"Concluye exitosamente el Programa Internacional de Verano CETYS 2020, edici\u00f3n virtual - CETYS","description":"Articulo sobre Concluye exitosamente el Programa Internacional de Verano CETYS 2020, edici\u00f3n virtual","robots":{"index":"index","follow":"follow","max-snippet":"max-snippet:-1","max-image-preview":"max-image-preview:large","max-video-preview":"max-video-preview:-1"},"canonical":"https:\/\/www.cetys.mx\/noticias\/concluye-exitosamente-el-programa-internacional-de-verano-cetys-2020-edicion-virtual\/","og_locale":"es_MX","og_type":"article","og_title":"Concluye exitosamente el Programa Internacional de Verano CETYS 2020, edici\u00f3n virtual - CETYS","og_description":"Articulo sobre Concluye exitosamente el Programa Internacional de Verano CETYS 2020, edici\u00f3n virtual","og_url":"https:\/\/www.cetys.mx\/noticias\/concluye-exitosamente-el-programa-internacional-de-verano-cetys-2020-edicion-virtual\/","og_site_name":"CETYS","article_publisher":"https:\/\/www.facebook.com\/cetysuniversidadmxl\/","article_published_time":"2020-07-25T00:36:23+00:00","article_modified_time":"2020-07-28T17:14:07+00:00","og_image":[{"width":959,"height":638,"url":"https:\/\/www.cetys.mx\/noticias\/wp-content\/uploads\/2020\/07\/WhatsApp-Image-2020-07-24-at-1.29.18-PM.jpeg","type":"image\/jpeg"}],"author":"Campus Ensenada","twitter_card":"summary_large_image","twitter_creator":"@cetysuni","twitter_site":"@cetysuni","twitter_misc":{"Escrito por":"Campus Ensenada","Tiempo de lectura":"4 minutos"},"schema":{"@context":"https:\/\/schema.org","@graph":[{"@type":"Article","@id":"https:\/\/www.cetys.mx\/noticias\/concluye-exitosamente-el-programa-internacional-de-verano-cetys-2020-edicion-virtual\/#article","isPartOf":{"@id":"https:\/\/www.cetys.mx\/noticias\/concluye-exitosamente-el-programa-internacional-de-verano-cetys-2020-edicion-virtual\/"},"author":{"name":"Campus Ensenada","@id":"https:\/\/www.cetys.mx\/noticias\/#\/schema\/person\/1a1a88c0b6586e66a2e9e88e07afc712"},"headline":"Concluye exitosamente el Programa Internacional de Verano CETYS 2020, edici\u00f3n virtual","datePublished":"2020-07-25T00:36:23+00:00","dateModified":"2020-07-28T17:14:07+00:00","mainEntityOfPage":{"@id":"https:\/\/www.cetys.mx\/noticias\/concluye-exitosamente-el-programa-internacional-de-verano-cetys-2020-edicion-virtual\/"},"wordCount":862,"commentCount":0,"image":{"@id":"https:\/\/www.cetys.mx\/noticias\/concluye-exitosamente-el-programa-internacional-de-verano-cetys-2020-edicion-virtual\/#primaryimage"},"thumbnailUrl":"https:\/\/www.cetys.mx\/noticias\/wp-content\/uploads\/2020\/07\/WhatsApp-Image-2020-07-24-at-1.29.18-PM.jpeg","keywords":["internacionalizaci\u00f3n","ISP 2020","modalidad virtual","vocetys-2020-07-28"],"articleSection":["Campus Ensenada","Campus Mexicali","Institucional","P. Internacionales","Portada","VoCETYS"],"inLanguage":"es","potentialAction":[{"@type":"CommentAction","name":"Comment","target":["https:\/\/www.cetys.mx\/noticias\/concluye-exitosamente-el-programa-internacional-de-verano-cetys-2020-edicion-virtual\/#respond"]}]},{"@type":"WebPage","@id":"https:\/\/www.cetys.mx\/noticias\/concluye-exitosamente-el-programa-internacional-de-verano-cetys-2020-edicion-virtual\/","url":"https:\/\/www.cetys.mx\/noticias\/concluye-exitosamente-el-programa-internacional-de-verano-cetys-2020-edicion-virtual\/","name":"Concluye exitosamente el Programa Internacional de Verano CETYS 2020, edici\u00f3n virtual - CETYS","isPartOf":{"@id":"https:\/\/www.cetys.mx\/noticias\/#website"},"primaryImageOfPage":{"@id":"https:\/\/www.cetys.mx\/noticias\/concluye-exitosamente-el-programa-internacional-de-verano-cetys-2020-edicion-virtual\/#primaryimage"},"image":{"@id":"https:\/\/www.cetys.mx\/noticias\/concluye-exitosamente-el-programa-internacional-de-verano-cetys-2020-edicion-virtual\/#primaryimage"},"thumbnailUrl":"https:\/\/www.cetys.mx\/noticias\/wp-content\/uploads\/2020\/07\/WhatsApp-Image-2020-07-24-at-1.29.18-PM.jpeg","datePublished":"2020-07-25T00:36:23+00:00","dateModified":"2020-07-28T17:14:07+00:00","author":{"@id":"https:\/\/www.cetys.mx\/noticias\/#\/schema\/person\/1a1a88c0b6586e66a2e9e88e07afc712"},"description":"Articulo sobre Concluye exitosamente el Programa Internacional de Verano CETYS 2020, edici\u00f3n virtual","breadcrumb":{"@id":"https:\/\/www.cetys.mx\/noticias\/concluye-exitosamente-el-programa-internacional-de-verano-cetys-2020-edicion-virtual\/#breadcrumb"},"inLanguage":"es","potentialAction":[{"@type":"ReadAction","target":["https:\/\/www.cetys.mx\/noticias\/concluye-exitosamente-el-programa-internacional-de-verano-cetys-2020-edicion-virtual\/"]}]},{"@type":"ImageObject","inLanguage":"es","@id":"https:\/\/www.cetys.mx\/noticias\/concluye-exitosamente-el-programa-internacional-de-verano-cetys-2020-edicion-virtual\/#primaryimage","url":"https:\/\/www.cetys.mx\/noticias\/wp-content\/uploads\/2020\/07\/WhatsApp-Image-2020-07-24-at-1.29.18-PM.jpeg","contentUrl":"https:\/\/www.cetys.mx\/noticias\/wp-content\/uploads\/2020\/07\/WhatsApp-Image-2020-07-24-at-1.29.18-PM.jpeg","width":959,"height":638,"caption":"ISP 2020."},{"@type":"BreadcrumbList","@id":"https:\/\/www.cetys.mx\/noticias\/concluye-exitosamente-el-programa-internacional-de-verano-cetys-2020-edicion-virtual\/#breadcrumb","itemListElement":[{"@type":"ListItem","position":1,"name":"Inicio","item":"https:\/\/www.cetys.mx\/noticias\/"},{"@type":"ListItem","position":2,"name":"Concluye exitosamente el Programa Internacional de Verano CETYS 2020, edici\u00f3n virtual"}]},{"@type":"WebSite","@id":"https:\/\/www.cetys.mx\/noticias\/#website","url":"https:\/\/www.cetys.mx\/noticias\/","name":"CETYS","description":"","potentialAction":[{"@type":"SearchAction","target":{"@type":"EntryPoint","urlTemplate":"https:\/\/www.cetys.mx\/noticias\/?s={search_term_string}"},"query-input":{"@type":"PropertyValueSpecification","valueRequired":true,"valueName":"search_term_string"}}],"inLanguage":"es"},{"@type":"Person","@id":"https:\/\/www.cetys.mx\/noticias\/#\/schema\/person\/1a1a88c0b6586e66a2e9e88e07afc712","name":"Campus Ensenada","url":"https:\/\/www.cetys.mx\/noticias\/author\/campusensenada\/"}]}},"_links":{"self":[{"href":"https:\/\/www.cetys.mx\/noticias\/wp-json\/wp\/v2\/posts\/146237","targetHints":{"allow":["GET"]}}],"collection":[{"href":"https:\/\/www.cetys.mx\/noticias\/wp-json\/wp\/v2\/posts"}],"about":[{"href":"https:\/\/www.cetys.mx\/noticias\/wp-json\/wp\/v2\/types\/post"}],"author":[{"embeddable":true,"href":"https:\/\/www.cetys.mx\/noticias\/wp-json\/wp\/v2\/users\/23"}],"replies":[{"embeddable":true,"href":"https:\/\/www.cetys.mx\/noticias\/wp-json\/wp\/v2\/comments?post=146237"}],"version-history":[{"count":1,"href":"https:\/\/www.cetys.mx\/noticias\/wp-json\/wp\/v2\/posts\/146237\/revisions"}],"predecessor-version":[{"id":146239,"href":"https:\/\/www.cetys.mx\/noticias\/wp-json\/wp\/v2\/posts\/146237\/revisions\/146239"}],"wp:featuredmedia":[{"embeddable":true,"href":"https:\/\/www.cetys.mx\/noticias\/wp-json\/wp\/v2\/media\/146238"}],"wp:attachment":[{"href":"https:\/\/www.cetys.mx\/noticias\/wp-json\/wp\/v2\/media?parent=146237"}],"wp:term":[{"taxonomy":"category","embeddable":true,"href":"https:\/\/www.cetys.mx\/noticias\/wp-json\/wp\/v2\/categories?post=146237"},{"taxonomy":"post_tag","embeddable":true,"href":"https:\/\/www.cetys.mx\/noticias\/wp-json\/wp\/v2\/tags?post=146237"}],"curies":[{"name":"wp","href":"https:\/\/api.w.org\/{rel}","templated":true}]}}