{"id":145695,"date":"2020-07-01T16:41:26","date_gmt":"2020-07-01T23:41:26","guid":{"rendered":"https:\/\/www.cetys.mx\/noticias\/?p=145695"},"modified":"2020-07-16T12:44:41","modified_gmt":"2020-07-16T19:44:41","slug":"recibe-alumni-cetys-premio-internacional-por-mejores-practicas-en-vinculacion-con-egresados","status":"publish","type":"post","link":"https:\/\/www.cetys.mx\/noticias\/recibe-alumni-cetys-premio-internacional-por-mejores-practicas-en-vinculacion-con-egresados\/","title":{"rendered":"Recibe ALUMNI CETYS premio internacional por mejores pr\u00e1cticas en vinculaci\u00f3n con egresados"},"content":{"rendered":"<p style=\"text-align: justify;\"><span style=\"font-weight: 400;\">En la primera ceremonia virtual del Consejo para el Avance y Apoyo a la Educaci\u00f3n, cap\u00edtulo de Am\u00e9rica Latina, CASE por sus siglas en ingl\u00e9s, el Proyecto <strong>\u201cImpacto CETYS Alumni: Egresados Comprometidos con su Comunidad\u201d<\/strong> de CETYS Universidad recibi\u00f3 el Premio Am\u00e9rica Latina Platinum Awards 2020, en la categor\u00eda Mejores Pr\u00e1cticas en Vinculaci\u00f3n con Egresados.\u00a0<\/span><\/p>\n<p style=\"text-align: justify;\"><span style=\"font-weight: 400;\">De acuerdo con lo mencionado por la <\/span><span style=\"font-weight: 400;\">Mtra. Gisel Jim\u00e9nez Gonz\u00e1lez, Directora de Alumni del Sistema CETYS Universidad; <\/span><span style=\"font-weight: 400;\">el proyecto inici\u00f3 el a\u00f1o pasado <\/span><span style=\"font-weight: 400;\">en el marco del aniversario de la fundaci\u00f3n de la Instituci\u00f3n; buscando promover, reconocer y contabilizar cu\u00e1l era el impacto de la Comunidad CETYS Alumni en sus comunidades a trav\u00e9s de diversas actividades de voluntariado.<\/span><\/p>\n<p style=\"text-align: justify;\"><span style=\"font-weight: 400;\">En un mensaje dirigido a los miembros del Presidium, la Presidenta y CEO de CASE, Sue Cunningham, reconoci\u00f3 <\/span><span style=\"font-weight: 400;\">la activa participaci\u00f3n del CETYS en CASE desde hace varias d\u00e9cadas y <\/span><span style=\"font-weight: 400;\">felicit\u00f3 a los l\u00edderes del proyecto as\u00ed como a la instituci\u00f3n por este importante logro y exhort\u00f3 a continuar con el arduo trabajo que distingue a la instituci\u00f3n y a quienes la conforma.\u00a0<\/span><\/p>\n<p style=\"text-align: justify;\"><span style=\"font-weight: 400;\">Durante la ceremonia virtual, la Mtra Ang\u00e9lica Careaga Mercadillo, Directora Ejecutiva de CASE Am\u00e9rica Latina, tambi\u00e9n extendi\u00f3 sus felicitaciones al equipo de CETYS Universidad, resaltando que en el a\u00f1o 2020, el Proyecto <\/span><span style=\"font-weight: 400;\">\u201cImpacto CETYS Alumni: Egresados Comprometidos con su Comunidad\u201d de CETYS Universidad, fue el mejor y \u00fanico proyecto con los est\u00e1ndares de calidad que se buscaba en la realizaci\u00f3n de este concurso. Con este reconocimiento, el Proyecto tiene su pase directo para representar a Am\u00e9rica Latina dentro de los Global Platinum Awards 2020 a celebrarse pr\u00f3ximamente.\u00a0<\/span><\/p>\n<blockquote>\n<p style=\"text-align: justify;\"><span style=\"font-weight: 400;\">\u201cEste reconocimiento responde perfectamente a lo que es la misi\u00f3n y los valores de CETYS Universidad, es testimonio de que en el CETYS no s\u00f3lo preparamos personas para una vida profesional exitosa, sino ciudadanos y personas de bien, comprometidos con sus respectivas comunidades\u201d, mencion\u00f3 el Dr. Carlos H. Garc\u00eda, <\/span><span style=\"font-weight: 400;\">Director de Relaciones Institucionales del Sistema CETYS Universidad.<\/span><\/p>\n<\/blockquote>\n<p style=\"text-align: justify;\"><span style=\"font-weight: 400;\">En la ceremonia tambi\u00e9n estuvieron presentes el Lic. Gustavo Vild\u00f3sola Ramos, Presidente del Consejo del Instituto Educativo del Noroeste, A.C. (IENAC), asociaci\u00f3n que auspicia a CETYS Universidad; el C.P. Carlos Cota, Coordinador del Comit\u00e9 Alumni del IENAC; El Dr. Fernando Le\u00f3n Garc\u00eda, Rector del Sistema CETYS Universidad, todos ellos orgullosos egresados de la Instituci\u00f3n.\u00a0<\/span><\/p>\n<p style=\"text-align: justify;\"><span style=\"font-weight: 400;\">CASE Platinum Awards se cre\u00f3 para reconocer los mejores programas y pr\u00e1cticas en avance y vinculaci\u00f3n a nivel regional y local.\u00a0<\/span><\/p>\n","protected":false},"excerpt":{"rendered":"<p>En la primera ceremonia virtual del Consejo para el Avance y Apoyo a la Educaci\u00f3n, cap\u00edtulo de Am\u00e9rica Latina, CASE por sus&#8230;<\/p>\n","protected":false},"author":26,"featured_media":145696,"comment_status":"open","ping_status":"closed","sticky":false,"template":"","format":"video","meta":{"footnotes":""},"categories":[107,209],"tags":[],"class_list":["post-145695","post","type-post","status-publish","format-video","has-post-thumbnail","hentry","category-alumni","category-institucional","post_format-post-format-video"],"yoast_head":"<!-- This site is optimized with the Yoast SEO plugin v27.4 - https:\/\/yoast.com\/product\/yoast-seo-wordpress\/ -->\n<title>Recibe ALUMNI CETYS premio internacional por mejores pr\u00e1cticas en vinculaci\u00f3n con egresados - CETYS<\/title>\n<meta name=\"description\" content=\"Articulo sobre Recibe ALUMNI CETYS premio internacional por mejores pr\u00e1cticas en vinculaci\u00f3n con egresados\" \/>\n<meta name=\"robots\" content=\"index, follow, max-snippet:-1, max-image-preview:large, max-video-preview:-1\" \/>\n<link rel=\"canonical\" href=\"https:\/\/www.cetys.mx\/noticias\/recibe-alumni-cetys-premio-internacional-por-mejores-practicas-en-vinculacion-con-egresados\/\" \/>\n<meta property=\"og:locale\" content=\"es_MX\" \/>\n<meta property=\"og:type\" content=\"article\" \/>\n<meta property=\"og:title\" content=\"Recibe ALUMNI CETYS premio internacional por mejores pr\u00e1cticas en vinculaci\u00f3n con egresados - CETYS\" \/>\n<meta property=\"og:description\" content=\"Articulo sobre Recibe ALUMNI CETYS premio internacional por mejores pr\u00e1cticas en vinculaci\u00f3n con egresados\" \/>\n<meta property=\"og:url\" content=\"https:\/\/www.cetys.mx\/noticias\/recibe-alumni-cetys-premio-internacional-por-mejores-practicas-en-vinculacion-con-egresados\/\" \/>\n<meta property=\"og:site_name\" content=\"CETYS\" \/>\n<meta property=\"article:publisher\" content=\"https:\/\/www.facebook.com\/cetysuniversidadmxl\/\" \/>\n<meta property=\"article:published_time\" content=\"2020-07-01T23:41:26+00:00\" \/>\n<meta property=\"article:modified_time\" content=\"2020-07-16T19:44:41+00:00\" \/>\n<meta property=\"og:image\" content=\"https:\/\/www.cetys.mx\/noticias\/wp-content\/uploads\/2020\/07\/20190921_101430-1-e1593646824286.jpg\" \/>\n\t<meta property=\"og:image:width\" content=\"701\" \/>\n\t<meta property=\"og:image:height\" content=\"409\" \/>\n\t<meta property=\"og:image:type\" content=\"image\/jpeg\" \/>\n<meta name=\"author\" content=\"CETYS Institucional\" \/>\n<meta name=\"twitter:card\" content=\"summary_large_image\" \/>\n<meta name=\"twitter:creator\" content=\"@cetysuni\" \/>\n<meta name=\"twitter:site\" content=\"@cetysuni\" \/>\n<meta name=\"twitter:label1\" content=\"Escrito por\" \/>\n\t<meta name=\"twitter:data1\" content=\"CETYS Institucional\" \/>\n\t<meta name=\"twitter:label2\" content=\"Tiempo de lectura\" \/>\n\t<meta name=\"twitter:data2\" content=\"2 minutos\" \/>\n<script type=\"application\/ld+json\" class=\"yoast-schema-graph\">{\"@context\":\"https:\\\/\\\/schema.org\",\"@graph\":[{\"@type\":\"Article\",\"@id\":\"https:\\\/\\\/www.cetys.mx\\\/noticias\\\/recibe-alumni-cetys-premio-internacional-por-mejores-practicas-en-vinculacion-con-egresados\\\/#article\",\"isPartOf\":{\"@id\":\"https:\\\/\\\/www.cetys.mx\\\/noticias\\\/recibe-alumni-cetys-premio-internacional-por-mejores-practicas-en-vinculacion-con-egresados\\\/\"},\"author\":{\"name\":\"CETYS Institucional\",\"@id\":\"https:\\\/\\\/www.cetys.mx\\\/noticias\\\/#\\\/schema\\\/person\\\/e9d2b35265b64aa454df57a2828eb2ac\"},\"headline\":\"Recibe ALUMNI CETYS premio internacional por mejores pr\u00e1cticas en vinculaci\u00f3n con egresados\",\"datePublished\":\"2020-07-01T23:41:26+00:00\",\"dateModified\":\"2020-07-16T19:44:41+00:00\",\"mainEntityOfPage\":{\"@id\":\"https:\\\/\\\/www.cetys.mx\\\/noticias\\\/recibe-alumni-cetys-premio-internacional-por-mejores-practicas-en-vinculacion-con-egresados\\\/\"},\"wordCount\":448,\"commentCount\":0,\"image\":{\"@id\":\"https:\\\/\\\/www.cetys.mx\\\/noticias\\\/recibe-alumni-cetys-premio-internacional-por-mejores-practicas-en-vinculacion-con-egresados\\\/#primaryimage\"},\"thumbnailUrl\":\"https:\\\/\\\/www.cetys.mx\\\/noticias\\\/wp-content\\\/uploads\\\/2020\\\/07\\\/20190921_101430-1-e1593646824286.jpg\",\"articleSection\":[\"Alumni\",\"Institucional\"],\"inLanguage\":\"es\",\"potentialAction\":[{\"@type\":\"CommentAction\",\"name\":\"Comment\",\"target\":[\"https:\\\/\\\/www.cetys.mx\\\/noticias\\\/recibe-alumni-cetys-premio-internacional-por-mejores-practicas-en-vinculacion-con-egresados\\\/#respond\"]}]},{\"@type\":\"WebPage\",\"@id\":\"https:\\\/\\\/www.cetys.mx\\\/noticias\\\/recibe-alumni-cetys-premio-internacional-por-mejores-practicas-en-vinculacion-con-egresados\\\/\",\"url\":\"https:\\\/\\\/www.cetys.mx\\\/noticias\\\/recibe-alumni-cetys-premio-internacional-por-mejores-practicas-en-vinculacion-con-egresados\\\/\",\"name\":\"Recibe ALUMNI CETYS premio internacional por mejores pr\u00e1cticas en vinculaci\u00f3n con egresados - CETYS\",\"isPartOf\":{\"@id\":\"https:\\\/\\\/www.cetys.mx\\\/noticias\\\/#website\"},\"primaryImageOfPage\":{\"@id\":\"https:\\\/\\\/www.cetys.mx\\\/noticias\\\/recibe-alumni-cetys-premio-internacional-por-mejores-practicas-en-vinculacion-con-egresados\\\/#primaryimage\"},\"image\":{\"@id\":\"https:\\\/\\\/www.cetys.mx\\\/noticias\\\/recibe-alumni-cetys-premio-internacional-por-mejores-practicas-en-vinculacion-con-egresados\\\/#primaryimage\"},\"thumbnailUrl\":\"https:\\\/\\\/www.cetys.mx\\\/noticias\\\/wp-content\\\/uploads\\\/2020\\\/07\\\/20190921_101430-1-e1593646824286.jpg\",\"datePublished\":\"2020-07-01T23:41:26+00:00\",\"dateModified\":\"2020-07-16T19:44:41+00:00\",\"author\":{\"@id\":\"https:\\\/\\\/www.cetys.mx\\\/noticias\\\/#\\\/schema\\\/person\\\/e9d2b35265b64aa454df57a2828eb2ac\"},\"description\":\"Articulo sobre Recibe ALUMNI CETYS premio internacional por mejores pr\u00e1cticas en vinculaci\u00f3n con egresados\",\"breadcrumb\":{\"@id\":\"https:\\\/\\\/www.cetys.mx\\\/noticias\\\/recibe-alumni-cetys-premio-internacional-por-mejores-practicas-en-vinculacion-con-egresados\\\/#breadcrumb\"},\"inLanguage\":\"es\",\"potentialAction\":[{\"@type\":\"ReadAction\",\"target\":[\"https:\\\/\\\/www.cetys.mx\\\/noticias\\\/recibe-alumni-cetys-premio-internacional-por-mejores-practicas-en-vinculacion-con-egresados\\\/\"]}]},{\"@type\":\"ImageObject\",\"inLanguage\":\"es\",\"@id\":\"https:\\\/\\\/www.cetys.mx\\\/noticias\\\/recibe-alumni-cetys-premio-internacional-por-mejores-practicas-en-vinculacion-con-egresados\\\/#primaryimage\",\"url\":\"https:\\\/\\\/www.cetys.mx\\\/noticias\\\/wp-content\\\/uploads\\\/2020\\\/07\\\/20190921_101430-1-e1593646824286.jpg\",\"contentUrl\":\"https:\\\/\\\/www.cetys.mx\\\/noticias\\\/wp-content\\\/uploads\\\/2020\\\/07\\\/20190921_101430-1-e1593646824286.jpg\",\"width\":701,\"height\":409},{\"@type\":\"BreadcrumbList\",\"@id\":\"https:\\\/\\\/www.cetys.mx\\\/noticias\\\/recibe-alumni-cetys-premio-internacional-por-mejores-practicas-en-vinculacion-con-egresados\\\/#breadcrumb\",\"itemListElement\":[{\"@type\":\"ListItem\",\"position\":1,\"name\":\"Inicio\",\"item\":\"https:\\\/\\\/www.cetys.mx\\\/noticias\\\/\"},{\"@type\":\"ListItem\",\"position\":2,\"name\":\"Recibe ALUMNI CETYS premio internacional por mejores pr\u00e1cticas en vinculaci\u00f3n con egresados\"}]},{\"@type\":\"WebSite\",\"@id\":\"https:\\\/\\\/www.cetys.mx\\\/noticias\\\/#website\",\"url\":\"https:\\\/\\\/www.cetys.mx\\\/noticias\\\/\",\"name\":\"CETYS\",\"description\":\"\",\"potentialAction\":[{\"@type\":\"SearchAction\",\"target\":{\"@type\":\"EntryPoint\",\"urlTemplate\":\"https:\\\/\\\/www.cetys.mx\\\/noticias\\\/?s={search_term_string}\"},\"query-input\":{\"@type\":\"PropertyValueSpecification\",\"valueRequired\":true,\"valueName\":\"search_term_string\"}}],\"inLanguage\":\"es\"},{\"@type\":\"Person\",\"@id\":\"https:\\\/\\\/www.cetys.mx\\\/noticias\\\/#\\\/schema\\\/person\\\/e9d2b35265b64aa454df57a2828eb2ac\",\"name\":\"CETYS Institucional\",\"url\":\"https:\\\/\\\/www.cetys.mx\\\/noticias\\\/author\\\/cetysinstitucional\\\/\"}]}<\/script>\n<!-- \/ Yoast SEO plugin. -->","yoast_head_json":{"title":"Recibe ALUMNI CETYS premio internacional por mejores pr\u00e1cticas en vinculaci\u00f3n con egresados - CETYS","description":"Articulo sobre Recibe ALUMNI CETYS premio internacional por mejores pr\u00e1cticas en vinculaci\u00f3n con egresados","robots":{"index":"index","follow":"follow","max-snippet":"max-snippet:-1","max-image-preview":"max-image-preview:large","max-video-preview":"max-video-preview:-1"},"canonical":"https:\/\/www.cetys.mx\/noticias\/recibe-alumni-cetys-premio-internacional-por-mejores-practicas-en-vinculacion-con-egresados\/","og_locale":"es_MX","og_type":"article","og_title":"Recibe ALUMNI CETYS premio internacional por mejores pr\u00e1cticas en vinculaci\u00f3n con egresados - CETYS","og_description":"Articulo sobre Recibe ALUMNI CETYS premio internacional por mejores pr\u00e1cticas en vinculaci\u00f3n con egresados","og_url":"https:\/\/www.cetys.mx\/noticias\/recibe-alumni-cetys-premio-internacional-por-mejores-practicas-en-vinculacion-con-egresados\/","og_site_name":"CETYS","article_publisher":"https:\/\/www.facebook.com\/cetysuniversidadmxl\/","article_published_time":"2020-07-01T23:41:26+00:00","article_modified_time":"2020-07-16T19:44:41+00:00","og_image":[{"width":701,"height":409,"url":"https:\/\/www.cetys.mx\/noticias\/wp-content\/uploads\/2020\/07\/20190921_101430-1-e1593646824286.jpg","type":"image\/jpeg"}],"author":"CETYS Institucional","twitter_card":"summary_large_image","twitter_creator":"@cetysuni","twitter_site":"@cetysuni","twitter_misc":{"Escrito por":"CETYS Institucional","Tiempo de lectura":"2 minutos"},"schema":{"@context":"https:\/\/schema.org","@graph":[{"@type":"Article","@id":"https:\/\/www.cetys.mx\/noticias\/recibe-alumni-cetys-premio-internacional-por-mejores-practicas-en-vinculacion-con-egresados\/#article","isPartOf":{"@id":"https:\/\/www.cetys.mx\/noticias\/recibe-alumni-cetys-premio-internacional-por-mejores-practicas-en-vinculacion-con-egresados\/"},"author":{"name":"CETYS Institucional","@id":"https:\/\/www.cetys.mx\/noticias\/#\/schema\/person\/e9d2b35265b64aa454df57a2828eb2ac"},"headline":"Recibe ALUMNI CETYS premio internacional por mejores pr\u00e1cticas en vinculaci\u00f3n con egresados","datePublished":"2020-07-01T23:41:26+00:00","dateModified":"2020-07-16T19:44:41+00:00","mainEntityOfPage":{"@id":"https:\/\/www.cetys.mx\/noticias\/recibe-alumni-cetys-premio-internacional-por-mejores-practicas-en-vinculacion-con-egresados\/"},"wordCount":448,"commentCount":0,"image":{"@id":"https:\/\/www.cetys.mx\/noticias\/recibe-alumni-cetys-premio-internacional-por-mejores-practicas-en-vinculacion-con-egresados\/#primaryimage"},"thumbnailUrl":"https:\/\/www.cetys.mx\/noticias\/wp-content\/uploads\/2020\/07\/20190921_101430-1-e1593646824286.jpg","articleSection":["Alumni","Institucional"],"inLanguage":"es","potentialAction":[{"@type":"CommentAction","name":"Comment","target":["https:\/\/www.cetys.mx\/noticias\/recibe-alumni-cetys-premio-internacional-por-mejores-practicas-en-vinculacion-con-egresados\/#respond"]}]},{"@type":"WebPage","@id":"https:\/\/www.cetys.mx\/noticias\/recibe-alumni-cetys-premio-internacional-por-mejores-practicas-en-vinculacion-con-egresados\/","url":"https:\/\/www.cetys.mx\/noticias\/recibe-alumni-cetys-premio-internacional-por-mejores-practicas-en-vinculacion-con-egresados\/","name":"Recibe ALUMNI CETYS premio internacional por mejores pr\u00e1cticas en vinculaci\u00f3n con egresados - CETYS","isPartOf":{"@id":"https:\/\/www.cetys.mx\/noticias\/#website"},"primaryImageOfPage":{"@id":"https:\/\/www.cetys.mx\/noticias\/recibe-alumni-cetys-premio-internacional-por-mejores-practicas-en-vinculacion-con-egresados\/#primaryimage"},"image":{"@id":"https:\/\/www.cetys.mx\/noticias\/recibe-alumni-cetys-premio-internacional-por-mejores-practicas-en-vinculacion-con-egresados\/#primaryimage"},"thumbnailUrl":"https:\/\/www.cetys.mx\/noticias\/wp-content\/uploads\/2020\/07\/20190921_101430-1-e1593646824286.jpg","datePublished":"2020-07-01T23:41:26+00:00","dateModified":"2020-07-16T19:44:41+00:00","author":{"@id":"https:\/\/www.cetys.mx\/noticias\/#\/schema\/person\/e9d2b35265b64aa454df57a2828eb2ac"},"description":"Articulo sobre Recibe ALUMNI CETYS premio internacional por mejores pr\u00e1cticas en vinculaci\u00f3n con egresados","breadcrumb":{"@id":"https:\/\/www.cetys.mx\/noticias\/recibe-alumni-cetys-premio-internacional-por-mejores-practicas-en-vinculacion-con-egresados\/#breadcrumb"},"inLanguage":"es","potentialAction":[{"@type":"ReadAction","target":["https:\/\/www.cetys.mx\/noticias\/recibe-alumni-cetys-premio-internacional-por-mejores-practicas-en-vinculacion-con-egresados\/"]}]},{"@type":"ImageObject","inLanguage":"es","@id":"https:\/\/www.cetys.mx\/noticias\/recibe-alumni-cetys-premio-internacional-por-mejores-practicas-en-vinculacion-con-egresados\/#primaryimage","url":"https:\/\/www.cetys.mx\/noticias\/wp-content\/uploads\/2020\/07\/20190921_101430-1-e1593646824286.jpg","contentUrl":"https:\/\/www.cetys.mx\/noticias\/wp-content\/uploads\/2020\/07\/20190921_101430-1-e1593646824286.jpg","width":701,"height":409},{"@type":"BreadcrumbList","@id":"https:\/\/www.cetys.mx\/noticias\/recibe-alumni-cetys-premio-internacional-por-mejores-practicas-en-vinculacion-con-egresados\/#breadcrumb","itemListElement":[{"@type":"ListItem","position":1,"name":"Inicio","item":"https:\/\/www.cetys.mx\/noticias\/"},{"@type":"ListItem","position":2,"name":"Recibe ALUMNI CETYS premio internacional por mejores pr\u00e1cticas en vinculaci\u00f3n con egresados"}]},{"@type":"WebSite","@id":"https:\/\/www.cetys.mx\/noticias\/#website","url":"https:\/\/www.cetys.mx\/noticias\/","name":"CETYS","description":"","potentialAction":[{"@type":"SearchAction","target":{"@type":"EntryPoint","urlTemplate":"https:\/\/www.cetys.mx\/noticias\/?s={search_term_string}"},"query-input":{"@type":"PropertyValueSpecification","valueRequired":true,"valueName":"search_term_string"}}],"inLanguage":"es"},{"@type":"Person","@id":"https:\/\/www.cetys.mx\/noticias\/#\/schema\/person\/e9d2b35265b64aa454df57a2828eb2ac","name":"CETYS Institucional","url":"https:\/\/www.cetys.mx\/noticias\/author\/cetysinstitucional\/"}]}},"_links":{"self":[{"href":"https:\/\/www.cetys.mx\/noticias\/wp-json\/wp\/v2\/posts\/145695","targetHints":{"allow":["GET"]}}],"collection":[{"href":"https:\/\/www.cetys.mx\/noticias\/wp-json\/wp\/v2\/posts"}],"about":[{"href":"https:\/\/www.cetys.mx\/noticias\/wp-json\/wp\/v2\/types\/post"}],"author":[{"embeddable":true,"href":"https:\/\/www.cetys.mx\/noticias\/wp-json\/wp\/v2\/users\/26"}],"replies":[{"embeddable":true,"href":"https:\/\/www.cetys.mx\/noticias\/wp-json\/wp\/v2\/comments?post=145695"}],"version-history":[{"count":2,"href":"https:\/\/www.cetys.mx\/noticias\/wp-json\/wp\/v2\/posts\/145695\/revisions"}],"predecessor-version":[{"id":145960,"href":"https:\/\/www.cetys.mx\/noticias\/wp-json\/wp\/v2\/posts\/145695\/revisions\/145960"}],"wp:featuredmedia":[{"embeddable":true,"href":"https:\/\/www.cetys.mx\/noticias\/wp-json\/wp\/v2\/media\/145696"}],"wp:attachment":[{"href":"https:\/\/www.cetys.mx\/noticias\/wp-json\/wp\/v2\/media?parent=145695"}],"wp:term":[{"taxonomy":"category","embeddable":true,"href":"https:\/\/www.cetys.mx\/noticias\/wp-json\/wp\/v2\/categories?post=145695"},{"taxonomy":"post_tag","embeddable":true,"href":"https:\/\/www.cetys.mx\/noticias\/wp-json\/wp\/v2\/tags?post=145695"}],"curies":[{"name":"wp","href":"https:\/\/api.w.org\/{rel}","templated":true}]}}