{"id":145451,"date":"2020-06-22T09:59:37","date_gmt":"2020-06-22T16:59:37","guid":{"rendered":"https:\/\/www.cetys.mx\/noticias\/?p=145451"},"modified":"2020-06-26T11:53:49","modified_gmt":"2020-06-26T18:53:49","slug":"importancia-de-la-empresa-familiar-en-la-economia-post-covid-19","status":"publish","type":"post","link":"https:\/\/www.cetys.mx\/noticias\/importancia-de-la-empresa-familiar-en-la-economia-post-covid-19\/","title":{"rendered":"Importancia de la empresa familiar en la econom\u00eda post COVID-19"},"content":{"rendered":"<div id=\"cke_pastebin\" style=\"text-align: center;\"><strong>Representan m\u00e1s del 90% de las empresas y generan el 70% de los empleos del sector privado mundialmente, por ello, entender y auxiliar a las empresas familiares resulta b\u00e1sico para cualquier econom\u00eda<\/strong><\/div>\n<div id=\"cke_pastebin\" style=\"text-align: justify;\"><\/div>\n<div id=\"cke_pastebin\" style=\"text-align: justify;\">Al contar con limitadas alternativas de programas federales para la supervivencia de las empresas, y frente a los altos costos del financiamiento privado, es altamente probable que cada vez m\u00e1s emprendedores inicien o fortalezcan asociaciones con sus padres, hermanos y primos, por mencionar algunos parentescos, dando pie a la creaci\u00f3n y desarrollo de las empresas familiares.<\/div>\n<div id=\"cke_pastebin\" style=\"text-align: justify;\"><\/div>\n<div id=\"cke_pastebin\" style=\"text-align: justify;\">Entendida como toda organizaci\u00f3n en la que la propiedad y la administraci\u00f3n est\u00e1n a cargo de personas con v\u00ednculos de consanguinidad y\/o parentesco pol\u00edtico, la empresa familiar suele surgir por iniciativa de un emprendedor que con el transcurso del tiempo va integrando a hijos y otros familiares que ayudan a su consolidaci\u00f3n y subsistencia.<\/div>\n<div id=\"cke_pastebin\" style=\"text-align: justify;\"><\/div>\n<div id=\"cke_pastebin\" style=\"text-align: justify;\">A nivel mundial, las empresas familiares representan entre el 90% y el 95% de las sociedades an\u00f3nimas y limitadas, y generan alrededor del 70% de los empleos del sector privado. Estas cifras nos refieren que entender, trabajar y auxiliar a las empresas familiares resulta b\u00e1sico para cualquier econom\u00eda, consider\u00f3 la Dra. Lisette Salgado Pati\u00f1o, Coordinadora del Centro de Excelencia en Competitividad y Emprendimiento (CECE) de CETYS Universidad.<\/div>\n<div id=\"cke_pastebin\" style=\"text-align: justify;\"><\/div>\n<div id=\"cke_pastebin\" style=\"text-align: justify;\">Uno de los principales objetivos de la empresa familiar, a\u00f1adi\u00f3, es permanecer a trav\u00e9s del tiempo y que \u00e9sta le de espacio y cabida a las necesidades actuales y de sus futuras generaciones. Es por eso que el COVID-19 lleg\u00f3 como un dif\u00edcil reto que ha enfrentado al empresariado familiar, a la necesidad de replantear objetivos y de flexibilizarse.<\/div>\n<div id=\"cke_pastebin\" style=\"text-align: justify;\"><\/div>\n<blockquote>\n<div id=\"cke_pastebin\" style=\"text-align: justify;\">\u201cSon tiempos de tomar decisiones \u00e1giles y efectivas. El mercado cambi\u00f3, las condiciones de compra-venta y competencia tambi\u00e9n cambiaron a partir de la pandemia, y lamentablemente vemos que quien no tom\u00f3 decisiones r\u00e1pido, est\u00e1 cerrando sus negocios\u201d.<\/div>\n<\/blockquote>\n<div id=\"cke_pastebin\" style=\"text-align: justify;\"><\/div>\n<div id=\"cke_pastebin\" style=\"text-align: justify;\"><strong>Retos de la empresa familiar en el escenario post COVID-19<\/strong><\/div>\n<div id=\"cke_pastebin\" style=\"text-align: justify;\"><\/div>\n<div id=\"cke_pastebin\" style=\"text-align: justify;\">Uno de los principales desaf\u00edos, y a la vez de los mejores aciertos de la empresa familiar en el escenario post COVID-19 ser\u00e1 la diversificaci\u00f3n, incursionando en \u00e1mbitos distintos a los planteados en sus objetivos, haciendo uso de las herramientas y equipo de trabajo con el que ya cuenta.<\/div>\n<div id=\"cke_pastebin\" style=\"text-align: justify;\"><\/div>\n<div id=\"cke_pastebin\" style=\"text-align: justify;\">Esta flexibilidad, explic\u00f3 la acad\u00e9mica, debe acompa\u00f1arse de difusi\u00f3n externa, y de buena comunicaci\u00f3n interna.<\/div>\n<div><\/div>\n<blockquote>\n<div style=\"text-align: justify;\">\u201cTenemos que dar a conocer esta parte social de las empresas, decirle a la clientela para qu\u00e9 fue hecha la empresa, c\u00f3mo est\u00e1 trabajando y c\u00f3mo le va a beneficiar a ese mercado la llegada del producto que se ofrece, y la manera en la que se hace entrega del mismo\u201d.<\/div>\n<\/blockquote>\n<div id=\"cke_pastebin\" style=\"text-align: justify;\"><\/div>\n<div id=\"cke_pastebin\" style=\"text-align: justify;\">Para que la empresa familiar se convierta en un legado que perdure en el tiempo, de generaci\u00f3n en generaci\u00f3n, sus miembros deben mantener una estrecha comunicaci\u00f3n y cooperaci\u00f3n intergeneracional, recomienda la experta.<\/div>\n<blockquote>\n<div id=\"cke_pastebin\" style=\"text-align: justify;\"><\/div>\n<div id=\"cke_pastebin\" style=\"text-align: justify;\">\u201cHay que recordar que las nuevas generaciones son las que conocen el mercado, conocen de tecnolog\u00eda, de tendencias y pueden aportar una visi\u00f3n de futuro distinta a la de las generaciones mayores, y m\u00e1s apegada a la realidad, por lo que \u00e9stas deben trabajar con apertura, mientras que los m\u00e1s j\u00f3venes deben escuchar con paciencia y propiciar la generaci\u00f3n de nuevas estrategias, tomando lo mejor de cada generaci\u00f3n\u201d.<\/div>\n<\/blockquote>\n<div id=\"cke_pastebin\" style=\"text-align: justify;\"><\/div>\n<div id=\"cke_pastebin\" style=\"text-align: justify;\">Para superar los estragos de la pandemia, los familiares involucrados en la empresa deben darse a la tarea de analizar en conjunto qu\u00e9 les define, cu\u00e1les son sus valores, c\u00f3mo pueden ayudar a la comunidad a trav\u00e9s de su producto o servicio, y trabajar de inmediato en ello.<\/div>\n<div id=\"cke_pastebin\" style=\"text-align: justify;\"><\/div>\n<blockquote>\n<div id=\"cke_pastebin\" style=\"text-align: justify;\">\u201cConsidero que puede haber un boom de empresas familiares, principalmente por la dificultad de conseguir recursos financieros, que son b\u00e1sicos para iniciar una empresa.<\/div>\n<div id=\"cke_pastebin\" style=\"text-align: justify;\"><\/div>\n<div id=\"cke_pastebin\" style=\"text-align: justify;\">El recurso estar\u00e1 dentro de la misma familia, y su \u00e9xito radicar\u00e1 en su capacidad de unirse, de consolidar sus valores y de aprender a planear contemplando qu\u00e9 medidas tomar\u00e1n ante una nueva pandemia, un terremoto, o cualquier fen\u00f3meno inesperado\u201d, concluy\u00f3 la Dra. Salgado Pati\u00f1o.<\/div>\n<\/blockquote>\n","protected":false},"excerpt":{"rendered":"<p>Representan m\u00e1s del 90% de las empresas y generan el 70% de los empleos del sector privado mundialmente, por ello, entender y&#8230;<\/p>\n","protected":false},"author":20,"featured_media":145452,"comment_status":"open","ping_status":"closed","sticky":false,"template":"","format":"standard","meta":{"footnotes":""},"categories":[133,111,313],"tags":[138,4308,4584,4595],"class_list":["post-145451","post","type-post","status-publish","format-standard","has-post-thumbnail","hentry","category-campus-mexicali","category-emprendimiento","category-vocetys-2","tag-cetys","tag-covid-19","tag-empresa-familiar","tag-vocetys-2020-06-24"],"yoast_head":"<!-- This site is optimized with the Yoast SEO plugin v27.4 - https:\/\/yoast.com\/product\/yoast-seo-wordpress\/ -->\n<title>Importancia de la empresa familiar en la econom\u00eda post COVID-19 - CETYS<\/title>\n<meta name=\"description\" content=\"Articulo sobre Importancia de la empresa familiar en la econom\u00eda post COVID-19\" \/>\n<meta name=\"robots\" content=\"index, follow, max-snippet:-1, max-image-preview:large, max-video-preview:-1\" \/>\n<link rel=\"canonical\" href=\"https:\/\/www.cetys.mx\/noticias\/importancia-de-la-empresa-familiar-en-la-economia-post-covid-19\/\" \/>\n<meta property=\"og:locale\" content=\"es_MX\" \/>\n<meta property=\"og:type\" content=\"article\" \/>\n<meta property=\"og:title\" content=\"Importancia de la empresa familiar en la econom\u00eda post COVID-19 - CETYS\" \/>\n<meta property=\"og:description\" content=\"Articulo sobre Importancia de la empresa familiar en la econom\u00eda post COVID-19\" \/>\n<meta property=\"og:url\" content=\"https:\/\/www.cetys.mx\/noticias\/importancia-de-la-empresa-familiar-en-la-economia-post-covid-19\/\" \/>\n<meta property=\"og:site_name\" content=\"CETYS\" \/>\n<meta property=\"article:publisher\" content=\"https:\/\/www.facebook.com\/cetysuniversidadmxl\/\" \/>\n<meta property=\"article:published_time\" content=\"2020-06-22T16:59:37+00:00\" \/>\n<meta property=\"article:modified_time\" content=\"2020-06-26T18:53:49+00:00\" \/>\n<meta property=\"og:image\" content=\"https:\/\/www.cetys.mx\/noticias\/wp-content\/uploads\/2020\/06\/empresa-familiar.jpg\" \/>\n\t<meta property=\"og:image:width\" content=\"958\" \/>\n\t<meta property=\"og:image:height\" content=\"637\" \/>\n\t<meta property=\"og:image:type\" content=\"image\/jpeg\" \/>\n<meta name=\"author\" content=\"Campus Mexicali\" \/>\n<meta name=\"twitter:card\" content=\"summary_large_image\" \/>\n<meta name=\"twitter:creator\" content=\"@cetysuni\" \/>\n<meta name=\"twitter:site\" content=\"@cetysuni\" \/>\n<meta name=\"twitter:label1\" content=\"Escrito por\" \/>\n\t<meta name=\"twitter:data1\" content=\"Campus Mexicali\" \/>\n\t<meta name=\"twitter:label2\" content=\"Tiempo de lectura\" \/>\n\t<meta name=\"twitter:data2\" content=\"3 minutos\" \/>\n<script type=\"application\/ld+json\" class=\"yoast-schema-graph\">{\"@context\":\"https:\\\/\\\/schema.org\",\"@graph\":[{\"@type\":\"Article\",\"@id\":\"https:\\\/\\\/www.cetys.mx\\\/noticias\\\/importancia-de-la-empresa-familiar-en-la-economia-post-covid-19\\\/#article\",\"isPartOf\":{\"@id\":\"https:\\\/\\\/www.cetys.mx\\\/noticias\\\/importancia-de-la-empresa-familiar-en-la-economia-post-covid-19\\\/\"},\"author\":{\"name\":\"Campus Mexicali\",\"@id\":\"https:\\\/\\\/www.cetys.mx\\\/noticias\\\/#\\\/schema\\\/person\\\/79a95c4ac185f3705cf1b9c9340a5f70\"},\"headline\":\"Importancia de la empresa familiar en la econom\u00eda post COVID-19\",\"datePublished\":\"2020-06-22T16:59:37+00:00\",\"dateModified\":\"2020-06-26T18:53:49+00:00\",\"mainEntityOfPage\":{\"@id\":\"https:\\\/\\\/www.cetys.mx\\\/noticias\\\/importancia-de-la-empresa-familiar-en-la-economia-post-covid-19\\\/\"},\"wordCount\":700,\"commentCount\":0,\"image\":{\"@id\":\"https:\\\/\\\/www.cetys.mx\\\/noticias\\\/importancia-de-la-empresa-familiar-en-la-economia-post-covid-19\\\/#primaryimage\"},\"thumbnailUrl\":\"https:\\\/\\\/www.cetys.mx\\\/noticias\\\/wp-content\\\/uploads\\\/2020\\\/06\\\/empresa-familiar.jpg\",\"keywords\":[\"Cetys\",\"COVID-19\",\"Empresa Familiar\",\"vocetys-2020-06-24\"],\"articleSection\":[\"Campus Mexicali\",\"Emprendimiento\",\"VoCETYS\"],\"inLanguage\":\"es\",\"potentialAction\":[{\"@type\":\"CommentAction\",\"name\":\"Comment\",\"target\":[\"https:\\\/\\\/www.cetys.mx\\\/noticias\\\/importancia-de-la-empresa-familiar-en-la-economia-post-covid-19\\\/#respond\"]}]},{\"@type\":\"WebPage\",\"@id\":\"https:\\\/\\\/www.cetys.mx\\\/noticias\\\/importancia-de-la-empresa-familiar-en-la-economia-post-covid-19\\\/\",\"url\":\"https:\\\/\\\/www.cetys.mx\\\/noticias\\\/importancia-de-la-empresa-familiar-en-la-economia-post-covid-19\\\/\",\"name\":\"Importancia de la empresa familiar en la econom\u00eda post COVID-19 - CETYS\",\"isPartOf\":{\"@id\":\"https:\\\/\\\/www.cetys.mx\\\/noticias\\\/#website\"},\"primaryImageOfPage\":{\"@id\":\"https:\\\/\\\/www.cetys.mx\\\/noticias\\\/importancia-de-la-empresa-familiar-en-la-economia-post-covid-19\\\/#primaryimage\"},\"image\":{\"@id\":\"https:\\\/\\\/www.cetys.mx\\\/noticias\\\/importancia-de-la-empresa-familiar-en-la-economia-post-covid-19\\\/#primaryimage\"},\"thumbnailUrl\":\"https:\\\/\\\/www.cetys.mx\\\/noticias\\\/wp-content\\\/uploads\\\/2020\\\/06\\\/empresa-familiar.jpg\",\"datePublished\":\"2020-06-22T16:59:37+00:00\",\"dateModified\":\"2020-06-26T18:53:49+00:00\",\"author\":{\"@id\":\"https:\\\/\\\/www.cetys.mx\\\/noticias\\\/#\\\/schema\\\/person\\\/79a95c4ac185f3705cf1b9c9340a5f70\"},\"description\":\"Articulo sobre Importancia de la empresa familiar en la econom\u00eda post COVID-19\",\"breadcrumb\":{\"@id\":\"https:\\\/\\\/www.cetys.mx\\\/noticias\\\/importancia-de-la-empresa-familiar-en-la-economia-post-covid-19\\\/#breadcrumb\"},\"inLanguage\":\"es\",\"potentialAction\":[{\"@type\":\"ReadAction\",\"target\":[\"https:\\\/\\\/www.cetys.mx\\\/noticias\\\/importancia-de-la-empresa-familiar-en-la-economia-post-covid-19\\\/\"]}]},{\"@type\":\"ImageObject\",\"inLanguage\":\"es\",\"@id\":\"https:\\\/\\\/www.cetys.mx\\\/noticias\\\/importancia-de-la-empresa-familiar-en-la-economia-post-covid-19\\\/#primaryimage\",\"url\":\"https:\\\/\\\/www.cetys.mx\\\/noticias\\\/wp-content\\\/uploads\\\/2020\\\/06\\\/empresa-familiar.jpg\",\"contentUrl\":\"https:\\\/\\\/www.cetys.mx\\\/noticias\\\/wp-content\\\/uploads\\\/2020\\\/06\\\/empresa-familiar.jpg\",\"width\":958,\"height\":637,\"caption\":\"Business people are having a discussion\"},{\"@type\":\"BreadcrumbList\",\"@id\":\"https:\\\/\\\/www.cetys.mx\\\/noticias\\\/importancia-de-la-empresa-familiar-en-la-economia-post-covid-19\\\/#breadcrumb\",\"itemListElement\":[{\"@type\":\"ListItem\",\"position\":1,\"name\":\"Inicio\",\"item\":\"https:\\\/\\\/www.cetys.mx\\\/noticias\\\/\"},{\"@type\":\"ListItem\",\"position\":2,\"name\":\"Importancia de la empresa familiar en la econom\u00eda post COVID-19\"}]},{\"@type\":\"WebSite\",\"@id\":\"https:\\\/\\\/www.cetys.mx\\\/noticias\\\/#website\",\"url\":\"https:\\\/\\\/www.cetys.mx\\\/noticias\\\/\",\"name\":\"CETYS\",\"description\":\"\",\"potentialAction\":[{\"@type\":\"SearchAction\",\"target\":{\"@type\":\"EntryPoint\",\"urlTemplate\":\"https:\\\/\\\/www.cetys.mx\\\/noticias\\\/?s={search_term_string}\"},\"query-input\":{\"@type\":\"PropertyValueSpecification\",\"valueRequired\":true,\"valueName\":\"search_term_string\"}}],\"inLanguage\":\"es\"},{\"@type\":\"Person\",\"@id\":\"https:\\\/\\\/www.cetys.mx\\\/noticias\\\/#\\\/schema\\\/person\\\/79a95c4ac185f3705cf1b9c9340a5f70\",\"name\":\"Campus Mexicali\",\"url\":\"https:\\\/\\\/www.cetys.mx\\\/noticias\\\/author\\\/campusmexicali\\\/\"}]}<\/script>\n<!-- \/ Yoast SEO plugin. -->","yoast_head_json":{"title":"Importancia de la empresa familiar en la econom\u00eda post COVID-19 - CETYS","description":"Articulo sobre Importancia de la empresa familiar en la econom\u00eda post COVID-19","robots":{"index":"index","follow":"follow","max-snippet":"max-snippet:-1","max-image-preview":"max-image-preview:large","max-video-preview":"max-video-preview:-1"},"canonical":"https:\/\/www.cetys.mx\/noticias\/importancia-de-la-empresa-familiar-en-la-economia-post-covid-19\/","og_locale":"es_MX","og_type":"article","og_title":"Importancia de la empresa familiar en la econom\u00eda post COVID-19 - CETYS","og_description":"Articulo sobre Importancia de la empresa familiar en la econom\u00eda post COVID-19","og_url":"https:\/\/www.cetys.mx\/noticias\/importancia-de-la-empresa-familiar-en-la-economia-post-covid-19\/","og_site_name":"CETYS","article_publisher":"https:\/\/www.facebook.com\/cetysuniversidadmxl\/","article_published_time":"2020-06-22T16:59:37+00:00","article_modified_time":"2020-06-26T18:53:49+00:00","og_image":[{"width":958,"height":637,"url":"https:\/\/www.cetys.mx\/noticias\/wp-content\/uploads\/2020\/06\/empresa-familiar.jpg","type":"image\/jpeg"}],"author":"Campus Mexicali","twitter_card":"summary_large_image","twitter_creator":"@cetysuni","twitter_site":"@cetysuni","twitter_misc":{"Escrito por":"Campus Mexicali","Tiempo de lectura":"3 minutos"},"schema":{"@context":"https:\/\/schema.org","@graph":[{"@type":"Article","@id":"https:\/\/www.cetys.mx\/noticias\/importancia-de-la-empresa-familiar-en-la-economia-post-covid-19\/#article","isPartOf":{"@id":"https:\/\/www.cetys.mx\/noticias\/importancia-de-la-empresa-familiar-en-la-economia-post-covid-19\/"},"author":{"name":"Campus Mexicali","@id":"https:\/\/www.cetys.mx\/noticias\/#\/schema\/person\/79a95c4ac185f3705cf1b9c9340a5f70"},"headline":"Importancia de la empresa familiar en la econom\u00eda post COVID-19","datePublished":"2020-06-22T16:59:37+00:00","dateModified":"2020-06-26T18:53:49+00:00","mainEntityOfPage":{"@id":"https:\/\/www.cetys.mx\/noticias\/importancia-de-la-empresa-familiar-en-la-economia-post-covid-19\/"},"wordCount":700,"commentCount":0,"image":{"@id":"https:\/\/www.cetys.mx\/noticias\/importancia-de-la-empresa-familiar-en-la-economia-post-covid-19\/#primaryimage"},"thumbnailUrl":"https:\/\/www.cetys.mx\/noticias\/wp-content\/uploads\/2020\/06\/empresa-familiar.jpg","keywords":["Cetys","COVID-19","Empresa Familiar","vocetys-2020-06-24"],"articleSection":["Campus Mexicali","Emprendimiento","VoCETYS"],"inLanguage":"es","potentialAction":[{"@type":"CommentAction","name":"Comment","target":["https:\/\/www.cetys.mx\/noticias\/importancia-de-la-empresa-familiar-en-la-economia-post-covid-19\/#respond"]}]},{"@type":"WebPage","@id":"https:\/\/www.cetys.mx\/noticias\/importancia-de-la-empresa-familiar-en-la-economia-post-covid-19\/","url":"https:\/\/www.cetys.mx\/noticias\/importancia-de-la-empresa-familiar-en-la-economia-post-covid-19\/","name":"Importancia de la empresa familiar en la econom\u00eda post COVID-19 - CETYS","isPartOf":{"@id":"https:\/\/www.cetys.mx\/noticias\/#website"},"primaryImageOfPage":{"@id":"https:\/\/www.cetys.mx\/noticias\/importancia-de-la-empresa-familiar-en-la-economia-post-covid-19\/#primaryimage"},"image":{"@id":"https:\/\/www.cetys.mx\/noticias\/importancia-de-la-empresa-familiar-en-la-economia-post-covid-19\/#primaryimage"},"thumbnailUrl":"https:\/\/www.cetys.mx\/noticias\/wp-content\/uploads\/2020\/06\/empresa-familiar.jpg","datePublished":"2020-06-22T16:59:37+00:00","dateModified":"2020-06-26T18:53:49+00:00","author":{"@id":"https:\/\/www.cetys.mx\/noticias\/#\/schema\/person\/79a95c4ac185f3705cf1b9c9340a5f70"},"description":"Articulo sobre Importancia de la empresa familiar en la econom\u00eda post COVID-19","breadcrumb":{"@id":"https:\/\/www.cetys.mx\/noticias\/importancia-de-la-empresa-familiar-en-la-economia-post-covid-19\/#breadcrumb"},"inLanguage":"es","potentialAction":[{"@type":"ReadAction","target":["https:\/\/www.cetys.mx\/noticias\/importancia-de-la-empresa-familiar-en-la-economia-post-covid-19\/"]}]},{"@type":"ImageObject","inLanguage":"es","@id":"https:\/\/www.cetys.mx\/noticias\/importancia-de-la-empresa-familiar-en-la-economia-post-covid-19\/#primaryimage","url":"https:\/\/www.cetys.mx\/noticias\/wp-content\/uploads\/2020\/06\/empresa-familiar.jpg","contentUrl":"https:\/\/www.cetys.mx\/noticias\/wp-content\/uploads\/2020\/06\/empresa-familiar.jpg","width":958,"height":637,"caption":"Business people are having a discussion"},{"@type":"BreadcrumbList","@id":"https:\/\/www.cetys.mx\/noticias\/importancia-de-la-empresa-familiar-en-la-economia-post-covid-19\/#breadcrumb","itemListElement":[{"@type":"ListItem","position":1,"name":"Inicio","item":"https:\/\/www.cetys.mx\/noticias\/"},{"@type":"ListItem","position":2,"name":"Importancia de la empresa familiar en la econom\u00eda post COVID-19"}]},{"@type":"WebSite","@id":"https:\/\/www.cetys.mx\/noticias\/#website","url":"https:\/\/www.cetys.mx\/noticias\/","name":"CETYS","description":"","potentialAction":[{"@type":"SearchAction","target":{"@type":"EntryPoint","urlTemplate":"https:\/\/www.cetys.mx\/noticias\/?s={search_term_string}"},"query-input":{"@type":"PropertyValueSpecification","valueRequired":true,"valueName":"search_term_string"}}],"inLanguage":"es"},{"@type":"Person","@id":"https:\/\/www.cetys.mx\/noticias\/#\/schema\/person\/79a95c4ac185f3705cf1b9c9340a5f70","name":"Campus Mexicali","url":"https:\/\/www.cetys.mx\/noticias\/author\/campusmexicali\/"}]}},"_links":{"self":[{"href":"https:\/\/www.cetys.mx\/noticias\/wp-json\/wp\/v2\/posts\/145451","targetHints":{"allow":["GET"]}}],"collection":[{"href":"https:\/\/www.cetys.mx\/noticias\/wp-json\/wp\/v2\/posts"}],"about":[{"href":"https:\/\/www.cetys.mx\/noticias\/wp-json\/wp\/v2\/types\/post"}],"author":[{"embeddable":true,"href":"https:\/\/www.cetys.mx\/noticias\/wp-json\/wp\/v2\/users\/20"}],"replies":[{"embeddable":true,"href":"https:\/\/www.cetys.mx\/noticias\/wp-json\/wp\/v2\/comments?post=145451"}],"version-history":[{"count":1,"href":"https:\/\/www.cetys.mx\/noticias\/wp-json\/wp\/v2\/posts\/145451\/revisions"}],"predecessor-version":[{"id":145455,"href":"https:\/\/www.cetys.mx\/noticias\/wp-json\/wp\/v2\/posts\/145451\/revisions\/145455"}],"wp:featuredmedia":[{"embeddable":true,"href":"https:\/\/www.cetys.mx\/noticias\/wp-json\/wp\/v2\/media\/145452"}],"wp:attachment":[{"href":"https:\/\/www.cetys.mx\/noticias\/wp-json\/wp\/v2\/media?parent=145451"}],"wp:term":[{"taxonomy":"category","embeddable":true,"href":"https:\/\/www.cetys.mx\/noticias\/wp-json\/wp\/v2\/categories?post=145451"},{"taxonomy":"post_tag","embeddable":true,"href":"https:\/\/www.cetys.mx\/noticias\/wp-json\/wp\/v2\/tags?post=145451"}],"curies":[{"name":"wp","href":"https:\/\/api.w.org\/{rel}","templated":true}]}}