{"id":145027,"date":"2020-06-08T16:03:47","date_gmt":"2020-06-08T23:03:47","guid":{"rendered":"https:\/\/www.cetys.mx\/noticias\/?p=145027"},"modified":"2020-06-18T12:00:11","modified_gmt":"2020-06-18T19:00:11","slug":"ciudades-y-empresas-sostenibles-necesarias-para-una-recuperacion-verde","status":"publish","type":"post","link":"https:\/\/www.cetys.mx\/noticias\/ciudades-y-empresas-sostenibles-necesarias-para-una-recuperacion-verde\/","title":{"rendered":"Ciudades y empresas sostenibles necesarias para una recuperaci\u00f3n verde"},"content":{"rendered":"<p align=\"justify\">El cuidado del medio ambiente y la recuperaci\u00f3n verde cobra relevancia ante las diferentes crisis: econ\u00f3micas, sociales y ambientales, una soluci\u00f3n viable que ya se hab\u00eda planteado antes de la llegada del COVID-19 es la implementaci\u00f3n de ciudades y empresas sostenibles o sustentables.<\/p>\n<p align=\"justify\">De acuerdo con la <strong>Dra. Sylvia P\u00e9rez Nu\u00f1ez,<\/strong>\u00a0experta en temas de econom\u00eda sustentable de <strong>CETYS Universidad<\/strong>, la soluci\u00f3n a la problem\u00e1tica ambiental no es \u00fanicamente de los gobiernos, requiere de medidas por parte de las empresas y de la misma poblaci\u00f3n desde sus hogares.<\/p>\n<p align=\"justify\"><em>\u201cNo podemos negar que estamos frente a una crisis ambiental, y que va a variar de acuerdo al cient\u00edfico que citemos. Los gobiernos deben buscar la implementaci\u00f3n de soluciones con dise\u00f1os de ciudades sustentables que atiendan distintas cuestiones como la reducci\u00f3n de emisiones de CO2, transporte eficiente y hasta modelos de negocios sustentables. M\u00e1s importante es contribuir a nivel personal \u00bfc\u00f3mo? Sobre todo con informaci\u00f3n y con ella tomar mejores decisiones\u201d, se\u00f1al\u00f3.<\/em><\/p>\n<p align=\"justify\">La <em>docente de la Escuela de Administraci\u00f3n y Negocios<\/em> de <strong>CETYS Tijuana<\/strong> enfatiz\u00f3 que desde 2015, varios pa\u00edses del mundo adoptaron la agenda 2030 para el Desarrollo Sostenible y sus 17 Objetivos de Desarrollo Sostenible de la ONU. El objetivo 11 tiene como meta Ciudades y Comunidades Sostenibles.<\/p>\n<blockquote>\n<p align=\"justify\">\u201cDesde 2016, el 90% de los habitantes de las ciudades respiraba aire que no cumpl\u00eda las normas de seguridad establecidas por la Organizaci\u00f3n Mundial de la Salud, lo que provoc\u00f3 cerca de 4.2 millones de muertes por la contaminaci\u00f3n atmosf\u00e9rica. M\u00e1s de la mitad de la poblaci\u00f3n urbana mundial estuvo expuesta a niveles de contaminaci\u00f3n del aire al menos 2,5 veces m\u00e1s altos que el est\u00e1ndar de seguridad. Esto significa que las soluciones a algunos de los principales problemas que enfrenta la humanidad como la pobreza, el cambio clim\u00e1tico, la asistencia sanitaria y la educaci\u00f3n, deben encontrarse en la vida de la ciudad\u201d, enfatiz\u00f3 la docente.<\/p>\n<p align=\"justify\"><img loading=\"lazy\" decoding=\"async\" class=\"wp-image-145029 aligncenter\" src=\"https:\/\/www.cetys.mx\/noticias\/wp-content\/uploads\/2020\/06\/dra-sylvia-perez.jpg\" alt=\"\" width=\"520\" height=\"345\" \/><\/p>\n<\/blockquote>\n<p align=\"justify\"><strong>-T\u00d3PICOS PARA SER EMPRESA Y\/O CIUDAD SOSTENIBLE<\/strong><\/p>\n<p align=\"justify\"><strong>Mejor recolecci\u00f3n de recursos org\u00e1nicos:<\/strong>\u00a0Se debe ingresar a una econom\u00eda circular donde se use un recurso, se aproveche y una vez aprovechado vuelve a la producci\u00f3n para generar un producto nuevo.<\/p>\n<p align=\"justify\"><strong>Transporte eficiente:<\/strong>\u00a0Es relevante reducir el uso de veh\u00edculos y fomentar el uso de transporte eficiente para bajar la huella ecol\u00f3gica y disminuir las emisiones del CO2.<\/p>\n<p align=\"justify\"><strong>Modelo de negocios sustentable<\/strong>: Hay que aprovechar el uso de materiales de segunda para reconstruir los locales, para los dise\u00f1os, as\u00ed como la implementaci\u00f3n de medidas para el ahorro de energ\u00eda, de agua y un mejor destino para los desechos.<\/p>\n","protected":false},"excerpt":{"rendered":"<p>El cuidado del medio ambiente y la recuperaci\u00f3n verde cobra relevancia ante las diferentes crisis: econ\u00f3micas, sociales y ambientales, una soluci\u00f3n viable&#8230;<\/p>\n","protected":false},"author":24,"featured_media":145028,"comment_status":"open","ping_status":"closed","sticky":false,"template":"","format":"standard","meta":{"footnotes":""},"categories":[134,114,125,313],"tags":[297,1826,4534,4573],"class_list":["post-145027","post","type-post","status-publish","format-standard","has-post-thumbnail","hentry","category-campus-tijuana","category-opinion","category-portada","category-vocetys-2","tag-campus-tijuana","tag-escuela-de-administracion-y-negocios","tag-sustentable","tag-vocetys-2020-06-18"],"yoast_head":"<!-- This site is optimized with the Yoast SEO plugin v27.4 - https:\/\/yoast.com\/product\/yoast-seo-wordpress\/ -->\n<title>Ciudades y empresas sostenibles necesarias para una recuperaci\u00f3n verde - CETYS<\/title>\n<meta name=\"description\" content=\"En el Marco del D\u00eda Mundial del Medio Ambiente, Experta CETYS resalta implementar medidas ecol\u00f3gicas, reducir emisiones de CO2 que lleven a una \u201crecuperaci\u00f3n verde\u201d.\" \/>\n<meta name=\"robots\" content=\"index, follow, max-snippet:-1, max-image-preview:large, max-video-preview:-1\" \/>\n<link rel=\"canonical\" href=\"https:\/\/www.cetys.mx\/noticias\/ciudades-y-empresas-sostenibles-necesarias-para-una-recuperacion-verde\/\" \/>\n<meta property=\"og:locale\" content=\"es_MX\" \/>\n<meta property=\"og:type\" content=\"article\" \/>\n<meta property=\"og:title\" content=\"Ciudades y empresas sostenibles necesarias para una recuperaci\u00f3n verde - CETYS\" \/>\n<meta property=\"og:description\" content=\"En el Marco del D\u00eda Mundial del Medio Ambiente, Experta CETYS resalta implementar medidas ecol\u00f3gicas, reducir emisiones de CO2 que lleven a una \u201crecuperaci\u00f3n verde\u201d.\" \/>\n<meta property=\"og:url\" content=\"https:\/\/www.cetys.mx\/noticias\/ciudades-y-empresas-sostenibles-necesarias-para-una-recuperacion-verde\/\" \/>\n<meta property=\"og:site_name\" content=\"CETYS\" \/>\n<meta property=\"article:publisher\" content=\"https:\/\/www.facebook.com\/cetysuniversidadmxl\/\" \/>\n<meta property=\"article:published_time\" content=\"2020-06-08T23:03:47+00:00\" \/>\n<meta property=\"article:modified_time\" content=\"2020-06-18T19:00:11+00:00\" \/>\n<meta property=\"og:image\" content=\"https:\/\/www.cetys.mx\/noticias\/wp-content\/uploads\/2020\/06\/Comunicado-Empresas-Sustentables-IMAGEN.png\" \/>\n\t<meta property=\"og:image:width\" content=\"958\" \/>\n\t<meta property=\"og:image:height\" content=\"637\" \/>\n\t<meta property=\"og:image:type\" content=\"image\/png\" \/>\n<meta name=\"author\" content=\"Campus Tijuana\" \/>\n<meta name=\"twitter:card\" content=\"summary_large_image\" \/>\n<meta name=\"twitter:creator\" content=\"@cetysuni\" \/>\n<meta name=\"twitter:site\" content=\"@cetysuni\" \/>\n<meta name=\"twitter:label1\" content=\"Escrito por\" \/>\n\t<meta name=\"twitter:data1\" content=\"Campus Tijuana\" \/>\n\t<meta name=\"twitter:label2\" content=\"Tiempo de lectura\" \/>\n\t<meta name=\"twitter:data2\" content=\"2 minutos\" \/>\n<script type=\"application\/ld+json\" class=\"yoast-schema-graph\">{\"@context\":\"https:\\\/\\\/schema.org\",\"@graph\":[{\"@type\":\"Article\",\"@id\":\"https:\\\/\\\/www.cetys.mx\\\/noticias\\\/ciudades-y-empresas-sostenibles-necesarias-para-una-recuperacion-verde\\\/#article\",\"isPartOf\":{\"@id\":\"https:\\\/\\\/www.cetys.mx\\\/noticias\\\/ciudades-y-empresas-sostenibles-necesarias-para-una-recuperacion-verde\\\/\"},\"author\":{\"name\":\"Campus Tijuana\",\"@id\":\"https:\\\/\\\/www.cetys.mx\\\/noticias\\\/#\\\/schema\\\/person\\\/e790051ce60e18ae47cfa87011c8653f\"},\"headline\":\"Ciudades y empresas sostenibles necesarias para una recuperaci\u00f3n verde\",\"datePublished\":\"2020-06-08T23:03:47+00:00\",\"dateModified\":\"2020-06-18T19:00:11+00:00\",\"mainEntityOfPage\":{\"@id\":\"https:\\\/\\\/www.cetys.mx\\\/noticias\\\/ciudades-y-empresas-sostenibles-necesarias-para-una-recuperacion-verde\\\/\"},\"wordCount\":465,\"commentCount\":0,\"image\":{\"@id\":\"https:\\\/\\\/www.cetys.mx\\\/noticias\\\/ciudades-y-empresas-sostenibles-necesarias-para-una-recuperacion-verde\\\/#primaryimage\"},\"thumbnailUrl\":\"https:\\\/\\\/www.cetys.mx\\\/noticias\\\/wp-content\\\/uploads\\\/2020\\\/06\\\/Comunicado-Empresas-Sustentables-IMAGEN.png\",\"keywords\":[\"Campus Tijuana\",\"Escuela de Administraci\u00f3n y Negocios\",\"Sustentable\",\"vocetys-2020-06-18\"],\"articleSection\":[\"Campus Tijuana\",\"Opini\u00f3n\",\"Portada\",\"VoCETYS\"],\"inLanguage\":\"es\",\"potentialAction\":[{\"@type\":\"CommentAction\",\"name\":\"Comment\",\"target\":[\"https:\\\/\\\/www.cetys.mx\\\/noticias\\\/ciudades-y-empresas-sostenibles-necesarias-para-una-recuperacion-verde\\\/#respond\"]}]},{\"@type\":\"WebPage\",\"@id\":\"https:\\\/\\\/www.cetys.mx\\\/noticias\\\/ciudades-y-empresas-sostenibles-necesarias-para-una-recuperacion-verde\\\/\",\"url\":\"https:\\\/\\\/www.cetys.mx\\\/noticias\\\/ciudades-y-empresas-sostenibles-necesarias-para-una-recuperacion-verde\\\/\",\"name\":\"Ciudades y empresas sostenibles necesarias para una recuperaci\u00f3n verde - CETYS\",\"isPartOf\":{\"@id\":\"https:\\\/\\\/www.cetys.mx\\\/noticias\\\/#website\"},\"primaryImageOfPage\":{\"@id\":\"https:\\\/\\\/www.cetys.mx\\\/noticias\\\/ciudades-y-empresas-sostenibles-necesarias-para-una-recuperacion-verde\\\/#primaryimage\"},\"image\":{\"@id\":\"https:\\\/\\\/www.cetys.mx\\\/noticias\\\/ciudades-y-empresas-sostenibles-necesarias-para-una-recuperacion-verde\\\/#primaryimage\"},\"thumbnailUrl\":\"https:\\\/\\\/www.cetys.mx\\\/noticias\\\/wp-content\\\/uploads\\\/2020\\\/06\\\/Comunicado-Empresas-Sustentables-IMAGEN.png\",\"datePublished\":\"2020-06-08T23:03:47+00:00\",\"dateModified\":\"2020-06-18T19:00:11+00:00\",\"author\":{\"@id\":\"https:\\\/\\\/www.cetys.mx\\\/noticias\\\/#\\\/schema\\\/person\\\/e790051ce60e18ae47cfa87011c8653f\"},\"description\":\"En el Marco del D\u00eda Mundial del Medio Ambiente, Experta CETYS resalta implementar medidas ecol\u00f3gicas, reducir emisiones de CO2 que lleven a una \u201crecuperaci\u00f3n verde\u201d.\",\"breadcrumb\":{\"@id\":\"https:\\\/\\\/www.cetys.mx\\\/noticias\\\/ciudades-y-empresas-sostenibles-necesarias-para-una-recuperacion-verde\\\/#breadcrumb\"},\"inLanguage\":\"es\",\"potentialAction\":[{\"@type\":\"ReadAction\",\"target\":[\"https:\\\/\\\/www.cetys.mx\\\/noticias\\\/ciudades-y-empresas-sostenibles-necesarias-para-una-recuperacion-verde\\\/\"]}]},{\"@type\":\"ImageObject\",\"inLanguage\":\"es\",\"@id\":\"https:\\\/\\\/www.cetys.mx\\\/noticias\\\/ciudades-y-empresas-sostenibles-necesarias-para-una-recuperacion-verde\\\/#primaryimage\",\"url\":\"https:\\\/\\\/www.cetys.mx\\\/noticias\\\/wp-content\\\/uploads\\\/2020\\\/06\\\/Comunicado-Empresas-Sustentables-IMAGEN.png\",\"contentUrl\":\"https:\\\/\\\/www.cetys.mx\\\/noticias\\\/wp-content\\\/uploads\\\/2020\\\/06\\\/Comunicado-Empresas-Sustentables-IMAGEN.png\",\"width\":958,\"height\":637},{\"@type\":\"BreadcrumbList\",\"@id\":\"https:\\\/\\\/www.cetys.mx\\\/noticias\\\/ciudades-y-empresas-sostenibles-necesarias-para-una-recuperacion-verde\\\/#breadcrumb\",\"itemListElement\":[{\"@type\":\"ListItem\",\"position\":1,\"name\":\"Inicio\",\"item\":\"https:\\\/\\\/www.cetys.mx\\\/noticias\\\/\"},{\"@type\":\"ListItem\",\"position\":2,\"name\":\"Ciudades y empresas sostenibles necesarias para una recuperaci\u00f3n verde\"}]},{\"@type\":\"WebSite\",\"@id\":\"https:\\\/\\\/www.cetys.mx\\\/noticias\\\/#website\",\"url\":\"https:\\\/\\\/www.cetys.mx\\\/noticias\\\/\",\"name\":\"CETYS\",\"description\":\"\",\"potentialAction\":[{\"@type\":\"SearchAction\",\"target\":{\"@type\":\"EntryPoint\",\"urlTemplate\":\"https:\\\/\\\/www.cetys.mx\\\/noticias\\\/?s={search_term_string}\"},\"query-input\":{\"@type\":\"PropertyValueSpecification\",\"valueRequired\":true,\"valueName\":\"search_term_string\"}}],\"inLanguage\":\"es\"},{\"@type\":\"Person\",\"@id\":\"https:\\\/\\\/www.cetys.mx\\\/noticias\\\/#\\\/schema\\\/person\\\/e790051ce60e18ae47cfa87011c8653f\",\"name\":\"Campus Tijuana\",\"url\":\"https:\\\/\\\/www.cetys.mx\\\/noticias\\\/author\\\/campustijuana\\\/\"}]}<\/script>\n<!-- \/ Yoast SEO plugin. -->","yoast_head_json":{"title":"Ciudades y empresas sostenibles necesarias para una recuperaci\u00f3n verde - CETYS","description":"En el Marco del D\u00eda Mundial del Medio Ambiente, Experta CETYS resalta implementar medidas ecol\u00f3gicas, reducir emisiones de CO2 que lleven a una \u201crecuperaci\u00f3n verde\u201d.","robots":{"index":"index","follow":"follow","max-snippet":"max-snippet:-1","max-image-preview":"max-image-preview:large","max-video-preview":"max-video-preview:-1"},"canonical":"https:\/\/www.cetys.mx\/noticias\/ciudades-y-empresas-sostenibles-necesarias-para-una-recuperacion-verde\/","og_locale":"es_MX","og_type":"article","og_title":"Ciudades y empresas sostenibles necesarias para una recuperaci\u00f3n verde - CETYS","og_description":"En el Marco del D\u00eda Mundial del Medio Ambiente, Experta CETYS resalta implementar medidas ecol\u00f3gicas, reducir emisiones de CO2 que lleven a una \u201crecuperaci\u00f3n verde\u201d.","og_url":"https:\/\/www.cetys.mx\/noticias\/ciudades-y-empresas-sostenibles-necesarias-para-una-recuperacion-verde\/","og_site_name":"CETYS","article_publisher":"https:\/\/www.facebook.com\/cetysuniversidadmxl\/","article_published_time":"2020-06-08T23:03:47+00:00","article_modified_time":"2020-06-18T19:00:11+00:00","og_image":[{"width":958,"height":637,"url":"https:\/\/www.cetys.mx\/noticias\/wp-content\/uploads\/2020\/06\/Comunicado-Empresas-Sustentables-IMAGEN.png","type":"image\/png"}],"author":"Campus Tijuana","twitter_card":"summary_large_image","twitter_creator":"@cetysuni","twitter_site":"@cetysuni","twitter_misc":{"Escrito por":"Campus Tijuana","Tiempo de lectura":"2 minutos"},"schema":{"@context":"https:\/\/schema.org","@graph":[{"@type":"Article","@id":"https:\/\/www.cetys.mx\/noticias\/ciudades-y-empresas-sostenibles-necesarias-para-una-recuperacion-verde\/#article","isPartOf":{"@id":"https:\/\/www.cetys.mx\/noticias\/ciudades-y-empresas-sostenibles-necesarias-para-una-recuperacion-verde\/"},"author":{"name":"Campus Tijuana","@id":"https:\/\/www.cetys.mx\/noticias\/#\/schema\/person\/e790051ce60e18ae47cfa87011c8653f"},"headline":"Ciudades y empresas sostenibles necesarias para una recuperaci\u00f3n verde","datePublished":"2020-06-08T23:03:47+00:00","dateModified":"2020-06-18T19:00:11+00:00","mainEntityOfPage":{"@id":"https:\/\/www.cetys.mx\/noticias\/ciudades-y-empresas-sostenibles-necesarias-para-una-recuperacion-verde\/"},"wordCount":465,"commentCount":0,"image":{"@id":"https:\/\/www.cetys.mx\/noticias\/ciudades-y-empresas-sostenibles-necesarias-para-una-recuperacion-verde\/#primaryimage"},"thumbnailUrl":"https:\/\/www.cetys.mx\/noticias\/wp-content\/uploads\/2020\/06\/Comunicado-Empresas-Sustentables-IMAGEN.png","keywords":["Campus Tijuana","Escuela de Administraci\u00f3n y Negocios","Sustentable","vocetys-2020-06-18"],"articleSection":["Campus Tijuana","Opini\u00f3n","Portada","VoCETYS"],"inLanguage":"es","potentialAction":[{"@type":"CommentAction","name":"Comment","target":["https:\/\/www.cetys.mx\/noticias\/ciudades-y-empresas-sostenibles-necesarias-para-una-recuperacion-verde\/#respond"]}]},{"@type":"WebPage","@id":"https:\/\/www.cetys.mx\/noticias\/ciudades-y-empresas-sostenibles-necesarias-para-una-recuperacion-verde\/","url":"https:\/\/www.cetys.mx\/noticias\/ciudades-y-empresas-sostenibles-necesarias-para-una-recuperacion-verde\/","name":"Ciudades y empresas sostenibles necesarias para una recuperaci\u00f3n verde - CETYS","isPartOf":{"@id":"https:\/\/www.cetys.mx\/noticias\/#website"},"primaryImageOfPage":{"@id":"https:\/\/www.cetys.mx\/noticias\/ciudades-y-empresas-sostenibles-necesarias-para-una-recuperacion-verde\/#primaryimage"},"image":{"@id":"https:\/\/www.cetys.mx\/noticias\/ciudades-y-empresas-sostenibles-necesarias-para-una-recuperacion-verde\/#primaryimage"},"thumbnailUrl":"https:\/\/www.cetys.mx\/noticias\/wp-content\/uploads\/2020\/06\/Comunicado-Empresas-Sustentables-IMAGEN.png","datePublished":"2020-06-08T23:03:47+00:00","dateModified":"2020-06-18T19:00:11+00:00","author":{"@id":"https:\/\/www.cetys.mx\/noticias\/#\/schema\/person\/e790051ce60e18ae47cfa87011c8653f"},"description":"En el Marco del D\u00eda Mundial del Medio Ambiente, Experta CETYS resalta implementar medidas ecol\u00f3gicas, reducir emisiones de CO2 que lleven a una \u201crecuperaci\u00f3n verde\u201d.","breadcrumb":{"@id":"https:\/\/www.cetys.mx\/noticias\/ciudades-y-empresas-sostenibles-necesarias-para-una-recuperacion-verde\/#breadcrumb"},"inLanguage":"es","potentialAction":[{"@type":"ReadAction","target":["https:\/\/www.cetys.mx\/noticias\/ciudades-y-empresas-sostenibles-necesarias-para-una-recuperacion-verde\/"]}]},{"@type":"ImageObject","inLanguage":"es","@id":"https:\/\/www.cetys.mx\/noticias\/ciudades-y-empresas-sostenibles-necesarias-para-una-recuperacion-verde\/#primaryimage","url":"https:\/\/www.cetys.mx\/noticias\/wp-content\/uploads\/2020\/06\/Comunicado-Empresas-Sustentables-IMAGEN.png","contentUrl":"https:\/\/www.cetys.mx\/noticias\/wp-content\/uploads\/2020\/06\/Comunicado-Empresas-Sustentables-IMAGEN.png","width":958,"height":637},{"@type":"BreadcrumbList","@id":"https:\/\/www.cetys.mx\/noticias\/ciudades-y-empresas-sostenibles-necesarias-para-una-recuperacion-verde\/#breadcrumb","itemListElement":[{"@type":"ListItem","position":1,"name":"Inicio","item":"https:\/\/www.cetys.mx\/noticias\/"},{"@type":"ListItem","position":2,"name":"Ciudades y empresas sostenibles necesarias para una recuperaci\u00f3n verde"}]},{"@type":"WebSite","@id":"https:\/\/www.cetys.mx\/noticias\/#website","url":"https:\/\/www.cetys.mx\/noticias\/","name":"CETYS","description":"","potentialAction":[{"@type":"SearchAction","target":{"@type":"EntryPoint","urlTemplate":"https:\/\/www.cetys.mx\/noticias\/?s={search_term_string}"},"query-input":{"@type":"PropertyValueSpecification","valueRequired":true,"valueName":"search_term_string"}}],"inLanguage":"es"},{"@type":"Person","@id":"https:\/\/www.cetys.mx\/noticias\/#\/schema\/person\/e790051ce60e18ae47cfa87011c8653f","name":"Campus Tijuana","url":"https:\/\/www.cetys.mx\/noticias\/author\/campustijuana\/"}]}},"_links":{"self":[{"href":"https:\/\/www.cetys.mx\/noticias\/wp-json\/wp\/v2\/posts\/145027","targetHints":{"allow":["GET"]}}],"collection":[{"href":"https:\/\/www.cetys.mx\/noticias\/wp-json\/wp\/v2\/posts"}],"about":[{"href":"https:\/\/www.cetys.mx\/noticias\/wp-json\/wp\/v2\/types\/post"}],"author":[{"embeddable":true,"href":"https:\/\/www.cetys.mx\/noticias\/wp-json\/wp\/v2\/users\/24"}],"replies":[{"embeddable":true,"href":"https:\/\/www.cetys.mx\/noticias\/wp-json\/wp\/v2\/comments?post=145027"}],"version-history":[{"count":2,"href":"https:\/\/www.cetys.mx\/noticias\/wp-json\/wp\/v2\/posts\/145027\/revisions"}],"predecessor-version":[{"id":145064,"href":"https:\/\/www.cetys.mx\/noticias\/wp-json\/wp\/v2\/posts\/145027\/revisions\/145064"}],"wp:featuredmedia":[{"embeddable":true,"href":"https:\/\/www.cetys.mx\/noticias\/wp-json\/wp\/v2\/media\/145028"}],"wp:attachment":[{"href":"https:\/\/www.cetys.mx\/noticias\/wp-json\/wp\/v2\/media?parent=145027"}],"wp:term":[{"taxonomy":"category","embeddable":true,"href":"https:\/\/www.cetys.mx\/noticias\/wp-json\/wp\/v2\/categories?post=145027"},{"taxonomy":"post_tag","embeddable":true,"href":"https:\/\/www.cetys.mx\/noticias\/wp-json\/wp\/v2\/tags?post=145027"}],"curies":[{"name":"wp","href":"https:\/\/api.w.org\/{rel}","templated":true}]}}