{"id":144873,"date":"2020-06-03T09:45:46","date_gmt":"2020-06-03T16:45:46","guid":{"rendered":"https:\/\/www.cetys.mx\/noticias\/?p=144873"},"modified":"2020-06-03T09:45:46","modified_gmt":"2020-06-03T16:45:46","slug":"estudiantes-fortalecen-sus-aptitudes-emprendedoras-ante-la-crisis","status":"publish","type":"post","link":"https:\/\/www.cetys.mx\/noticias\/estudiantes-fortalecen-sus-aptitudes-emprendedoras-ante-la-crisis\/","title":{"rendered":"Estudiantes fortalecen sus aptitudes emprendedoras ante la crisis"},"content":{"rendered":"<p style=\"text-align: center;\"><strong><em>Estudiantes de posgrado de CETYS llevaron a cabo un foro virtual en el que compartieron experiencias con emprendedores de talla nacional<\/em><\/strong><\/p>\n<div align=\"justify\">Con el objetivo de vincular de forma directa el emprendimiento de alto impacto que se genera en la instituci\u00f3n, as\u00ed como para consolidar el Elemento Distintivo de la Educaci\u00f3n CETYS (EDEC) Emprendedor, estudiantes de la Maestr\u00eda en Administraci\u00f3n y Negocios del Campus Mexicali llevaron a cabo el IX Foro de Emprendimiento e Innovaci\u00f3n de Alto Impacto,\u00a0Emprendedores Regionales y Nacionales en sector de Innovaci\u00f3n\u00a0 y Dise\u00f1o Productos, as\u00ed como Empresas de Apoyo a la Propiedad Intelectual.<\/div>\n<div align=\"justify\"><\/div>\n<div align=\"justify\">Demostrando sus habilidades y aptitudes de adaptaci\u00f3n y crecimiento ante la crisis, para los alumnos la emergencia sanitaria decretada a nivel nacional para frenar la propagaci\u00f3n del COVID-19, que impide la realizaci\u00f3n de eventos y reuniones masivas, estuvo lejos de ser un impedimento, ya que convirtieron estas circunstancias en una oportunidad para aprovechar al m\u00e1ximo la modalidad virtual y las herramientas de interacci\u00f3n que ofrece internet.<\/div>\n<div align=\"justify\"><\/div>\n<div align=\"justify\">Fue as\u00ed como con apoyo de la CETYS Graduate School of Business, del Colegio de Administraci\u00f3n y Negocios con el soporte de la asignatura Desarrollo de Emprendimientos, y en colaboraci\u00f3n con el Centro de Excelencia en Competitividad y Emprendimiento (CECE) y su Incubadora de Negocios de Alto Impacto, el pasado 19 de mayo desarrollaron la novena edici\u00f3n de este evento semestral, en el que compartieron experiencias a trav\u00e9s del di\u00e1logo abierto y constructivo con emprendedores de talla nacional.<\/div>\n<div align=\"justify\"><\/div>\n<blockquote>\n<div align=\"justify\">\u201cAnte la nueva normalidad que vivimos lo primero es procurar la salud y seguridad de alumnos, docentes e invitados. Sin embargo, este momento fue bien aprovechado para fortalecer las capacidades emprendedoras de los estudiantes, creando nuevas redes de colaboraci\u00f3n en la comunidad CETYS y contando con el punto de vista de los profesionales\u201d, indic\u00f3 el Mtro. Ulysses Moreno L\u00f3pez, Director de la Incubadora de Negocios de CETYS Universidad.<\/div>\n<\/blockquote>\n<div align=\"justify\"><\/div>\n<div align=\"justify\">El foro cont\u00f3 con la participaci\u00f3n del Ing. Christian Andr\u00e9 \u00cd\u00f1iguez Figueroa, Representante de la Empresa RSWC y Ganador Premio Santander Innovaci\u00f3n 2019, la Ing. Adriana Torres Flores,\u00a0 en representaci\u00f3n de la Empresa BIOANA y Ganadora del\u00a0 Premio Nacional Emprendedor 2017 en la categor\u00eda Mujer Emprendedora, el Ing. Juan Carlos Munguia Casta\u00f1eda, Representante de la Empresa RSWC y Ganador del Premio Francisco Gallego Monge 2019, y el Lic. Jos\u00e9 Alejandro S\u00e1nchez Contreras, en representaci\u00f3n de la Empresa S\u00e1nchez Contreras Abogados S.C.<\/div>\n<div align=\"justify\"><\/div>\n<div align=\"justify\">Todos ellos, a\u00f1adi\u00f3 el Director, motivaron a los j\u00f3venes a perder el miedo de compartir sus ideas y a buscar nuevas oportunidades, y principalmente, a no detenerse a pesar de los obst\u00e1culos, a ser resilientes y a adaptarse r\u00e1pidamente a los cambios, adem\u00e1s de promover la filosof\u00eda institucional de CETYS.<\/div>\n<div align=\"justify\"><\/div>\n<blockquote>\n<div align=\"justify\">\u201cLa nuestra es una instituci\u00f3n que siempre ha trabajado por el desarrollo y calidad de vida en nuestra comunidad. CETYS Universidad mantiene la vanguardia en temas selectos y de relevancia a nivel Baja California y M\u00e9xico, sentando precedentes para los planes futuros, que son claves para concretar liderazgos ante un panorama de complejidad global\u201d, concluy\u00f3 el Mtro. Moreno L\u00f3pez.<\/div>\n<\/blockquote>\n","protected":false},"excerpt":{"rendered":"<p>Estudiantes de posgrado de CETYS llevaron a cabo un foro virtual en el que compartieron experiencias con emprendedores de talla nacional Con&#8230;<\/p>\n","protected":false},"author":20,"featured_media":144875,"comment_status":"open","ping_status":"closed","sticky":false,"template":"","format":"standard","meta":{"footnotes":""},"categories":[133,111],"tags":[386,138,284],"class_list":["post-144873","post","type-post","status-publish","format-standard","has-post-thumbnail","hentry","category-campus-mexicali","category-emprendimiento","tag-cece","tag-cetys","tag-emprendimiento"],"yoast_head":"<!-- This site is optimized with the Yoast SEO plugin v27.4 - https:\/\/yoast.com\/product\/yoast-seo-wordpress\/ -->\n<title>Estudiantes fortalecen sus aptitudes emprendedoras ante la crisis - CETYS<\/title>\n<meta name=\"description\" content=\"Articulo sobre Estudiantes fortalecen sus aptitudes emprendedoras ante la crisis\" \/>\n<meta name=\"robots\" content=\"index, follow, max-snippet:-1, max-image-preview:large, max-video-preview:-1\" \/>\n<link rel=\"canonical\" href=\"https:\/\/www.cetys.mx\/noticias\/estudiantes-fortalecen-sus-aptitudes-emprendedoras-ante-la-crisis\/\" \/>\n<meta property=\"og:locale\" content=\"es_MX\" \/>\n<meta property=\"og:type\" content=\"article\" \/>\n<meta property=\"og:title\" content=\"Estudiantes fortalecen sus aptitudes emprendedoras ante la crisis - CETYS\" \/>\n<meta property=\"og:description\" content=\"Articulo sobre Estudiantes fortalecen sus aptitudes emprendedoras ante la crisis\" \/>\n<meta property=\"og:url\" content=\"https:\/\/www.cetys.mx\/noticias\/estudiantes-fortalecen-sus-aptitudes-emprendedoras-ante-la-crisis\/\" \/>\n<meta property=\"og:site_name\" content=\"CETYS\" \/>\n<meta property=\"article:publisher\" content=\"https:\/\/www.facebook.com\/cetysuniversidadmxl\/\" \/>\n<meta property=\"article:published_time\" content=\"2020-06-03T16:45:46+00:00\" \/>\n<meta property=\"og:image\" content=\"https:\/\/www.cetys.mx\/noticias\/wp-content\/uploads\/2020\/06\/Foro-emprendimiento.png\" \/>\n\t<meta property=\"og:image:width\" content=\"958\" \/>\n\t<meta property=\"og:image:height\" content=\"637\" \/>\n\t<meta property=\"og:image:type\" content=\"image\/png\" \/>\n<meta name=\"author\" content=\"Campus Mexicali\" \/>\n<meta name=\"twitter:card\" content=\"summary_large_image\" \/>\n<meta name=\"twitter:creator\" content=\"@cetysuni\" \/>\n<meta name=\"twitter:site\" content=\"@cetysuni\" \/>\n<meta name=\"twitter:label1\" content=\"Escrito por\" \/>\n\t<meta name=\"twitter:data1\" content=\"Campus Mexicali\" \/>\n\t<meta name=\"twitter:label2\" content=\"Tiempo de lectura\" \/>\n\t<meta name=\"twitter:data2\" content=\"3 minutos\" \/>\n<script type=\"application\/ld+json\" class=\"yoast-schema-graph\">{\"@context\":\"https:\\\/\\\/schema.org\",\"@graph\":[{\"@type\":\"Article\",\"@id\":\"https:\\\/\\\/www.cetys.mx\\\/noticias\\\/estudiantes-fortalecen-sus-aptitudes-emprendedoras-ante-la-crisis\\\/#article\",\"isPartOf\":{\"@id\":\"https:\\\/\\\/www.cetys.mx\\\/noticias\\\/estudiantes-fortalecen-sus-aptitudes-emprendedoras-ante-la-crisis\\\/\"},\"author\":{\"name\":\"Campus Mexicali\",\"@id\":\"https:\\\/\\\/www.cetys.mx\\\/noticias\\\/#\\\/schema\\\/person\\\/79a95c4ac185f3705cf1b9c9340a5f70\"},\"headline\":\"Estudiantes fortalecen sus aptitudes emprendedoras ante la crisis\",\"datePublished\":\"2020-06-03T16:45:46+00:00\",\"mainEntityOfPage\":{\"@id\":\"https:\\\/\\\/www.cetys.mx\\\/noticias\\\/estudiantes-fortalecen-sus-aptitudes-emprendedoras-ante-la-crisis\\\/\"},\"wordCount\":540,\"commentCount\":0,\"image\":{\"@id\":\"https:\\\/\\\/www.cetys.mx\\\/noticias\\\/estudiantes-fortalecen-sus-aptitudes-emprendedoras-ante-la-crisis\\\/#primaryimage\"},\"thumbnailUrl\":\"https:\\\/\\\/www.cetys.mx\\\/noticias\\\/wp-content\\\/uploads\\\/2020\\\/06\\\/Foro-emprendimiento.png\",\"keywords\":[\"CECE\",\"Cetys\",\"Emprendimiento\"],\"articleSection\":[\"Campus Mexicali\",\"Emprendimiento\"],\"inLanguage\":\"es\",\"potentialAction\":[{\"@type\":\"CommentAction\",\"name\":\"Comment\",\"target\":[\"https:\\\/\\\/www.cetys.mx\\\/noticias\\\/estudiantes-fortalecen-sus-aptitudes-emprendedoras-ante-la-crisis\\\/#respond\"]}]},{\"@type\":\"WebPage\",\"@id\":\"https:\\\/\\\/www.cetys.mx\\\/noticias\\\/estudiantes-fortalecen-sus-aptitudes-emprendedoras-ante-la-crisis\\\/\",\"url\":\"https:\\\/\\\/www.cetys.mx\\\/noticias\\\/estudiantes-fortalecen-sus-aptitudes-emprendedoras-ante-la-crisis\\\/\",\"name\":\"Estudiantes fortalecen sus aptitudes emprendedoras ante la crisis - CETYS\",\"isPartOf\":{\"@id\":\"https:\\\/\\\/www.cetys.mx\\\/noticias\\\/#website\"},\"primaryImageOfPage\":{\"@id\":\"https:\\\/\\\/www.cetys.mx\\\/noticias\\\/estudiantes-fortalecen-sus-aptitudes-emprendedoras-ante-la-crisis\\\/#primaryimage\"},\"image\":{\"@id\":\"https:\\\/\\\/www.cetys.mx\\\/noticias\\\/estudiantes-fortalecen-sus-aptitudes-emprendedoras-ante-la-crisis\\\/#primaryimage\"},\"thumbnailUrl\":\"https:\\\/\\\/www.cetys.mx\\\/noticias\\\/wp-content\\\/uploads\\\/2020\\\/06\\\/Foro-emprendimiento.png\",\"datePublished\":\"2020-06-03T16:45:46+00:00\",\"author\":{\"@id\":\"https:\\\/\\\/www.cetys.mx\\\/noticias\\\/#\\\/schema\\\/person\\\/79a95c4ac185f3705cf1b9c9340a5f70\"},\"description\":\"Articulo sobre Estudiantes fortalecen sus aptitudes emprendedoras ante la crisis\",\"breadcrumb\":{\"@id\":\"https:\\\/\\\/www.cetys.mx\\\/noticias\\\/estudiantes-fortalecen-sus-aptitudes-emprendedoras-ante-la-crisis\\\/#breadcrumb\"},\"inLanguage\":\"es\",\"potentialAction\":[{\"@type\":\"ReadAction\",\"target\":[\"https:\\\/\\\/www.cetys.mx\\\/noticias\\\/estudiantes-fortalecen-sus-aptitudes-emprendedoras-ante-la-crisis\\\/\"]}]},{\"@type\":\"ImageObject\",\"inLanguage\":\"es\",\"@id\":\"https:\\\/\\\/www.cetys.mx\\\/noticias\\\/estudiantes-fortalecen-sus-aptitudes-emprendedoras-ante-la-crisis\\\/#primaryimage\",\"url\":\"https:\\\/\\\/www.cetys.mx\\\/noticias\\\/wp-content\\\/uploads\\\/2020\\\/06\\\/Foro-emprendimiento.png\",\"contentUrl\":\"https:\\\/\\\/www.cetys.mx\\\/noticias\\\/wp-content\\\/uploads\\\/2020\\\/06\\\/Foro-emprendimiento.png\",\"width\":958,\"height\":637},{\"@type\":\"BreadcrumbList\",\"@id\":\"https:\\\/\\\/www.cetys.mx\\\/noticias\\\/estudiantes-fortalecen-sus-aptitudes-emprendedoras-ante-la-crisis\\\/#breadcrumb\",\"itemListElement\":[{\"@type\":\"ListItem\",\"position\":1,\"name\":\"Inicio\",\"item\":\"https:\\\/\\\/www.cetys.mx\\\/noticias\\\/\"},{\"@type\":\"ListItem\",\"position\":2,\"name\":\"Estudiantes fortalecen sus aptitudes emprendedoras ante la crisis\"}]},{\"@type\":\"WebSite\",\"@id\":\"https:\\\/\\\/www.cetys.mx\\\/noticias\\\/#website\",\"url\":\"https:\\\/\\\/www.cetys.mx\\\/noticias\\\/\",\"name\":\"CETYS\",\"description\":\"\",\"potentialAction\":[{\"@type\":\"SearchAction\",\"target\":{\"@type\":\"EntryPoint\",\"urlTemplate\":\"https:\\\/\\\/www.cetys.mx\\\/noticias\\\/?s={search_term_string}\"},\"query-input\":{\"@type\":\"PropertyValueSpecification\",\"valueRequired\":true,\"valueName\":\"search_term_string\"}}],\"inLanguage\":\"es\"},{\"@type\":\"Person\",\"@id\":\"https:\\\/\\\/www.cetys.mx\\\/noticias\\\/#\\\/schema\\\/person\\\/79a95c4ac185f3705cf1b9c9340a5f70\",\"name\":\"Campus Mexicali\",\"url\":\"https:\\\/\\\/www.cetys.mx\\\/noticias\\\/author\\\/campusmexicali\\\/\"}]}<\/script>\n<!-- \/ Yoast SEO plugin. -->","yoast_head_json":{"title":"Estudiantes fortalecen sus aptitudes emprendedoras ante la crisis - CETYS","description":"Articulo sobre Estudiantes fortalecen sus aptitudes emprendedoras ante la crisis","robots":{"index":"index","follow":"follow","max-snippet":"max-snippet:-1","max-image-preview":"max-image-preview:large","max-video-preview":"max-video-preview:-1"},"canonical":"https:\/\/www.cetys.mx\/noticias\/estudiantes-fortalecen-sus-aptitudes-emprendedoras-ante-la-crisis\/","og_locale":"es_MX","og_type":"article","og_title":"Estudiantes fortalecen sus aptitudes emprendedoras ante la crisis - CETYS","og_description":"Articulo sobre Estudiantes fortalecen sus aptitudes emprendedoras ante la crisis","og_url":"https:\/\/www.cetys.mx\/noticias\/estudiantes-fortalecen-sus-aptitudes-emprendedoras-ante-la-crisis\/","og_site_name":"CETYS","article_publisher":"https:\/\/www.facebook.com\/cetysuniversidadmxl\/","article_published_time":"2020-06-03T16:45:46+00:00","og_image":[{"width":958,"height":637,"url":"https:\/\/www.cetys.mx\/noticias\/wp-content\/uploads\/2020\/06\/Foro-emprendimiento.png","type":"image\/png"}],"author":"Campus Mexicali","twitter_card":"summary_large_image","twitter_creator":"@cetysuni","twitter_site":"@cetysuni","twitter_misc":{"Escrito por":"Campus Mexicali","Tiempo de lectura":"3 minutos"},"schema":{"@context":"https:\/\/schema.org","@graph":[{"@type":"Article","@id":"https:\/\/www.cetys.mx\/noticias\/estudiantes-fortalecen-sus-aptitudes-emprendedoras-ante-la-crisis\/#article","isPartOf":{"@id":"https:\/\/www.cetys.mx\/noticias\/estudiantes-fortalecen-sus-aptitudes-emprendedoras-ante-la-crisis\/"},"author":{"name":"Campus Mexicali","@id":"https:\/\/www.cetys.mx\/noticias\/#\/schema\/person\/79a95c4ac185f3705cf1b9c9340a5f70"},"headline":"Estudiantes fortalecen sus aptitudes emprendedoras ante la crisis","datePublished":"2020-06-03T16:45:46+00:00","mainEntityOfPage":{"@id":"https:\/\/www.cetys.mx\/noticias\/estudiantes-fortalecen-sus-aptitudes-emprendedoras-ante-la-crisis\/"},"wordCount":540,"commentCount":0,"image":{"@id":"https:\/\/www.cetys.mx\/noticias\/estudiantes-fortalecen-sus-aptitudes-emprendedoras-ante-la-crisis\/#primaryimage"},"thumbnailUrl":"https:\/\/www.cetys.mx\/noticias\/wp-content\/uploads\/2020\/06\/Foro-emprendimiento.png","keywords":["CECE","Cetys","Emprendimiento"],"articleSection":["Campus Mexicali","Emprendimiento"],"inLanguage":"es","potentialAction":[{"@type":"CommentAction","name":"Comment","target":["https:\/\/www.cetys.mx\/noticias\/estudiantes-fortalecen-sus-aptitudes-emprendedoras-ante-la-crisis\/#respond"]}]},{"@type":"WebPage","@id":"https:\/\/www.cetys.mx\/noticias\/estudiantes-fortalecen-sus-aptitudes-emprendedoras-ante-la-crisis\/","url":"https:\/\/www.cetys.mx\/noticias\/estudiantes-fortalecen-sus-aptitudes-emprendedoras-ante-la-crisis\/","name":"Estudiantes fortalecen sus aptitudes emprendedoras ante la crisis - CETYS","isPartOf":{"@id":"https:\/\/www.cetys.mx\/noticias\/#website"},"primaryImageOfPage":{"@id":"https:\/\/www.cetys.mx\/noticias\/estudiantes-fortalecen-sus-aptitudes-emprendedoras-ante-la-crisis\/#primaryimage"},"image":{"@id":"https:\/\/www.cetys.mx\/noticias\/estudiantes-fortalecen-sus-aptitudes-emprendedoras-ante-la-crisis\/#primaryimage"},"thumbnailUrl":"https:\/\/www.cetys.mx\/noticias\/wp-content\/uploads\/2020\/06\/Foro-emprendimiento.png","datePublished":"2020-06-03T16:45:46+00:00","author":{"@id":"https:\/\/www.cetys.mx\/noticias\/#\/schema\/person\/79a95c4ac185f3705cf1b9c9340a5f70"},"description":"Articulo sobre Estudiantes fortalecen sus aptitudes emprendedoras ante la crisis","breadcrumb":{"@id":"https:\/\/www.cetys.mx\/noticias\/estudiantes-fortalecen-sus-aptitudes-emprendedoras-ante-la-crisis\/#breadcrumb"},"inLanguage":"es","potentialAction":[{"@type":"ReadAction","target":["https:\/\/www.cetys.mx\/noticias\/estudiantes-fortalecen-sus-aptitudes-emprendedoras-ante-la-crisis\/"]}]},{"@type":"ImageObject","inLanguage":"es","@id":"https:\/\/www.cetys.mx\/noticias\/estudiantes-fortalecen-sus-aptitudes-emprendedoras-ante-la-crisis\/#primaryimage","url":"https:\/\/www.cetys.mx\/noticias\/wp-content\/uploads\/2020\/06\/Foro-emprendimiento.png","contentUrl":"https:\/\/www.cetys.mx\/noticias\/wp-content\/uploads\/2020\/06\/Foro-emprendimiento.png","width":958,"height":637},{"@type":"BreadcrumbList","@id":"https:\/\/www.cetys.mx\/noticias\/estudiantes-fortalecen-sus-aptitudes-emprendedoras-ante-la-crisis\/#breadcrumb","itemListElement":[{"@type":"ListItem","position":1,"name":"Inicio","item":"https:\/\/www.cetys.mx\/noticias\/"},{"@type":"ListItem","position":2,"name":"Estudiantes fortalecen sus aptitudes emprendedoras ante la crisis"}]},{"@type":"WebSite","@id":"https:\/\/www.cetys.mx\/noticias\/#website","url":"https:\/\/www.cetys.mx\/noticias\/","name":"CETYS","description":"","potentialAction":[{"@type":"SearchAction","target":{"@type":"EntryPoint","urlTemplate":"https:\/\/www.cetys.mx\/noticias\/?s={search_term_string}"},"query-input":{"@type":"PropertyValueSpecification","valueRequired":true,"valueName":"search_term_string"}}],"inLanguage":"es"},{"@type":"Person","@id":"https:\/\/www.cetys.mx\/noticias\/#\/schema\/person\/79a95c4ac185f3705cf1b9c9340a5f70","name":"Campus Mexicali","url":"https:\/\/www.cetys.mx\/noticias\/author\/campusmexicali\/"}]}},"_links":{"self":[{"href":"https:\/\/www.cetys.mx\/noticias\/wp-json\/wp\/v2\/posts\/144873","targetHints":{"allow":["GET"]}}],"collection":[{"href":"https:\/\/www.cetys.mx\/noticias\/wp-json\/wp\/v2\/posts"}],"about":[{"href":"https:\/\/www.cetys.mx\/noticias\/wp-json\/wp\/v2\/types\/post"}],"author":[{"embeddable":true,"href":"https:\/\/www.cetys.mx\/noticias\/wp-json\/wp\/v2\/users\/20"}],"replies":[{"embeddable":true,"href":"https:\/\/www.cetys.mx\/noticias\/wp-json\/wp\/v2\/comments?post=144873"}],"version-history":[{"count":1,"href":"https:\/\/www.cetys.mx\/noticias\/wp-json\/wp\/v2\/posts\/144873\/revisions"}],"predecessor-version":[{"id":144876,"href":"https:\/\/www.cetys.mx\/noticias\/wp-json\/wp\/v2\/posts\/144873\/revisions\/144876"}],"wp:featuredmedia":[{"embeddable":true,"href":"https:\/\/www.cetys.mx\/noticias\/wp-json\/wp\/v2\/media\/144875"}],"wp:attachment":[{"href":"https:\/\/www.cetys.mx\/noticias\/wp-json\/wp\/v2\/media?parent=144873"}],"wp:term":[{"taxonomy":"category","embeddable":true,"href":"https:\/\/www.cetys.mx\/noticias\/wp-json\/wp\/v2\/categories?post=144873"},{"taxonomy":"post_tag","embeddable":true,"href":"https:\/\/www.cetys.mx\/noticias\/wp-json\/wp\/v2\/tags?post=144873"}],"curies":[{"name":"wp","href":"https:\/\/api.w.org\/{rel}","templated":true}]}}