{"id":144341,"date":"2020-05-19T17:47:14","date_gmt":"2020-05-20T00:47:14","guid":{"rendered":"https:\/\/www.cetys.mx\/noticias\/?p=144341"},"modified":"2020-05-27T15:13:45","modified_gmt":"2020-05-27T22:13:45","slug":"reconocen-la-excelencia-y-entrega-del-docente-cetys","status":"publish","type":"post","link":"https:\/\/www.cetys.mx\/noticias\/reconocen-la-excelencia-y-entrega-del-docente-cetys\/","title":{"rendered":"Reconocen la excelencia y entrega del docente CETYS"},"content":{"rendered":"<p style=\"text-align: justify;\"><span style=\"font-weight: 400;\">Como parte de la distinci\u00f3n que CETYS Universidad realiza a su profesorado en el desarrollo de la alta calidad en la educaci\u00f3n, se llev\u00f3 a cabo el <strong>Reconocimiento a la Excelencia Educativa 2019<\/strong>, que en esta ocasi\u00f3n tom\u00f3 lugar de manera virtual debido a la actual contingencia de salud, ante directivos de CETYS, representantes del Instituto Educativo del Noroeste A.C. (IENAC) y p\u00fablico general.<\/span><\/p>\n<p style=\"text-align: justify;\"><span style=\"font-weight: 400;\">Este reconocimiento se entreg\u00f3 a 15 acad\u00e9micos de los campus Mexicali, Tijuana y Ensenada de todos los niveles educativos, que se distinguieron en las \u00e1reas de docencia, vinculaci\u00f3n en el \u00e1mbito social y productivo, as\u00ed como investigaci\u00f3n, por ser quienes demuestran una mayor productividad y calidad de su trabajo.<\/span><\/p>\n<blockquote>\n<p style=\"text-align: justify;\"><span style=\"font-weight: 400;\">El evento fue encabezado por el <strong>Dr. Fernando Le\u00f3n Garc\u00eda, Rector del Sistema CETYS Universidad<\/strong>, quien felicit\u00f3 y comparti\u00f3 un mensaje a los docentes: \u201cEl oficio de un profesor es ser ense\u00f1ante, para poder serlo debe estar enamorado de una ciencia o un arte. Hoy nos reunimos por primera ocasi\u00f3n de forma virtual para distinguir a los merecedores a la Excelencia Educativa. Desde el 2011 a la fecha hemos buscado reconocer a lo mejor de lo mejor de CETYS Universidad. El esfuerzo reconoce la amplitud de roles, reiterando no solo la docencia, sino tambi\u00e9n la vinculaci\u00f3n y la investigaci\u00f3n. Celebramos su esfuerzo, capacidad y entrega, que ha llevado a cada uno de ustedes a destacarse, enhorabuena y sigan iluminando el camino\u201d.<\/span><\/p>\n<p style=\"text-align: justify;\">En representaci\u00f3n de los docentes, el <strong>Dr. Eduardo Ra\u00fal D\u00edaz G\u00f3mez<\/strong>, galardonado en el \u00e1rea de investigaci\u00f3n, expres\u00f3: \u201cA pesar de las contingencias, nuestro trabajo continua, gracias a la capacidad de adaptarse de nuestros alumnos, as\u00ed como al trabajo de nuestros administradores educativos en CETYS. A nombre del grupo puedo decir que es importante trabajar en equipo, rechazar la inercia y documentar la memoria de lo que se ha hecho en estos tiempos de contingencia. Es un buen momento para ser docente, y reiteramos nuestro compromiso con la comunidad\u201d.<\/p>\n<\/blockquote>\n<p style=\"text-align: justify;\"><span style=\"font-weight: 400;\">Por su parte, el <strong>Dr. Alberto G\u00e1rate Rivera, Vicerrector Acad\u00e9mico de CETYS Universidad<\/strong>, dirigi\u00f3 unas palabras a los asistentes sobre la importante labor del docente, su trayectoria e impacto, enfatizando su relaci\u00f3n con el alumnado, y el optimismo que deben tener los profesores para seguir aprendiendo, as\u00ed como en su c\u00e1tedra.<\/span><\/p>\n<blockquote>\n<p style=\"text-align: justify;\"><span style=\"font-weight: 400;\">Asimismo, el <strong>Lic. Gustavo Vild\u00f3sola Ramos<\/strong>, <strong>Presidente del IENAC,<\/strong> expres\u00f3 su agradecimiento a la labor del profesorado de CETYS: \u201cEstamos pasando por unos momentos muy dif\u00edciles, pero en esto como en muchas otras cosas vamos a salir m\u00e1s fuerte. Mis felicitaciones, ya que el esfuerzo realizado para dar la continuidad a la educaci\u00f3n de nuestros alumnos, es de mucho orgullo\u201d.<\/span><\/p>\n<\/blockquote>\n<p style=\"text-align: justify;\"><span style=\"font-weight: 400;\">Se destaca la participaci\u00f3n de la Comunidad CETYS mostrando su apoyo a la amplia labor que realizan los docentes de la Instituci\u00f3n, quienes fueron acompa\u00f1ados y festejados de manera virtual, permitiendo as\u00ed dar continuidad a las acciones y metas de CETYS Universidad, superando los retos que la actual contingencia mundial representa.<\/span><\/p>\n<p style=\"text-align: justify;\"><span style=\"font-weight: 400;\">Los docentes distinguidos en la edici\u00f3n 2019 del Reconocimiento a la Excelencia Educativa son:<\/span><\/p>\n<p style=\"text-align: justify;\"><b>Excelencia Educativa en Docencia:<\/b><\/p>\n<p style=\"text-align: justify;\"><span style=\"font-weight: 400;\">Nelly Hern\u00e1ndez Ortiz, Margarita Bahena P\u00e9rez, Jorge A. V\u00e1zquez Canseco,\u00a0 Alicia Le\u00f3n Pozo, Amelia Res\u00e9ndez Morales,\u00a0 Mauricio Odrem\u00e1n Vera, <\/span><span style=\"font-weight: 400;\">Dulce Marisela S\u00e1nchez Salazar y Melanie Elizabeth Montes Silva.<\/span><\/p>\n<p style=\"text-align: justify;\"><b>Excelencia Educativa en Vinculaci\u00f3n:<\/b><\/p>\n<p style=\"text-align: justify;\"><span style=\"font-weight: 400;\">Josu\u00e9 Aar\u00f3n L\u00f3pez Leyva, Maciel Garc\u00eda Fuentes y Miriam Melero Hern\u00e1ndez.<\/span><\/p>\n<p style=\"text-align: justify;\"><b>Excelencia Educativa en Investigaci\u00f3n:<\/b><\/p>\n<p style=\"text-align: justify;\"><span style=\"font-weight: 400;\">Paulina Vargas Larraguivel, Ulises Orozco Rosas, Francisco Alberto N\u00fa\u00f1ez Tapia y Eduardo Ra\u00fal D\u00edaz G\u00f3mez.<\/span><\/p>\n<p style=\"text-align: center;\"><b>Link de la Ceremonia Virtual de Reconocimiento a la Excelencia Educativa 2019:<\/b> <a href=\"https:\/\/bit.ly\/2ZeWTdU\"><span style=\"font-weight: 400;\">https:\/\/bit.ly\/2ZeWTdU<\/span><\/a><span style=\"font-weight: 400;\">\u00a0<\/span><\/p>\n<p style=\"text-align: justify;\">\n","protected":false},"excerpt":{"rendered":"<p>Como parte de la distinci\u00f3n que CETYS Universidad realiza a su profesorado en el desarrollo de la alta calidad en la educaci\u00f3n,&#8230;<\/p>\n","protected":false},"author":26,"featured_media":144355,"comment_status":"open","ping_status":"closed","sticky":false,"template":"","format":"standard","meta":{"footnotes":""},"categories":[110,209,125,313],"tags":[4308,4477,4484,4496],"class_list":["post-144341","post","type-post","status-publish","format-standard","has-post-thumbnail","hentry","category-academia","category-institucional","category-portada","category-vocetys-2","tag-covid-19","tag-reconocimiento-a-la-excelencia-educativa-2019","tag-vocetys-top-2020-05-21","tag-vocetys-top-2020-05-26"],"yoast_head":"<!-- This site is optimized with the Yoast SEO plugin v27.4 - https:\/\/yoast.com\/product\/yoast-seo-wordpress\/ -->\n<title>Reconocen la excelencia y entrega del docente CETYS - CETYS<\/title>\n<meta name=\"description\" content=\"Articulo sobre Reconocen la excelencia y entrega del docente CETYS\" \/>\n<meta name=\"robots\" content=\"index, follow, max-snippet:-1, max-image-preview:large, max-video-preview:-1\" \/>\n<link rel=\"canonical\" href=\"https:\/\/www.cetys.mx\/noticias\/reconocen-la-excelencia-y-entrega-del-docente-cetys\/\" \/>\n<meta property=\"og:locale\" content=\"es_MX\" \/>\n<meta property=\"og:type\" content=\"article\" \/>\n<meta property=\"og:title\" content=\"Reconocen la excelencia y entrega del docente CETYS - CETYS\" \/>\n<meta property=\"og:description\" content=\"Articulo sobre Reconocen la excelencia y entrega del docente CETYS\" \/>\n<meta property=\"og:url\" content=\"https:\/\/www.cetys.mx\/noticias\/reconocen-la-excelencia-y-entrega-del-docente-cetys\/\" \/>\n<meta property=\"og:site_name\" content=\"CETYS\" \/>\n<meta property=\"article:publisher\" content=\"https:\/\/www.facebook.com\/cetysuniversidadmxl\/\" \/>\n<meta property=\"article:published_time\" content=\"2020-05-20T00:47:14+00:00\" \/>\n<meta property=\"article:modified_time\" content=\"2020-05-27T22:13:45+00:00\" \/>\n<meta property=\"og:image\" content=\"https:\/\/www.cetys.mx\/noticias\/wp-content\/uploads\/2020\/05\/REE4.jpg\" \/>\n\t<meta property=\"og:image:width\" content=\"958\" \/>\n\t<meta property=\"og:image:height\" content=\"637\" \/>\n\t<meta property=\"og:image:type\" content=\"image\/jpeg\" \/>\n<meta name=\"author\" content=\"CETYS Institucional\" \/>\n<meta name=\"twitter:card\" content=\"summary_large_image\" \/>\n<meta name=\"twitter:creator\" content=\"@cetysuni\" \/>\n<meta name=\"twitter:site\" content=\"@cetysuni\" \/>\n<meta name=\"twitter:label1\" content=\"Escrito por\" \/>\n\t<meta name=\"twitter:data1\" content=\"CETYS Institucional\" \/>\n\t<meta name=\"twitter:label2\" content=\"Tiempo de lectura\" \/>\n\t<meta name=\"twitter:data2\" content=\"3 minutos\" \/>\n<script type=\"application\/ld+json\" class=\"yoast-schema-graph\">{\"@context\":\"https:\\\/\\\/schema.org\",\"@graph\":[{\"@type\":\"Article\",\"@id\":\"https:\\\/\\\/www.cetys.mx\\\/noticias\\\/reconocen-la-excelencia-y-entrega-del-docente-cetys\\\/#article\",\"isPartOf\":{\"@id\":\"https:\\\/\\\/www.cetys.mx\\\/noticias\\\/reconocen-la-excelencia-y-entrega-del-docente-cetys\\\/\"},\"author\":{\"name\":\"CETYS Institucional\",\"@id\":\"https:\\\/\\\/www.cetys.mx\\\/noticias\\\/#\\\/schema\\\/person\\\/e9d2b35265b64aa454df57a2828eb2ac\"},\"headline\":\"Reconocen la excelencia y entrega del docente CETYS\",\"datePublished\":\"2020-05-20T00:47:14+00:00\",\"dateModified\":\"2020-05-27T22:13:45+00:00\",\"mainEntityOfPage\":{\"@id\":\"https:\\\/\\\/www.cetys.mx\\\/noticias\\\/reconocen-la-excelencia-y-entrega-del-docente-cetys\\\/\"},\"wordCount\":633,\"commentCount\":0,\"image\":{\"@id\":\"https:\\\/\\\/www.cetys.mx\\\/noticias\\\/reconocen-la-excelencia-y-entrega-del-docente-cetys\\\/#primaryimage\"},\"thumbnailUrl\":\"https:\\\/\\\/www.cetys.mx\\\/noticias\\\/wp-content\\\/uploads\\\/2020\\\/05\\\/REE4.jpg\",\"keywords\":[\"COVID-19\",\"Reconocimiento a la Excelencia Educativa 2019\",\"vocetys-TOP-2020-05-21\",\"vocetys-top-2020-05-26\"],\"articleSection\":[\"Academia\",\"Institucional\",\"Portada\",\"VoCETYS\"],\"inLanguage\":\"es\",\"potentialAction\":[{\"@type\":\"CommentAction\",\"name\":\"Comment\",\"target\":[\"https:\\\/\\\/www.cetys.mx\\\/noticias\\\/reconocen-la-excelencia-y-entrega-del-docente-cetys\\\/#respond\"]}]},{\"@type\":\"WebPage\",\"@id\":\"https:\\\/\\\/www.cetys.mx\\\/noticias\\\/reconocen-la-excelencia-y-entrega-del-docente-cetys\\\/\",\"url\":\"https:\\\/\\\/www.cetys.mx\\\/noticias\\\/reconocen-la-excelencia-y-entrega-del-docente-cetys\\\/\",\"name\":\"Reconocen la excelencia y entrega del docente CETYS - CETYS\",\"isPartOf\":{\"@id\":\"https:\\\/\\\/www.cetys.mx\\\/noticias\\\/#website\"},\"primaryImageOfPage\":{\"@id\":\"https:\\\/\\\/www.cetys.mx\\\/noticias\\\/reconocen-la-excelencia-y-entrega-del-docente-cetys\\\/#primaryimage\"},\"image\":{\"@id\":\"https:\\\/\\\/www.cetys.mx\\\/noticias\\\/reconocen-la-excelencia-y-entrega-del-docente-cetys\\\/#primaryimage\"},\"thumbnailUrl\":\"https:\\\/\\\/www.cetys.mx\\\/noticias\\\/wp-content\\\/uploads\\\/2020\\\/05\\\/REE4.jpg\",\"datePublished\":\"2020-05-20T00:47:14+00:00\",\"dateModified\":\"2020-05-27T22:13:45+00:00\",\"author\":{\"@id\":\"https:\\\/\\\/www.cetys.mx\\\/noticias\\\/#\\\/schema\\\/person\\\/e9d2b35265b64aa454df57a2828eb2ac\"},\"description\":\"Articulo sobre Reconocen la excelencia y entrega del docente CETYS\",\"breadcrumb\":{\"@id\":\"https:\\\/\\\/www.cetys.mx\\\/noticias\\\/reconocen-la-excelencia-y-entrega-del-docente-cetys\\\/#breadcrumb\"},\"inLanguage\":\"es\",\"potentialAction\":[{\"@type\":\"ReadAction\",\"target\":[\"https:\\\/\\\/www.cetys.mx\\\/noticias\\\/reconocen-la-excelencia-y-entrega-del-docente-cetys\\\/\"]}]},{\"@type\":\"ImageObject\",\"inLanguage\":\"es\",\"@id\":\"https:\\\/\\\/www.cetys.mx\\\/noticias\\\/reconocen-la-excelencia-y-entrega-del-docente-cetys\\\/#primaryimage\",\"url\":\"https:\\\/\\\/www.cetys.mx\\\/noticias\\\/wp-content\\\/uploads\\\/2020\\\/05\\\/REE4.jpg\",\"contentUrl\":\"https:\\\/\\\/www.cetys.mx\\\/noticias\\\/wp-content\\\/uploads\\\/2020\\\/05\\\/REE4.jpg\",\"width\":958,\"height\":637},{\"@type\":\"BreadcrumbList\",\"@id\":\"https:\\\/\\\/www.cetys.mx\\\/noticias\\\/reconocen-la-excelencia-y-entrega-del-docente-cetys\\\/#breadcrumb\",\"itemListElement\":[{\"@type\":\"ListItem\",\"position\":1,\"name\":\"Inicio\",\"item\":\"https:\\\/\\\/www.cetys.mx\\\/noticias\\\/\"},{\"@type\":\"ListItem\",\"position\":2,\"name\":\"Reconocen la excelencia y entrega del docente CETYS\"}]},{\"@type\":\"WebSite\",\"@id\":\"https:\\\/\\\/www.cetys.mx\\\/noticias\\\/#website\",\"url\":\"https:\\\/\\\/www.cetys.mx\\\/noticias\\\/\",\"name\":\"CETYS\",\"description\":\"\",\"potentialAction\":[{\"@type\":\"SearchAction\",\"target\":{\"@type\":\"EntryPoint\",\"urlTemplate\":\"https:\\\/\\\/www.cetys.mx\\\/noticias\\\/?s={search_term_string}\"},\"query-input\":{\"@type\":\"PropertyValueSpecification\",\"valueRequired\":true,\"valueName\":\"search_term_string\"}}],\"inLanguage\":\"es\"},{\"@type\":\"Person\",\"@id\":\"https:\\\/\\\/www.cetys.mx\\\/noticias\\\/#\\\/schema\\\/person\\\/e9d2b35265b64aa454df57a2828eb2ac\",\"name\":\"CETYS Institucional\",\"url\":\"https:\\\/\\\/www.cetys.mx\\\/noticias\\\/author\\\/cetysinstitucional\\\/\"}]}<\/script>\n<!-- \/ Yoast SEO plugin. -->","yoast_head_json":{"title":"Reconocen la excelencia y entrega del docente CETYS - CETYS","description":"Articulo sobre Reconocen la excelencia y entrega del docente CETYS","robots":{"index":"index","follow":"follow","max-snippet":"max-snippet:-1","max-image-preview":"max-image-preview:large","max-video-preview":"max-video-preview:-1"},"canonical":"https:\/\/www.cetys.mx\/noticias\/reconocen-la-excelencia-y-entrega-del-docente-cetys\/","og_locale":"es_MX","og_type":"article","og_title":"Reconocen la excelencia y entrega del docente CETYS - CETYS","og_description":"Articulo sobre Reconocen la excelencia y entrega del docente CETYS","og_url":"https:\/\/www.cetys.mx\/noticias\/reconocen-la-excelencia-y-entrega-del-docente-cetys\/","og_site_name":"CETYS","article_publisher":"https:\/\/www.facebook.com\/cetysuniversidadmxl\/","article_published_time":"2020-05-20T00:47:14+00:00","article_modified_time":"2020-05-27T22:13:45+00:00","og_image":[{"width":958,"height":637,"url":"https:\/\/www.cetys.mx\/noticias\/wp-content\/uploads\/2020\/05\/REE4.jpg","type":"image\/jpeg"}],"author":"CETYS Institucional","twitter_card":"summary_large_image","twitter_creator":"@cetysuni","twitter_site":"@cetysuni","twitter_misc":{"Escrito por":"CETYS Institucional","Tiempo de lectura":"3 minutos"},"schema":{"@context":"https:\/\/schema.org","@graph":[{"@type":"Article","@id":"https:\/\/www.cetys.mx\/noticias\/reconocen-la-excelencia-y-entrega-del-docente-cetys\/#article","isPartOf":{"@id":"https:\/\/www.cetys.mx\/noticias\/reconocen-la-excelencia-y-entrega-del-docente-cetys\/"},"author":{"name":"CETYS Institucional","@id":"https:\/\/www.cetys.mx\/noticias\/#\/schema\/person\/e9d2b35265b64aa454df57a2828eb2ac"},"headline":"Reconocen la excelencia y entrega del docente CETYS","datePublished":"2020-05-20T00:47:14+00:00","dateModified":"2020-05-27T22:13:45+00:00","mainEntityOfPage":{"@id":"https:\/\/www.cetys.mx\/noticias\/reconocen-la-excelencia-y-entrega-del-docente-cetys\/"},"wordCount":633,"commentCount":0,"image":{"@id":"https:\/\/www.cetys.mx\/noticias\/reconocen-la-excelencia-y-entrega-del-docente-cetys\/#primaryimage"},"thumbnailUrl":"https:\/\/www.cetys.mx\/noticias\/wp-content\/uploads\/2020\/05\/REE4.jpg","keywords":["COVID-19","Reconocimiento a la Excelencia Educativa 2019","vocetys-TOP-2020-05-21","vocetys-top-2020-05-26"],"articleSection":["Academia","Institucional","Portada","VoCETYS"],"inLanguage":"es","potentialAction":[{"@type":"CommentAction","name":"Comment","target":["https:\/\/www.cetys.mx\/noticias\/reconocen-la-excelencia-y-entrega-del-docente-cetys\/#respond"]}]},{"@type":"WebPage","@id":"https:\/\/www.cetys.mx\/noticias\/reconocen-la-excelencia-y-entrega-del-docente-cetys\/","url":"https:\/\/www.cetys.mx\/noticias\/reconocen-la-excelencia-y-entrega-del-docente-cetys\/","name":"Reconocen la excelencia y entrega del docente CETYS - CETYS","isPartOf":{"@id":"https:\/\/www.cetys.mx\/noticias\/#website"},"primaryImageOfPage":{"@id":"https:\/\/www.cetys.mx\/noticias\/reconocen-la-excelencia-y-entrega-del-docente-cetys\/#primaryimage"},"image":{"@id":"https:\/\/www.cetys.mx\/noticias\/reconocen-la-excelencia-y-entrega-del-docente-cetys\/#primaryimage"},"thumbnailUrl":"https:\/\/www.cetys.mx\/noticias\/wp-content\/uploads\/2020\/05\/REE4.jpg","datePublished":"2020-05-20T00:47:14+00:00","dateModified":"2020-05-27T22:13:45+00:00","author":{"@id":"https:\/\/www.cetys.mx\/noticias\/#\/schema\/person\/e9d2b35265b64aa454df57a2828eb2ac"},"description":"Articulo sobre Reconocen la excelencia y entrega del docente CETYS","breadcrumb":{"@id":"https:\/\/www.cetys.mx\/noticias\/reconocen-la-excelencia-y-entrega-del-docente-cetys\/#breadcrumb"},"inLanguage":"es","potentialAction":[{"@type":"ReadAction","target":["https:\/\/www.cetys.mx\/noticias\/reconocen-la-excelencia-y-entrega-del-docente-cetys\/"]}]},{"@type":"ImageObject","inLanguage":"es","@id":"https:\/\/www.cetys.mx\/noticias\/reconocen-la-excelencia-y-entrega-del-docente-cetys\/#primaryimage","url":"https:\/\/www.cetys.mx\/noticias\/wp-content\/uploads\/2020\/05\/REE4.jpg","contentUrl":"https:\/\/www.cetys.mx\/noticias\/wp-content\/uploads\/2020\/05\/REE4.jpg","width":958,"height":637},{"@type":"BreadcrumbList","@id":"https:\/\/www.cetys.mx\/noticias\/reconocen-la-excelencia-y-entrega-del-docente-cetys\/#breadcrumb","itemListElement":[{"@type":"ListItem","position":1,"name":"Inicio","item":"https:\/\/www.cetys.mx\/noticias\/"},{"@type":"ListItem","position":2,"name":"Reconocen la excelencia y entrega del docente CETYS"}]},{"@type":"WebSite","@id":"https:\/\/www.cetys.mx\/noticias\/#website","url":"https:\/\/www.cetys.mx\/noticias\/","name":"CETYS","description":"","potentialAction":[{"@type":"SearchAction","target":{"@type":"EntryPoint","urlTemplate":"https:\/\/www.cetys.mx\/noticias\/?s={search_term_string}"},"query-input":{"@type":"PropertyValueSpecification","valueRequired":true,"valueName":"search_term_string"}}],"inLanguage":"es"},{"@type":"Person","@id":"https:\/\/www.cetys.mx\/noticias\/#\/schema\/person\/e9d2b35265b64aa454df57a2828eb2ac","name":"CETYS Institucional","url":"https:\/\/www.cetys.mx\/noticias\/author\/cetysinstitucional\/"}]}},"_links":{"self":[{"href":"https:\/\/www.cetys.mx\/noticias\/wp-json\/wp\/v2\/posts\/144341","targetHints":{"allow":["GET"]}}],"collection":[{"href":"https:\/\/www.cetys.mx\/noticias\/wp-json\/wp\/v2\/posts"}],"about":[{"href":"https:\/\/www.cetys.mx\/noticias\/wp-json\/wp\/v2\/types\/post"}],"author":[{"embeddable":true,"href":"https:\/\/www.cetys.mx\/noticias\/wp-json\/wp\/v2\/users\/26"}],"replies":[{"embeddable":true,"href":"https:\/\/www.cetys.mx\/noticias\/wp-json\/wp\/v2\/comments?post=144341"}],"version-history":[{"count":2,"href":"https:\/\/www.cetys.mx\/noticias\/wp-json\/wp\/v2\/posts\/144341\/revisions"}],"predecessor-version":[{"id":144356,"href":"https:\/\/www.cetys.mx\/noticias\/wp-json\/wp\/v2\/posts\/144341\/revisions\/144356"}],"wp:featuredmedia":[{"embeddable":true,"href":"https:\/\/www.cetys.mx\/noticias\/wp-json\/wp\/v2\/media\/144355"}],"wp:attachment":[{"href":"https:\/\/www.cetys.mx\/noticias\/wp-json\/wp\/v2\/media?parent=144341"}],"wp:term":[{"taxonomy":"category","embeddable":true,"href":"https:\/\/www.cetys.mx\/noticias\/wp-json\/wp\/v2\/categories?post=144341"},{"taxonomy":"post_tag","embeddable":true,"href":"https:\/\/www.cetys.mx\/noticias\/wp-json\/wp\/v2\/tags?post=144341"}],"curies":[{"name":"wp","href":"https:\/\/api.w.org\/{rel}","templated":true}]}}