{"id":143993,"date":"2020-05-14T08:59:13","date_gmt":"2020-05-14T15:59:13","guid":{"rendered":"https:\/\/www.cetys.mx\/noticias\/?p=143993"},"modified":"2020-05-21T11:43:30","modified_gmt":"2020-05-21T18:43:30","slug":"despues-de-la-pandemia-del-covid-19-sector-aeroespacial-requiere-nuevo-enfoque","status":"publish","type":"post","link":"https:\/\/www.cetys.mx\/noticias\/despues-de-la-pandemia-del-covid-19-sector-aeroespacial-requiere-nuevo-enfoque\/","title":{"rendered":"Despu\u00e9s de la pandemia del COVID-19, sector aeroespacial requiere nuevo enfoque"},"content":{"rendered":"<p align=\"justify\">La industria aeroespacial responde a las necesidades de m\u00e1s de un sector econ\u00f3mico, este se ha interconectado con varios mercados, por ello es que la situaci\u00f3n actual reta a los ingenieros de esa industria a reorientarse, a encontrar nuevas soluciones y nuevos enfoques que evolucionen el sector que ha sido afectado considerablemente por la pandemia del COVID-19.<\/p>\n<p align=\"justify\">De acuerdo con el Mtro. Roberto Salas Corrales, Coordinador de\u00a0<a href=\"http:\/\/r20.rs6.net\/tn.jsp?f=001t_WRk7b4baXu2WcTItCR4vUs-dGMds0zcWuZTid56R6zfQzHEyYNcYYh9zaIvd82xXsCluKE0nKdyJMpoz1aogrMQdEk71dSbsWYgXW_LRba6LdITicZ-DBdxpaKDrzFp5y3utYSjooVjlBm83mwdRt3JEQTOe3-3mJdCU1uzDFya9QAIjRoaPTXCMXttOhWG5Fd53hSl2ngtBRAhIakgYysho70qYStE81XXaywNcwJaiwuIYiWQg==&amp;c=bus520Su9MpxeoIvTTPXlEDMaYKSa2dByEzUU06bBzbqnuTMMFtXxw==&amp;ch=PLvvgE9zGXzcBhXcBRFJiWdlDwBkCZwTj_p0yS9ZsiYUEJHhEweOoQ==\" target=\"_blank\" rel=\"noopener\" data-saferedirecturl=\"https:\/\/www.google.com\/url?q=http:\/\/r20.rs6.net\/tn.jsp?f%3D001t_WRk7b4baXu2WcTItCR4vUs-dGMds0zcWuZTid56R6zfQzHEyYNcYYh9zaIvd82xXsCluKE0nKdyJMpoz1aogrMQdEk71dSbsWYgXW_LRba6LdITicZ-DBdxpaKDrzFp5y3utYSjooVjlBm83mwdRt3JEQTOe3-3mJdCU1uzDFya9QAIjRoaPTXCMXttOhWG5Fd53hSl2ngtBRAhIakgYysho70qYStE81XXaywNcwJaiwuIYiWQg%3D%3D%26c%3Dbus520Su9MpxeoIvTTPXlEDMaYKSa2dByEzUU06bBzbqnuTMMFtXxw%3D%3D%26ch%3DPLvvgE9zGXzcBhXcBRFJiWdlDwBkCZwTj_p0yS9ZsiYUEJHhEweOoQ%3D%3D&amp;source=gmail&amp;ust=1589496867706000&amp;usg=AFQjCNEESlGwY9DfBBiVbAhSPPozjyEhVw\">Ingenier\u00eda en Mec\u00e1nica<\/a>\u00a0de la Escuela de Ingenier\u00eda en CETYS Campus Tijuana, esta industria no solo se mueve personas, mueve capitales y hasta la geopol\u00edtica mundial, es por ello que desde distintas \u00e1reas de especialidad, es necesario crear nuevas investigaciones con todos los enfoques posibles.<\/p>\n<p align=\"justify\">\u201cMientras que al economista le importar\u00e1 las p\u00e9rdidas que han sufrido por los vuelos o transporte de mercanc\u00eda, para los ingenieros es urgente establecer acciones integrales para brindar soluciones a corto, mediano y largo plazo en la movilidad\u201d, indic\u00f3 el docente.<\/p>\n<p align=\"justify\">Para los ingenieros, insisti\u00f3, el enfoque es mejorar la movilidad de los veh\u00edculos a\u00e9reos, una mejor implementaci\u00f3n de alguno de sus procesos y que cumplan con medidas preventivas contra el COVID-19. Los aviones podr\u00edan cumplir nuevas especificaciones y el ingeniero podr\u00eda, ya sea trabajar para que esto se cumpla hasta crear una nuevas formas de operar, esto tanto en la transportaci\u00f3n de materia como en la humana.<\/p>\n<p align=\"justify\">\u201cLas nuevas generaciones de ingenieros, ya no se preguntan c\u00f3mo hacer el motor m\u00e1s eficiente, ahora piensan en hacer otros motores que dejen malas pr\u00e1cticas y lleven a nuevas oportunidades de negocio que no conocemos pero tendr\u00edan que venir. Tenemos mucho trabajo por delante\u201d, mencion\u00f3 el acad\u00e9mico del Campus Tijuana.<\/p>\n<p align=\"justify\">Cabe destacar que la Asociaci\u00f3n Internacional de Transporte A\u00e9reo (IATA) estima p\u00e9rdidas de hasta 314 millones de d\u00f3lares en 2020 para las aerol\u00edneas, un 55% de p\u00e9rdidas en sus ganancias. Algunas aerol\u00edneas como Interjet han mostrado problemas de pago y otras como Avianca se han declarado en bancarrota. \u201cEsta es una problem\u00e1tica a solucionar, el ingeniero tiene aqu\u00ed la oportunidad de innovar y mejorar los procesos, hacerlos m\u00e1s baratos y\/o mejorar la experiencia del vuelo que de respiro a varios mercados\u201d.<\/p>\n<p align=\"justify\"><strong>NECESIDADES AERON\u00c1UTICAS SIN CUBRIR<\/strong><\/p>\n<p align=\"justify\">El Mtro. Roberto Salas enfatiz\u00f3 que las necesidades de la aeron\u00e1utica no han sido cubiertos incluso desde antes de la pandemia del COVID-19, por lo que este tiempo de confinamiento y de reducci\u00f3n de operaciones es esencial para reenfocar las necesidades de la industria.<\/p>\n","protected":false},"excerpt":{"rendered":"<p>La industria aeroespacial responde a las necesidades de m\u00e1s de un sector econ\u00f3mico, este se ha interconectado con varios mercados, por ello&#8230;<\/p>\n","protected":false},"author":24,"featured_media":143994,"comment_status":"open","ping_status":"closed","sticky":false,"template":"","format":"standard","meta":{"footnotes":""},"categories":[134,1850,125,313],"tags":[297,4356,4308,4338,4483],"class_list":["post-143993","post","type-post","status-publish","format-standard","has-post-thumbnail","hentry","category-campus-tijuana","category-ingenieria","category-portada","category-vocetys-2","tag-campus-tijuana","tag-covid","tag-covid-19","tag-covid19","tag-vocetys-2020-05-21"],"yoast_head":"<!-- This site is optimized with the Yoast SEO plugin v27.4 - https:\/\/yoast.com\/product\/yoast-seo-wordpress\/ -->\n<title>Despu\u00e9s de la pandemia del COVID-19, sector aeroespacial requiere nuevo enfoque - CETYS<\/title>\n<meta name=\"description\" content=\"Articulo sobre Despu\u00e9s de la pandemia del COVID-19, sector aeroespacial requiere nuevo enfoque\" \/>\n<meta name=\"robots\" content=\"index, follow, max-snippet:-1, max-image-preview:large, max-video-preview:-1\" \/>\n<link rel=\"canonical\" href=\"https:\/\/www.cetys.mx\/noticias\/despues-de-la-pandemia-del-covid-19-sector-aeroespacial-requiere-nuevo-enfoque\/\" \/>\n<meta property=\"og:locale\" content=\"es_MX\" \/>\n<meta property=\"og:type\" content=\"article\" \/>\n<meta property=\"og:title\" content=\"Despu\u00e9s de la pandemia del COVID-19, sector aeroespacial requiere nuevo enfoque - CETYS\" \/>\n<meta property=\"og:description\" content=\"Articulo sobre Despu\u00e9s de la pandemia del COVID-19, sector aeroespacial requiere nuevo enfoque\" \/>\n<meta property=\"og:url\" content=\"https:\/\/www.cetys.mx\/noticias\/despues-de-la-pandemia-del-covid-19-sector-aeroespacial-requiere-nuevo-enfoque\/\" \/>\n<meta property=\"og:site_name\" content=\"CETYS\" \/>\n<meta property=\"article:publisher\" content=\"https:\/\/www.facebook.com\/cetysuniversidadmxl\/\" \/>\n<meta property=\"article:published_time\" content=\"2020-05-14T15:59:13+00:00\" \/>\n<meta property=\"article:modified_time\" content=\"2020-05-21T18:43:30+00:00\" \/>\n<meta property=\"og:image\" content=\"https:\/\/www.cetys.mx\/noticias\/wp-content\/uploads\/2020\/05\/Gra\u0301ficos-COMUNICADOS-Retos-de-la-Industria-Aeroespacial.png\" \/>\n\t<meta property=\"og:image:width\" content=\"958\" \/>\n\t<meta property=\"og:image:height\" content=\"637\" \/>\n\t<meta property=\"og:image:type\" content=\"image\/png\" \/>\n<meta name=\"author\" content=\"Campus Tijuana\" \/>\n<meta name=\"twitter:card\" content=\"summary_large_image\" \/>\n<meta name=\"twitter:creator\" content=\"@cetysuni\" \/>\n<meta name=\"twitter:site\" content=\"@cetysuni\" \/>\n<meta name=\"twitter:label1\" content=\"Escrito por\" \/>\n\t<meta name=\"twitter:data1\" content=\"Campus Tijuana\" \/>\n\t<meta name=\"twitter:label2\" content=\"Tiempo de lectura\" \/>\n\t<meta name=\"twitter:data2\" content=\"2 minutos\" \/>\n<script type=\"application\/ld+json\" class=\"yoast-schema-graph\">{\"@context\":\"https:\\\/\\\/schema.org\",\"@graph\":[{\"@type\":\"Article\",\"@id\":\"https:\\\/\\\/www.cetys.mx\\\/noticias\\\/despues-de-la-pandemia-del-covid-19-sector-aeroespacial-requiere-nuevo-enfoque\\\/#article\",\"isPartOf\":{\"@id\":\"https:\\\/\\\/www.cetys.mx\\\/noticias\\\/despues-de-la-pandemia-del-covid-19-sector-aeroespacial-requiere-nuevo-enfoque\\\/\"},\"author\":{\"name\":\"Campus Tijuana\",\"@id\":\"https:\\\/\\\/www.cetys.mx\\\/noticias\\\/#\\\/schema\\\/person\\\/e790051ce60e18ae47cfa87011c8653f\"},\"headline\":\"Despu\u00e9s de la pandemia del COVID-19, sector aeroespacial requiere nuevo enfoque\",\"datePublished\":\"2020-05-14T15:59:13+00:00\",\"dateModified\":\"2020-05-21T18:43:30+00:00\",\"mainEntityOfPage\":{\"@id\":\"https:\\\/\\\/www.cetys.mx\\\/noticias\\\/despues-de-la-pandemia-del-covid-19-sector-aeroespacial-requiere-nuevo-enfoque\\\/\"},\"wordCount\":441,\"commentCount\":0,\"image\":{\"@id\":\"https:\\\/\\\/www.cetys.mx\\\/noticias\\\/despues-de-la-pandemia-del-covid-19-sector-aeroespacial-requiere-nuevo-enfoque\\\/#primaryimage\"},\"thumbnailUrl\":\"https:\\\/\\\/www.cetys.mx\\\/noticias\\\/wp-content\\\/uploads\\\/2020\\\/05\\\/Gra\u0301ficos-COMUNICADOS-Retos-de-la-Industria-Aeroespacial.png\",\"keywords\":[\"Campus Tijuana\",\"COVID\",\"COVID-19\",\"COVID19\",\"vocetys-2020-05-21\"],\"articleSection\":[\"Campus Tijuana\",\"Ingenier\u00eda\",\"Portada\",\"VoCETYS\"],\"inLanguage\":\"es\",\"potentialAction\":[{\"@type\":\"CommentAction\",\"name\":\"Comment\",\"target\":[\"https:\\\/\\\/www.cetys.mx\\\/noticias\\\/despues-de-la-pandemia-del-covid-19-sector-aeroespacial-requiere-nuevo-enfoque\\\/#respond\"]}]},{\"@type\":\"WebPage\",\"@id\":\"https:\\\/\\\/www.cetys.mx\\\/noticias\\\/despues-de-la-pandemia-del-covid-19-sector-aeroespacial-requiere-nuevo-enfoque\\\/\",\"url\":\"https:\\\/\\\/www.cetys.mx\\\/noticias\\\/despues-de-la-pandemia-del-covid-19-sector-aeroespacial-requiere-nuevo-enfoque\\\/\",\"name\":\"Despu\u00e9s de la pandemia del COVID-19, sector aeroespacial requiere nuevo enfoque - CETYS\",\"isPartOf\":{\"@id\":\"https:\\\/\\\/www.cetys.mx\\\/noticias\\\/#website\"},\"primaryImageOfPage\":{\"@id\":\"https:\\\/\\\/www.cetys.mx\\\/noticias\\\/despues-de-la-pandemia-del-covid-19-sector-aeroespacial-requiere-nuevo-enfoque\\\/#primaryimage\"},\"image\":{\"@id\":\"https:\\\/\\\/www.cetys.mx\\\/noticias\\\/despues-de-la-pandemia-del-covid-19-sector-aeroespacial-requiere-nuevo-enfoque\\\/#primaryimage\"},\"thumbnailUrl\":\"https:\\\/\\\/www.cetys.mx\\\/noticias\\\/wp-content\\\/uploads\\\/2020\\\/05\\\/Gra\u0301ficos-COMUNICADOS-Retos-de-la-Industria-Aeroespacial.png\",\"datePublished\":\"2020-05-14T15:59:13+00:00\",\"dateModified\":\"2020-05-21T18:43:30+00:00\",\"author\":{\"@id\":\"https:\\\/\\\/www.cetys.mx\\\/noticias\\\/#\\\/schema\\\/person\\\/e790051ce60e18ae47cfa87011c8653f\"},\"description\":\"Articulo sobre Despu\u00e9s de la pandemia del COVID-19, sector aeroespacial requiere nuevo enfoque\",\"breadcrumb\":{\"@id\":\"https:\\\/\\\/www.cetys.mx\\\/noticias\\\/despues-de-la-pandemia-del-covid-19-sector-aeroespacial-requiere-nuevo-enfoque\\\/#breadcrumb\"},\"inLanguage\":\"es\",\"potentialAction\":[{\"@type\":\"ReadAction\",\"target\":[\"https:\\\/\\\/www.cetys.mx\\\/noticias\\\/despues-de-la-pandemia-del-covid-19-sector-aeroespacial-requiere-nuevo-enfoque\\\/\"]}]},{\"@type\":\"ImageObject\",\"inLanguage\":\"es\",\"@id\":\"https:\\\/\\\/www.cetys.mx\\\/noticias\\\/despues-de-la-pandemia-del-covid-19-sector-aeroespacial-requiere-nuevo-enfoque\\\/#primaryimage\",\"url\":\"https:\\\/\\\/www.cetys.mx\\\/noticias\\\/wp-content\\\/uploads\\\/2020\\\/05\\\/Gra\u0301ficos-COMUNICADOS-Retos-de-la-Industria-Aeroespacial.png\",\"contentUrl\":\"https:\\\/\\\/www.cetys.mx\\\/noticias\\\/wp-content\\\/uploads\\\/2020\\\/05\\\/Gra\u0301ficos-COMUNICADOS-Retos-de-la-Industria-Aeroespacial.png\",\"width\":958,\"height\":637},{\"@type\":\"BreadcrumbList\",\"@id\":\"https:\\\/\\\/www.cetys.mx\\\/noticias\\\/despues-de-la-pandemia-del-covid-19-sector-aeroespacial-requiere-nuevo-enfoque\\\/#breadcrumb\",\"itemListElement\":[{\"@type\":\"ListItem\",\"position\":1,\"name\":\"Inicio\",\"item\":\"https:\\\/\\\/www.cetys.mx\\\/noticias\\\/\"},{\"@type\":\"ListItem\",\"position\":2,\"name\":\"Despu\u00e9s de la pandemia del COVID-19, sector aeroespacial requiere nuevo enfoque\"}]},{\"@type\":\"WebSite\",\"@id\":\"https:\\\/\\\/www.cetys.mx\\\/noticias\\\/#website\",\"url\":\"https:\\\/\\\/www.cetys.mx\\\/noticias\\\/\",\"name\":\"CETYS\",\"description\":\"\",\"potentialAction\":[{\"@type\":\"SearchAction\",\"target\":{\"@type\":\"EntryPoint\",\"urlTemplate\":\"https:\\\/\\\/www.cetys.mx\\\/noticias\\\/?s={search_term_string}\"},\"query-input\":{\"@type\":\"PropertyValueSpecification\",\"valueRequired\":true,\"valueName\":\"search_term_string\"}}],\"inLanguage\":\"es\"},{\"@type\":\"Person\",\"@id\":\"https:\\\/\\\/www.cetys.mx\\\/noticias\\\/#\\\/schema\\\/person\\\/e790051ce60e18ae47cfa87011c8653f\",\"name\":\"Campus Tijuana\",\"url\":\"https:\\\/\\\/www.cetys.mx\\\/noticias\\\/author\\\/campustijuana\\\/\"}]}<\/script>\n<!-- \/ Yoast SEO plugin. -->","yoast_head_json":{"title":"Despu\u00e9s de la pandemia del COVID-19, sector aeroespacial requiere nuevo enfoque - CETYS","description":"Articulo sobre Despu\u00e9s de la pandemia del COVID-19, sector aeroespacial requiere nuevo enfoque","robots":{"index":"index","follow":"follow","max-snippet":"max-snippet:-1","max-image-preview":"max-image-preview:large","max-video-preview":"max-video-preview:-1"},"canonical":"https:\/\/www.cetys.mx\/noticias\/despues-de-la-pandemia-del-covid-19-sector-aeroespacial-requiere-nuevo-enfoque\/","og_locale":"es_MX","og_type":"article","og_title":"Despu\u00e9s de la pandemia del COVID-19, sector aeroespacial requiere nuevo enfoque - CETYS","og_description":"Articulo sobre Despu\u00e9s de la pandemia del COVID-19, sector aeroespacial requiere nuevo enfoque","og_url":"https:\/\/www.cetys.mx\/noticias\/despues-de-la-pandemia-del-covid-19-sector-aeroespacial-requiere-nuevo-enfoque\/","og_site_name":"CETYS","article_publisher":"https:\/\/www.facebook.com\/cetysuniversidadmxl\/","article_published_time":"2020-05-14T15:59:13+00:00","article_modified_time":"2020-05-21T18:43:30+00:00","og_image":[{"width":958,"height":637,"url":"https:\/\/www.cetys.mx\/noticias\/wp-content\/uploads\/2020\/05\/Gra\u0301ficos-COMUNICADOS-Retos-de-la-Industria-Aeroespacial.png","type":"image\/png"}],"author":"Campus Tijuana","twitter_card":"summary_large_image","twitter_creator":"@cetysuni","twitter_site":"@cetysuni","twitter_misc":{"Escrito por":"Campus Tijuana","Tiempo de lectura":"2 minutos"},"schema":{"@context":"https:\/\/schema.org","@graph":[{"@type":"Article","@id":"https:\/\/www.cetys.mx\/noticias\/despues-de-la-pandemia-del-covid-19-sector-aeroespacial-requiere-nuevo-enfoque\/#article","isPartOf":{"@id":"https:\/\/www.cetys.mx\/noticias\/despues-de-la-pandemia-del-covid-19-sector-aeroespacial-requiere-nuevo-enfoque\/"},"author":{"name":"Campus Tijuana","@id":"https:\/\/www.cetys.mx\/noticias\/#\/schema\/person\/e790051ce60e18ae47cfa87011c8653f"},"headline":"Despu\u00e9s de la pandemia del COVID-19, sector aeroespacial requiere nuevo enfoque","datePublished":"2020-05-14T15:59:13+00:00","dateModified":"2020-05-21T18:43:30+00:00","mainEntityOfPage":{"@id":"https:\/\/www.cetys.mx\/noticias\/despues-de-la-pandemia-del-covid-19-sector-aeroespacial-requiere-nuevo-enfoque\/"},"wordCount":441,"commentCount":0,"image":{"@id":"https:\/\/www.cetys.mx\/noticias\/despues-de-la-pandemia-del-covid-19-sector-aeroespacial-requiere-nuevo-enfoque\/#primaryimage"},"thumbnailUrl":"https:\/\/www.cetys.mx\/noticias\/wp-content\/uploads\/2020\/05\/Gra\u0301ficos-COMUNICADOS-Retos-de-la-Industria-Aeroespacial.png","keywords":["Campus Tijuana","COVID","COVID-19","COVID19","vocetys-2020-05-21"],"articleSection":["Campus Tijuana","Ingenier\u00eda","Portada","VoCETYS"],"inLanguage":"es","potentialAction":[{"@type":"CommentAction","name":"Comment","target":["https:\/\/www.cetys.mx\/noticias\/despues-de-la-pandemia-del-covid-19-sector-aeroespacial-requiere-nuevo-enfoque\/#respond"]}]},{"@type":"WebPage","@id":"https:\/\/www.cetys.mx\/noticias\/despues-de-la-pandemia-del-covid-19-sector-aeroespacial-requiere-nuevo-enfoque\/","url":"https:\/\/www.cetys.mx\/noticias\/despues-de-la-pandemia-del-covid-19-sector-aeroespacial-requiere-nuevo-enfoque\/","name":"Despu\u00e9s de la pandemia del COVID-19, sector aeroespacial requiere nuevo enfoque - CETYS","isPartOf":{"@id":"https:\/\/www.cetys.mx\/noticias\/#website"},"primaryImageOfPage":{"@id":"https:\/\/www.cetys.mx\/noticias\/despues-de-la-pandemia-del-covid-19-sector-aeroespacial-requiere-nuevo-enfoque\/#primaryimage"},"image":{"@id":"https:\/\/www.cetys.mx\/noticias\/despues-de-la-pandemia-del-covid-19-sector-aeroespacial-requiere-nuevo-enfoque\/#primaryimage"},"thumbnailUrl":"https:\/\/www.cetys.mx\/noticias\/wp-content\/uploads\/2020\/05\/Gra\u0301ficos-COMUNICADOS-Retos-de-la-Industria-Aeroespacial.png","datePublished":"2020-05-14T15:59:13+00:00","dateModified":"2020-05-21T18:43:30+00:00","author":{"@id":"https:\/\/www.cetys.mx\/noticias\/#\/schema\/person\/e790051ce60e18ae47cfa87011c8653f"},"description":"Articulo sobre Despu\u00e9s de la pandemia del COVID-19, sector aeroespacial requiere nuevo enfoque","breadcrumb":{"@id":"https:\/\/www.cetys.mx\/noticias\/despues-de-la-pandemia-del-covid-19-sector-aeroespacial-requiere-nuevo-enfoque\/#breadcrumb"},"inLanguage":"es","potentialAction":[{"@type":"ReadAction","target":["https:\/\/www.cetys.mx\/noticias\/despues-de-la-pandemia-del-covid-19-sector-aeroespacial-requiere-nuevo-enfoque\/"]}]},{"@type":"ImageObject","inLanguage":"es","@id":"https:\/\/www.cetys.mx\/noticias\/despues-de-la-pandemia-del-covid-19-sector-aeroespacial-requiere-nuevo-enfoque\/#primaryimage","url":"https:\/\/www.cetys.mx\/noticias\/wp-content\/uploads\/2020\/05\/Gra\u0301ficos-COMUNICADOS-Retos-de-la-Industria-Aeroespacial.png","contentUrl":"https:\/\/www.cetys.mx\/noticias\/wp-content\/uploads\/2020\/05\/Gra\u0301ficos-COMUNICADOS-Retos-de-la-Industria-Aeroespacial.png","width":958,"height":637},{"@type":"BreadcrumbList","@id":"https:\/\/www.cetys.mx\/noticias\/despues-de-la-pandemia-del-covid-19-sector-aeroespacial-requiere-nuevo-enfoque\/#breadcrumb","itemListElement":[{"@type":"ListItem","position":1,"name":"Inicio","item":"https:\/\/www.cetys.mx\/noticias\/"},{"@type":"ListItem","position":2,"name":"Despu\u00e9s de la pandemia del COVID-19, sector aeroespacial requiere nuevo enfoque"}]},{"@type":"WebSite","@id":"https:\/\/www.cetys.mx\/noticias\/#website","url":"https:\/\/www.cetys.mx\/noticias\/","name":"CETYS","description":"","potentialAction":[{"@type":"SearchAction","target":{"@type":"EntryPoint","urlTemplate":"https:\/\/www.cetys.mx\/noticias\/?s={search_term_string}"},"query-input":{"@type":"PropertyValueSpecification","valueRequired":true,"valueName":"search_term_string"}}],"inLanguage":"es"},{"@type":"Person","@id":"https:\/\/www.cetys.mx\/noticias\/#\/schema\/person\/e790051ce60e18ae47cfa87011c8653f","name":"Campus Tijuana","url":"https:\/\/www.cetys.mx\/noticias\/author\/campustijuana\/"}]}},"_links":{"self":[{"href":"https:\/\/www.cetys.mx\/noticias\/wp-json\/wp\/v2\/posts\/143993","targetHints":{"allow":["GET"]}}],"collection":[{"href":"https:\/\/www.cetys.mx\/noticias\/wp-json\/wp\/v2\/posts"}],"about":[{"href":"https:\/\/www.cetys.mx\/noticias\/wp-json\/wp\/v2\/types\/post"}],"author":[{"embeddable":true,"href":"https:\/\/www.cetys.mx\/noticias\/wp-json\/wp\/v2\/users\/24"}],"replies":[{"embeddable":true,"href":"https:\/\/www.cetys.mx\/noticias\/wp-json\/wp\/v2\/comments?post=143993"}],"version-history":[{"count":1,"href":"https:\/\/www.cetys.mx\/noticias\/wp-json\/wp\/v2\/posts\/143993\/revisions"}],"predecessor-version":[{"id":144004,"href":"https:\/\/www.cetys.mx\/noticias\/wp-json\/wp\/v2\/posts\/143993\/revisions\/144004"}],"wp:featuredmedia":[{"embeddable":true,"href":"https:\/\/www.cetys.mx\/noticias\/wp-json\/wp\/v2\/media\/143994"}],"wp:attachment":[{"href":"https:\/\/www.cetys.mx\/noticias\/wp-json\/wp\/v2\/media?parent=143993"}],"wp:term":[{"taxonomy":"category","embeddable":true,"href":"https:\/\/www.cetys.mx\/noticias\/wp-json\/wp\/v2\/categories?post=143993"},{"taxonomy":"post_tag","embeddable":true,"href":"https:\/\/www.cetys.mx\/noticias\/wp-json\/wp\/v2\/tags?post=143993"}],"curies":[{"name":"wp","href":"https:\/\/api.w.org\/{rel}","templated":true}]}}