{"id":143917,"date":"2020-05-11T16:41:15","date_gmt":"2020-05-11T23:41:15","guid":{"rendered":"https:\/\/www.cetys.mx\/noticias\/?p=143917"},"modified":"2020-05-21T11:46:31","modified_gmt":"2020-05-21T18:46:31","slug":"la-pension-alimenticia-no-se-suspende-ante-pandemia-del-covid-19","status":"publish","type":"post","link":"https:\/\/www.cetys.mx\/noticias\/la-pension-alimenticia-no-se-suspende-ante-pandemia-del-covid-19\/","title":{"rendered":"La pensi\u00f3n alimenticia no se suspende ante pandemia del Covid-19"},"content":{"rendered":"<p align=\"justify\">Pese a la implementaci\u00f3n de medidas preventivas para evitar el contagio del COVID-19, el poder judicial puede continuar con tr\u00e1mites en derecho familiar de forma virtual que sean considerados esenciales, tales como la pensi\u00f3n alimenticia y asuntos de violencia familiar.<\/p>\n<p align=\"justify\"><img loading=\"lazy\" decoding=\"async\" class=\"wp-image-143892 alignleft\" src=\"https:\/\/www.cetys.mx\/noticias\/wp-content\/uploads\/2020\/05\/asesoria-legal.jpg\" alt=\"\" width=\"355\" height=\"236\" srcset=\"https:\/\/www.cetys.mx\/noticias\/wp-content\/uploads\/2020\/05\/asesoria-legal.jpg 1200w, https:\/\/www.cetys.mx\/noticias\/wp-content\/uploads\/2020\/05\/asesoria-legal-768x511.jpg 768w\" sizes=\"auto, (max-width: 355px) 100vw, 355px\" \/>La <strong>Mtra. Yadira Ahumada<\/strong>, <em>Coordinadora del Centro de Asesor\u00eda Legal de CETYS Campus Tijuana<\/em>, reiter\u00f3 que en el caso de las pensiones, por su naturaleza entran en lo urgente o bien, su suspensi\u00f3n pondr\u00eda en peligro los derechos de los menores, por lo que hizo un llamado para que las personas sigan cumpliendo con la pensi\u00f3n sin poner este pretexto.<\/p>\n<blockquote>\n<p align=\"justify\">\u201cNo puede suspenderse si las condiciones en que fue impuesta no cambian. Es decir, la sola concurrencia de la pandemia no es motivo alguno para dejar de cumplir con ella; el deudor alimentista debe seguir cumpliendo en tiempo y forma con su obligaci\u00f3n. Respecto a visitas, no deben quedar suspendidas a menos que su seguimiento ocasione peligro a quien las recibe\u201d, mencion\u00f3 la especialista en Derecho Familiar.<\/p>\n<\/blockquote>\n<p align=\"justify\">En caso de que el responsable reduzca el monto de la pensi\u00f3n durante la pandemia, la <em>experta de CETYS<\/em> enfatiz\u00f3 que es improcedente. Esto aplicar\u00eda \u00fanicamente cuando es despedido y al reincorporarse al mercado laboral tiene un salario menor.<\/p>\n<blockquote>\n<p align=\"justify\">\u201cPara el despido, tambi\u00e9n a trav\u00e9s de un incidente, se debe solicitar al juez la suspensi\u00f3n del pago pero es indispensable que se asegure el cumplimiento de la pensi\u00f3n, ya sea a trav\u00e9s de fianza, prenda o hipoteca. En ning\u00fan caso se justifica el no pago\u201d, a\u00f1adi\u00f3 la <strong>Mtra. Ahumada.<\/strong><\/p>\n<\/blockquote>\n<p align=\"justify\"><strong>EL MOMENTO DE LOS JUICIOS SIN PAPEL<\/strong><\/p>\n<p align=\"justify\"><em>La docente de CETYS<\/em> record\u00f3 que desde algunos a\u00f1os funciona el tribunal electr\u00f3nico, el cual permite a los abogados a dar pie a juicios sin papel y una notable reducci\u00f3n de tr\u00e1mites que requieran un encuentro f\u00edsico. Es una opci\u00f3n para seguir por la justa y correcta aplicaci\u00f3n de las medidas de cuidado para los integrantes de la familia, ante la emergencia del COVID-19.<\/p>\n<blockquote>\n<p align=\"justify\">\u201cEl Poder Judicial tiene la oportunidad, al igual que otro juicios que ya son orales, de replantear una justicia pronta y expedita. usando al m\u00e1ximo el tribunal electr\u00f3nico para dar pie a los juicios sin papel.\u201d<\/p>\n<\/blockquote>\n<p align=\"justify\"><strong>La Mtra. Ahumada<\/strong> resalt\u00f3 que el <em>Centro de Asesor\u00eda Legal de CETYS<\/em> sigue tramitando asuntos urgentes, se resuelven dudas, de manera virtual, en materia de divorcios, custodias, pensiones alimenticias, visita y convivencia de menores, entre otros. Es necesario enviar un correo a\u00a0<a href=\"http:\/\/r20.rs6.net\/tn.jsp?f=001OWqGsoEWlai6hvlfxZcd30m0btzAH3Bkv46qgEk7Y3yBwvXUOZoxgZUOL8XVZKuVqgQCsjR1FONnpL5jyfFl3llFyKKwzqcWMT1v7xBAtX4RRKmEvdRc_-O9Rqq7pw1xpG6v7rFTG622-kR7mSUROdxVWXRW9Wct&amp;c=HouZp-nSN-Ec3alcjaQsf8ApSak4qHu0ci7U4U8UuSC4b4ATTRlQYA==&amp;ch=4Ce45p5cJGmUUeXJIlIhoJI-yzfWGQfIRAeEtmzQCAahhI3CODHfYQ==\" target=\"_blank\" rel=\"noopener\" data-saferedirecturl=\"https:\/\/www.google.com\/url?q=http:\/\/r20.rs6.net\/tn.jsp?f%3D001OWqGsoEWlai6hvlfxZcd30m0btzAH3Bkv46qgEk7Y3yBwvXUOZoxgZUOL8XVZKuVqgQCsjR1FONnpL5jyfFl3llFyKKwzqcWMT1v7xBAtX4RRKmEvdRc_-O9Rqq7pw1xpG6v7rFTG622-kR7mSUROdxVWXRW9Wct%26c%3DHouZp-nSN-Ec3alcjaQsf8ApSak4qHu0ci7U4U8UuSC4b4ATTRlQYA%3D%3D%26ch%3D4Ce45p5cJGmUUeXJIlIhoJI-yzfWGQfIRAeEtmzQCAahhI3CODHfYQ%3D%3D&amp;source=gmail&amp;ust=1589301678575000&amp;usg=AFQjCNFM98zr7tvC-ZAYOuaslaHEpgOfxw\">brenda.valdez@cetys.mx<\/a>\u00a0y en 48 horas se les da respuesta. La asesor\u00eda es sin costo.<\/p>\n<p align=\"justify\"><img loading=\"lazy\" decoding=\"async\" class=\"size-full wp-image-143902 aligncenter\" src=\"https:\/\/www.cetys.mx\/noticias\/wp-content\/uploads\/2020\/05\/Yadira-Ahumada.jpg\" alt=\"\" width=\"958\" height=\"636\" srcset=\"https:\/\/www.cetys.mx\/noticias\/wp-content\/uploads\/2020\/05\/Yadira-Ahumada.jpg 958w, https:\/\/www.cetys.mx\/noticias\/wp-content\/uploads\/2020\/05\/Yadira-Ahumada-768x510.jpg 768w\" sizes=\"auto, (max-width: 958px) 100vw, 958px\" \/><\/p>\n","protected":false},"excerpt":{"rendered":"<p>Pese a la implementaci\u00f3n de medidas preventivas para evitar el contagio del COVID-19, el poder judicial puede continuar con tr\u00e1mites en derecho&#8230;<\/p>\n","protected":false},"author":24,"featured_media":143893,"comment_status":"open","ping_status":"closed","sticky":false,"template":"","format":"standard","meta":{"footnotes":""},"categories":[134,313],"tags":[4338,247,4452,4483],"class_list":["post-143917","post","type-post","status-publish","format-standard","has-post-thumbnail","hentry","category-campus-tijuana","category-vocetys-2","tag-covid19","tag-derecho","tag-pension-alimenticia","tag-vocetys-2020-05-21"],"yoast_head":"<!-- This site is optimized with the Yoast SEO plugin v27.4 - https:\/\/yoast.com\/product\/yoast-seo-wordpress\/ -->\n<title>La pensi\u00f3n alimenticia no se suspende ante pandemia del Covid-19 - CETYS<\/title>\n<meta name=\"description\" content=\"Centro de Asesor\u00eda Legal de CETYS sigue tramitando asuntos urgentes.\" \/>\n<meta name=\"robots\" content=\"index, follow, max-snippet:-1, max-image-preview:large, max-video-preview:-1\" \/>\n<link rel=\"canonical\" href=\"https:\/\/www.cetys.mx\/noticias\/la-pension-alimenticia-no-se-suspende-ante-pandemia-del-covid-19\/\" \/>\n<meta property=\"og:locale\" content=\"es_MX\" \/>\n<meta property=\"og:type\" content=\"article\" \/>\n<meta property=\"og:title\" content=\"La pensi\u00f3n alimenticia no se suspende ante pandemia del Covid-19 - CETYS\" \/>\n<meta property=\"og:description\" content=\"Centro de Asesor\u00eda Legal de CETYS sigue tramitando asuntos urgentes.\" \/>\n<meta property=\"og:url\" content=\"https:\/\/www.cetys.mx\/noticias\/la-pension-alimenticia-no-se-suspende-ante-pandemia-del-covid-19\/\" \/>\n<meta property=\"og:site_name\" content=\"CETYS\" \/>\n<meta property=\"article:publisher\" content=\"https:\/\/www.facebook.com\/cetysuniversidadmxl\/\" \/>\n<meta property=\"article:published_time\" content=\"2020-05-11T23:41:15+00:00\" \/>\n<meta property=\"article:modified_time\" content=\"2020-05-21T18:46:31+00:00\" \/>\n<meta property=\"og:image\" content=\"https:\/\/www.cetys.mx\/noticias\/wp-content\/uploads\/2020\/05\/Pensi_n-Alimenticia-y-Manutenci_n.png\" \/>\n\t<meta property=\"og:image:width\" content=\"957\" \/>\n\t<meta property=\"og:image:height\" content=\"637\" \/>\n\t<meta property=\"og:image:type\" content=\"image\/png\" \/>\n<meta name=\"author\" content=\"Campus Tijuana\" \/>\n<meta name=\"twitter:card\" content=\"summary_large_image\" \/>\n<meta name=\"twitter:creator\" content=\"@cetysuni\" \/>\n<meta name=\"twitter:site\" content=\"@cetysuni\" \/>\n<meta name=\"twitter:label1\" content=\"Escrito por\" \/>\n\t<meta name=\"twitter:data1\" content=\"Campus Tijuana\" \/>\n\t<meta name=\"twitter:label2\" content=\"Tiempo de lectura\" \/>\n\t<meta name=\"twitter:data2\" content=\"2 minutos\" \/>\n<script type=\"application\/ld+json\" class=\"yoast-schema-graph\">{\"@context\":\"https:\\\/\\\/schema.org\",\"@graph\":[{\"@type\":\"Article\",\"@id\":\"https:\\\/\\\/www.cetys.mx\\\/noticias\\\/la-pension-alimenticia-no-se-suspende-ante-pandemia-del-covid-19\\\/#article\",\"isPartOf\":{\"@id\":\"https:\\\/\\\/www.cetys.mx\\\/noticias\\\/la-pension-alimenticia-no-se-suspende-ante-pandemia-del-covid-19\\\/\"},\"author\":{\"name\":\"Campus Tijuana\",\"@id\":\"https:\\\/\\\/www.cetys.mx\\\/noticias\\\/#\\\/schema\\\/person\\\/e790051ce60e18ae47cfa87011c8653f\"},\"headline\":\"La pensi\u00f3n alimenticia no se suspende ante pandemia del Covid-19\",\"datePublished\":\"2020-05-11T23:41:15+00:00\",\"dateModified\":\"2020-05-21T18:46:31+00:00\",\"mainEntityOfPage\":{\"@id\":\"https:\\\/\\\/www.cetys.mx\\\/noticias\\\/la-pension-alimenticia-no-se-suspende-ante-pandemia-del-covid-19\\\/\"},\"wordCount\":460,\"commentCount\":0,\"image\":{\"@id\":\"https:\\\/\\\/www.cetys.mx\\\/noticias\\\/la-pension-alimenticia-no-se-suspende-ante-pandemia-del-covid-19\\\/#primaryimage\"},\"thumbnailUrl\":\"https:\\\/\\\/www.cetys.mx\\\/noticias\\\/wp-content\\\/uploads\\\/2020\\\/05\\\/Pensi_n-Alimenticia-y-Manutenci_n.png\",\"keywords\":[\"COVID19\",\"Derecho\",\"pensi\u00f3n alimenticia\",\"vocetys-2020-05-21\"],\"articleSection\":[\"Campus Tijuana\",\"VoCETYS\"],\"inLanguage\":\"es\",\"potentialAction\":[{\"@type\":\"CommentAction\",\"name\":\"Comment\",\"target\":[\"https:\\\/\\\/www.cetys.mx\\\/noticias\\\/la-pension-alimenticia-no-se-suspende-ante-pandemia-del-covid-19\\\/#respond\"]}]},{\"@type\":\"WebPage\",\"@id\":\"https:\\\/\\\/www.cetys.mx\\\/noticias\\\/la-pension-alimenticia-no-se-suspende-ante-pandemia-del-covid-19\\\/\",\"url\":\"https:\\\/\\\/www.cetys.mx\\\/noticias\\\/la-pension-alimenticia-no-se-suspende-ante-pandemia-del-covid-19\\\/\",\"name\":\"La pensi\u00f3n alimenticia no se suspende ante pandemia del Covid-19 - CETYS\",\"isPartOf\":{\"@id\":\"https:\\\/\\\/www.cetys.mx\\\/noticias\\\/#website\"},\"primaryImageOfPage\":{\"@id\":\"https:\\\/\\\/www.cetys.mx\\\/noticias\\\/la-pension-alimenticia-no-se-suspende-ante-pandemia-del-covid-19\\\/#primaryimage\"},\"image\":{\"@id\":\"https:\\\/\\\/www.cetys.mx\\\/noticias\\\/la-pension-alimenticia-no-se-suspende-ante-pandemia-del-covid-19\\\/#primaryimage\"},\"thumbnailUrl\":\"https:\\\/\\\/www.cetys.mx\\\/noticias\\\/wp-content\\\/uploads\\\/2020\\\/05\\\/Pensi_n-Alimenticia-y-Manutenci_n.png\",\"datePublished\":\"2020-05-11T23:41:15+00:00\",\"dateModified\":\"2020-05-21T18:46:31+00:00\",\"author\":{\"@id\":\"https:\\\/\\\/www.cetys.mx\\\/noticias\\\/#\\\/schema\\\/person\\\/e790051ce60e18ae47cfa87011c8653f\"},\"description\":\"Centro de Asesor\u00eda Legal de CETYS sigue tramitando asuntos urgentes.\",\"breadcrumb\":{\"@id\":\"https:\\\/\\\/www.cetys.mx\\\/noticias\\\/la-pension-alimenticia-no-se-suspende-ante-pandemia-del-covid-19\\\/#breadcrumb\"},\"inLanguage\":\"es\",\"potentialAction\":[{\"@type\":\"ReadAction\",\"target\":[\"https:\\\/\\\/www.cetys.mx\\\/noticias\\\/la-pension-alimenticia-no-se-suspende-ante-pandemia-del-covid-19\\\/\"]}]},{\"@type\":\"ImageObject\",\"inLanguage\":\"es\",\"@id\":\"https:\\\/\\\/www.cetys.mx\\\/noticias\\\/la-pension-alimenticia-no-se-suspende-ante-pandemia-del-covid-19\\\/#primaryimage\",\"url\":\"https:\\\/\\\/www.cetys.mx\\\/noticias\\\/wp-content\\\/uploads\\\/2020\\\/05\\\/Pensi_n-Alimenticia-y-Manutenci_n.png\",\"contentUrl\":\"https:\\\/\\\/www.cetys.mx\\\/noticias\\\/wp-content\\\/uploads\\\/2020\\\/05\\\/Pensi_n-Alimenticia-y-Manutenci_n.png\",\"width\":957,\"height\":637},{\"@type\":\"BreadcrumbList\",\"@id\":\"https:\\\/\\\/www.cetys.mx\\\/noticias\\\/la-pension-alimenticia-no-se-suspende-ante-pandemia-del-covid-19\\\/#breadcrumb\",\"itemListElement\":[{\"@type\":\"ListItem\",\"position\":1,\"name\":\"Inicio\",\"item\":\"https:\\\/\\\/www.cetys.mx\\\/noticias\\\/\"},{\"@type\":\"ListItem\",\"position\":2,\"name\":\"La pensi\u00f3n alimenticia no se suspende ante pandemia del Covid-19\"}]},{\"@type\":\"WebSite\",\"@id\":\"https:\\\/\\\/www.cetys.mx\\\/noticias\\\/#website\",\"url\":\"https:\\\/\\\/www.cetys.mx\\\/noticias\\\/\",\"name\":\"CETYS\",\"description\":\"\",\"potentialAction\":[{\"@type\":\"SearchAction\",\"target\":{\"@type\":\"EntryPoint\",\"urlTemplate\":\"https:\\\/\\\/www.cetys.mx\\\/noticias\\\/?s={search_term_string}\"},\"query-input\":{\"@type\":\"PropertyValueSpecification\",\"valueRequired\":true,\"valueName\":\"search_term_string\"}}],\"inLanguage\":\"es\"},{\"@type\":\"Person\",\"@id\":\"https:\\\/\\\/www.cetys.mx\\\/noticias\\\/#\\\/schema\\\/person\\\/e790051ce60e18ae47cfa87011c8653f\",\"name\":\"Campus Tijuana\",\"url\":\"https:\\\/\\\/www.cetys.mx\\\/noticias\\\/author\\\/campustijuana\\\/\"}]}<\/script>\n<!-- \/ Yoast SEO plugin. -->","yoast_head_json":{"title":"La pensi\u00f3n alimenticia no se suspende ante pandemia del Covid-19 - CETYS","description":"Centro de Asesor\u00eda Legal de CETYS sigue tramitando asuntos urgentes.","robots":{"index":"index","follow":"follow","max-snippet":"max-snippet:-1","max-image-preview":"max-image-preview:large","max-video-preview":"max-video-preview:-1"},"canonical":"https:\/\/www.cetys.mx\/noticias\/la-pension-alimenticia-no-se-suspende-ante-pandemia-del-covid-19\/","og_locale":"es_MX","og_type":"article","og_title":"La pensi\u00f3n alimenticia no se suspende ante pandemia del Covid-19 - CETYS","og_description":"Centro de Asesor\u00eda Legal de CETYS sigue tramitando asuntos urgentes.","og_url":"https:\/\/www.cetys.mx\/noticias\/la-pension-alimenticia-no-se-suspende-ante-pandemia-del-covid-19\/","og_site_name":"CETYS","article_publisher":"https:\/\/www.facebook.com\/cetysuniversidadmxl\/","article_published_time":"2020-05-11T23:41:15+00:00","article_modified_time":"2020-05-21T18:46:31+00:00","og_image":[{"width":957,"height":637,"url":"https:\/\/www.cetys.mx\/noticias\/wp-content\/uploads\/2020\/05\/Pensi_n-Alimenticia-y-Manutenci_n.png","type":"image\/png"}],"author":"Campus Tijuana","twitter_card":"summary_large_image","twitter_creator":"@cetysuni","twitter_site":"@cetysuni","twitter_misc":{"Escrito por":"Campus Tijuana","Tiempo de lectura":"2 minutos"},"schema":{"@context":"https:\/\/schema.org","@graph":[{"@type":"Article","@id":"https:\/\/www.cetys.mx\/noticias\/la-pension-alimenticia-no-se-suspende-ante-pandemia-del-covid-19\/#article","isPartOf":{"@id":"https:\/\/www.cetys.mx\/noticias\/la-pension-alimenticia-no-se-suspende-ante-pandemia-del-covid-19\/"},"author":{"name":"Campus Tijuana","@id":"https:\/\/www.cetys.mx\/noticias\/#\/schema\/person\/e790051ce60e18ae47cfa87011c8653f"},"headline":"La pensi\u00f3n alimenticia no se suspende ante pandemia del Covid-19","datePublished":"2020-05-11T23:41:15+00:00","dateModified":"2020-05-21T18:46:31+00:00","mainEntityOfPage":{"@id":"https:\/\/www.cetys.mx\/noticias\/la-pension-alimenticia-no-se-suspende-ante-pandemia-del-covid-19\/"},"wordCount":460,"commentCount":0,"image":{"@id":"https:\/\/www.cetys.mx\/noticias\/la-pension-alimenticia-no-se-suspende-ante-pandemia-del-covid-19\/#primaryimage"},"thumbnailUrl":"https:\/\/www.cetys.mx\/noticias\/wp-content\/uploads\/2020\/05\/Pensi_n-Alimenticia-y-Manutenci_n.png","keywords":["COVID19","Derecho","pensi\u00f3n alimenticia","vocetys-2020-05-21"],"articleSection":["Campus Tijuana","VoCETYS"],"inLanguage":"es","potentialAction":[{"@type":"CommentAction","name":"Comment","target":["https:\/\/www.cetys.mx\/noticias\/la-pension-alimenticia-no-se-suspende-ante-pandemia-del-covid-19\/#respond"]}]},{"@type":"WebPage","@id":"https:\/\/www.cetys.mx\/noticias\/la-pension-alimenticia-no-se-suspende-ante-pandemia-del-covid-19\/","url":"https:\/\/www.cetys.mx\/noticias\/la-pension-alimenticia-no-se-suspende-ante-pandemia-del-covid-19\/","name":"La pensi\u00f3n alimenticia no se suspende ante pandemia del Covid-19 - CETYS","isPartOf":{"@id":"https:\/\/www.cetys.mx\/noticias\/#website"},"primaryImageOfPage":{"@id":"https:\/\/www.cetys.mx\/noticias\/la-pension-alimenticia-no-se-suspende-ante-pandemia-del-covid-19\/#primaryimage"},"image":{"@id":"https:\/\/www.cetys.mx\/noticias\/la-pension-alimenticia-no-se-suspende-ante-pandemia-del-covid-19\/#primaryimage"},"thumbnailUrl":"https:\/\/www.cetys.mx\/noticias\/wp-content\/uploads\/2020\/05\/Pensi_n-Alimenticia-y-Manutenci_n.png","datePublished":"2020-05-11T23:41:15+00:00","dateModified":"2020-05-21T18:46:31+00:00","author":{"@id":"https:\/\/www.cetys.mx\/noticias\/#\/schema\/person\/e790051ce60e18ae47cfa87011c8653f"},"description":"Centro de Asesor\u00eda Legal de CETYS sigue tramitando asuntos urgentes.","breadcrumb":{"@id":"https:\/\/www.cetys.mx\/noticias\/la-pension-alimenticia-no-se-suspende-ante-pandemia-del-covid-19\/#breadcrumb"},"inLanguage":"es","potentialAction":[{"@type":"ReadAction","target":["https:\/\/www.cetys.mx\/noticias\/la-pension-alimenticia-no-se-suspende-ante-pandemia-del-covid-19\/"]}]},{"@type":"ImageObject","inLanguage":"es","@id":"https:\/\/www.cetys.mx\/noticias\/la-pension-alimenticia-no-se-suspende-ante-pandemia-del-covid-19\/#primaryimage","url":"https:\/\/www.cetys.mx\/noticias\/wp-content\/uploads\/2020\/05\/Pensi_n-Alimenticia-y-Manutenci_n.png","contentUrl":"https:\/\/www.cetys.mx\/noticias\/wp-content\/uploads\/2020\/05\/Pensi_n-Alimenticia-y-Manutenci_n.png","width":957,"height":637},{"@type":"BreadcrumbList","@id":"https:\/\/www.cetys.mx\/noticias\/la-pension-alimenticia-no-se-suspende-ante-pandemia-del-covid-19\/#breadcrumb","itemListElement":[{"@type":"ListItem","position":1,"name":"Inicio","item":"https:\/\/www.cetys.mx\/noticias\/"},{"@type":"ListItem","position":2,"name":"La pensi\u00f3n alimenticia no se suspende ante pandemia del Covid-19"}]},{"@type":"WebSite","@id":"https:\/\/www.cetys.mx\/noticias\/#website","url":"https:\/\/www.cetys.mx\/noticias\/","name":"CETYS","description":"","potentialAction":[{"@type":"SearchAction","target":{"@type":"EntryPoint","urlTemplate":"https:\/\/www.cetys.mx\/noticias\/?s={search_term_string}"},"query-input":{"@type":"PropertyValueSpecification","valueRequired":true,"valueName":"search_term_string"}}],"inLanguage":"es"},{"@type":"Person","@id":"https:\/\/www.cetys.mx\/noticias\/#\/schema\/person\/e790051ce60e18ae47cfa87011c8653f","name":"Campus Tijuana","url":"https:\/\/www.cetys.mx\/noticias\/author\/campustijuana\/"}]}},"_links":{"self":[{"href":"https:\/\/www.cetys.mx\/noticias\/wp-json\/wp\/v2\/posts\/143917","targetHints":{"allow":["GET"]}}],"collection":[{"href":"https:\/\/www.cetys.mx\/noticias\/wp-json\/wp\/v2\/posts"}],"about":[{"href":"https:\/\/www.cetys.mx\/noticias\/wp-json\/wp\/v2\/types\/post"}],"author":[{"embeddable":true,"href":"https:\/\/www.cetys.mx\/noticias\/wp-json\/wp\/v2\/users\/24"}],"replies":[{"embeddable":true,"href":"https:\/\/www.cetys.mx\/noticias\/wp-json\/wp\/v2\/comments?post=143917"}],"version-history":[{"count":1,"href":"https:\/\/www.cetys.mx\/noticias\/wp-json\/wp\/v2\/posts\/143917\/revisions"}],"predecessor-version":[{"id":143918,"href":"https:\/\/www.cetys.mx\/noticias\/wp-json\/wp\/v2\/posts\/143917\/revisions\/143918"}],"wp:featuredmedia":[{"embeddable":true,"href":"https:\/\/www.cetys.mx\/noticias\/wp-json\/wp\/v2\/media\/143893"}],"wp:attachment":[{"href":"https:\/\/www.cetys.mx\/noticias\/wp-json\/wp\/v2\/media?parent=143917"}],"wp:term":[{"taxonomy":"category","embeddable":true,"href":"https:\/\/www.cetys.mx\/noticias\/wp-json\/wp\/v2\/categories?post=143917"},{"taxonomy":"post_tag","embeddable":true,"href":"https:\/\/www.cetys.mx\/noticias\/wp-json\/wp\/v2\/tags?post=143917"}],"curies":[{"name":"wp","href":"https:\/\/api.w.org\/{rel}","templated":true}]}}