{"id":143745,"date":"2020-05-06T14:40:47","date_gmt":"2020-05-06T21:40:47","guid":{"rendered":"https:\/\/www.cetys.mx\/noticias\/?p=143745"},"modified":"2020-05-07T16:54:32","modified_gmt":"2020-05-07T23:54:32","slug":"estudiantes-de-cetys-participan-en-coloquio-internacional-sobre-envejecimiento","status":"publish","type":"post","link":"https:\/\/www.cetys.mx\/noticias\/estudiantes-de-cetys-participan-en-coloquio-internacional-sobre-envejecimiento\/","title":{"rendered":"Estudiantes de CETYS participan en coloquio internacional sobre envejecimiento"},"content":{"rendered":"<p><span style=\"font-weight: 400;\">Ante la pandemia del COVID-19, las estudiantes I<strong>liana Armenta<\/strong> y <strong>Aracely Pe\u00f1a<\/strong> de la<em> Maestr\u00eda en Gerontolog\u00eda Social<\/em> de<strong> Campus Tijuana y Mexicali<\/strong> respectivamente, as\u00ed como <strong>Lizbeth De la Torre<\/strong> participaron en el coloquio internacional e intergeneracional sobre envejecimiento: <em>\u201cMemoria, inteligencia y adaptaci\u00f3n\u201d<\/em> de forma digital, donde participaron estudiantes y profesores de Am\u00e9rica Latina y Europa.<\/span><\/p>\n<div id=\"attachment_143747\" style=\"width: 246px\" class=\"wp-caption alignleft\"><img loading=\"lazy\" decoding=\"async\" aria-describedby=\"caption-attachment-143747\" class=\"wp-image-143747\" src=\"https:\/\/www.cetys.mx\/noticias\/wp-content\/uploads\/2020\/05\/gerontologia-social-estudiante.png\" alt=\"\" width=\"236\" height=\"314\" \/><p id=\"caption-attachment-143747\" class=\"wp-caption-text\">Iliana Armenta, estudiante de la Maestr\u00eda en Gerontolog\u00eda Social en campus Tijuana<\/p><\/div>\n<p><span style=\"font-weight: 400;\">El di\u00e1logo fue de la mano con estudiantes y profesores de la <strong>Universidad Pontificia de Salamanca<\/strong> (Espa\u00f1a), la <strong>Universidad Concepci\u00f3n<\/strong> (Chile), la<strong> Universidad de Beira Interior<\/strong> (Portugal) y <strong>CETYS Universidad<\/strong> (M\u00e9xico), as\u00ed como integrantes del proyecto de la <em>&#8220;Universidad de la experiencia&#8221;,<\/em> que es un programa que corre dentro de la Pontificia de Salamanca.<\/span><\/p>\n<div id=\"attachment_143746\" style=\"width: 230px\" class=\"wp-caption alignright\"><img loading=\"lazy\" decoding=\"async\" aria-describedby=\"caption-attachment-143746\" class=\"wp-image-143746\" src=\"https:\/\/www.cetys.mx\/noticias\/wp-content\/uploads\/2020\/05\/gerontologia-mexicali.jpg\" alt=\"\" width=\"220\" height=\"354\" \/><p id=\"caption-attachment-143746\" class=\"wp-caption-text\">Aracely Pe\u00f1a, estudiante de Gerontolog\u00eda Social en CETYS campus Mexicali<\/p><\/div>\n<p><span style=\"font-weight: 400;\">Los participantes contrastaron y compararon las experiencias que han tenido con personas adultas mayores en temas de bienestar, memoria y olvido, memoria e historia, inteligencia emocional, as\u00ed como psicolog\u00eda positiva.\u00a0<\/span><\/p>\n<p>&nbsp;<\/p>\n<p>&nbsp;<\/p>\n<p>&nbsp;<\/p>\n<p>&nbsp;<\/p>\n<p>&nbsp;<\/p>\n<p>A continuaci\u00f3n compartimos el encuentro virtual internacional:<\/p>\n<div class=\"video-container\"><iframe loading=\"lazy\" title=\"Grabaci\u00f3n Coloquio 29 abril\" width=\"500\" height=\"281\" src=\"https:\/\/www.youtube.com\/embed\/ZXt0R7hy7WA?feature=oembed\" frameborder=\"0\" allow=\"accelerometer; autoplay; clipboard-write; encrypted-media; gyroscope; picture-in-picture; web-share\" referrerpolicy=\"strict-origin-when-cross-origin\" allowfullscreen><\/iframe><\/div>\n<p>&nbsp;<\/p>\n<p>&nbsp;<\/p>\n<p>&nbsp;<\/p>\n","protected":false},"excerpt":{"rendered":"<p>Ante la pandemia del COVID-19, las estudiantes Iliana Armenta y Aracely Pe\u00f1a de la Maestr\u00eda en Gerontolog\u00eda Social de Campus Tijuana y&#8230;<\/p>\n","protected":false},"author":24,"featured_media":143749,"comment_status":"open","ping_status":"closed","sticky":false,"template":"","format":"standard","meta":{"footnotes":""},"categories":[134,108,313],"tags":[2115],"class_list":["post-143745","post","type-post","status-publish","format-standard","has-post-thumbnail","hentry","category-campus-tijuana","category-internacionales","category-vocetys-2","tag-gerontologia-social"],"yoast_head":"<!-- This site is optimized with the Yoast SEO plugin v27.4 - https:\/\/yoast.com\/product\/yoast-seo-wordpress\/ -->\n<title>Estudiantes de CETYS participan en coloquio internacional sobre envejecimiento - CETYS<\/title>\n<meta name=\"description\" content=\"Articulo sobre Estudiantes de CETYS participan en coloquio internacional sobre envejecimiento\" \/>\n<meta name=\"robots\" content=\"index, follow, max-snippet:-1, max-image-preview:large, max-video-preview:-1\" \/>\n<link rel=\"canonical\" href=\"https:\/\/www.cetys.mx\/noticias\/estudiantes-de-cetys-participan-en-coloquio-internacional-sobre-envejecimiento\/\" \/>\n<meta property=\"og:locale\" content=\"es_MX\" \/>\n<meta property=\"og:type\" content=\"article\" \/>\n<meta property=\"og:title\" content=\"Estudiantes de CETYS participan en coloquio internacional sobre envejecimiento - CETYS\" \/>\n<meta property=\"og:description\" content=\"Articulo sobre Estudiantes de CETYS participan en coloquio internacional sobre envejecimiento\" \/>\n<meta property=\"og:url\" content=\"https:\/\/www.cetys.mx\/noticias\/estudiantes-de-cetys-participan-en-coloquio-internacional-sobre-envejecimiento\/\" \/>\n<meta property=\"og:site_name\" content=\"CETYS\" \/>\n<meta property=\"article:publisher\" content=\"https:\/\/www.facebook.com\/cetysuniversidadmxl\/\" \/>\n<meta property=\"article:published_time\" content=\"2020-05-06T21:40:47+00:00\" \/>\n<meta property=\"article:modified_time\" content=\"2020-05-07T23:54:32+00:00\" \/>\n<meta property=\"og:image\" content=\"https:\/\/www.cetys.mx\/noticias\/wp-content\/uploads\/2020\/05\/congreso-de-gerontologia.png\" \/>\n\t<meta property=\"og:image:width\" content=\"958\" \/>\n\t<meta property=\"og:image:height\" content=\"637\" \/>\n\t<meta property=\"og:image:type\" content=\"image\/png\" \/>\n<meta name=\"author\" content=\"Campus Tijuana\" \/>\n<meta name=\"twitter:card\" content=\"summary_large_image\" \/>\n<meta name=\"twitter:creator\" content=\"@cetysuni\" \/>\n<meta name=\"twitter:site\" content=\"@cetysuni\" \/>\n<meta name=\"twitter:label1\" content=\"Escrito por\" \/>\n\t<meta name=\"twitter:data1\" content=\"Campus Tijuana\" \/>\n\t<meta name=\"twitter:label2\" content=\"Tiempo de lectura\" \/>\n\t<meta name=\"twitter:data2\" content=\"1 minuto\" \/>\n<script type=\"application\/ld+json\" class=\"yoast-schema-graph\">{\"@context\":\"https:\\\/\\\/schema.org\",\"@graph\":[{\"@type\":\"Article\",\"@id\":\"https:\\\/\\\/www.cetys.mx\\\/noticias\\\/estudiantes-de-cetys-participan-en-coloquio-internacional-sobre-envejecimiento\\\/#article\",\"isPartOf\":{\"@id\":\"https:\\\/\\\/www.cetys.mx\\\/noticias\\\/estudiantes-de-cetys-participan-en-coloquio-internacional-sobre-envejecimiento\\\/\"},\"author\":{\"name\":\"Campus Tijuana\",\"@id\":\"https:\\\/\\\/www.cetys.mx\\\/noticias\\\/#\\\/schema\\\/person\\\/e790051ce60e18ae47cfa87011c8653f\"},\"headline\":\"Estudiantes de CETYS participan en coloquio internacional sobre envejecimiento\",\"datePublished\":\"2020-05-06T21:40:47+00:00\",\"dateModified\":\"2020-05-07T23:54:32+00:00\",\"mainEntityOfPage\":{\"@id\":\"https:\\\/\\\/www.cetys.mx\\\/noticias\\\/estudiantes-de-cetys-participan-en-coloquio-internacional-sobre-envejecimiento\\\/\"},\"wordCount\":230,\"commentCount\":0,\"image\":{\"@id\":\"https:\\\/\\\/www.cetys.mx\\\/noticias\\\/estudiantes-de-cetys-participan-en-coloquio-internacional-sobre-envejecimiento\\\/#primaryimage\"},\"thumbnailUrl\":\"https:\\\/\\\/www.cetys.mx\\\/noticias\\\/wp-content\\\/uploads\\\/2020\\\/05\\\/congreso-de-gerontologia.png\",\"keywords\":[\"Gerontolog\u00eda Social\"],\"articleSection\":[\"Campus Tijuana\",\"Internacionales\",\"VoCETYS\"],\"inLanguage\":\"es\",\"potentialAction\":[{\"@type\":\"CommentAction\",\"name\":\"Comment\",\"target\":[\"https:\\\/\\\/www.cetys.mx\\\/noticias\\\/estudiantes-de-cetys-participan-en-coloquio-internacional-sobre-envejecimiento\\\/#respond\"]}]},{\"@type\":\"WebPage\",\"@id\":\"https:\\\/\\\/www.cetys.mx\\\/noticias\\\/estudiantes-de-cetys-participan-en-coloquio-internacional-sobre-envejecimiento\\\/\",\"url\":\"https:\\\/\\\/www.cetys.mx\\\/noticias\\\/estudiantes-de-cetys-participan-en-coloquio-internacional-sobre-envejecimiento\\\/\",\"name\":\"Estudiantes de CETYS participan en coloquio internacional sobre envejecimiento - CETYS\",\"isPartOf\":{\"@id\":\"https:\\\/\\\/www.cetys.mx\\\/noticias\\\/#website\"},\"primaryImageOfPage\":{\"@id\":\"https:\\\/\\\/www.cetys.mx\\\/noticias\\\/estudiantes-de-cetys-participan-en-coloquio-internacional-sobre-envejecimiento\\\/#primaryimage\"},\"image\":{\"@id\":\"https:\\\/\\\/www.cetys.mx\\\/noticias\\\/estudiantes-de-cetys-participan-en-coloquio-internacional-sobre-envejecimiento\\\/#primaryimage\"},\"thumbnailUrl\":\"https:\\\/\\\/www.cetys.mx\\\/noticias\\\/wp-content\\\/uploads\\\/2020\\\/05\\\/congreso-de-gerontologia.png\",\"datePublished\":\"2020-05-06T21:40:47+00:00\",\"dateModified\":\"2020-05-07T23:54:32+00:00\",\"author\":{\"@id\":\"https:\\\/\\\/www.cetys.mx\\\/noticias\\\/#\\\/schema\\\/person\\\/e790051ce60e18ae47cfa87011c8653f\"},\"description\":\"Articulo sobre Estudiantes de CETYS participan en coloquio internacional sobre envejecimiento\",\"breadcrumb\":{\"@id\":\"https:\\\/\\\/www.cetys.mx\\\/noticias\\\/estudiantes-de-cetys-participan-en-coloquio-internacional-sobre-envejecimiento\\\/#breadcrumb\"},\"inLanguage\":\"es\",\"potentialAction\":[{\"@type\":\"ReadAction\",\"target\":[\"https:\\\/\\\/www.cetys.mx\\\/noticias\\\/estudiantes-de-cetys-participan-en-coloquio-internacional-sobre-envejecimiento\\\/\"]}]},{\"@type\":\"ImageObject\",\"inLanguage\":\"es\",\"@id\":\"https:\\\/\\\/www.cetys.mx\\\/noticias\\\/estudiantes-de-cetys-participan-en-coloquio-internacional-sobre-envejecimiento\\\/#primaryimage\",\"url\":\"https:\\\/\\\/www.cetys.mx\\\/noticias\\\/wp-content\\\/uploads\\\/2020\\\/05\\\/congreso-de-gerontologia.png\",\"contentUrl\":\"https:\\\/\\\/www.cetys.mx\\\/noticias\\\/wp-content\\\/uploads\\\/2020\\\/05\\\/congreso-de-gerontologia.png\",\"width\":958,\"height\":637},{\"@type\":\"BreadcrumbList\",\"@id\":\"https:\\\/\\\/www.cetys.mx\\\/noticias\\\/estudiantes-de-cetys-participan-en-coloquio-internacional-sobre-envejecimiento\\\/#breadcrumb\",\"itemListElement\":[{\"@type\":\"ListItem\",\"position\":1,\"name\":\"Inicio\",\"item\":\"https:\\\/\\\/www.cetys.mx\\\/noticias\\\/\"},{\"@type\":\"ListItem\",\"position\":2,\"name\":\"Estudiantes de CETYS participan en coloquio internacional sobre envejecimiento\"}]},{\"@type\":\"WebSite\",\"@id\":\"https:\\\/\\\/www.cetys.mx\\\/noticias\\\/#website\",\"url\":\"https:\\\/\\\/www.cetys.mx\\\/noticias\\\/\",\"name\":\"CETYS\",\"description\":\"\",\"potentialAction\":[{\"@type\":\"SearchAction\",\"target\":{\"@type\":\"EntryPoint\",\"urlTemplate\":\"https:\\\/\\\/www.cetys.mx\\\/noticias\\\/?s={search_term_string}\"},\"query-input\":{\"@type\":\"PropertyValueSpecification\",\"valueRequired\":true,\"valueName\":\"search_term_string\"}}],\"inLanguage\":\"es\"},{\"@type\":\"Person\",\"@id\":\"https:\\\/\\\/www.cetys.mx\\\/noticias\\\/#\\\/schema\\\/person\\\/e790051ce60e18ae47cfa87011c8653f\",\"name\":\"Campus Tijuana\",\"url\":\"https:\\\/\\\/www.cetys.mx\\\/noticias\\\/author\\\/campustijuana\\\/\"}]}<\/script>\n<!-- \/ Yoast SEO plugin. -->","yoast_head_json":{"title":"Estudiantes de CETYS participan en coloquio internacional sobre envejecimiento - CETYS","description":"Articulo sobre Estudiantes de CETYS participan en coloquio internacional sobre envejecimiento","robots":{"index":"index","follow":"follow","max-snippet":"max-snippet:-1","max-image-preview":"max-image-preview:large","max-video-preview":"max-video-preview:-1"},"canonical":"https:\/\/www.cetys.mx\/noticias\/estudiantes-de-cetys-participan-en-coloquio-internacional-sobre-envejecimiento\/","og_locale":"es_MX","og_type":"article","og_title":"Estudiantes de CETYS participan en coloquio internacional sobre envejecimiento - CETYS","og_description":"Articulo sobre Estudiantes de CETYS participan en coloquio internacional sobre envejecimiento","og_url":"https:\/\/www.cetys.mx\/noticias\/estudiantes-de-cetys-participan-en-coloquio-internacional-sobre-envejecimiento\/","og_site_name":"CETYS","article_publisher":"https:\/\/www.facebook.com\/cetysuniversidadmxl\/","article_published_time":"2020-05-06T21:40:47+00:00","article_modified_time":"2020-05-07T23:54:32+00:00","og_image":[{"width":958,"height":637,"url":"https:\/\/www.cetys.mx\/noticias\/wp-content\/uploads\/2020\/05\/congreso-de-gerontologia.png","type":"image\/png"}],"author":"Campus Tijuana","twitter_card":"summary_large_image","twitter_creator":"@cetysuni","twitter_site":"@cetysuni","twitter_misc":{"Escrito por":"Campus Tijuana","Tiempo de lectura":"1 minuto"},"schema":{"@context":"https:\/\/schema.org","@graph":[{"@type":"Article","@id":"https:\/\/www.cetys.mx\/noticias\/estudiantes-de-cetys-participan-en-coloquio-internacional-sobre-envejecimiento\/#article","isPartOf":{"@id":"https:\/\/www.cetys.mx\/noticias\/estudiantes-de-cetys-participan-en-coloquio-internacional-sobre-envejecimiento\/"},"author":{"name":"Campus Tijuana","@id":"https:\/\/www.cetys.mx\/noticias\/#\/schema\/person\/e790051ce60e18ae47cfa87011c8653f"},"headline":"Estudiantes de CETYS participan en coloquio internacional sobre envejecimiento","datePublished":"2020-05-06T21:40:47+00:00","dateModified":"2020-05-07T23:54:32+00:00","mainEntityOfPage":{"@id":"https:\/\/www.cetys.mx\/noticias\/estudiantes-de-cetys-participan-en-coloquio-internacional-sobre-envejecimiento\/"},"wordCount":230,"commentCount":0,"image":{"@id":"https:\/\/www.cetys.mx\/noticias\/estudiantes-de-cetys-participan-en-coloquio-internacional-sobre-envejecimiento\/#primaryimage"},"thumbnailUrl":"https:\/\/www.cetys.mx\/noticias\/wp-content\/uploads\/2020\/05\/congreso-de-gerontologia.png","keywords":["Gerontolog\u00eda Social"],"articleSection":["Campus Tijuana","Internacionales","VoCETYS"],"inLanguage":"es","potentialAction":[{"@type":"CommentAction","name":"Comment","target":["https:\/\/www.cetys.mx\/noticias\/estudiantes-de-cetys-participan-en-coloquio-internacional-sobre-envejecimiento\/#respond"]}]},{"@type":"WebPage","@id":"https:\/\/www.cetys.mx\/noticias\/estudiantes-de-cetys-participan-en-coloquio-internacional-sobre-envejecimiento\/","url":"https:\/\/www.cetys.mx\/noticias\/estudiantes-de-cetys-participan-en-coloquio-internacional-sobre-envejecimiento\/","name":"Estudiantes de CETYS participan en coloquio internacional sobre envejecimiento - CETYS","isPartOf":{"@id":"https:\/\/www.cetys.mx\/noticias\/#website"},"primaryImageOfPage":{"@id":"https:\/\/www.cetys.mx\/noticias\/estudiantes-de-cetys-participan-en-coloquio-internacional-sobre-envejecimiento\/#primaryimage"},"image":{"@id":"https:\/\/www.cetys.mx\/noticias\/estudiantes-de-cetys-participan-en-coloquio-internacional-sobre-envejecimiento\/#primaryimage"},"thumbnailUrl":"https:\/\/www.cetys.mx\/noticias\/wp-content\/uploads\/2020\/05\/congreso-de-gerontologia.png","datePublished":"2020-05-06T21:40:47+00:00","dateModified":"2020-05-07T23:54:32+00:00","author":{"@id":"https:\/\/www.cetys.mx\/noticias\/#\/schema\/person\/e790051ce60e18ae47cfa87011c8653f"},"description":"Articulo sobre Estudiantes de CETYS participan en coloquio internacional sobre envejecimiento","breadcrumb":{"@id":"https:\/\/www.cetys.mx\/noticias\/estudiantes-de-cetys-participan-en-coloquio-internacional-sobre-envejecimiento\/#breadcrumb"},"inLanguage":"es","potentialAction":[{"@type":"ReadAction","target":["https:\/\/www.cetys.mx\/noticias\/estudiantes-de-cetys-participan-en-coloquio-internacional-sobre-envejecimiento\/"]}]},{"@type":"ImageObject","inLanguage":"es","@id":"https:\/\/www.cetys.mx\/noticias\/estudiantes-de-cetys-participan-en-coloquio-internacional-sobre-envejecimiento\/#primaryimage","url":"https:\/\/www.cetys.mx\/noticias\/wp-content\/uploads\/2020\/05\/congreso-de-gerontologia.png","contentUrl":"https:\/\/www.cetys.mx\/noticias\/wp-content\/uploads\/2020\/05\/congreso-de-gerontologia.png","width":958,"height":637},{"@type":"BreadcrumbList","@id":"https:\/\/www.cetys.mx\/noticias\/estudiantes-de-cetys-participan-en-coloquio-internacional-sobre-envejecimiento\/#breadcrumb","itemListElement":[{"@type":"ListItem","position":1,"name":"Inicio","item":"https:\/\/www.cetys.mx\/noticias\/"},{"@type":"ListItem","position":2,"name":"Estudiantes de CETYS participan en coloquio internacional sobre envejecimiento"}]},{"@type":"WebSite","@id":"https:\/\/www.cetys.mx\/noticias\/#website","url":"https:\/\/www.cetys.mx\/noticias\/","name":"CETYS","description":"","potentialAction":[{"@type":"SearchAction","target":{"@type":"EntryPoint","urlTemplate":"https:\/\/www.cetys.mx\/noticias\/?s={search_term_string}"},"query-input":{"@type":"PropertyValueSpecification","valueRequired":true,"valueName":"search_term_string"}}],"inLanguage":"es"},{"@type":"Person","@id":"https:\/\/www.cetys.mx\/noticias\/#\/schema\/person\/e790051ce60e18ae47cfa87011c8653f","name":"Campus Tijuana","url":"https:\/\/www.cetys.mx\/noticias\/author\/campustijuana\/"}]}},"_links":{"self":[{"href":"https:\/\/www.cetys.mx\/noticias\/wp-json\/wp\/v2\/posts\/143745","targetHints":{"allow":["GET"]}}],"collection":[{"href":"https:\/\/www.cetys.mx\/noticias\/wp-json\/wp\/v2\/posts"}],"about":[{"href":"https:\/\/www.cetys.mx\/noticias\/wp-json\/wp\/v2\/types\/post"}],"author":[{"embeddable":true,"href":"https:\/\/www.cetys.mx\/noticias\/wp-json\/wp\/v2\/users\/24"}],"replies":[{"embeddable":true,"href":"https:\/\/www.cetys.mx\/noticias\/wp-json\/wp\/v2\/comments?post=143745"}],"version-history":[{"count":11,"href":"https:\/\/www.cetys.mx\/noticias\/wp-json\/wp\/v2\/posts\/143745\/revisions"}],"predecessor-version":[{"id":143811,"href":"https:\/\/www.cetys.mx\/noticias\/wp-json\/wp\/v2\/posts\/143745\/revisions\/143811"}],"wp:featuredmedia":[{"embeddable":true,"href":"https:\/\/www.cetys.mx\/noticias\/wp-json\/wp\/v2\/media\/143749"}],"wp:attachment":[{"href":"https:\/\/www.cetys.mx\/noticias\/wp-json\/wp\/v2\/media?parent=143745"}],"wp:term":[{"taxonomy":"category","embeddable":true,"href":"https:\/\/www.cetys.mx\/noticias\/wp-json\/wp\/v2\/categories?post=143745"},{"taxonomy":"post_tag","embeddable":true,"href":"https:\/\/www.cetys.mx\/noticias\/wp-json\/wp\/v2\/tags?post=143745"}],"curies":[{"name":"wp","href":"https:\/\/api.w.org\/{rel}","templated":true}]}}